{"id":259147,"date":"2025-04-30T02:10:00","date_gmt":"2025-04-30T05:10:00","guid":{"rendered":"https:\/\/www.gaveanews.com\/?p=259147"},"modified":"2025-04-29T22:10:09","modified_gmt":"2025-04-30T01:10:09","slug":"firmino-marca-e-al-ahli-se-classifica-na-liga-dos-campeoes-da-asia","status":"publish","type":"post","link":"https:\/\/www.gaveanews.com\/index.php\/2025\/04\/30\/firmino-marca-e-al-ahli-se-classifica-na-liga-dos-campeoes-da-asia\/","title":{"rendered":"Firmino marca, e Al-Ahli se classifica na Liga dos Campe\u00f5es da \u00c1sia"},"content":{"rendered":"\n<p>O Al Ahli garantiu vaga na final da Champions League Asi\u00e1tica ao superar o Al Hilal por 3 a 1, na ter\u00e7a-feira (29), em partida marcada por dom\u00ednio ofensivo e decis\u00f5es pol\u00eamicas. A equipe de Roberto Firmino, que marcou o primeiro gol do confronto, desbancou o time comandado por Jorge Jesus, encerrando as pretens\u00f5es do t\u00e9cnico portugu\u00eas no torneio.<\/p>\n\n\n\n<p>A abertura do placar ocorreu ainda aos nove minutos, quando Galeno cruzou da esquerda e Firmino apareceu na pequena \u00e1rea para concluir com precis\u00e3o. A atua\u00e7\u00e3o inicial do Al Ahli foi intensa, com sete finaliza\u00e7\u00f5es na primeira etapa. Dessa forma, o segundo gol veio de forma natural: Mahrez deu passe para Ivan Toney, que driblou o goleiro Bono antes de empurrar para o fundo da rede.<\/p>\n\n\n\n<p>Apesar de uma atua\u00e7\u00e3o defensiva ap\u00e1tica at\u00e9 ent\u00e3o, o Al Hilal tentou reagir. A equipe diminuiu com Al-Dawsari, que aproveitou sobra de bola dentro da \u00e1rea. Ainda assim, n\u00e3o conseguiu equilibrar o confronto. Ali\u00e1s, a primeira oportunidade real da equipe de Riad s\u00f3 surgiu aos 30 minutos, o que evidenciou a dificuldade em construir jogadas.<\/p>\n\n\n\n<p>Na etapa final, Ivan Toney chegou a marcar mais uma vez, mas teve o gol anulado por impedimento. Em seguida, Koulibaly foi expulso ap\u00f3s entrada dura em Iba\u00f1ez, o que for\u00e7ou Jorge Jesus a sacar Kaio C\u00e9sar, que havia acabado de entrar, para recompor a defesa. O t\u00e9cnico lusitano n\u00e3o escondeu a frustra\u00e7\u00e3o com a inferioridade num\u00e9rica.<\/p>\n\n\n\n<p>O Al Ahli ainda teve chance de ampliar com Mahrez, que sofreu p\u00eanalti. Kessi\u00e9 cobrou, mas Bono defendeu. Nos acr\u00e9scimos, Al Buraikan marcou o terceiro ap\u00f3s sobra em chute de Galeno. O atacante teve tempo para ajeitar o corpo e tocar com calma, selando o triunfo.<\/p>\n\n\n\n<p>\u201cFoi uma das nossas melhores atua\u00e7\u00f5es na temporada\u201d, afirmou Firmino ao final do jogo. \u201cTodos fizeram uma bela partida e merecemos chegar \u00e0 final. Queremos muito esse t\u00edtulo\u201d.<\/p>\n","protected":false},"excerpt":{"rendered":"<p>O Al Ahli garantiu vaga na final da Champions League Asi\u00e1tica ao superar o Al Hilal por 3 a 1, na ter\u00e7a-feira (29), em partida marcada por dom\u00ednio ofensivo e decis\u00f5es pol\u00eamicas. A equipe de Roberto Firmino, que marcou o primeiro gol do confronto, desbancou o time comandado por Jorge Jesus, encerrando as pretens\u00f5es do [&hellip;]<\/p>\n","protected":false},"author":18,"featured_media":259149,"comment_status":"open","ping_status":"closed","sticky":false,"template":"","format":"standard","meta":{"footnotes":""},"categories":[454,216],"tags":[],"class_list":["post-259147","post","type-post","status-publish","format-standard","has-post-thumbnail","hentry","category-al-ahli","category-al-hilal"],"yoast_head":"<!-- This site is optimized with the Yoast SEO Premium plugin v24.2 (Yoast SEO v26.9) - https:\/\/yoast.com\/product\/yoast-seo-premium-wordpress\/ -->\n<title>Firmino marca, e Al-Ahli se classifica na Liga dos Campe\u00f5es da \u00c1sia<\/title>\n<meta name=\"robots\" content=\"index, follow, max-snippet:-1, max-image-preview:large, max-video-preview:-1\" \/>\n<link rel=\"canonical\" href=\"https:\/\/www.gaveanews.com\/index.php\/2025\/04\/30\/firmino-marca-e-al-ahli-se-classifica-na-liga-dos-campeoes-da-asia\/\" \/>\n<meta property=\"og:locale\" content=\"pt_BR\" \/>\n<meta property=\"og:type\" content=\"article\" \/>\n<meta property=\"og:title\" content=\"Firmino marca, e Al-Ahli se classifica na Liga dos Campe\u00f5es da \u00c1sia\" \/>\n<meta property=\"og:description\" content=\"O Al Ahli garantiu vaga na final da Champions League Asi\u00e1tica ao superar o Al Hilal por 3 a 1, na ter\u00e7a-feira (29), em partida marcada por dom\u00ednio ofensivo e decis\u00f5es pol\u00eamicas. A equipe de Roberto Firmino, que marcou o primeiro gol do confronto, desbancou o time comandado por Jorge Jesus, encerrando as pretens\u00f5es do [&hellip;]\" \/>\n<meta property=\"og:url\" content=\"https:\/\/www.gaveanews.com\/index.php\/2025\/04\/30\/firmino-marca-e-al-ahli-se-classifica-na-liga-dos-campeoes-da-asia\/\" \/>\n<meta property=\"og:site_name\" content=\"G\u00e1vea News\" \/>\n<meta property=\"article:publisher\" content=\"https:\/\/facebook.com\/gaveaNews\/\" \/>\n<meta property=\"article:published_time\" content=\"2025-04-30T05:10:00+00:00\" \/>\n<meta property=\"og:image\" content=\"https:\/\/www.gaveanews.com\/wp-content\/uploads\/Firmino-pelo-Al-Ahli.webp\" \/>\n\t<meta property=\"og:image:width\" content=\"834\" \/>\n\t<meta property=\"og:image:height\" content=\"593\" \/>\n\t<meta property=\"og:image:type\" content=\"image\/webp\" \/>\n<meta name=\"author\" content=\"Paula Silva\" \/>\n<meta name=\"twitter:card\" content=\"summary_large_image\" \/>\n<meta name=\"twitter:label1\" content=\"Escrito por\" \/>\n\t<meta name=\"twitter:data1\" content=\"Paula Silva\" \/>\n\t<meta name=\"twitter:label2\" content=\"Est. tempo de leitura\" \/>\n\t<meta name=\"twitter:data2\" content=\"2 minutos\" \/>\n<script type=\"application\/ld+json\" class=\"yoast-schema-graph\">{\"@context\":\"https:\/\/schema.org\",\"@graph\":[{\"@type\":\"NewsArticle\",\"@id\":\"https:\/\/www.gaveanews.com\/index.php\/2025\/04\/30\/firmino-marca-e-al-ahli-se-classifica-na-liga-dos-campeoes-da-asia\/#article\",\"isPartOf\":{\"@id\":\"https:\/\/www.gaveanews.com\/index.php\/2025\/04\/30\/firmino-marca-e-al-ahli-se-classifica-na-liga-dos-campeoes-da-asia\/\"},\"author\":{\"name\":\"Paula Silva\",\"@id\":\"https:\/\/www.gaveanews.com\/#\/schema\/person\/daf63eec72e1164eb13dc35096c2b8da\"},\"headline\":\"Firmino marca, e Al-Ahli se classifica na Liga dos Campe\u00f5es da \u00c1sia\",\"datePublished\":\"2025-04-30T05:10:00+00:00\",\"mainEntityOfPage\":{\"@id\":\"https:\/\/www.gaveanews.com\/index.php\/2025\/04\/30\/firmino-marca-e-al-ahli-se-classifica-na-liga-dos-campeoes-da-asia\/\"},\"wordCount\":348,\"commentCount\":0,\"image\":{\"@id\":\"https:\/\/www.gaveanews.com\/index.php\/2025\/04\/30\/firmino-marca-e-al-ahli-se-classifica-na-liga-dos-campeoes-da-asia\/#primaryimage\"},\"thumbnailUrl\":\"https:\/\/www.gaveanews.com\/wp-content\/uploads\/Firmino-pelo-Al-Ahli.webp\",\"articleSection\":[\"Al-Ahli\",\"Al-Hilal\"],\"inLanguage\":\"pt-BR\",\"potentialAction\":[{\"@type\":\"CommentAction\",\"name\":\"Comment\",\"target\":[\"https:\/\/www.gaveanews.com\/index.php\/2025\/04\/30\/firmino-marca-e-al-ahli-se-classifica-na-liga-dos-campeoes-da-asia\/#respond\"]}],\"copyrightYear\":\"2025\",\"copyrightHolder\":{\"@id\":\"https:\/\/www.gaveanews.com\/#organization\"}},{\"@type\":\"WebPage\",\"@id\":\"https:\/\/www.gaveanews.com\/index.php\/2025\/04\/30\/firmino-marca-e-al-ahli-se-classifica-na-liga-dos-campeoes-da-asia\/\",\"url\":\"https:\/\/www.gaveanews.com\/index.php\/2025\/04\/30\/firmino-marca-e-al-ahli-se-classifica-na-liga-dos-campeoes-da-asia\/\",\"name\":\"Firmino marca, e Al-Ahli se classifica na Liga dos Campe\u00f5es da \u00c1sia\",\"isPartOf\":{\"@id\":\"https:\/\/www.gaveanews.com\/#website\"},\"primaryImageOfPage\":{\"@id\":\"https:\/\/www.gaveanews.com\/index.php\/2025\/04\/30\/firmino-marca-e-al-ahli-se-classifica-na-liga-dos-campeoes-da-asia\/#primaryimage\"},\"image\":{\"@id\":\"https:\/\/www.gaveanews.com\/index.php\/2025\/04\/30\/firmino-marca-e-al-ahli-se-classifica-na-liga-dos-campeoes-da-asia\/#primaryimage\"},\"thumbnailUrl\":\"https:\/\/www.gaveanews.com\/wp-content\/uploads\/Firmino-pelo-Al-Ahli.webp\",\"datePublished\":\"2025-04-30T05:10:00+00:00\",\"author\":{\"@id\":\"https:\/\/www.gaveanews.com\/#\/schema\/person\/daf63eec72e1164eb13dc35096c2b8da\"},\"breadcrumb\":{\"@id\":\"https:\/\/www.gaveanews.com\/index.php\/2025\/04\/30\/firmino-marca-e-al-ahli-se-classifica-na-liga-dos-campeoes-da-asia\/#breadcrumb\"},\"inLanguage\":\"pt-BR\",\"potentialAction\":[{\"@type\":\"ReadAction\",\"target\":[\"https:\/\/www.gaveanews.com\/index.php\/2025\/04\/30\/firmino-marca-e-al-ahli-se-classifica-na-liga-dos-campeoes-da-asia\/\"]}]},{\"@type\":\"ImageObject\",\"inLanguage\":\"pt-BR\",\"@id\":\"https:\/\/www.gaveanews.com\/index.php\/2025\/04\/30\/firmino-marca-e-al-ahli-se-classifica-na-liga-dos-campeoes-da-asia\/#primaryimage\",\"url\":\"https:\/\/www.gaveanews.com\/wp-content\/uploads\/Firmino-pelo-Al-Ahli.webp\",\"contentUrl\":\"https:\/\/www.gaveanews.com\/wp-content\/uploads\/Firmino-pelo-Al-Ahli.webp\",\"width\":834,\"height\":593,\"caption\":\"Firmino pelo Al-Ahli (Foto: Divulga\u00e7\u00e3o\/Al-Ahl)\"},{\"@type\":\"BreadcrumbList\",\"@id\":\"https:\/\/www.gaveanews.com\/index.php\/2025\/04\/30\/firmino-marca-e-al-ahli-se-classifica-na-liga-dos-campeoes-da-asia\/#breadcrumb\",\"itemListElement\":[{\"@type\":\"ListItem\",\"position\":1,\"name\":\"Home\",\"item\":\"https:\/\/www.gaveanews.com\/\"},{\"@type\":\"ListItem\",\"position\":2,\"name\":\"Firmino marca, e Al-Ahli se classifica na Liga dos Campe\u00f5es da \u00c1sia\"}]},{\"@type\":\"WebSite\",\"@id\":\"https:\/\/www.gaveanews.com\/#website\",\"url\":\"https:\/\/www.gaveanews.com\/\",\"name\":\"G\u00e1vea News\",\"description\":\"Veja todas as not\u00edcias sobre o Flamengo: Contrata\u00e7\u00f5es, categorias de base, resultados das partidas, tabela de classifica\u00e7\u00e3o, pr\u00f3ximos jogos!\",\"potentialAction\":[{\"@type\":\"SearchAction\",\"target\":{\"@type\":\"EntryPoint\",\"urlTemplate\":\"https:\/\/www.gaveanews.com\/?s={search_term_string}\"},\"query-input\":{\"@type\":\"PropertyValueSpecification\",\"valueRequired\":true,\"valueName\":\"search_term_string\"}}],\"inLanguage\":\"pt-BR\"},{\"@type\":\"Person\",\"@id\":\"https:\/\/www.gaveanews.com\/#\/schema\/person\/daf63eec72e1164eb13dc35096c2b8da\",\"name\":\"Paula Silva\",\"image\":{\"@type\":\"ImageObject\",\"inLanguage\":\"pt-BR\",\"@id\":\"https:\/\/www.gaveanews.com\/#\/schema\/person\/image\/\",\"url\":\"https:\/\/secure.gravatar.com\/avatar\/eda381c845527cc5d64c13b901833cda29d97500ba040d3e6461f76f51d163bb?s=96&d=mm&r=g\",\"contentUrl\":\"https:\/\/secure.gravatar.com\/avatar\/eda381c845527cc5d64c13b901833cda29d97500ba040d3e6461f76f51d163bb?s=96&d=mm&r=g\",\"caption\":\"Paula Silva\"}}]}<\/script>\n<!-- \/ Yoast SEO Premium plugin. -->","yoast_head_json":{"title":"Firmino marca, e Al-Ahli se classifica na Liga dos Campe\u00f5es da \u00c1sia","robots":{"index":"index","follow":"follow","max-snippet":"max-snippet:-1","max-image-preview":"max-image-preview:large","max-video-preview":"max-video-preview:-1"},"canonical":"https:\/\/www.gaveanews.com\/index.php\/2025\/04\/30\/firmino-marca-e-al-ahli-se-classifica-na-liga-dos-campeoes-da-asia\/","og_locale":"pt_BR","og_type":"article","og_title":"Firmino marca, e Al-Ahli se classifica na Liga dos Campe\u00f5es da \u00c1sia","og_description":"O Al Ahli garantiu vaga na final da Champions League Asi\u00e1tica ao superar o Al Hilal por 3 a 1, na ter\u00e7a-feira (29), em partida marcada por dom\u00ednio ofensivo e decis\u00f5es pol\u00eamicas. A equipe de Roberto Firmino, que marcou o primeiro gol do confronto, desbancou o time comandado por Jorge Jesus, encerrando as pretens\u00f5es do [&hellip;]","og_url":"https:\/\/www.gaveanews.com\/index.php\/2025\/04\/30\/firmino-marca-e-al-ahli-se-classifica-na-liga-dos-campeoes-da-asia\/","og_site_name":"G\u00e1vea News","article_publisher":"https:\/\/facebook.com\/gaveaNews\/","article_published_time":"2025-04-30T05:10:00+00:00","og_image":[{"width":834,"height":593,"url":"https:\/\/www.gaveanews.com\/wp-content\/uploads\/Firmino-pelo-Al-Ahli.webp","type":"image\/webp"}],"author":"Paula Silva","twitter_card":"summary_large_image","twitter_misc":{"Escrito por":"Paula Silva","Est. tempo de leitura":"2 minutos"},"schema":{"@context":"https:\/\/schema.org","@graph":[{"@type":"NewsArticle","@id":"https:\/\/www.gaveanews.com\/index.php\/2025\/04\/30\/firmino-marca-e-al-ahli-se-classifica-na-liga-dos-campeoes-da-asia\/#article","isPartOf":{"@id":"https:\/\/www.gaveanews.com\/index.php\/2025\/04\/30\/firmino-marca-e-al-ahli-se-classifica-na-liga-dos-campeoes-da-asia\/"},"author":{"name":"Paula Silva","@id":"https:\/\/www.gaveanews.com\/#\/schema\/person\/daf63eec72e1164eb13dc35096c2b8da"},"headline":"Firmino marca, e Al-Ahli se classifica na Liga dos Campe\u00f5es da \u00c1sia","datePublished":"2025-04-30T05:10:00+00:00","mainEntityOfPage":{"@id":"https:\/\/www.gaveanews.com\/index.php\/2025\/04\/30\/firmino-marca-e-al-ahli-se-classifica-na-liga-dos-campeoes-da-asia\/"},"wordCount":348,"commentCount":0,"image":{"@id":"https:\/\/www.gaveanews.com\/index.php\/2025\/04\/30\/firmino-marca-e-al-ahli-se-classifica-na-liga-dos-campeoes-da-asia\/#primaryimage"},"thumbnailUrl":"https:\/\/www.gaveanews.com\/wp-content\/uploads\/Firmino-pelo-Al-Ahli.webp","articleSection":["Al-Ahli","Al-Hilal"],"inLanguage":"pt-BR","potentialAction":[{"@type":"CommentAction","name":"Comment","target":["https:\/\/www.gaveanews.com\/index.php\/2025\/04\/30\/firmino-marca-e-al-ahli-se-classifica-na-liga-dos-campeoes-da-asia\/#respond"]}],"copyrightYear":"2025","copyrightHolder":{"@id":"https:\/\/www.gaveanews.com\/#organization"}},{"@type":"WebPage","@id":"https:\/\/www.gaveanews.com\/index.php\/2025\/04\/30\/firmino-marca-e-al-ahli-se-classifica-na-liga-dos-campeoes-da-asia\/","url":"https:\/\/www.gaveanews.com\/index.php\/2025\/04\/30\/firmino-marca-e-al-ahli-se-classifica-na-liga-dos-campeoes-da-asia\/","name":"Firmino marca, e Al-Ahli se classifica na Liga dos Campe\u00f5es da \u00c1sia","isPartOf":{"@id":"https:\/\/www.gaveanews.com\/#website"},"primaryImageOfPage":{"@id":"https:\/\/www.gaveanews.com\/index.php\/2025\/04\/30\/firmino-marca-e-al-ahli-se-classifica-na-liga-dos-campeoes-da-asia\/#primaryimage"},"image":{"@id":"https:\/\/www.gaveanews.com\/index.php\/2025\/04\/30\/firmino-marca-e-al-ahli-se-classifica-na-liga-dos-campeoes-da-asia\/#primaryimage"},"thumbnailUrl":"https:\/\/www.gaveanews.com\/wp-content\/uploads\/Firmino-pelo-Al-Ahli.webp","datePublished":"2025-04-30T05:10:00+00:00","author":{"@id":"https:\/\/www.gaveanews.com\/#\/schema\/person\/daf63eec72e1164eb13dc35096c2b8da"},"breadcrumb":{"@id":"https:\/\/www.gaveanews.com\/index.php\/2025\/04\/30\/firmino-marca-e-al-ahli-se-classifica-na-liga-dos-campeoes-da-asia\/#breadcrumb"},"inLanguage":"pt-BR","potentialAction":[{"@type":"ReadAction","target":["https:\/\/www.gaveanews.com\/index.php\/2025\/04\/30\/firmino-marca-e-al-ahli-se-classifica-na-liga-dos-campeoes-da-asia\/"]}]},{"@type":"ImageObject","inLanguage":"pt-BR","@id":"https:\/\/www.gaveanews.com\/index.php\/2025\/04\/30\/firmino-marca-e-al-ahli-se-classifica-na-liga-dos-campeoes-da-asia\/#primaryimage","url":"https:\/\/www.gaveanews.com\/wp-content\/uploads\/Firmino-pelo-Al-Ahli.webp","contentUrl":"https:\/\/www.gaveanews.com\/wp-content\/uploads\/Firmino-pelo-Al-Ahli.webp","width":834,"height":593,"caption":"Firmino pelo Al-Ahli (Foto: Divulga\u00e7\u00e3o\/Al-Ahl)"},{"@type":"BreadcrumbList","@id":"https:\/\/www.gaveanews.com\/index.php\/2025\/04\/30\/firmino-marca-e-al-ahli-se-classifica-na-liga-dos-campeoes-da-asia\/#breadcrumb","itemListElement":[{"@type":"ListItem","position":1,"name":"Home","item":"https:\/\/www.gaveanews.com\/"},{"@type":"ListItem","position":2,"name":"Firmino marca, e Al-Ahli se classifica na Liga dos Campe\u00f5es da \u00c1sia"}]},{"@type":"WebSite","@id":"https:\/\/www.gaveanews.com\/#website","url":"https:\/\/www.gaveanews.com\/","name":"G\u00e1vea News","description":"Veja todas as not\u00edcias sobre o Flamengo: Contrata\u00e7\u00f5es, categorias de base, resultados das partidas, tabela de classifica\u00e7\u00e3o, pr\u00f3ximos jogos!","potentialAction":[{"@type":"SearchAction","target":{"@type":"EntryPoint","urlTemplate":"https:\/\/www.gaveanews.com\/?s={search_term_string}"},"query-input":{"@type":"PropertyValueSpecification","valueRequired":true,"valueName":"search_term_string"}}],"inLanguage":"pt-BR"},{"@type":"Person","@id":"https:\/\/www.gaveanews.com\/#\/schema\/person\/daf63eec72e1164eb13dc35096c2b8da","name":"Paula Silva","image":{"@type":"ImageObject","inLanguage":"pt-BR","@id":"https:\/\/www.gaveanews.com\/#\/schema\/person\/image\/","url":"https:\/\/secure.gravatar.com\/avatar\/eda381c845527cc5d64c13b901833cda29d97500ba040d3e6461f76f51d163bb?s=96&d=mm&r=g","contentUrl":"https:\/\/secure.gravatar.com\/avatar\/eda381c845527cc5d64c13b901833cda29d97500ba040d3e6461f76f51d163bb?s=96&d=mm&r=g","caption":"Paula Silva"}}]}},"_links":{"self":[{"href":"https:\/\/www.gaveanews.com\/index.php\/wp-json\/wp\/v2\/posts\/259147","targetHints":{"allow":["GET"]}}],"collection":[{"href":"https:\/\/www.gaveanews.com\/index.php\/wp-json\/wp\/v2\/posts"}],"about":[{"href":"https:\/\/www.gaveanews.com\/index.php\/wp-json\/wp\/v2\/types\/post"}],"author":[{"embeddable":true,"href":"https:\/\/www.gaveanews.com\/index.php\/wp-json\/wp\/v2\/users\/18"}],"replies":[{"embeddable":true,"href":"https:\/\/www.gaveanews.com\/index.php\/wp-json\/wp\/v2\/comments?post=259147"}],"version-history":[{"count":1,"href":"https:\/\/www.gaveanews.com\/index.php\/wp-json\/wp\/v2\/posts\/259147\/revisions"}],"predecessor-version":[{"id":259150,"href":"https:\/\/www.gaveanews.com\/index.php\/wp-json\/wp\/v2\/posts\/259147\/revisions\/259150"}],"wp:featuredmedia":[{"embeddable":true,"href":"https:\/\/www.gaveanews.com\/index.php\/wp-json\/wp\/v2\/media\/259149"}],"wp:attachment":[{"href":"https:\/\/www.gaveanews.com\/index.php\/wp-json\/wp\/v2\/media?parent=259147"}],"wp:term":[{"taxonomy":"category","embeddable":true,"href":"https:\/\/www.gaveanews.com\/index.php\/wp-json\/wp\/v2\/categories?post=259147"},{"taxonomy":"post_tag","embeddable":true,"href":"https:\/\/www.gaveanews.com\/index.php\/wp-json\/wp\/v2\/tags?post=259147"}],"curies":[{"name":"wp","href":"https:\/\/api.w.org\/{rel}","templated":true}]}}