{"id":259152,"date":"2025-04-30T02:25:00","date_gmt":"2025-04-30T05:25:00","guid":{"rendered":"https:\/\/www.gaveanews.com\/?p=259152"},"modified":"2025-04-29T23:38:48","modified_gmt":"2025-04-30T02:38:48","slug":"retorno-de-fagner-demissao-confirmada-e-situacao-de-garro-as-ultimas-noticias-do-corinthians","status":"publish","type":"post","link":"https:\/\/www.gaveanews.com\/index.php\/2025\/04\/30\/retorno-de-fagner-demissao-confirmada-e-situacao-de-garro-as-ultimas-noticias-do-corinthians\/","title":{"rendered":"Retorno de Fagner, demiss\u00e3o confirmada e situa\u00e7\u00e3o de Garro: as \u00faltimas not\u00edcias do Corinthians"},"content":{"rendered":"\n<p>Nas \u00faltimas horas, o foco das not\u00edcias sobre o Corinthians se concentram nos bastidores do clube, com destaques do dia a dia do time.<\/p>\n\n\n\n<p>Por conta deste contexto, leia abaixo um resumo preparado pela equipe do portal G\u00e1vea News para lhe manter muito bem informado!<\/p>\n\n\n\n<div class=\"wp-block-group\"><div class=\"wp-block-group__inner-container is-layout-constrained wp-block-group-is-layout-constrained\">\n<h2 class=\"wp-block-heading\" id=\"h-situacao-de-garro\">Situa\u00e7\u00e3o de Garro<\/h2>\n\n\n\n<p>O meia Rodrigo Garro, do Corinthians, permanece afastado dos gramados devido a uma tendinopatia patelar no joelho direito, les\u00e3o que o tirou de a\u00e7\u00e3o desde a final do Campeonato Paulista em 27 de mar\u00e7o. <strong><a href=\"https:\/\/www.gaveanews.com\/index.php\/2025\/04\/27\/corinthians-atualizacao-na-situacao-de-rodrigo-garro\/\">(leia a mat\u00e9ria completa).<\/a><\/strong><\/p>\n\n\n\n<figure class=\"wp-block-image size-large\"><img loading=\"lazy\" decoding=\"async\" width=\"1024\" height=\"772\" src=\"http:\/\/www.gaveanews.com\/wp-content\/uploads\/Rodrigo-Garro-com-a-camisa-do-Corinthians-em-2024-1024x772.webp\" alt=\"\" class=\"wp-image-161268\" srcset=\"https:\/\/www.gaveanews.com\/wp-content\/uploads\/Rodrigo-Garro-com-a-camisa-do-Corinthians-em-2024-1024x772.webp 1024w, https:\/\/www.gaveanews.com\/wp-content\/uploads\/Rodrigo-Garro-com-a-camisa-do-Corinthians-em-2024-300x226.webp 300w, https:\/\/www.gaveanews.com\/wp-content\/uploads\/Rodrigo-Garro-com-a-camisa-do-Corinthians-em-2024-768x579.webp 768w, https:\/\/www.gaveanews.com\/wp-content\/uploads\/Rodrigo-Garro-com-a-camisa-do-Corinthians-em-2024-557x420.webp 557w, https:\/\/www.gaveanews.com\/wp-content\/uploads\/Rodrigo-Garro-com-a-camisa-do-Corinthians-em-2024-1115x840.webp 1115w, https:\/\/www.gaveanews.com\/wp-content\/uploads\/Rodrigo-Garro-com-a-camisa-do-Corinthians-em-2024-80x60.webp 80w, https:\/\/www.gaveanews.com\/wp-content\/uploads\/Rodrigo-Garro-com-a-camisa-do-Corinthians-em-2024-160x120.webp 160w, https:\/\/www.gaveanews.com\/wp-content\/uploads\/Rodrigo-Garro-com-a-camisa-do-Corinthians-em-2024-100x75.webp 100w, https:\/\/www.gaveanews.com\/wp-content\/uploads\/Rodrigo-Garro-com-a-camisa-do-Corinthians-em-2024-200x150.webp 200w, https:\/\/www.gaveanews.com\/wp-content\/uploads\/Rodrigo-Garro-com-a-camisa-do-Corinthians-em-2024-180x135.webp 180w, https:\/\/www.gaveanews.com\/wp-content\/uploads\/Rodrigo-Garro-com-a-camisa-do-Corinthians-em-2024-360x270.webp 360w, https:\/\/www.gaveanews.com\/wp-content\/uploads\/Rodrigo-Garro-com-a-camisa-do-Corinthians-em-2024-238x178.webp 238w, https:\/\/www.gaveanews.com\/wp-content\/uploads\/Rodrigo-Garro-com-a-camisa-do-Corinthians-em-2024-640x482.webp 640w, https:\/\/www.gaveanews.com\/wp-content\/uploads\/Rodrigo-Garro-com-a-camisa-do-Corinthians-em-2024-1280x964.webp 1280w, https:\/\/www.gaveanews.com\/wp-content\/uploads\/Rodrigo-Garro-com-a-camisa-do-Corinthians-em-2024-681x513.webp 681w, https:\/\/www.gaveanews.com\/wp-content\/uploads\/Rodrigo-Garro-com-a-camisa-do-Corinthians-em-2024-1362x1026.webp 1362w, https:\/\/www.gaveanews.com\/wp-content\/uploads\/Rodrigo-Garro-com-a-camisa-do-Corinthians-em-2024.webp 1440w\" sizes=\"auto, (max-width: 1024px) 100vw, 1024px\" \/><figcaption class=\"wp-element-caption\">Rodrigo Garro com a camisa do Corinthians em 2024 (Foto: Reprodu\u00e7\u00e3o\/Instagram)<\/figcaption><\/figure>\n\n\n\n<p>Sob a supervis\u00e3o do fisioterapeuta espanhol Javier Ledesma, Garro vem realizando um protocolo intenso de reabilita\u00e7\u00e3o, com sess\u00f5es di\u00e1rias de fisioterapia e fortalecimento muscular. A previs\u00e3o m\u00e9dica aponta seu retorno progressivo aos treinos a partir do in\u00edcio de maio, com expectativa de estar apto para jogar por volta do dia 20 do mesmo m\u00eas.<\/p>\n\n\n\n<p>A m\u00e9dica do clube, Ana Carolina C\u00f4rte, destacou que o tratamento conta com o aval completo do departamento m\u00e9dico corinthiano e segue diretrizes espec\u00edficas para evitar reca\u00eddas. Ela enfatizou que, embora a les\u00e3o tenha solu\u00e7\u00e3o definitiva, o meia precisar\u00e1 seguir um regime cont\u00ednuo de manuten\u00e7\u00e3o f\u00edsica, com aten\u00e7\u00e3o especial \u00e0 carga de trabalho, para garantir sua plena recupera\u00e7\u00e3o. O planejamento atual inclui atividades de transi\u00e7\u00e3o com a prepara\u00e7\u00e3o f\u00edsica j\u00e1 na pr\u00f3xima semana.<\/p>\n\n\n\n<p>Durante sua aus\u00eancia, a equipe t\u00e9cnica teve que adaptar o meio-campo, e a torcida tem manifestado preocupa\u00e7\u00e3o com o rendimento da equipe sem o camisa 8. Apesar disso, o departamento m\u00e9dico vive um momento de estabilidade, com poucos atletas lesionados \u2014 incluindo a libera\u00e7\u00e3o recente de Talles Magno. A expectativa \u00e9 que Garro retorne com boas condi\u00e7\u00f5es f\u00edsicas e possa contribuir significativamente na sequ\u00eancia da temporada.<\/p>\n\n\n\n<h2 class=\"wp-block-heading\" id=\"h-demissao-confirmada\">Demiss\u00e3o confirmada<\/h2>\n\n\n\n<p>Pedro Silveira pediu demiss\u00e3o do cargo de diretor financeiro do Corinthians na sexta-feira, 25 de abril de 2025. De acordo com comunicado oficial, o motivo da sa\u00edda foi de ordem m\u00e9dica. Silveira, que ocupava o cargo desde julho de 2024, teve sua solicita\u00e7\u00e3o aceita pela presid\u00eancia, que expressou gratid\u00e3o pelos servi\u00e7os prestados e desejou pronta recupera\u00e7\u00e3o ao ex-dirigente<strong><a href=\"https:\/\/www.gaveanews.com\/index.php\/2025\/04\/27\/diretor-do-corinthians-pede-demissao\/\"> (leia a mat\u00e9ria completa).<\/a><\/strong><\/p>\n\n\n\n<figure class=\"wp-block-image size-full\"><img loading=\"lazy\" decoding=\"async\" width=\"897\" height=\"514\" src=\"http:\/\/www.gaveanews.com\/wp-content\/uploads\/Torcida-do-Corinthians.webp\" alt=\"\" class=\"wp-image-249244\"\/><figcaption class=\"wp-element-caption\">Torcida do Corinthians (Foto: Rorigo Coca\/Ag\u00eancia Corinthians)<\/figcaption><\/figure>\n\n\n\n<p>A sa\u00edda de Silveira ocorre em um momento cr\u00edtico para o clube, logo ap\u00f3s o Conselho Fiscal recomendar a reprova\u00e7\u00e3o das contas do primeiro ano da gest\u00e3o de Augusto Melo. A instabilidade administrativa se intensifica com esse desligamento, enquanto uma nova vota\u00e7\u00e3o sobre o parecer fiscal se aproxima. Raul Corr\u00eaa da Silva, ex-diretor financeiro e atual respons\u00e1vel pelo setor cultural, surge como poss\u00edvel substituto, dado seu hist\u00f3rico e articula\u00e7\u00e3o interna.<\/p>\n\n\n\n<p>Silveira chegou ao clube com a miss\u00e3o de reestruturar as finan\u00e7as e ampliar a transpar\u00eancia cont\u00e1bil, mas enfrentou dificuldades decorrentes de uma gest\u00e3o conturbada. Sua sa\u00edda amplia a press\u00e3o sobre a atual diretoria, que tamb\u00e9m lida com uma transi\u00e7\u00e3o na comiss\u00e3o t\u00e9cnica. A pr\u00f3xima etapa ser\u00e1 decisiva para a reorganiza\u00e7\u00e3o institucional e financeira do Corinthians, que precisa de estabilidade para enfrentar os desafios internos e externos.<\/p>\n\n\n\n<h2 class=\"wp-block-heading\" id=\"h-retorno-de-fagner\">Retorno de Fagner<\/h2>\n\n\n\n<p>A derrota por 4 a 0 para o Flamengo, no Maracan\u00e3, gerou fortes rea\u00e7\u00f5es na torcida do Corinthians. O resultado negativo pela sexta rodada do Brasileir\u00e3o acentuou a preocupa\u00e7\u00e3o com o desempenho defensivo do time e estimulou pedidos pelo retorno do lateral-direito Fagner, atualmente emprestado ao Cruzeiro. Nas redes sociais, os torcedores se mobilizaram exigindo que o clube antecipe o fim do empr\u00e9stimo e traga de volta o jogador considerado \u00eddolo por muitos <strong><a href=\"https:\/\/www.gaveanews.com\/index.php\/2025\/04\/28\/torcida-do-corinthians-aprova-retorno-de-idolo-ao-clube\/\">(leia a mat\u00e9ria completa).<\/a><\/strong><\/p>\n\n\n\n<p><\/p>\n\n\n\n<figure class=\"wp-block-image size-full\"><img loading=\"lazy\" decoding=\"async\" width=\"594\" height=\"525\" src=\"http:\/\/www.gaveanews.com\/wp-content\/uploads\/Fagner-em-acao-pelo-Corinthians.webp\" alt=\"\" class=\"wp-image-165816\" srcset=\"https:\/\/www.gaveanews.com\/wp-content\/uploads\/Fagner-em-acao-pelo-Corinthians.webp 594w, https:\/\/www.gaveanews.com\/wp-content\/uploads\/Fagner-em-acao-pelo-Corinthians-300x265.webp 300w, https:\/\/www.gaveanews.com\/wp-content\/uploads\/Fagner-em-acao-pelo-Corinthians-475x420.webp 475w, https:\/\/www.gaveanews.com\/wp-content\/uploads\/Fagner-em-acao-pelo-Corinthians-100x88.webp 100w\" sizes=\"auto, (max-width: 594px) 100vw, 594px\" \/><figcaption class=\"wp-element-caption\">Fagner em a\u00e7\u00e3o pelo Corinthians (Foto: Rodrigo Coca\/Ag\u00eancia Corinthians)<\/figcaption><\/figure>\n\n\n\n<p>Apesar da press\u00e3o popular, a diretoria corintiana ainda n\u00e3o demonstrou inten\u00e7\u00e3o de alterar os planos e mant\u00e9m Fagner em Belo Horizonte at\u00e9 o fim do contrato, em dezembro de 2025. O clube aposta na manuten\u00e7\u00e3o da atual estrutura do elenco neste in\u00edcio de temporada, mesmo diante das cr\u00edticas intensificadas ap\u00f3s a goleada sofrida. A expectativa \u00e9 que, mesmo com a insatisfa\u00e7\u00e3o da torcida, os laterais Matheuzinho e Angileri continuem entre os titulares para o pr\u00f3ximo compromisso do time, contra o Novorizontino, pela Copa Betano do Brasil.<\/p>\n\n\n\n<p>A situa\u00e7\u00e3o evidencia um momento de instabilidade tanto t\u00e9cnica quanto emocional no Corinthians. A cobran\u00e7a por refor\u00e7os cresce a cada trope\u00e7o, e a presen\u00e7a de um nome experiente como Fagner, em boa fase no Cruzeiro, acirra ainda mais o debate sobre decis\u00f5es da diretoria. Com a press\u00e3o da torcida em alta e o calend\u00e1rio apertado, o clube ter\u00e1 de equilibrar planejamento estrat\u00e9gico e resultados imediatos para conter a crise.<\/p>\n<\/div><\/div>\n","protected":false},"excerpt":{"rendered":"<p>Nas \u00faltimas horas, o foco das not\u00edcias sobre o Corinthians se concentram nos bastidores do clube, com destaques do dia a dia do time. Por conta deste contexto, leia abaixo um resumo preparado pela equipe do portal G\u00e1vea News para lhe manter muito bem informado! Situa\u00e7\u00e3o de Garro O meia Rodrigo Garro, do Corinthians, permanece [&hellip;]<\/p>\n","protected":false},"author":33,"featured_media":154473,"comment_status":"open","ping_status":"closed","sticky":false,"template":"","format":"standard","meta":{"footnotes":""},"categories":[141],"tags":[],"class_list":["post-259152","post","type-post","status-publish","format-standard","has-post-thumbnail","hentry","category-corinthians"],"yoast_head":"<!-- This site is optimized with the Yoast SEO Premium plugin v24.2 (Yoast SEO v26.9) - https:\/\/yoast.com\/product\/yoast-seo-premium-wordpress\/ -->\n<title>Retorno de Fagner, demiss\u00e3o confirmada e situa\u00e7\u00e3o de Garro: as \u00faltimas not\u00edcias do Corinthians<\/title>\n<meta name=\"robots\" content=\"index, follow, max-snippet:-1, max-image-preview:large, max-video-preview:-1\" \/>\n<link rel=\"canonical\" href=\"https:\/\/www.gaveanews.com\/index.php\/2025\/04\/30\/retorno-de-fagner-demissao-confirmada-e-situacao-de-garro-as-ultimas-noticias-do-corinthians\/\" \/>\n<meta property=\"og:locale\" content=\"pt_BR\" \/>\n<meta property=\"og:type\" content=\"article\" \/>\n<meta property=\"og:title\" content=\"Retorno de Fagner, demiss\u00e3o confirmada e situa\u00e7\u00e3o de Garro: as \u00faltimas not\u00edcias do Corinthians\" \/>\n<meta property=\"og:description\" content=\"Nas \u00faltimas horas, o foco das not\u00edcias sobre o Corinthians se concentram nos bastidores do clube, com destaques do dia a dia do time. Por conta deste contexto, leia abaixo um resumo preparado pela equipe do portal G\u00e1vea News para lhe manter muito bem informado! Situa\u00e7\u00e3o de Garro O meia Rodrigo Garro, do Corinthians, permanece [&hellip;]\" \/>\n<meta property=\"og:url\" content=\"https:\/\/www.gaveanews.com\/index.php\/2025\/04\/30\/retorno-de-fagner-demissao-confirmada-e-situacao-de-garro-as-ultimas-noticias-do-corinthians\/\" \/>\n<meta property=\"og:site_name\" content=\"G\u00e1vea News\" \/>\n<meta property=\"article:publisher\" content=\"https:\/\/facebook.com\/gaveaNews\/\" \/>\n<meta property=\"article:published_time\" content=\"2025-04-30T05:25:00+00:00\" \/>\n<meta property=\"og:image\" content=\"https:\/\/www.gaveanews.com\/wp-content\/uploads\/Escudo-do-Corinthians-na-Neo-Quimica-Arena.webp\" \/>\n\t<meta property=\"og:image:width\" content=\"1440\" \/>\n\t<meta property=\"og:image:height\" content=\"959\" \/>\n\t<meta property=\"og:image:type\" content=\"image\/jpeg\" \/>\n<meta name=\"author\" content=\"Brenda Cezillo\" \/>\n<meta name=\"twitter:card\" content=\"summary_large_image\" \/>\n<meta name=\"twitter:label1\" content=\"Escrito por\" \/>\n\t<meta name=\"twitter:data1\" content=\"Brenda Cezillo\" \/>\n\t<meta name=\"twitter:label2\" content=\"Est. tempo de leitura\" \/>\n\t<meta name=\"twitter:data2\" content=\"5 minutos\" \/>\n<script type=\"application\/ld+json\" class=\"yoast-schema-graph\">{\"@context\":\"https:\/\/schema.org\",\"@graph\":[{\"@type\":\"NewsArticle\",\"@id\":\"https:\/\/www.gaveanews.com\/index.php\/2025\/04\/30\/retorno-de-fagner-demissao-confirmada-e-situacao-de-garro-as-ultimas-noticias-do-corinthians\/#article\",\"isPartOf\":{\"@id\":\"https:\/\/www.gaveanews.com\/index.php\/2025\/04\/30\/retorno-de-fagner-demissao-confirmada-e-situacao-de-garro-as-ultimas-noticias-do-corinthians\/\"},\"author\":{\"name\":\"Brenda Cezillo\",\"@id\":\"https:\/\/www.gaveanews.com\/#\/schema\/person\/c79759ca337c40791ae8d08e2923d403\"},\"headline\":\"Retorno de Fagner, demiss\u00e3o confirmada e situa\u00e7\u00e3o de Garro: as \u00faltimas not\u00edcias do Corinthians\",\"datePublished\":\"2025-04-30T05:25:00+00:00\",\"mainEntityOfPage\":{\"@id\":\"https:\/\/www.gaveanews.com\/index.php\/2025\/04\/30\/retorno-de-fagner-demissao-confirmada-e-situacao-de-garro-as-ultimas-noticias-do-corinthians\/\"},\"wordCount\":849,\"commentCount\":0,\"image\":{\"@id\":\"https:\/\/www.gaveanews.com\/index.php\/2025\/04\/30\/retorno-de-fagner-demissao-confirmada-e-situacao-de-garro-as-ultimas-noticias-do-corinthians\/#primaryimage\"},\"thumbnailUrl\":\"https:\/\/www.gaveanews.com\/wp-content\/uploads\/Escudo-do-Corinthians-na-Neo-Quimica-Arena.webp\",\"articleSection\":[\"Corinthians\"],\"inLanguage\":\"pt-BR\",\"potentialAction\":[{\"@type\":\"CommentAction\",\"name\":\"Comment\",\"target\":[\"https:\/\/www.gaveanews.com\/index.php\/2025\/04\/30\/retorno-de-fagner-demissao-confirmada-e-situacao-de-garro-as-ultimas-noticias-do-corinthians\/#respond\"]}],\"copyrightYear\":\"2025\",\"copyrightHolder\":{\"@id\":\"https:\/\/www.gaveanews.com\/#organization\"}},{\"@type\":\"WebPage\",\"@id\":\"https:\/\/www.gaveanews.com\/index.php\/2025\/04\/30\/retorno-de-fagner-demissao-confirmada-e-situacao-de-garro-as-ultimas-noticias-do-corinthians\/\",\"url\":\"https:\/\/www.gaveanews.com\/index.php\/2025\/04\/30\/retorno-de-fagner-demissao-confirmada-e-situacao-de-garro-as-ultimas-noticias-do-corinthians\/\",\"name\":\"Retorno de Fagner, demiss\u00e3o confirmada e situa\u00e7\u00e3o de Garro: as \u00faltimas not\u00edcias do Corinthians\",\"isPartOf\":{\"@id\":\"https:\/\/www.gaveanews.com\/#website\"},\"primaryImageOfPage\":{\"@id\":\"https:\/\/www.gaveanews.com\/index.php\/2025\/04\/30\/retorno-de-fagner-demissao-confirmada-e-situacao-de-garro-as-ultimas-noticias-do-corinthians\/#primaryimage\"},\"image\":{\"@id\":\"https:\/\/www.gaveanews.com\/index.php\/2025\/04\/30\/retorno-de-fagner-demissao-confirmada-e-situacao-de-garro-as-ultimas-noticias-do-corinthians\/#primaryimage\"},\"thumbnailUrl\":\"https:\/\/www.gaveanews.com\/wp-content\/uploads\/Escudo-do-Corinthians-na-Neo-Quimica-Arena.webp\",\"datePublished\":\"2025-04-30T05:25:00+00:00\",\"author\":{\"@id\":\"https:\/\/www.gaveanews.com\/#\/schema\/person\/c79759ca337c40791ae8d08e2923d403\"},\"breadcrumb\":{\"@id\":\"https:\/\/www.gaveanews.com\/index.php\/2025\/04\/30\/retorno-de-fagner-demissao-confirmada-e-situacao-de-garro-as-ultimas-noticias-do-corinthians\/#breadcrumb\"},\"inLanguage\":\"pt-BR\",\"potentialAction\":[{\"@type\":\"ReadAction\",\"target\":[\"https:\/\/www.gaveanews.com\/index.php\/2025\/04\/30\/retorno-de-fagner-demissao-confirmada-e-situacao-de-garro-as-ultimas-noticias-do-corinthians\/\"]}]},{\"@type\":\"ImageObject\",\"inLanguage\":\"pt-BR\",\"@id\":\"https:\/\/www.gaveanews.com\/index.php\/2025\/04\/30\/retorno-de-fagner-demissao-confirmada-e-situacao-de-garro-as-ultimas-noticias-do-corinthians\/#primaryimage\",\"url\":\"https:\/\/www.gaveanews.com\/wp-content\/uploads\/Escudo-do-Corinthians-na-Neo-Quimica-Arena.webp\",\"contentUrl\":\"https:\/\/www.gaveanews.com\/wp-content\/uploads\/Escudo-do-Corinthians-na-Neo-Quimica-Arena.webp\",\"width\":1440,\"height\":959,\"caption\":\"Escudo do Corinthians na N\u00e9o Qu\u00edmica Arena (Foto Reprodu\u00e7\u00e3o\/Instagram)\"},{\"@type\":\"BreadcrumbList\",\"@id\":\"https:\/\/www.gaveanews.com\/index.php\/2025\/04\/30\/retorno-de-fagner-demissao-confirmada-e-situacao-de-garro-as-ultimas-noticias-do-corinthians\/#breadcrumb\",\"itemListElement\":[{\"@type\":\"ListItem\",\"position\":1,\"name\":\"Home\",\"item\":\"https:\/\/www.gaveanews.com\/\"},{\"@type\":\"ListItem\",\"position\":2,\"name\":\"Retorno de Fagner, demiss\u00e3o confirmada e situa\u00e7\u00e3o de Garro: as \u00faltimas not\u00edcias do Corinthians\"}]},{\"@type\":\"WebSite\",\"@id\":\"https:\/\/www.gaveanews.com\/#website\",\"url\":\"https:\/\/www.gaveanews.com\/\",\"name\":\"G\u00e1vea News\",\"description\":\"Veja todas as not\u00edcias sobre o Flamengo: Contrata\u00e7\u00f5es, categorias de base, resultados das partidas, tabela de classifica\u00e7\u00e3o, pr\u00f3ximos jogos!\",\"potentialAction\":[{\"@type\":\"SearchAction\",\"target\":{\"@type\":\"EntryPoint\",\"urlTemplate\":\"https:\/\/www.gaveanews.com\/?s={search_term_string}\"},\"query-input\":{\"@type\":\"PropertyValueSpecification\",\"valueRequired\":true,\"valueName\":\"search_term_string\"}}],\"inLanguage\":\"pt-BR\"},{\"@type\":\"Person\",\"@id\":\"https:\/\/www.gaveanews.com\/#\/schema\/person\/c79759ca337c40791ae8d08e2923d403\",\"name\":\"Brenda Cezillo\",\"image\":{\"@type\":\"ImageObject\",\"inLanguage\":\"pt-BR\",\"@id\":\"https:\/\/www.gaveanews.com\/#\/schema\/person\/image\/\",\"url\":\"https:\/\/secure.gravatar.com\/avatar\/1738d75cee7317f9c29ae61dd67620c5883d80a92e42a6fff88ae5d527af217a?s=96&d=mm&r=g\",\"contentUrl\":\"https:\/\/secure.gravatar.com\/avatar\/1738d75cee7317f9c29ae61dd67620c5883d80a92e42a6fff88ae5d527af217a?s=96&d=mm&r=g\",\"caption\":\"Brenda Cezillo\"}}]}<\/script>\n<!-- \/ Yoast SEO Premium plugin. -->","yoast_head_json":{"title":"Retorno de Fagner, demiss\u00e3o confirmada e situa\u00e7\u00e3o de Garro: as \u00faltimas not\u00edcias do Corinthians","robots":{"index":"index","follow":"follow","max-snippet":"max-snippet:-1","max-image-preview":"max-image-preview:large","max-video-preview":"max-video-preview:-1"},"canonical":"https:\/\/www.gaveanews.com\/index.php\/2025\/04\/30\/retorno-de-fagner-demissao-confirmada-e-situacao-de-garro-as-ultimas-noticias-do-corinthians\/","og_locale":"pt_BR","og_type":"article","og_title":"Retorno de Fagner, demiss\u00e3o confirmada e situa\u00e7\u00e3o de Garro: as \u00faltimas not\u00edcias do Corinthians","og_description":"Nas \u00faltimas horas, o foco das not\u00edcias sobre o Corinthians se concentram nos bastidores do clube, com destaques do dia a dia do time. Por conta deste contexto, leia abaixo um resumo preparado pela equipe do portal G\u00e1vea News para lhe manter muito bem informado! Situa\u00e7\u00e3o de Garro O meia Rodrigo Garro, do Corinthians, permanece [&hellip;]","og_url":"https:\/\/www.gaveanews.com\/index.php\/2025\/04\/30\/retorno-de-fagner-demissao-confirmada-e-situacao-de-garro-as-ultimas-noticias-do-corinthians\/","og_site_name":"G\u00e1vea News","article_publisher":"https:\/\/facebook.com\/gaveaNews\/","article_published_time":"2025-04-30T05:25:00+00:00","og_image":[{"width":1440,"height":959,"url":"https:\/\/www.gaveanews.com\/wp-content\/uploads\/Escudo-do-Corinthians-na-Neo-Quimica-Arena.webp","type":"image\/jpeg"}],"author":"Brenda Cezillo","twitter_card":"summary_large_image","twitter_misc":{"Escrito por":"Brenda Cezillo","Est. tempo de leitura":"5 minutos"},"schema":{"@context":"https:\/\/schema.org","@graph":[{"@type":"NewsArticle","@id":"https:\/\/www.gaveanews.com\/index.php\/2025\/04\/30\/retorno-de-fagner-demissao-confirmada-e-situacao-de-garro-as-ultimas-noticias-do-corinthians\/#article","isPartOf":{"@id":"https:\/\/www.gaveanews.com\/index.php\/2025\/04\/30\/retorno-de-fagner-demissao-confirmada-e-situacao-de-garro-as-ultimas-noticias-do-corinthians\/"},"author":{"name":"Brenda Cezillo","@id":"https:\/\/www.gaveanews.com\/#\/schema\/person\/c79759ca337c40791ae8d08e2923d403"},"headline":"Retorno de Fagner, demiss\u00e3o confirmada e situa\u00e7\u00e3o de Garro: as \u00faltimas not\u00edcias do Corinthians","datePublished":"2025-04-30T05:25:00+00:00","mainEntityOfPage":{"@id":"https:\/\/www.gaveanews.com\/index.php\/2025\/04\/30\/retorno-de-fagner-demissao-confirmada-e-situacao-de-garro-as-ultimas-noticias-do-corinthians\/"},"wordCount":849,"commentCount":0,"image":{"@id":"https:\/\/www.gaveanews.com\/index.php\/2025\/04\/30\/retorno-de-fagner-demissao-confirmada-e-situacao-de-garro-as-ultimas-noticias-do-corinthians\/#primaryimage"},"thumbnailUrl":"https:\/\/www.gaveanews.com\/wp-content\/uploads\/Escudo-do-Corinthians-na-Neo-Quimica-Arena.webp","articleSection":["Corinthians"],"inLanguage":"pt-BR","potentialAction":[{"@type":"CommentAction","name":"Comment","target":["https:\/\/www.gaveanews.com\/index.php\/2025\/04\/30\/retorno-de-fagner-demissao-confirmada-e-situacao-de-garro-as-ultimas-noticias-do-corinthians\/#respond"]}],"copyrightYear":"2025","copyrightHolder":{"@id":"https:\/\/www.gaveanews.com\/#organization"}},{"@type":"WebPage","@id":"https:\/\/www.gaveanews.com\/index.php\/2025\/04\/30\/retorno-de-fagner-demissao-confirmada-e-situacao-de-garro-as-ultimas-noticias-do-corinthians\/","url":"https:\/\/www.gaveanews.com\/index.php\/2025\/04\/30\/retorno-de-fagner-demissao-confirmada-e-situacao-de-garro-as-ultimas-noticias-do-corinthians\/","name":"Retorno de Fagner, demiss\u00e3o confirmada e situa\u00e7\u00e3o de Garro: as \u00faltimas not\u00edcias do Corinthians","isPartOf":{"@id":"https:\/\/www.gaveanews.com\/#website"},"primaryImageOfPage":{"@id":"https:\/\/www.gaveanews.com\/index.php\/2025\/04\/30\/retorno-de-fagner-demissao-confirmada-e-situacao-de-garro-as-ultimas-noticias-do-corinthians\/#primaryimage"},"image":{"@id":"https:\/\/www.gaveanews.com\/index.php\/2025\/04\/30\/retorno-de-fagner-demissao-confirmada-e-situacao-de-garro-as-ultimas-noticias-do-corinthians\/#primaryimage"},"thumbnailUrl":"https:\/\/www.gaveanews.com\/wp-content\/uploads\/Escudo-do-Corinthians-na-Neo-Quimica-Arena.webp","datePublished":"2025-04-30T05:25:00+00:00","author":{"@id":"https:\/\/www.gaveanews.com\/#\/schema\/person\/c79759ca337c40791ae8d08e2923d403"},"breadcrumb":{"@id":"https:\/\/www.gaveanews.com\/index.php\/2025\/04\/30\/retorno-de-fagner-demissao-confirmada-e-situacao-de-garro-as-ultimas-noticias-do-corinthians\/#breadcrumb"},"inLanguage":"pt-BR","potentialAction":[{"@type":"ReadAction","target":["https:\/\/www.gaveanews.com\/index.php\/2025\/04\/30\/retorno-de-fagner-demissao-confirmada-e-situacao-de-garro-as-ultimas-noticias-do-corinthians\/"]}]},{"@type":"ImageObject","inLanguage":"pt-BR","@id":"https:\/\/www.gaveanews.com\/index.php\/2025\/04\/30\/retorno-de-fagner-demissao-confirmada-e-situacao-de-garro-as-ultimas-noticias-do-corinthians\/#primaryimage","url":"https:\/\/www.gaveanews.com\/wp-content\/uploads\/Escudo-do-Corinthians-na-Neo-Quimica-Arena.webp","contentUrl":"https:\/\/www.gaveanews.com\/wp-content\/uploads\/Escudo-do-Corinthians-na-Neo-Quimica-Arena.webp","width":1440,"height":959,"caption":"Escudo do Corinthians na N\u00e9o Qu\u00edmica Arena (Foto Reprodu\u00e7\u00e3o\/Instagram)"},{"@type":"BreadcrumbList","@id":"https:\/\/www.gaveanews.com\/index.php\/2025\/04\/30\/retorno-de-fagner-demissao-confirmada-e-situacao-de-garro-as-ultimas-noticias-do-corinthians\/#breadcrumb","itemListElement":[{"@type":"ListItem","position":1,"name":"Home","item":"https:\/\/www.gaveanews.com\/"},{"@type":"ListItem","position":2,"name":"Retorno de Fagner, demiss\u00e3o confirmada e situa\u00e7\u00e3o de Garro: as \u00faltimas not\u00edcias do Corinthians"}]},{"@type":"WebSite","@id":"https:\/\/www.gaveanews.com\/#website","url":"https:\/\/www.gaveanews.com\/","name":"G\u00e1vea News","description":"Veja todas as not\u00edcias sobre o Flamengo: Contrata\u00e7\u00f5es, categorias de base, resultados das partidas, tabela de classifica\u00e7\u00e3o, pr\u00f3ximos jogos!","potentialAction":[{"@type":"SearchAction","target":{"@type":"EntryPoint","urlTemplate":"https:\/\/www.gaveanews.com\/?s={search_term_string}"},"query-input":{"@type":"PropertyValueSpecification","valueRequired":true,"valueName":"search_term_string"}}],"inLanguage":"pt-BR"},{"@type":"Person","@id":"https:\/\/www.gaveanews.com\/#\/schema\/person\/c79759ca337c40791ae8d08e2923d403","name":"Brenda Cezillo","image":{"@type":"ImageObject","inLanguage":"pt-BR","@id":"https:\/\/www.gaveanews.com\/#\/schema\/person\/image\/","url":"https:\/\/secure.gravatar.com\/avatar\/1738d75cee7317f9c29ae61dd67620c5883d80a92e42a6fff88ae5d527af217a?s=96&d=mm&r=g","contentUrl":"https:\/\/secure.gravatar.com\/avatar\/1738d75cee7317f9c29ae61dd67620c5883d80a92e42a6fff88ae5d527af217a?s=96&d=mm&r=g","caption":"Brenda Cezillo"}}]}},"_links":{"self":[{"href":"https:\/\/www.gaveanews.com\/index.php\/wp-json\/wp\/v2\/posts\/259152","targetHints":{"allow":["GET"]}}],"collection":[{"href":"https:\/\/www.gaveanews.com\/index.php\/wp-json\/wp\/v2\/posts"}],"about":[{"href":"https:\/\/www.gaveanews.com\/index.php\/wp-json\/wp\/v2\/types\/post"}],"author":[{"embeddable":true,"href":"https:\/\/www.gaveanews.com\/index.php\/wp-json\/wp\/v2\/users\/33"}],"replies":[{"embeddable":true,"href":"https:\/\/www.gaveanews.com\/index.php\/wp-json\/wp\/v2\/comments?post=259152"}],"version-history":[{"count":1,"href":"https:\/\/www.gaveanews.com\/index.php\/wp-json\/wp\/v2\/posts\/259152\/revisions"}],"predecessor-version":[{"id":259161,"href":"https:\/\/www.gaveanews.com\/index.php\/wp-json\/wp\/v2\/posts\/259152\/revisions\/259161"}],"wp:featuredmedia":[{"embeddable":true,"href":"https:\/\/www.gaveanews.com\/index.php\/wp-json\/wp\/v2\/media\/154473"}],"wp:attachment":[{"href":"https:\/\/www.gaveanews.com\/index.php\/wp-json\/wp\/v2\/media?parent=259152"}],"wp:term":[{"taxonomy":"category","embeddable":true,"href":"https:\/\/www.gaveanews.com\/index.php\/wp-json\/wp\/v2\/categories?post=259152"},{"taxonomy":"post_tag","embeddable":true,"href":"https:\/\/www.gaveanews.com\/index.php\/wp-json\/wp\/v2\/tags?post=259152"}],"curies":[{"name":"wp","href":"https:\/\/api.w.org\/{rel}","templated":true}]}}