{"id":259158,"date":"2025-04-30T02:30:00","date_gmt":"2025-04-30T05:30:00","guid":{"rendered":"https:\/\/www.gaveanews.com\/?p=259158"},"modified":"2025-04-29T23:45:09","modified_gmt":"2025-04-30T02:45:09","slug":"desfalques-confirmados-interesse-atacante-em-rival-e-declaracao-de-fabricio-bruno-as-ultimas-noticias-do-cruzeiro","status":"publish","type":"post","link":"https:\/\/www.gaveanews.com\/index.php\/2025\/04\/30\/desfalques-confirmados-interesse-atacante-em-rival-e-declaracao-de-fabricio-bruno-as-ultimas-noticias-do-cruzeiro\/","title":{"rendered":"Desfalques confirmados, interesse atacante em rival e declara\u00e7\u00e3o de Fabr\u00edcio Bruno: as \u00faltimas not\u00edcias do Cruzeiro"},"content":{"rendered":"\n<p>Nas \u00faltimas horas, o foco das not\u00edcias sobre o Cruzeiro se concentram nos bastidores do clube, com destaques do dia a dia do time.<\/p>\n\n\n\n<p>Por conta deste contexto, leia abaixo um resumo preparado pela equipe do portal G\u00e1vea News para lhe manter muito bem informado!<\/p>\n\n\n\n<div class=\"wp-block-group\"><div class=\"wp-block-group__inner-container is-layout-constrained wp-block-group-is-layout-constrained\">\n<h2 class=\"wp-block-heading\" id=\"h-declaracao-de-fabricio-bruno\">Declara\u00e7\u00e3o de Fabr\u00edcio Bruno<\/h2>\n\n\n\n<p>O Cruzeiro amargou mais uma derrota na Copa Sul-Americana ao perder por 2 a 1 para o Palestino, no Chile, com gol solit\u00e1rio de Eduardo pela equipe mineira. Em entrevista ap\u00f3s a partida, o zagueiro Fabr\u00edcio Bruno fez cr\u00edticas contundentes ao desempenho do time, classificando a campanha como \u201cvergonhosa\u201d. O defensor destacou que o grupo desperdi\u00e7ou diversas oportunidades claras e falhou em ser efetivo nas finaliza\u00e7\u00f5es, o que contrastou com o aproveitamento eficiente dos advers\u00e1rios<strong><a href=\"https:\/\/www.gaveanews.com\/index.php\/2025\/04\/28\/a-declaracao-de-fabricio-bruno-apos-derrota-do-cruzeiro-na-sul-americana\/\"> (leia a mat\u00e9ria completa).<\/a><\/strong><\/p>\n\n\n\n<figure class=\"wp-block-image size-full\"><img loading=\"lazy\" decoding=\"async\" width=\"473\" height=\"575\" src=\"http:\/\/www.gaveanews.com\/wp-content\/uploads\/Fabricio-Bruno-pelo-Cruzeiro.webp\" alt=\"\" class=\"wp-image-213420\" srcset=\"https:\/\/www.gaveanews.com\/wp-content\/uploads\/Fabricio-Bruno-pelo-Cruzeiro.webp 473w, https:\/\/www.gaveanews.com\/wp-content\/uploads\/Fabricio-Bruno-pelo-Cruzeiro-247x300.webp 247w, https:\/\/www.gaveanews.com\/wp-content\/uploads\/Fabricio-Bruno-pelo-Cruzeiro-345x420.webp 345w, https:\/\/www.gaveanews.com\/wp-content\/uploads\/Fabricio-Bruno-pelo-Cruzeiro-100x122.webp 100w\" sizes=\"auto, (max-width: 473px) 100vw, 473px\" \/><figcaption class=\"wp-element-caption\">Fabr\u00edcio Bruno pelo Cruzeiro (Foto: Gustavo Aleixo\/Cruzeiro)\n\n<\/figcaption><\/figure>\n\n\n\n<p>Para Fabr\u00edcio, o elenco do Cruzeiro precisa demonstrar mais vontade de definir as partidas quando as chances aparecem, ressaltando que posse de bola e n\u00famero de finaliza\u00e7\u00f5es n\u00e3o garantem resultados. <\/p>\n\n\n\n<p>Ele apontou a necessidade de uma reflex\u00e3o profunda, mencionando tamb\u00e9m a performance decepcionante no Campeonato Mineiro. Em tom de frustra\u00e7\u00e3o, o atleta pediu desculpas \u00e0 torcida e refor\u00e7ou que os resultados atuais est\u00e3o muito abaixo do esperado para um clube da grandeza da Raposa.<\/p>\n\n\n\n<p>A situa\u00e7\u00e3o da equipe na competi\u00e7\u00e3o continental \u00e9 cr\u00edtica: com tr\u00eas derrotas em tr\u00eas jogos, o Cruzeiro ocupa a lanterna do Grupo E e corre s\u00e9rio risco de elimina\u00e7\u00e3o precoce. Um trope\u00e7o no pr\u00f3ximo jogo pode selar a sa\u00edda da equipe da Sul-Americana. O pr\u00f3ximo desafio ser\u00e1 contra o Vasco, pelo Brasileir\u00e3o, no Est\u00e1dio Parque do Sabi\u00e1, onde a Raposa buscar\u00e1 reverter o clima negativo e tentar reencontrar o caminho das vit\u00f3rias.<\/p>\n\n\n\n<h2 class=\"wp-block-heading\" id=\"h-interesse-atacante-em-rival\">Interesse atacante em rival<\/h2>\n\n\n\n<p>Atento ao fortalecimento do elenco, o Cruzeiro demonstrou interesse na contrata\u00e7\u00e3o do jovem atacante Lucas Ferreira, de 18 anos, atualmente em destaque no S\u00e3o Paulo. A movimenta\u00e7\u00e3o partiu de um pedido do t\u00e9cnico Leonardo Jardim, que busca refor\u00e7os com potencial de desenvolvimento. Para concretizar a negocia\u00e7\u00e3o, o clube mineiro estaria disposto a pagar a multa rescis\u00f3ria de R$ 40 milh\u00f5es prevista em contrato<strong><a href=\"https:\/\/www.gaveanews.com\/index.php\/2025\/04\/28\/cruzeiro-vai-atras-de-atacante-do-sao-paulo-a-pedido-de-leonardo-jardim\/\"> (leia a mat\u00e9ria completa).<\/a><\/strong><\/p>\n\n\n\n<figure class=\"wp-block-image size-full\"><img loading=\"lazy\" decoding=\"async\" width=\"799\" height=\"533\" src=\"http:\/\/www.gaveanews.com\/wp-content\/uploads\/Leonardo-Jardim-durante-partida-do-Cruzeiro-em-2025.webp\" alt=\"\" class=\"wp-image-225548\"\/><figcaption class=\"wp-element-caption\">Leonardo Jardim durante partida do Cruzeiro em 2025 (Foto: Gustavo Aleixo\/Cruzeiro)<\/figcaption><\/figure>\n\n\n\n<p>No entanto, apesar do interesse cruzeirense, Lucas Ferreira j\u00e1 sinalizou sua prefer\u00eancia por permanecer no time paulista. Revelado em Cotia e com espa\u00e7o crescente no elenco tricolor, o atleta acredita que seguir no Morumbi \u00e9 a melhor escolha para sua evolu\u00e7\u00e3o profissional. Em resposta \u00e0 investida mineira, a diretoria do S\u00e3o Paulo iniciou conversas para renovar o v\u00ednculo do jogador e, al\u00e9m de estender o contrato, planeja reajustar o valor da multa, blindando-o de novas abordagens.<\/p>\n\n\n\n<p>Diante do cen\u00e1rio atual, a possibilidade de transfer\u00eancia \u00e9 considerada remota. Mesmo que o Cruzeiro tenha condi\u00e7\u00f5es de arcar com os custos, a postura do atacante e a agilidade da diretoria s\u00e3o-paulina na renova\u00e7\u00e3o devem encerrar as tratativas. Assim, o clube mineiro dever\u00e1 explorar outras op\u00e7\u00f5es no mercado na pr\u00f3xima janela de transfer\u00eancias, enquanto o S\u00e3o Paulo se prepara para assegurar um de seus principais talentos da nova gera\u00e7\u00e3o.<\/p>\n\n\n\n<h2 class=\"wp-block-heading\" id=\"h-desfalques-confirmados\">Desfalques confirmados<\/h2>\n\n\n\n<p>O Vasco da Gama ter\u00e1 dois importantes desfalques para a partida contra o Cruzeiro pelo Campeonato Brasileiro, que ocorrer\u00e1 no Parque do Sabi\u00e1, em Uberl\u00e2ndia. O t\u00e9cnico F\u00e1bio Carille n\u00e3o poder\u00e1 contar com Tch\u00ea Tch\u00ea, liberado para resolver quest\u00f5es pessoais, e Maur\u00edcio Lemos, que sofreu uma fratura na costela durante um jogo anterior. Ambos tamb\u00e9m j\u00e1 estavam ausentes no empate contra o Lan\u00fas, pela Copa Sul-Americana<strong><a href=\"https:\/\/www.gaveanews.com\/index.php\/2025\/04\/28\/vasco-ganha-dois-desfalques-para-partida-contra-o-cruzeiro\/\"> (leia a mat\u00e9ria completa).<\/a><\/strong><\/p>\n\n\n\n<figure class=\"wp-block-image size-large\"><img loading=\"lazy\" decoding=\"async\" width=\"1024\" height=\"683\" src=\"http:\/\/www.gaveanews.com\/wp-content\/uploads\/Camisa-do-Vasco-da-Gama-1024x683.webp\" alt=\"\" class=\"wp-image-147443\" srcset=\"https:\/\/www.gaveanews.com\/wp-content\/uploads\/Camisa-do-Vasco-da-Gama-1024x683.webp 1024w, https:\/\/www.gaveanews.com\/wp-content\/uploads\/Camisa-do-Vasco-da-Gama-300x200.webp 300w, https:\/\/www.gaveanews.com\/wp-content\/uploads\/Camisa-do-Vasco-da-Gama-768x512.webp 768w, https:\/\/www.gaveanews.com\/wp-content\/uploads\/Camisa-do-Vasco-da-Gama-630x420.webp 630w, https:\/\/www.gaveanews.com\/wp-content\/uploads\/Camisa-do-Vasco-da-Gama-1260x840.webp 1260w, https:\/\/www.gaveanews.com\/wp-content\/uploads\/Camisa-do-Vasco-da-Gama-640x427.webp 640w, https:\/\/www.gaveanews.com\/wp-content\/uploads\/Camisa-do-Vasco-da-Gama-1280x853.webp 1280w, https:\/\/www.gaveanews.com\/wp-content\/uploads\/Camisa-do-Vasco-da-Gama-681x454.webp 681w, https:\/\/www.gaveanews.com\/wp-content\/uploads\/Camisa-do-Vasco-da-Gama-1362x908.webp 1362w, https:\/\/www.gaveanews.com\/wp-content\/uploads\/Camisa-do-Vasco-da-Gama-100x67.webp 100w, https:\/\/www.gaveanews.com\/wp-content\/uploads\/Camisa-do-Vasco-da-Gama.webp 1440w\" sizes=\"auto, (max-width: 1024px) 100vw, 1024px\" \/><figcaption class=\"wp-element-caption\">Camisa do Vasco da Gama (Foto: Reprodu\u00e7\u00e3o\/Instagram)<\/figcaption><\/figure>\n\n\n\n<p>Com isso, a equipe vasca\u00edna deve repetir a escala\u00e7\u00e3o da \u00faltima partida, mantendo Lucas Freitas ao lado de Jo\u00e3o Victor na zaga e Jair formando o meio-campo com Hugo Moura. A d\u00favida principal est\u00e1 no setor ofensivo: o jovem Rayan, que substituiu Benjam\u00edn Garr\u00e9 na ponta-direita, tem agradado e deve continuar entre os titulares. Philippe Coutinho, Nuno Moreira e Vegetti completam o setor de ataque.<\/p>\n\n\n\n<p>O confronto entre Cruzeiro e Vasco marca o encontro de duas campanhas semelhantes, com ambas as equipes somando sete pontos. A press\u00e3o sobre os treinadores tamb\u00e9m \u00e9 alta: F\u00e1bio Carille e Leonardo Jardim enfrentam cr\u00edticas constantes e, dependendo do resultado, o jogo pode marcar o fim do ciclo de um dos dois no comando t\u00e9cnico. A partida est\u00e1 marcada para domingo, \u00e0s 18h30, e ser\u00e1 realizada fora do Mineir\u00e3o por indisponibilidade do est\u00e1dio.<\/p>\n<\/div><\/div>\n","protected":false},"excerpt":{"rendered":"<p>Nas \u00faltimas horas, o foco das not\u00edcias sobre o Cruzeiro se concentram nos bastidores do clube, com destaques do dia a dia do time. Por conta deste contexto, leia abaixo um resumo preparado pela equipe do portal G\u00e1vea News para lhe manter muito bem informado! Declara\u00e7\u00e3o de Fabr\u00edcio Bruno O Cruzeiro amargou mais uma derrota [&hellip;]<\/p>\n","protected":false},"author":33,"featured_media":175601,"comment_status":"open","ping_status":"closed","sticky":false,"template":"","format":"standard","meta":{"footnotes":""},"categories":[143],"tags":[],"class_list":["post-259158","post","type-post","status-publish","format-standard","has-post-thumbnail","hentry","category-cruzeiro"],"yoast_head":"<!-- This site is optimized with the Yoast SEO Premium plugin v24.2 (Yoast SEO v26.9) - https:\/\/yoast.com\/product\/yoast-seo-premium-wordpress\/ -->\n<title>Desfalques confirmados, interesse atacante em rival e declara\u00e7\u00e3o de Fabr\u00edcio Bruno: as \u00faltimas not\u00edcias do Cruzeiro<\/title>\n<meta name=\"robots\" content=\"index, follow, max-snippet:-1, max-image-preview:large, max-video-preview:-1\" \/>\n<link rel=\"canonical\" href=\"https:\/\/www.gaveanews.com\/index.php\/2025\/04\/30\/desfalques-confirmados-interesse-atacante-em-rival-e-declaracao-de-fabricio-bruno-as-ultimas-noticias-do-cruzeiro\/\" \/>\n<meta property=\"og:locale\" content=\"pt_BR\" \/>\n<meta property=\"og:type\" content=\"article\" \/>\n<meta property=\"og:title\" content=\"Desfalques confirmados, interesse atacante em rival e declara\u00e7\u00e3o de Fabr\u00edcio Bruno: as \u00faltimas not\u00edcias do Cruzeiro\" \/>\n<meta property=\"og:description\" content=\"Nas \u00faltimas horas, o foco das not\u00edcias sobre o Cruzeiro se concentram nos bastidores do clube, com destaques do dia a dia do time. Por conta deste contexto, leia abaixo um resumo preparado pela equipe do portal G\u00e1vea News para lhe manter muito bem informado! Declara\u00e7\u00e3o de Fabr\u00edcio Bruno O Cruzeiro amargou mais uma derrota [&hellip;]\" \/>\n<meta property=\"og:url\" content=\"https:\/\/www.gaveanews.com\/index.php\/2025\/04\/30\/desfalques-confirmados-interesse-atacante-em-rival-e-declaracao-de-fabricio-bruno-as-ultimas-noticias-do-cruzeiro\/\" \/>\n<meta property=\"og:site_name\" content=\"G\u00e1vea News\" \/>\n<meta property=\"article:publisher\" content=\"https:\/\/facebook.com\/gaveaNews\/\" \/>\n<meta property=\"article:published_time\" content=\"2025-04-30T05:30:00+00:00\" \/>\n<meta property=\"og:image\" content=\"https:\/\/www.gaveanews.com\/wp-content\/uploads\/Bandeira-do-Cruzeiro.webp\" \/>\n\t<meta property=\"og:image:width\" content=\"1062\" \/>\n\t<meta property=\"og:image:height\" content=\"708\" \/>\n\t<meta property=\"og:image:type\" content=\"image\/webp\" \/>\n<meta name=\"author\" content=\"Brenda Cezillo\" \/>\n<meta name=\"twitter:card\" content=\"summary_large_image\" \/>\n<meta name=\"twitter:label1\" content=\"Escrito por\" \/>\n\t<meta name=\"twitter:data1\" content=\"Brenda Cezillo\" \/>\n\t<meta name=\"twitter:label2\" content=\"Est. tempo de leitura\" \/>\n\t<meta name=\"twitter:data2\" content=\"5 minutos\" \/>\n<script type=\"application\/ld+json\" class=\"yoast-schema-graph\">{\"@context\":\"https:\/\/schema.org\",\"@graph\":[{\"@type\":\"NewsArticle\",\"@id\":\"https:\/\/www.gaveanews.com\/index.php\/2025\/04\/30\/desfalques-confirmados-interesse-atacante-em-rival-e-declaracao-de-fabricio-bruno-as-ultimas-noticias-do-cruzeiro\/#article\",\"isPartOf\":{\"@id\":\"https:\/\/www.gaveanews.com\/index.php\/2025\/04\/30\/desfalques-confirmados-interesse-atacante-em-rival-e-declaracao-de-fabricio-bruno-as-ultimas-noticias-do-cruzeiro\/\"},\"author\":{\"name\":\"Brenda Cezillo\",\"@id\":\"https:\/\/www.gaveanews.com\/#\/schema\/person\/c79759ca337c40791ae8d08e2923d403\"},\"headline\":\"Desfalques confirmados, interesse atacante em rival e declara\u00e7\u00e3o de Fabr\u00edcio Bruno: as \u00faltimas not\u00edcias do Cruzeiro\",\"datePublished\":\"2025-04-30T05:30:00+00:00\",\"mainEntityOfPage\":{\"@id\":\"https:\/\/www.gaveanews.com\/index.php\/2025\/04\/30\/desfalques-confirmados-interesse-atacante-em-rival-e-declaracao-de-fabricio-bruno-as-ultimas-noticias-do-cruzeiro\/\"},\"wordCount\":819,\"commentCount\":0,\"image\":{\"@id\":\"https:\/\/www.gaveanews.com\/index.php\/2025\/04\/30\/desfalques-confirmados-interesse-atacante-em-rival-e-declaracao-de-fabricio-bruno-as-ultimas-noticias-do-cruzeiro\/#primaryimage\"},\"thumbnailUrl\":\"https:\/\/www.gaveanews.com\/wp-content\/uploads\/Bandeira-do-Cruzeiro.webp\",\"articleSection\":[\"Cruzeiro\"],\"inLanguage\":\"pt-BR\",\"potentialAction\":[{\"@type\":\"CommentAction\",\"name\":\"Comment\",\"target\":[\"https:\/\/www.gaveanews.com\/index.php\/2025\/04\/30\/desfalques-confirmados-interesse-atacante-em-rival-e-declaracao-de-fabricio-bruno-as-ultimas-noticias-do-cruzeiro\/#respond\"]}],\"copyrightYear\":\"2025\",\"copyrightHolder\":{\"@id\":\"https:\/\/www.gaveanews.com\/#organization\"}},{\"@type\":\"WebPage\",\"@id\":\"https:\/\/www.gaveanews.com\/index.php\/2025\/04\/30\/desfalques-confirmados-interesse-atacante-em-rival-e-declaracao-de-fabricio-bruno-as-ultimas-noticias-do-cruzeiro\/\",\"url\":\"https:\/\/www.gaveanews.com\/index.php\/2025\/04\/30\/desfalques-confirmados-interesse-atacante-em-rival-e-declaracao-de-fabricio-bruno-as-ultimas-noticias-do-cruzeiro\/\",\"name\":\"Desfalques confirmados, interesse atacante em rival e declara\u00e7\u00e3o de Fabr\u00edcio Bruno: as \u00faltimas not\u00edcias do Cruzeiro\",\"isPartOf\":{\"@id\":\"https:\/\/www.gaveanews.com\/#website\"},\"primaryImageOfPage\":{\"@id\":\"https:\/\/www.gaveanews.com\/index.php\/2025\/04\/30\/desfalques-confirmados-interesse-atacante-em-rival-e-declaracao-de-fabricio-bruno-as-ultimas-noticias-do-cruzeiro\/#primaryimage\"},\"image\":{\"@id\":\"https:\/\/www.gaveanews.com\/index.php\/2025\/04\/30\/desfalques-confirmados-interesse-atacante-em-rival-e-declaracao-de-fabricio-bruno-as-ultimas-noticias-do-cruzeiro\/#primaryimage\"},\"thumbnailUrl\":\"https:\/\/www.gaveanews.com\/wp-content\/uploads\/Bandeira-do-Cruzeiro.webp\",\"datePublished\":\"2025-04-30T05:30:00+00:00\",\"author\":{\"@id\":\"https:\/\/www.gaveanews.com\/#\/schema\/person\/c79759ca337c40791ae8d08e2923d403\"},\"breadcrumb\":{\"@id\":\"https:\/\/www.gaveanews.com\/index.php\/2025\/04\/30\/desfalques-confirmados-interesse-atacante-em-rival-e-declaracao-de-fabricio-bruno-as-ultimas-noticias-do-cruzeiro\/#breadcrumb\"},\"inLanguage\":\"pt-BR\",\"potentialAction\":[{\"@type\":\"ReadAction\",\"target\":[\"https:\/\/www.gaveanews.com\/index.php\/2025\/04\/30\/desfalques-confirmados-interesse-atacante-em-rival-e-declaracao-de-fabricio-bruno-as-ultimas-noticias-do-cruzeiro\/\"]}]},{\"@type\":\"ImageObject\",\"inLanguage\":\"pt-BR\",\"@id\":\"https:\/\/www.gaveanews.com\/index.php\/2025\/04\/30\/desfalques-confirmados-interesse-atacante-em-rival-e-declaracao-de-fabricio-bruno-as-ultimas-noticias-do-cruzeiro\/#primaryimage\",\"url\":\"https:\/\/www.gaveanews.com\/wp-content\/uploads\/Bandeira-do-Cruzeiro.webp\",\"contentUrl\":\"https:\/\/www.gaveanews.com\/wp-content\/uploads\/Bandeira-do-Cruzeiro.webp\",\"width\":1062,\"height\":708,\"caption\":\"Bandeira do Cruzeiro (Foto: Reprodu\u00e7\u00e3o\/Cruzeiro)\"},{\"@type\":\"BreadcrumbList\",\"@id\":\"https:\/\/www.gaveanews.com\/index.php\/2025\/04\/30\/desfalques-confirmados-interesse-atacante-em-rival-e-declaracao-de-fabricio-bruno-as-ultimas-noticias-do-cruzeiro\/#breadcrumb\",\"itemListElement\":[{\"@type\":\"ListItem\",\"position\":1,\"name\":\"Home\",\"item\":\"https:\/\/www.gaveanews.com\/\"},{\"@type\":\"ListItem\",\"position\":2,\"name\":\"Desfalques confirmados, interesse atacante em rival e declara\u00e7\u00e3o de Fabr\u00edcio Bruno: as \u00faltimas not\u00edcias do Cruzeiro\"}]},{\"@type\":\"WebSite\",\"@id\":\"https:\/\/www.gaveanews.com\/#website\",\"url\":\"https:\/\/www.gaveanews.com\/\",\"name\":\"G\u00e1vea News\",\"description\":\"Veja todas as not\u00edcias sobre o Flamengo: Contrata\u00e7\u00f5es, categorias de base, resultados das partidas, tabela de classifica\u00e7\u00e3o, pr\u00f3ximos jogos!\",\"potentialAction\":[{\"@type\":\"SearchAction\",\"target\":{\"@type\":\"EntryPoint\",\"urlTemplate\":\"https:\/\/www.gaveanews.com\/?s={search_term_string}\"},\"query-input\":{\"@type\":\"PropertyValueSpecification\",\"valueRequired\":true,\"valueName\":\"search_term_string\"}}],\"inLanguage\":\"pt-BR\"},{\"@type\":\"Person\",\"@id\":\"https:\/\/www.gaveanews.com\/#\/schema\/person\/c79759ca337c40791ae8d08e2923d403\",\"name\":\"Brenda Cezillo\",\"image\":{\"@type\":\"ImageObject\",\"inLanguage\":\"pt-BR\",\"@id\":\"https:\/\/www.gaveanews.com\/#\/schema\/person\/image\/\",\"url\":\"https:\/\/secure.gravatar.com\/avatar\/1738d75cee7317f9c29ae61dd67620c5883d80a92e42a6fff88ae5d527af217a?s=96&d=mm&r=g\",\"contentUrl\":\"https:\/\/secure.gravatar.com\/avatar\/1738d75cee7317f9c29ae61dd67620c5883d80a92e42a6fff88ae5d527af217a?s=96&d=mm&r=g\",\"caption\":\"Brenda Cezillo\"}}]}<\/script>\n<!-- \/ Yoast SEO Premium plugin. -->","yoast_head_json":{"title":"Desfalques confirmados, interesse atacante em rival e declara\u00e7\u00e3o de Fabr\u00edcio Bruno: as \u00faltimas not\u00edcias do Cruzeiro","robots":{"index":"index","follow":"follow","max-snippet":"max-snippet:-1","max-image-preview":"max-image-preview:large","max-video-preview":"max-video-preview:-1"},"canonical":"https:\/\/www.gaveanews.com\/index.php\/2025\/04\/30\/desfalques-confirmados-interesse-atacante-em-rival-e-declaracao-de-fabricio-bruno-as-ultimas-noticias-do-cruzeiro\/","og_locale":"pt_BR","og_type":"article","og_title":"Desfalques confirmados, interesse atacante em rival e declara\u00e7\u00e3o de Fabr\u00edcio Bruno: as \u00faltimas not\u00edcias do Cruzeiro","og_description":"Nas \u00faltimas horas, o foco das not\u00edcias sobre o Cruzeiro se concentram nos bastidores do clube, com destaques do dia a dia do time. Por conta deste contexto, leia abaixo um resumo preparado pela equipe do portal G\u00e1vea News para lhe manter muito bem informado! Declara\u00e7\u00e3o de Fabr\u00edcio Bruno O Cruzeiro amargou mais uma derrota [&hellip;]","og_url":"https:\/\/www.gaveanews.com\/index.php\/2025\/04\/30\/desfalques-confirmados-interesse-atacante-em-rival-e-declaracao-de-fabricio-bruno-as-ultimas-noticias-do-cruzeiro\/","og_site_name":"G\u00e1vea News","article_publisher":"https:\/\/facebook.com\/gaveaNews\/","article_published_time":"2025-04-30T05:30:00+00:00","og_image":[{"width":1062,"height":708,"url":"https:\/\/www.gaveanews.com\/wp-content\/uploads\/Bandeira-do-Cruzeiro.webp","type":"image\/webp"}],"author":"Brenda Cezillo","twitter_card":"summary_large_image","twitter_misc":{"Escrito por":"Brenda Cezillo","Est. tempo de leitura":"5 minutos"},"schema":{"@context":"https:\/\/schema.org","@graph":[{"@type":"NewsArticle","@id":"https:\/\/www.gaveanews.com\/index.php\/2025\/04\/30\/desfalques-confirmados-interesse-atacante-em-rival-e-declaracao-de-fabricio-bruno-as-ultimas-noticias-do-cruzeiro\/#article","isPartOf":{"@id":"https:\/\/www.gaveanews.com\/index.php\/2025\/04\/30\/desfalques-confirmados-interesse-atacante-em-rival-e-declaracao-de-fabricio-bruno-as-ultimas-noticias-do-cruzeiro\/"},"author":{"name":"Brenda Cezillo","@id":"https:\/\/www.gaveanews.com\/#\/schema\/person\/c79759ca337c40791ae8d08e2923d403"},"headline":"Desfalques confirmados, interesse atacante em rival e declara\u00e7\u00e3o de Fabr\u00edcio Bruno: as \u00faltimas not\u00edcias do Cruzeiro","datePublished":"2025-04-30T05:30:00+00:00","mainEntityOfPage":{"@id":"https:\/\/www.gaveanews.com\/index.php\/2025\/04\/30\/desfalques-confirmados-interesse-atacante-em-rival-e-declaracao-de-fabricio-bruno-as-ultimas-noticias-do-cruzeiro\/"},"wordCount":819,"commentCount":0,"image":{"@id":"https:\/\/www.gaveanews.com\/index.php\/2025\/04\/30\/desfalques-confirmados-interesse-atacante-em-rival-e-declaracao-de-fabricio-bruno-as-ultimas-noticias-do-cruzeiro\/#primaryimage"},"thumbnailUrl":"https:\/\/www.gaveanews.com\/wp-content\/uploads\/Bandeira-do-Cruzeiro.webp","articleSection":["Cruzeiro"],"inLanguage":"pt-BR","potentialAction":[{"@type":"CommentAction","name":"Comment","target":["https:\/\/www.gaveanews.com\/index.php\/2025\/04\/30\/desfalques-confirmados-interesse-atacante-em-rival-e-declaracao-de-fabricio-bruno-as-ultimas-noticias-do-cruzeiro\/#respond"]}],"copyrightYear":"2025","copyrightHolder":{"@id":"https:\/\/www.gaveanews.com\/#organization"}},{"@type":"WebPage","@id":"https:\/\/www.gaveanews.com\/index.php\/2025\/04\/30\/desfalques-confirmados-interesse-atacante-em-rival-e-declaracao-de-fabricio-bruno-as-ultimas-noticias-do-cruzeiro\/","url":"https:\/\/www.gaveanews.com\/index.php\/2025\/04\/30\/desfalques-confirmados-interesse-atacante-em-rival-e-declaracao-de-fabricio-bruno-as-ultimas-noticias-do-cruzeiro\/","name":"Desfalques confirmados, interesse atacante em rival e declara\u00e7\u00e3o de Fabr\u00edcio Bruno: as \u00faltimas not\u00edcias do Cruzeiro","isPartOf":{"@id":"https:\/\/www.gaveanews.com\/#website"},"primaryImageOfPage":{"@id":"https:\/\/www.gaveanews.com\/index.php\/2025\/04\/30\/desfalques-confirmados-interesse-atacante-em-rival-e-declaracao-de-fabricio-bruno-as-ultimas-noticias-do-cruzeiro\/#primaryimage"},"image":{"@id":"https:\/\/www.gaveanews.com\/index.php\/2025\/04\/30\/desfalques-confirmados-interesse-atacante-em-rival-e-declaracao-de-fabricio-bruno-as-ultimas-noticias-do-cruzeiro\/#primaryimage"},"thumbnailUrl":"https:\/\/www.gaveanews.com\/wp-content\/uploads\/Bandeira-do-Cruzeiro.webp","datePublished":"2025-04-30T05:30:00+00:00","author":{"@id":"https:\/\/www.gaveanews.com\/#\/schema\/person\/c79759ca337c40791ae8d08e2923d403"},"breadcrumb":{"@id":"https:\/\/www.gaveanews.com\/index.php\/2025\/04\/30\/desfalques-confirmados-interesse-atacante-em-rival-e-declaracao-de-fabricio-bruno-as-ultimas-noticias-do-cruzeiro\/#breadcrumb"},"inLanguage":"pt-BR","potentialAction":[{"@type":"ReadAction","target":["https:\/\/www.gaveanews.com\/index.php\/2025\/04\/30\/desfalques-confirmados-interesse-atacante-em-rival-e-declaracao-de-fabricio-bruno-as-ultimas-noticias-do-cruzeiro\/"]}]},{"@type":"ImageObject","inLanguage":"pt-BR","@id":"https:\/\/www.gaveanews.com\/index.php\/2025\/04\/30\/desfalques-confirmados-interesse-atacante-em-rival-e-declaracao-de-fabricio-bruno-as-ultimas-noticias-do-cruzeiro\/#primaryimage","url":"https:\/\/www.gaveanews.com\/wp-content\/uploads\/Bandeira-do-Cruzeiro.webp","contentUrl":"https:\/\/www.gaveanews.com\/wp-content\/uploads\/Bandeira-do-Cruzeiro.webp","width":1062,"height":708,"caption":"Bandeira do Cruzeiro (Foto: Reprodu\u00e7\u00e3o\/Cruzeiro)"},{"@type":"BreadcrumbList","@id":"https:\/\/www.gaveanews.com\/index.php\/2025\/04\/30\/desfalques-confirmados-interesse-atacante-em-rival-e-declaracao-de-fabricio-bruno-as-ultimas-noticias-do-cruzeiro\/#breadcrumb","itemListElement":[{"@type":"ListItem","position":1,"name":"Home","item":"https:\/\/www.gaveanews.com\/"},{"@type":"ListItem","position":2,"name":"Desfalques confirmados, interesse atacante em rival e declara\u00e7\u00e3o de Fabr\u00edcio Bruno: as \u00faltimas not\u00edcias do Cruzeiro"}]},{"@type":"WebSite","@id":"https:\/\/www.gaveanews.com\/#website","url":"https:\/\/www.gaveanews.com\/","name":"G\u00e1vea News","description":"Veja todas as not\u00edcias sobre o Flamengo: Contrata\u00e7\u00f5es, categorias de base, resultados das partidas, tabela de classifica\u00e7\u00e3o, pr\u00f3ximos jogos!","potentialAction":[{"@type":"SearchAction","target":{"@type":"EntryPoint","urlTemplate":"https:\/\/www.gaveanews.com\/?s={search_term_string}"},"query-input":{"@type":"PropertyValueSpecification","valueRequired":true,"valueName":"search_term_string"}}],"inLanguage":"pt-BR"},{"@type":"Person","@id":"https:\/\/www.gaveanews.com\/#\/schema\/person\/c79759ca337c40791ae8d08e2923d403","name":"Brenda Cezillo","image":{"@type":"ImageObject","inLanguage":"pt-BR","@id":"https:\/\/www.gaveanews.com\/#\/schema\/person\/image\/","url":"https:\/\/secure.gravatar.com\/avatar\/1738d75cee7317f9c29ae61dd67620c5883d80a92e42a6fff88ae5d527af217a?s=96&d=mm&r=g","contentUrl":"https:\/\/secure.gravatar.com\/avatar\/1738d75cee7317f9c29ae61dd67620c5883d80a92e42a6fff88ae5d527af217a?s=96&d=mm&r=g","caption":"Brenda Cezillo"}}]}},"_links":{"self":[{"href":"https:\/\/www.gaveanews.com\/index.php\/wp-json\/wp\/v2\/posts\/259158","targetHints":{"allow":["GET"]}}],"collection":[{"href":"https:\/\/www.gaveanews.com\/index.php\/wp-json\/wp\/v2\/posts"}],"about":[{"href":"https:\/\/www.gaveanews.com\/index.php\/wp-json\/wp\/v2\/types\/post"}],"author":[{"embeddable":true,"href":"https:\/\/www.gaveanews.com\/index.php\/wp-json\/wp\/v2\/users\/33"}],"replies":[{"embeddable":true,"href":"https:\/\/www.gaveanews.com\/index.php\/wp-json\/wp\/v2\/comments?post=259158"}],"version-history":[{"count":1,"href":"https:\/\/www.gaveanews.com\/index.php\/wp-json\/wp\/v2\/posts\/259158\/revisions"}],"predecessor-version":[{"id":259163,"href":"https:\/\/www.gaveanews.com\/index.php\/wp-json\/wp\/v2\/posts\/259158\/revisions\/259163"}],"wp:featuredmedia":[{"embeddable":true,"href":"https:\/\/www.gaveanews.com\/index.php\/wp-json\/wp\/v2\/media\/175601"}],"wp:attachment":[{"href":"https:\/\/www.gaveanews.com\/index.php\/wp-json\/wp\/v2\/media?parent=259158"}],"wp:term":[{"taxonomy":"category","embeddable":true,"href":"https:\/\/www.gaveanews.com\/index.php\/wp-json\/wp\/v2\/categories?post=259158"},{"taxonomy":"post_tag","embeddable":true,"href":"https:\/\/www.gaveanews.com\/index.php\/wp-json\/wp\/v2\/tags?post=259158"}],"curies":[{"name":"wp","href":"https:\/\/api.w.org\/{rel}","templated":true}]}}