{"id":259160,"date":"2025-04-30T02:35:00","date_gmt":"2025-04-30T05:35:00","guid":{"rendered":"https:\/\/www.gaveanews.com\/?p=259160"},"modified":"2025-04-29T23:49:04","modified_gmt":"2025-04-30T02:49:04","slug":"renovacao-de-abel-ferreira-estevao-passa-mal-e-recado-para-flaco-lopez-as-ultimas-noticias-do-palmeiras","status":"publish","type":"post","link":"https:\/\/www.gaveanews.com\/index.php\/2025\/04\/30\/renovacao-de-abel-ferreira-estevao-passa-mal-e-recado-para-flaco-lopez-as-ultimas-noticias-do-palmeiras\/","title":{"rendered":"Renova\u00e7\u00e3o de Abel Ferreira, Est\u00eav\u00e3o passa mal e recado para Flaco L\u00f3pez: as \u00faltimas not\u00edcias do Palmeiras"},"content":{"rendered":"\n<p>Nas \u00faltimas horas, o foco das not\u00edcias sobre o Palmeiras se concentram nos bastidores do clube, com destaques do dia a dia do time.<\/p>\n\n\n\n<p>Por conta deste contexto, leia abaixo um resumo preparado pela equipe do portal G\u00e1vea News para lhe manter muito bem informado!<\/p>\n\n\n\n<div class=\"wp-block-group\"><div class=\"wp-block-group__inner-container is-layout-constrained wp-block-group-is-layout-constrained\">\n<h2 class=\"wp-block-heading\" id=\"h-recado-para-flaco-lopez\">Recado para Flaco L\u00f3pez<\/h2>\n\n\n\n<p>O comentarista Muller refor\u00e7ou sua opini\u00e3o sobre a escala\u00e7\u00e3o ideal do ataque do Palmeiras para 2025, defendendo que Flaco L\u00f3pez deve ser o centroavante titular da equipe. Para ele, o argentino se encaixa perfeitamente na proposta t\u00e1tica de Abel Ferreira, principalmente pela entrega dentro de campo e capacidade de finaliza\u00e7\u00e3o. Durante participa\u00e7\u00e3o em programa esportivo, Muller elogiou a postura do atacante e ressaltou que, sempre que ganha minutos, Flaco comprova seu valor t\u00e9cnico <strong><a href=\"https:\/\/www.gaveanews.com\/index.php\/2025\/04\/28\/a-declaracao-de-muller-direcionada-a-flaco-lopez-do-palmeiras\/\">(leia a mat\u00e9ria completa).<\/a><\/strong><\/p>\n\n\n\n<figure class=\"wp-block-image size-large\"><img loading=\"lazy\" decoding=\"async\" width=\"1024\" height=\"576\" src=\"http:\/\/www.gaveanews.com\/wp-content\/uploads\/Muller-durante-a-programacao-da-ESPN-1024x576.webp\" alt=\"\" class=\"wp-image-212474\" srcset=\"https:\/\/www.gaveanews.com\/wp-content\/uploads\/Muller-durante-a-programacao-da-ESPN-1024x576.webp 1024w, https:\/\/www.gaveanews.com\/wp-content\/uploads\/Muller-durante-a-programacao-da-ESPN-300x169.webp 300w, https:\/\/www.gaveanews.com\/wp-content\/uploads\/Muller-durante-a-programacao-da-ESPN-768x432.webp 768w, https:\/\/www.gaveanews.com\/wp-content\/uploads\/Muller-durante-a-programacao-da-ESPN-747x420.webp 747w, https:\/\/www.gaveanews.com\/wp-content\/uploads\/Muller-durante-a-programacao-da-ESPN-1493x840.webp 1493w, https:\/\/www.gaveanews.com\/wp-content\/uploads\/Muller-durante-a-programacao-da-ESPN-640x360.webp 640w, https:\/\/www.gaveanews.com\/wp-content\/uploads\/Muller-durante-a-programacao-da-ESPN-1280x720.webp 1280w, https:\/\/www.gaveanews.com\/wp-content\/uploads\/Muller-durante-a-programacao-da-ESPN-681x383.webp 681w, https:\/\/www.gaveanews.com\/wp-content\/uploads\/Muller-durante-a-programacao-da-ESPN-1362x766.webp 1362w, https:\/\/www.gaveanews.com\/wp-content\/uploads\/Muller-durante-a-programacao-da-ESPN-100x56.webp 100w, https:\/\/www.gaveanews.com\/wp-content\/uploads\/Muller-durante-a-programacao-da-ESPN.webp 1536w\" sizes=\"auto, (max-width: 1024px) 100vw, 1024px\" \/><figcaption class=\"wp-element-caption\">Muller durante a programa\u00e7\u00e3o da ESPN (Foto: Reprodu\u00e7\u00e3o\/ESPN)<\/figcaption><\/figure>\n\n\n\n<p>Al\u00e9m disso, Muller comentou sobre a disputa interna no elenco, mencionando que Vitor Roque \u2014 contrata\u00e7\u00e3o mais cara do futebol nacional \u2014 ainda precisa conquistar seu espa\u00e7o de maneira natural, sem atropelar os jogadores que v\u00eam apresentando regularidade. <\/p>\n\n\n\n<p>A forma\u00e7\u00e3o ofensiva ideal, segundo ele, incluiria Flaco L\u00f3pez, Est\u00eav\u00e3o e Facundo Torres ou Felipe Anderson, mostrando confian\u00e7a nas op\u00e7\u00f5es j\u00e1 consolidadas no time titular.<\/p>\n\n\n\n<p>Por fim, o ex-jogador tamb\u00e9m exaltou a atua\u00e7\u00e3o do Palmeiras na vit\u00f3ria contra o Bol\u00edvar em La Paz, destacando as dificuldades impostas pela altitude e a compet\u00eancia da equipe em manter o 100% de aproveitamento na fase de grupos da Libertadores. Para Muller, o trabalho de Abel Ferreira \u00e9 um dos pilares desse sucesso, evidenciado por decis\u00f5es coerentes na gest\u00e3o do elenco e nas escala\u00e7\u00f5es.<\/p>\n\n\n\n<h2 class=\"wp-block-heading\" id=\"h-estevao-passa-mal\">Est\u00eav\u00e3o passa mal<\/h2>\n\n\n\n<p>Na noite de seu anivers\u00e1rio de 18 anos, o atacante Est\u00eav\u00e3o viveu uma experi\u00eancia de extremos em La Paz. Atuando pelo Palmeiras, ele marcou um gola\u00e7o na vit\u00f3ria por 3 a 2 sobre o Bol\u00edvar, pela fase de grupos da Libertadores. Apesar da comemora\u00e7\u00e3o, o jovem atleta enfrentou s\u00e9rios efeitos da altitude de 3.600 metros da capital boliviana e teve que sair do jogo ap\u00f3s passar mal em campo<strong><a href=\"https:\/\/www.gaveanews.com\/index.php\/2025\/04\/28\/grave-estevao-passa-mal-durante-jogo-do-palmeiras\/\"> (leia a mat\u00e9ria completa).<\/a><\/strong><\/p>\n\n\n\n<figure class=\"wp-block-image size-full\"><img loading=\"lazy\" decoding=\"async\" width=\"593\" height=\"401\" src=\"http:\/\/www.gaveanews.com\/wp-content\/uploads\/Estevao-pelo-Palmeiras.webp\" alt=\"\" class=\"wp-image-248749\"\/><figcaption class=\"wp-element-caption\">Est\u00eav\u00e3o pelo Palmeiras (Foto: Reprodu\u00e7\u00e3o\/Conmebol)<\/figcaption><\/figure>\n\n\n\n<p>Est\u00eav\u00e3o se destacou no primeiro tempo, quando balan\u00e7ou as redes aos 36 minutos, mas demonstrou sinais de desgaste ainda antes do intervalo. Mesmo retornando para a segunda etapa, sentiu o impacto do clima rarefeito e precisou ser substitu\u00eddo ap\u00f3s vomitar em campo e cair no gramado. A equipe m\u00e9dica prestou atendimento imediato, e o jogador foi levado de maca, sendo substitu\u00eddo por Maur\u00edcio \u2014 que, por sua vez, marcou o gol da vit\u00f3ria.<\/p>\n\n\n\n<p>Ap\u00f3s a partida, o jovem se recuperou e comentou o epis\u00f3dio com serenidade. Est\u00eav\u00e3o explicou que n\u00e3o conseguiu se adaptar \u00e0 altitude e precisou sair por conta do mal-estar. O ocorrido serviu como alerta sobre os desafios f\u00edsicos enfrentados por atletas em locais de altitude elevada, especialmente os mais jovens e ainda em adapta\u00e7\u00e3o ao futebol profissional.<\/p>\n\n\n\n<h2 class=\"wp-block-heading\" id=\"h-renovacao-de-abel-ferreira\">Renova\u00e7\u00e3o de Abel Ferreira<\/h2>\n\n\n\n<p>A poss\u00edvel renova\u00e7\u00e3o do contrato de Abel Ferreira tem sido tema central nos bastidores do Palmeiras. Prestes a completar cinco anos no comando da equipe, o t\u00e9cnico portugu\u00eas vive uma realidade oposta \u00e0 de outros clubes paulistas, que trocaram de treinador diversas vezes no mesmo per\u00edodo. Com v\u00ednculo at\u00e9 dezembro de 2025, Abel ainda n\u00e3o iniciou conversas formais para estender sua perman\u00eancia, embora a presidente Leila Pereira tenha manifestado publicamente o desejo de mant\u00ea-lo at\u00e9 o fim de sua gest\u00e3o <strong><a href=\"https:\/\/www.gaveanews.com\/index.php\/2025\/04\/27\/palmeiras-debate-renovacao-de-abel-ferreira\/\">(leia a mat\u00e9ria completa).<\/a><\/strong><\/p>\n\n\n\n<figure class=\"wp-block-image size-full\"><img loading=\"lazy\" decoding=\"async\" width=\"870\" height=\"458\" src=\"http:\/\/www.gaveanews.com\/wp-content\/uploads\/Abel-Ferreira-tecnico-do-Palmeiras.webp\" alt=\"\" class=\"wp-image-141983\" srcset=\"https:\/\/www.gaveanews.com\/wp-content\/uploads\/Abel-Ferreira-tecnico-do-Palmeiras.webp 870w, https:\/\/www.gaveanews.com\/wp-content\/uploads\/Abel-Ferreira-tecnico-do-Palmeiras-300x158.webp 300w, https:\/\/www.gaveanews.com\/wp-content\/uploads\/Abel-Ferreira-tecnico-do-Palmeiras-768x404.webp 768w, https:\/\/www.gaveanews.com\/wp-content\/uploads\/Abel-Ferreira-tecnico-do-Palmeiras-798x420.webp 798w, https:\/\/www.gaveanews.com\/wp-content\/uploads\/Abel-Ferreira-tecnico-do-Palmeiras-640x337.webp 640w, https:\/\/www.gaveanews.com\/wp-content\/uploads\/Abel-Ferreira-tecnico-do-Palmeiras-681x359.webp 681w, https:\/\/www.gaveanews.com\/wp-content\/uploads\/Abel-Ferreira-tecnico-do-Palmeiras-100x53.webp 100w\" sizes=\"auto, (max-width: 870px) 100vw, 870px\" \/><figcaption class=\"wp-element-caption\">Abel Ferreira &#8211; Foto: C\u00e9sar Greco \/ Palmeiras<\/figcaption><\/figure>\n\n\n\n<p>A postura de Abel, sempre cr\u00edtico \u00e0 constante rotatividade de t\u00e9cnicos no Brasil, refor\u00e7a a import\u00e2ncia que ele d\u00e1 \u00e0 estabilidade para alcan\u00e7ar resultados consistentes. Apesar de ter sugerido que esta poderia ser sua \u00faltima temporada no pa\u00eds, ele ainda n\u00e3o tomou uma decis\u00e3o definitiva. Especula\u00e7\u00f5es sobre um eventual convite para assumir a sele\u00e7\u00e3o brasileira circularam, mas nenhuma proposta oficial foi apresentada at\u00e9 o momento. Nesse cen\u00e1rio, o clube conta com o t\u00e9cnico para liderar a equipe no Mundial de Clubes.<\/p>\n\n\n\n<p>Com 344 jogos, quase 200 vit\u00f3rias e 10 t\u00edtulos conquistados, Abel Ferreira construiu uma trajet\u00f3ria vitoriosa \u00e0 frente do Palmeiras. Caso aceite renovar, poder\u00e1 consolidar ainda mais seu legado no futebol brasileiro. O clube alviverde pretende fazer uma proposta no momento adequado, visando assegurar a continuidade de um dos projetos mais bem-sucedidos do pa\u00eds nos \u00faltimos anos.<\/p>\n<\/div><\/div>\n","protected":false},"excerpt":{"rendered":"<p>Nas \u00faltimas horas, o foco das not\u00edcias sobre o Palmeiras se concentram nos bastidores do clube, com destaques do dia a dia do time. Por conta deste contexto, leia abaixo um resumo preparado pela equipe do portal G\u00e1vea News para lhe manter muito bem informado! Recado para Flaco L\u00f3pez O comentarista Muller refor\u00e7ou sua opini\u00e3o [&hellip;]<\/p>\n","protected":false},"author":33,"featured_media":158317,"comment_status":"open","ping_status":"closed","sticky":false,"template":"","format":"standard","meta":{"footnotes":""},"categories":[150],"tags":[],"class_list":["post-259160","post","type-post","status-publish","format-standard","has-post-thumbnail","hentry","category-palmeiras"],"yoast_head":"<!-- This site is optimized with the Yoast SEO Premium plugin v24.2 (Yoast SEO v26.9) - https:\/\/yoast.com\/product\/yoast-seo-premium-wordpress\/ -->\n<title>Renova\u00e7\u00e3o de Abel Ferreira, Est\u00eav\u00e3o passa mal e recado para Flaco L\u00f3pez: as \u00faltimas not\u00edcias do Palmeiras<\/title>\n<meta name=\"robots\" content=\"index, follow, max-snippet:-1, max-image-preview:large, max-video-preview:-1\" \/>\n<link rel=\"canonical\" href=\"https:\/\/www.gaveanews.com\/index.php\/2025\/04\/30\/renovacao-de-abel-ferreira-estevao-passa-mal-e-recado-para-flaco-lopez-as-ultimas-noticias-do-palmeiras\/\" \/>\n<meta property=\"og:locale\" content=\"pt_BR\" \/>\n<meta property=\"og:type\" content=\"article\" \/>\n<meta property=\"og:title\" content=\"Renova\u00e7\u00e3o de Abel Ferreira, Est\u00eav\u00e3o passa mal e recado para Flaco L\u00f3pez: as \u00faltimas not\u00edcias do Palmeiras\" \/>\n<meta property=\"og:description\" content=\"Nas \u00faltimas horas, o foco das not\u00edcias sobre o Palmeiras se concentram nos bastidores do clube, com destaques do dia a dia do time. Por conta deste contexto, leia abaixo um resumo preparado pela equipe do portal G\u00e1vea News para lhe manter muito bem informado! Recado para Flaco L\u00f3pez O comentarista Muller refor\u00e7ou sua opini\u00e3o [&hellip;]\" \/>\n<meta property=\"og:url\" content=\"https:\/\/www.gaveanews.com\/index.php\/2025\/04\/30\/renovacao-de-abel-ferreira-estevao-passa-mal-e-recado-para-flaco-lopez-as-ultimas-noticias-do-palmeiras\/\" \/>\n<meta property=\"og:site_name\" content=\"G\u00e1vea News\" \/>\n<meta property=\"article:publisher\" content=\"https:\/\/facebook.com\/gaveaNews\/\" \/>\n<meta property=\"article:published_time\" content=\"2025-04-30T05:35:00+00:00\" \/>\n<meta property=\"og:image\" content=\"https:\/\/www.gaveanews.com\/wp-content\/uploads\/Jogadores-do-Palmeiras-reunidos-durante-partida-da-Copa-do-Brasil-2024.webp\" \/>\n\t<meta property=\"og:image:width\" content=\"1187\" \/>\n\t<meta property=\"og:image:height\" content=\"792\" \/>\n\t<meta property=\"og:image:type\" content=\"image\/webp\" \/>\n<meta name=\"author\" content=\"Brenda Cezillo\" \/>\n<meta name=\"twitter:card\" content=\"summary_large_image\" \/>\n<meta name=\"twitter:label1\" content=\"Escrito por\" \/>\n\t<meta name=\"twitter:data1\" content=\"Brenda Cezillo\" \/>\n\t<meta name=\"twitter:label2\" content=\"Est. tempo de leitura\" \/>\n\t<meta name=\"twitter:data2\" content=\"5 minutos\" \/>\n<script type=\"application\/ld+json\" class=\"yoast-schema-graph\">{\"@context\":\"https:\/\/schema.org\",\"@graph\":[{\"@type\":\"NewsArticle\",\"@id\":\"https:\/\/www.gaveanews.com\/index.php\/2025\/04\/30\/renovacao-de-abel-ferreira-estevao-passa-mal-e-recado-para-flaco-lopez-as-ultimas-noticias-do-palmeiras\/#article\",\"isPartOf\":{\"@id\":\"https:\/\/www.gaveanews.com\/index.php\/2025\/04\/30\/renovacao-de-abel-ferreira-estevao-passa-mal-e-recado-para-flaco-lopez-as-ultimas-noticias-do-palmeiras\/\"},\"author\":{\"name\":\"Brenda Cezillo\",\"@id\":\"https:\/\/www.gaveanews.com\/#\/schema\/person\/c79759ca337c40791ae8d08e2923d403\"},\"headline\":\"Renova\u00e7\u00e3o de Abel Ferreira, Est\u00eav\u00e3o passa mal e recado para Flaco L\u00f3pez: as \u00faltimas not\u00edcias do Palmeiras\",\"datePublished\":\"2025-04-30T05:35:00+00:00\",\"mainEntityOfPage\":{\"@id\":\"https:\/\/www.gaveanews.com\/index.php\/2025\/04\/30\/renovacao-de-abel-ferreira-estevao-passa-mal-e-recado-para-flaco-lopez-as-ultimas-noticias-do-palmeiras\/\"},\"wordCount\":803,\"commentCount\":0,\"image\":{\"@id\":\"https:\/\/www.gaveanews.com\/index.php\/2025\/04\/30\/renovacao-de-abel-ferreira-estevao-passa-mal-e-recado-para-flaco-lopez-as-ultimas-noticias-do-palmeiras\/#primaryimage\"},\"thumbnailUrl\":\"https:\/\/www.gaveanews.com\/wp-content\/uploads\/Jogadores-do-Palmeiras-reunidos-durante-partida-da-Copa-do-Brasil-2024.webp\",\"articleSection\":[\"Palmeiras\"],\"inLanguage\":\"pt-BR\",\"potentialAction\":[{\"@type\":\"CommentAction\",\"name\":\"Comment\",\"target\":[\"https:\/\/www.gaveanews.com\/index.php\/2025\/04\/30\/renovacao-de-abel-ferreira-estevao-passa-mal-e-recado-para-flaco-lopez-as-ultimas-noticias-do-palmeiras\/#respond\"]}],\"copyrightYear\":\"2025\",\"copyrightHolder\":{\"@id\":\"https:\/\/www.gaveanews.com\/#organization\"}},{\"@type\":\"WebPage\",\"@id\":\"https:\/\/www.gaveanews.com\/index.php\/2025\/04\/30\/renovacao-de-abel-ferreira-estevao-passa-mal-e-recado-para-flaco-lopez-as-ultimas-noticias-do-palmeiras\/\",\"url\":\"https:\/\/www.gaveanews.com\/index.php\/2025\/04\/30\/renovacao-de-abel-ferreira-estevao-passa-mal-e-recado-para-flaco-lopez-as-ultimas-noticias-do-palmeiras\/\",\"name\":\"Renova\u00e7\u00e3o de Abel Ferreira, Est\u00eav\u00e3o passa mal e recado para Flaco L\u00f3pez: as \u00faltimas not\u00edcias do Palmeiras\",\"isPartOf\":{\"@id\":\"https:\/\/www.gaveanews.com\/#website\"},\"primaryImageOfPage\":{\"@id\":\"https:\/\/www.gaveanews.com\/index.php\/2025\/04\/30\/renovacao-de-abel-ferreira-estevao-passa-mal-e-recado-para-flaco-lopez-as-ultimas-noticias-do-palmeiras\/#primaryimage\"},\"image\":{\"@id\":\"https:\/\/www.gaveanews.com\/index.php\/2025\/04\/30\/renovacao-de-abel-ferreira-estevao-passa-mal-e-recado-para-flaco-lopez-as-ultimas-noticias-do-palmeiras\/#primaryimage\"},\"thumbnailUrl\":\"https:\/\/www.gaveanews.com\/wp-content\/uploads\/Jogadores-do-Palmeiras-reunidos-durante-partida-da-Copa-do-Brasil-2024.webp\",\"datePublished\":\"2025-04-30T05:35:00+00:00\",\"author\":{\"@id\":\"https:\/\/www.gaveanews.com\/#\/schema\/person\/c79759ca337c40791ae8d08e2923d403\"},\"breadcrumb\":{\"@id\":\"https:\/\/www.gaveanews.com\/index.php\/2025\/04\/30\/renovacao-de-abel-ferreira-estevao-passa-mal-e-recado-para-flaco-lopez-as-ultimas-noticias-do-palmeiras\/#breadcrumb\"},\"inLanguage\":\"pt-BR\",\"potentialAction\":[{\"@type\":\"ReadAction\",\"target\":[\"https:\/\/www.gaveanews.com\/index.php\/2025\/04\/30\/renovacao-de-abel-ferreira-estevao-passa-mal-e-recado-para-flaco-lopez-as-ultimas-noticias-do-palmeiras\/\"]}]},{\"@type\":\"ImageObject\",\"inLanguage\":\"pt-BR\",\"@id\":\"https:\/\/www.gaveanews.com\/index.php\/2025\/04\/30\/renovacao-de-abel-ferreira-estevao-passa-mal-e-recado-para-flaco-lopez-as-ultimas-noticias-do-palmeiras\/#primaryimage\",\"url\":\"https:\/\/www.gaveanews.com\/wp-content\/uploads\/Jogadores-do-Palmeiras-reunidos-durante-partida-da-Copa-do-Brasil-2024.webp\",\"contentUrl\":\"https:\/\/www.gaveanews.com\/wp-content\/uploads\/Jogadores-do-Palmeiras-reunidos-durante-partida-da-Copa-do-Brasil-2024.webp\",\"width\":1187,\"height\":792,\"caption\":\"Jogadores do Palmeiras reunidos durante partida da Copa do Brasil 2024 (Foto: Reprodu\u00e7\u00e3o\/Palmeiras)\"},{\"@type\":\"BreadcrumbList\",\"@id\":\"https:\/\/www.gaveanews.com\/index.php\/2025\/04\/30\/renovacao-de-abel-ferreira-estevao-passa-mal-e-recado-para-flaco-lopez-as-ultimas-noticias-do-palmeiras\/#breadcrumb\",\"itemListElement\":[{\"@type\":\"ListItem\",\"position\":1,\"name\":\"Home\",\"item\":\"https:\/\/www.gaveanews.com\/\"},{\"@type\":\"ListItem\",\"position\":2,\"name\":\"Renova\u00e7\u00e3o de Abel Ferreira, Est\u00eav\u00e3o passa mal e recado para Flaco L\u00f3pez: as \u00faltimas not\u00edcias do Palmeiras\"}]},{\"@type\":\"WebSite\",\"@id\":\"https:\/\/www.gaveanews.com\/#website\",\"url\":\"https:\/\/www.gaveanews.com\/\",\"name\":\"G\u00e1vea News\",\"description\":\"Veja todas as not\u00edcias sobre o Flamengo: Contrata\u00e7\u00f5es, categorias de base, resultados das partidas, tabela de classifica\u00e7\u00e3o, pr\u00f3ximos jogos!\",\"potentialAction\":[{\"@type\":\"SearchAction\",\"target\":{\"@type\":\"EntryPoint\",\"urlTemplate\":\"https:\/\/www.gaveanews.com\/?s={search_term_string}\"},\"query-input\":{\"@type\":\"PropertyValueSpecification\",\"valueRequired\":true,\"valueName\":\"search_term_string\"}}],\"inLanguage\":\"pt-BR\"},{\"@type\":\"Person\",\"@id\":\"https:\/\/www.gaveanews.com\/#\/schema\/person\/c79759ca337c40791ae8d08e2923d403\",\"name\":\"Brenda Cezillo\",\"image\":{\"@type\":\"ImageObject\",\"inLanguage\":\"pt-BR\",\"@id\":\"https:\/\/www.gaveanews.com\/#\/schema\/person\/image\/\",\"url\":\"https:\/\/secure.gravatar.com\/avatar\/1738d75cee7317f9c29ae61dd67620c5883d80a92e42a6fff88ae5d527af217a?s=96&d=mm&r=g\",\"contentUrl\":\"https:\/\/secure.gravatar.com\/avatar\/1738d75cee7317f9c29ae61dd67620c5883d80a92e42a6fff88ae5d527af217a?s=96&d=mm&r=g\",\"caption\":\"Brenda Cezillo\"}}]}<\/script>\n<!-- \/ Yoast SEO Premium plugin. -->","yoast_head_json":{"title":"Renova\u00e7\u00e3o de Abel Ferreira, Est\u00eav\u00e3o passa mal e recado para Flaco L\u00f3pez: as \u00faltimas not\u00edcias do Palmeiras","robots":{"index":"index","follow":"follow","max-snippet":"max-snippet:-1","max-image-preview":"max-image-preview:large","max-video-preview":"max-video-preview:-1"},"canonical":"https:\/\/www.gaveanews.com\/index.php\/2025\/04\/30\/renovacao-de-abel-ferreira-estevao-passa-mal-e-recado-para-flaco-lopez-as-ultimas-noticias-do-palmeiras\/","og_locale":"pt_BR","og_type":"article","og_title":"Renova\u00e7\u00e3o de Abel Ferreira, Est\u00eav\u00e3o passa mal e recado para Flaco L\u00f3pez: as \u00faltimas not\u00edcias do Palmeiras","og_description":"Nas \u00faltimas horas, o foco das not\u00edcias sobre o Palmeiras se concentram nos bastidores do clube, com destaques do dia a dia do time. Por conta deste contexto, leia abaixo um resumo preparado pela equipe do portal G\u00e1vea News para lhe manter muito bem informado! Recado para Flaco L\u00f3pez O comentarista Muller refor\u00e7ou sua opini\u00e3o [&hellip;]","og_url":"https:\/\/www.gaveanews.com\/index.php\/2025\/04\/30\/renovacao-de-abel-ferreira-estevao-passa-mal-e-recado-para-flaco-lopez-as-ultimas-noticias-do-palmeiras\/","og_site_name":"G\u00e1vea News","article_publisher":"https:\/\/facebook.com\/gaveaNews\/","article_published_time":"2025-04-30T05:35:00+00:00","og_image":[{"width":1187,"height":792,"url":"https:\/\/www.gaveanews.com\/wp-content\/uploads\/Jogadores-do-Palmeiras-reunidos-durante-partida-da-Copa-do-Brasil-2024.webp","type":"image\/webp"}],"author":"Brenda Cezillo","twitter_card":"summary_large_image","twitter_misc":{"Escrito por":"Brenda Cezillo","Est. tempo de leitura":"5 minutos"},"schema":{"@context":"https:\/\/schema.org","@graph":[{"@type":"NewsArticle","@id":"https:\/\/www.gaveanews.com\/index.php\/2025\/04\/30\/renovacao-de-abel-ferreira-estevao-passa-mal-e-recado-para-flaco-lopez-as-ultimas-noticias-do-palmeiras\/#article","isPartOf":{"@id":"https:\/\/www.gaveanews.com\/index.php\/2025\/04\/30\/renovacao-de-abel-ferreira-estevao-passa-mal-e-recado-para-flaco-lopez-as-ultimas-noticias-do-palmeiras\/"},"author":{"name":"Brenda Cezillo","@id":"https:\/\/www.gaveanews.com\/#\/schema\/person\/c79759ca337c40791ae8d08e2923d403"},"headline":"Renova\u00e7\u00e3o de Abel Ferreira, Est\u00eav\u00e3o passa mal e recado para Flaco L\u00f3pez: as \u00faltimas not\u00edcias do Palmeiras","datePublished":"2025-04-30T05:35:00+00:00","mainEntityOfPage":{"@id":"https:\/\/www.gaveanews.com\/index.php\/2025\/04\/30\/renovacao-de-abel-ferreira-estevao-passa-mal-e-recado-para-flaco-lopez-as-ultimas-noticias-do-palmeiras\/"},"wordCount":803,"commentCount":0,"image":{"@id":"https:\/\/www.gaveanews.com\/index.php\/2025\/04\/30\/renovacao-de-abel-ferreira-estevao-passa-mal-e-recado-para-flaco-lopez-as-ultimas-noticias-do-palmeiras\/#primaryimage"},"thumbnailUrl":"https:\/\/www.gaveanews.com\/wp-content\/uploads\/Jogadores-do-Palmeiras-reunidos-durante-partida-da-Copa-do-Brasil-2024.webp","articleSection":["Palmeiras"],"inLanguage":"pt-BR","potentialAction":[{"@type":"CommentAction","name":"Comment","target":["https:\/\/www.gaveanews.com\/index.php\/2025\/04\/30\/renovacao-de-abel-ferreira-estevao-passa-mal-e-recado-para-flaco-lopez-as-ultimas-noticias-do-palmeiras\/#respond"]}],"copyrightYear":"2025","copyrightHolder":{"@id":"https:\/\/www.gaveanews.com\/#organization"}},{"@type":"WebPage","@id":"https:\/\/www.gaveanews.com\/index.php\/2025\/04\/30\/renovacao-de-abel-ferreira-estevao-passa-mal-e-recado-para-flaco-lopez-as-ultimas-noticias-do-palmeiras\/","url":"https:\/\/www.gaveanews.com\/index.php\/2025\/04\/30\/renovacao-de-abel-ferreira-estevao-passa-mal-e-recado-para-flaco-lopez-as-ultimas-noticias-do-palmeiras\/","name":"Renova\u00e7\u00e3o de Abel Ferreira, Est\u00eav\u00e3o passa mal e recado para Flaco L\u00f3pez: as \u00faltimas not\u00edcias do Palmeiras","isPartOf":{"@id":"https:\/\/www.gaveanews.com\/#website"},"primaryImageOfPage":{"@id":"https:\/\/www.gaveanews.com\/index.php\/2025\/04\/30\/renovacao-de-abel-ferreira-estevao-passa-mal-e-recado-para-flaco-lopez-as-ultimas-noticias-do-palmeiras\/#primaryimage"},"image":{"@id":"https:\/\/www.gaveanews.com\/index.php\/2025\/04\/30\/renovacao-de-abel-ferreira-estevao-passa-mal-e-recado-para-flaco-lopez-as-ultimas-noticias-do-palmeiras\/#primaryimage"},"thumbnailUrl":"https:\/\/www.gaveanews.com\/wp-content\/uploads\/Jogadores-do-Palmeiras-reunidos-durante-partida-da-Copa-do-Brasil-2024.webp","datePublished":"2025-04-30T05:35:00+00:00","author":{"@id":"https:\/\/www.gaveanews.com\/#\/schema\/person\/c79759ca337c40791ae8d08e2923d403"},"breadcrumb":{"@id":"https:\/\/www.gaveanews.com\/index.php\/2025\/04\/30\/renovacao-de-abel-ferreira-estevao-passa-mal-e-recado-para-flaco-lopez-as-ultimas-noticias-do-palmeiras\/#breadcrumb"},"inLanguage":"pt-BR","potentialAction":[{"@type":"ReadAction","target":["https:\/\/www.gaveanews.com\/index.php\/2025\/04\/30\/renovacao-de-abel-ferreira-estevao-passa-mal-e-recado-para-flaco-lopez-as-ultimas-noticias-do-palmeiras\/"]}]},{"@type":"ImageObject","inLanguage":"pt-BR","@id":"https:\/\/www.gaveanews.com\/index.php\/2025\/04\/30\/renovacao-de-abel-ferreira-estevao-passa-mal-e-recado-para-flaco-lopez-as-ultimas-noticias-do-palmeiras\/#primaryimage","url":"https:\/\/www.gaveanews.com\/wp-content\/uploads\/Jogadores-do-Palmeiras-reunidos-durante-partida-da-Copa-do-Brasil-2024.webp","contentUrl":"https:\/\/www.gaveanews.com\/wp-content\/uploads\/Jogadores-do-Palmeiras-reunidos-durante-partida-da-Copa-do-Brasil-2024.webp","width":1187,"height":792,"caption":"Jogadores do Palmeiras reunidos durante partida da Copa do Brasil 2024 (Foto: Reprodu\u00e7\u00e3o\/Palmeiras)"},{"@type":"BreadcrumbList","@id":"https:\/\/www.gaveanews.com\/index.php\/2025\/04\/30\/renovacao-de-abel-ferreira-estevao-passa-mal-e-recado-para-flaco-lopez-as-ultimas-noticias-do-palmeiras\/#breadcrumb","itemListElement":[{"@type":"ListItem","position":1,"name":"Home","item":"https:\/\/www.gaveanews.com\/"},{"@type":"ListItem","position":2,"name":"Renova\u00e7\u00e3o de Abel Ferreira, Est\u00eav\u00e3o passa mal e recado para Flaco L\u00f3pez: as \u00faltimas not\u00edcias do Palmeiras"}]},{"@type":"WebSite","@id":"https:\/\/www.gaveanews.com\/#website","url":"https:\/\/www.gaveanews.com\/","name":"G\u00e1vea News","description":"Veja todas as not\u00edcias sobre o Flamengo: Contrata\u00e7\u00f5es, categorias de base, resultados das partidas, tabela de classifica\u00e7\u00e3o, pr\u00f3ximos jogos!","potentialAction":[{"@type":"SearchAction","target":{"@type":"EntryPoint","urlTemplate":"https:\/\/www.gaveanews.com\/?s={search_term_string}"},"query-input":{"@type":"PropertyValueSpecification","valueRequired":true,"valueName":"search_term_string"}}],"inLanguage":"pt-BR"},{"@type":"Person","@id":"https:\/\/www.gaveanews.com\/#\/schema\/person\/c79759ca337c40791ae8d08e2923d403","name":"Brenda Cezillo","image":{"@type":"ImageObject","inLanguage":"pt-BR","@id":"https:\/\/www.gaveanews.com\/#\/schema\/person\/image\/","url":"https:\/\/secure.gravatar.com\/avatar\/1738d75cee7317f9c29ae61dd67620c5883d80a92e42a6fff88ae5d527af217a?s=96&d=mm&r=g","contentUrl":"https:\/\/secure.gravatar.com\/avatar\/1738d75cee7317f9c29ae61dd67620c5883d80a92e42a6fff88ae5d527af217a?s=96&d=mm&r=g","caption":"Brenda Cezillo"}}]}},"_links":{"self":[{"href":"https:\/\/www.gaveanews.com\/index.php\/wp-json\/wp\/v2\/posts\/259160","targetHints":{"allow":["GET"]}}],"collection":[{"href":"https:\/\/www.gaveanews.com\/index.php\/wp-json\/wp\/v2\/posts"}],"about":[{"href":"https:\/\/www.gaveanews.com\/index.php\/wp-json\/wp\/v2\/types\/post"}],"author":[{"embeddable":true,"href":"https:\/\/www.gaveanews.com\/index.php\/wp-json\/wp\/v2\/users\/33"}],"replies":[{"embeddable":true,"href":"https:\/\/www.gaveanews.com\/index.php\/wp-json\/wp\/v2\/comments?post=259160"}],"version-history":[{"count":1,"href":"https:\/\/www.gaveanews.com\/index.php\/wp-json\/wp\/v2\/posts\/259160\/revisions"}],"predecessor-version":[{"id":259165,"href":"https:\/\/www.gaveanews.com\/index.php\/wp-json\/wp\/v2\/posts\/259160\/revisions\/259165"}],"wp:featuredmedia":[{"embeddable":true,"href":"https:\/\/www.gaveanews.com\/index.php\/wp-json\/wp\/v2\/media\/158317"}],"wp:attachment":[{"href":"https:\/\/www.gaveanews.com\/index.php\/wp-json\/wp\/v2\/media?parent=259160"}],"wp:term":[{"taxonomy":"category","embeddable":true,"href":"https:\/\/www.gaveanews.com\/index.php\/wp-json\/wp\/v2\/categories?post=259160"},{"taxonomy":"post_tag","embeddable":true,"href":"https:\/\/www.gaveanews.com\/index.php\/wp-json\/wp\/v2\/tags?post=259160"}],"curies":[{"name":"wp","href":"https:\/\/api.w.org\/{rel}","templated":true}]}}