{"id":259451,"date":"2025-04-30T20:55:00","date_gmt":"2025-04-30T23:55:00","guid":{"rendered":"https:\/\/www.gaveanews.com\/?p=259451"},"modified":"2025-04-30T19:11:41","modified_gmt":"2025-04-30T22:11:41","slug":"saida-de-ancelotti-suspensao-de-rudiger-e-declaracao-de-pvc-as-ultimas-noticias-do-real-madrid","status":"publish","type":"post","link":"https:\/\/www.gaveanews.com\/index.php\/2025\/04\/30\/saida-de-ancelotti-suspensao-de-rudiger-e-declaracao-de-pvc-as-ultimas-noticias-do-real-madrid\/","title":{"rendered":"Sa\u00edda de Ancelotti, suspens\u00e3o de Rudiger e declara\u00e7\u00e3o de PVC: as \u00faltimas not\u00edcias do Real Madrid"},"content":{"rendered":"\n<p>Nas \u00faltimas horas, o foco das not\u00edcias sobre o Real Madrid se concentram nos bastidores do clube, com destaques do dia a dia do time.<\/p>\n\n\n\n<p>Por conta deste contexto, leia abaixo um resumo preparado pela equipe do portal G\u00e1vea News para lhe manter muito bem informado!<\/p>\n\n\n\n<div class=\"wp-block-group\"><div class=\"wp-block-group__inner-container is-layout-constrained wp-block-group-is-layout-constrained\">\n<h2 class=\"wp-block-heading\" id=\"h-declaracao-de-pvc\">Declara\u00e7\u00e3o de PVC<\/h2>\n\n\n\n<p>O zagueiro Antonio R\u00fcdiger, do Real Madrid, foi suspenso por seis jogos ap\u00f3s um ato de indisciplina na final da Copa do Rei contra o Barcelona. Mesmo fora da partida por les\u00e3o, R\u00fcdiger foi expulso por atirar um objeto em campo durante a prorroga\u00e7\u00e3o, demonstrando forte insatisfa\u00e7\u00e3o com a arbitragem. A atitude foi registrada em s\u00famula e considerada agressiva, exigindo interven\u00e7\u00e3o da comiss\u00e3o t\u00e9cnica para conter o jogador. Em nota, o alem\u00e3o pediu desculpas pelo comportamento, que foi amplamente criticado <strong><a href=\"https:\/\/www.gaveanews.com\/index.php\/2025\/04\/29\/comite-define-suspensao-para-rudiger-por-atitude-na-final-da-copa-do-rei\/\">(leia a mat\u00e9ria completa).<\/a><\/strong><\/p>\n\n\n\n<figure class=\"wp-block-image size-full\"><img loading=\"lazy\" decoding=\"async\" width=\"990\" height=\"619\" src=\"http:\/\/www.gaveanews.com\/wp-content\/uploads\/pvc-paulo-vinicius-coelho-saiu-da-globo-foto-reproducao-sportv_fixed_large.webp\" alt=\"\" class=\"wp-image-118615\" srcset=\"https:\/\/www.gaveanews.com\/wp-content\/uploads\/pvc-paulo-vinicius-coelho-saiu-da-globo-foto-reproducao-sportv_fixed_large.webp 990w, https:\/\/www.gaveanews.com\/wp-content\/uploads\/pvc-paulo-vinicius-coelho-saiu-da-globo-foto-reproducao-sportv_fixed_large-300x188.webp 300w, https:\/\/www.gaveanews.com\/wp-content\/uploads\/pvc-paulo-vinicius-coelho-saiu-da-globo-foto-reproducao-sportv_fixed_large-768x480.webp 768w, https:\/\/www.gaveanews.com\/wp-content\/uploads\/pvc-paulo-vinicius-coelho-saiu-da-globo-foto-reproducao-sportv_fixed_large-672x420.webp 672w, https:\/\/www.gaveanews.com\/wp-content\/uploads\/pvc-paulo-vinicius-coelho-saiu-da-globo-foto-reproducao-sportv_fixed_large-640x400.webp 640w, https:\/\/www.gaveanews.com\/wp-content\/uploads\/pvc-paulo-vinicius-coelho-saiu-da-globo-foto-reproducao-sportv_fixed_large-681x426.webp 681w, https:\/\/www.gaveanews.com\/wp-content\/uploads\/pvc-paulo-vinicius-coelho-saiu-da-globo-foto-reproducao-sportv_fixed_large-100x63.webp 100w\" sizes=\"auto, (max-width: 990px) 100vw, 990px\" \/><figcaption class=\"wp-element-caption\">Paulo Vinicius Coelho em programa do Sportv &#8211; Foto: reprodu\u00e7\u00e3o<\/figcaption><\/figure>\n\n\n\n<p>Al\u00e9m de R\u00fcdiger, Lucas V\u00e1zquez tamb\u00e9m foi punido com dois jogos de suspens\u00e3o por invadir o campo para protestar contra a arbitragem nos minutos finais da partida. <\/p>\n\n\n\n<p>Seu contrato com o Real Madrid, no entanto, expira em junho, e ainda \u00e9 incerto se ele seguir\u00e1 no clube. J\u00e1 o meio-campista Jude Bellingham, inicialmente expulso por suposta conduta agressiva, foi absolvido ap\u00f3s a an\u00e1lise de imagens que contradiziam o relato do \u00e1rbitro.<\/p>\n\n\n\n<p>As puni\u00e7\u00f5es, especialmente a de R\u00fcdiger, geram impacto simb\u00f3lico em meio \u00e0 derrota por 3 a 2 para o Barcelona, mas o efeito esportivo imediato ser\u00e1 amenizado pela les\u00e3o do zagueiro e pela natureza espec\u00edfica das competi\u00e7\u00f5es em que as suspens\u00f5es se aplicam. Ainda assim, o epis\u00f3dio exp\u00f5e a tens\u00e3o vivida pelo elenco merengue e adiciona press\u00e3o a um momento j\u00e1 inst\u00e1vel para o clube.<\/p>\n\n\n\n<h2 class=\"wp-block-heading\" id=\"h-suspensao-de-rudiger\">Suspens\u00e3o de Rudiger<\/h2>\n\n\n\n<p>A contrata\u00e7\u00e3o de Cl\u00e9ber Xavier como t\u00e9cnico do Santos foi analisada por Paulo Vin\u00edcius Coelho (PVC), que destacou o hist\u00f3rico de grandes treinadores que tamb\u00e9m come\u00e7aram como auxiliares. Em sua coluna no UOL, o jornalista comparou a aposta santista a trajet\u00f3rias bem-sucedidas como as de Carlo Ancelotti, Jos\u00e9 Mourinho, Hansi Flick e Mikel Arteta, todos ex-assistentes que chegaram ao topo do futebol mundial. Para PVC, o Santos se inspira em exemplos de transi\u00e7\u00e3o promissora no comando t\u00e9cnico<strong><a href=\"https:\/\/www.gaveanews.com\/index.php\/2025\/04\/29\/pvc-faz-comparacao-entre-novo-tecnico-do-santos-e-carlo-ancelotti-do-real-madrid\/\"> (leia a mat\u00e9ria completa).<\/a><\/strong><\/p>\n\n\n\n<figure class=\"wp-block-image size-full\"><img loading=\"lazy\" decoding=\"async\" width=\"720\" height=\"576\" src=\"http:\/\/www.gaveanews.com\/wp-content\/uploads\/sant.gimenez_1704298356616.webp\" alt=\"\" class=\"wp-image-119354\" srcset=\"https:\/\/www.gaveanews.com\/wp-content\/uploads\/sant.gimenez_1704298356616.webp 720w, https:\/\/www.gaveanews.com\/wp-content\/uploads\/sant.gimenez_1704298356616-300x240.webp 300w, https:\/\/www.gaveanews.com\/wp-content\/uploads\/sant.gimenez_1704298356616-525x420.webp 525w, https:\/\/www.gaveanews.com\/wp-content\/uploads\/sant.gimenez_1704298356616-640x512.webp 640w, https:\/\/www.gaveanews.com\/wp-content\/uploads\/sant.gimenez_1704298356616-681x545.webp 681w, https:\/\/www.gaveanews.com\/wp-content\/uploads\/sant.gimenez_1704298356616-100x80.webp 100w\" sizes=\"auto, (max-width: 720px) 100vw, 720px\" \/><figcaption class=\"wp-element-caption\">Antonio R\u00fcdiger e Santiago Gim\u00e9nez durante partida entre Alemanha x M\u00e9xico (Foto: Reprodu\u00e7\u00e3o\/Instagram)<\/figcaption><\/figure>\n\n\n\n<p>O colunista recordou epis\u00f3dios como o in\u00edcio de Mourinho ao lado de Bobby Robson, ou a ascens\u00e3o de Flick, que passou de auxiliar da Alemanha campe\u00e3 de 2014 a vencedor da Champions com o Bayern. Ele tamb\u00e9m citou Ancelotti, ex-bra\u00e7o direito de Arrigo Sacchi, hoje o treinador mais vencedor da hist\u00f3ria da Liga dos Campe\u00f5es. Apesar dos bons exemplos, PVC alertou para os riscos, mencionando casos que n\u00e3o deram certo, como Fl\u00e1vio Murtosa e Domenec Torrent.<\/p>\n\n\n\n<p>A an\u00e1lise conclui que a escolha do Santos \u00e9 ousada, mas inspirada em modelos que deram certo. Cl\u00e9ber Xavier, que assinou contrato at\u00e9 dezembro de 2025, chega ao clube acompanhado por Matheus Bachi, Vinicius Marques Oliveira e F\u00e1bio Mahseredjian. O projeto mira n\u00e3o apenas a curto prazo, mas tamb\u00e9m na constru\u00e7\u00e3o de uma nova filosofia esportiva para o Peixe. Para PVC, o sucesso depende agora da adapta\u00e7\u00e3o de Cl\u00e9ber \u00e0 nova fun\u00e7\u00e3o e da paci\u00eancia do clube com seu desenvolvimento.<\/p>\n\n\n\n<h2 class=\"wp-block-heading\" id=\"h-saida-de-ancelotti\">Sa\u00edda de Ancelotti<\/h2>\n\n\n\n<p>O Real Madrid se prepara para uma nova fase com a sa\u00edda iminente de Carlo Ancelotti, que assumir\u00e1 o comando da sele\u00e7\u00e3o brasileira ap\u00f3s o t\u00e9rmino da temporada europeia. Enquanto isso, Santiago Solari, ex-jogador e atual dirigente do clube, ser\u00e1 o treinador interino no Super Mundial de Clubes, previsto para junho, nos Estados Unidos. A escolha do argentino busca manter a estabilidade at\u00e9 a chegada do nome definitivo para a temporada 2025\/26 <strong><a href=\"https:\/\/www.gaveanews.com\/index.php\/2025\/04\/29\/adeus-real-madrid-se-prepara-para-saida-de-carlo-ancelotti\/\">(leia a mat\u00e9ria completa).<\/a><\/strong><\/p>\n\n\n\n<figure class=\"wp-block-image size-full\"><img loading=\"lazy\" decoding=\"async\" width=\"984\" height=\"678\" src=\"http:\/\/www.gaveanews.com\/wp-content\/uploads\/2023-04-29t184531z-1598421574-up1ej4t1g3tth-rtrmadp-3-soccer-spain-mad-uda-report.webp\" alt=\"\" class=\"wp-image-119629\" srcset=\"https:\/\/www.gaveanews.com\/wp-content\/uploads\/2023-04-29t184531z-1598421574-up1ej4t1g3tth-rtrmadp-3-soccer-spain-mad-uda-report.webp 984w, https:\/\/www.gaveanews.com\/wp-content\/uploads\/2023-04-29t184531z-1598421574-up1ej4t1g3tth-rtrmadp-3-soccer-spain-mad-uda-report-300x207.webp 300w, https:\/\/www.gaveanews.com\/wp-content\/uploads\/2023-04-29t184531z-1598421574-up1ej4t1g3tth-rtrmadp-3-soccer-spain-mad-uda-report-768x529.webp 768w, https:\/\/www.gaveanews.com\/wp-content\/uploads\/2023-04-29t184531z-1598421574-up1ej4t1g3tth-rtrmadp-3-soccer-spain-mad-uda-report-610x420.webp 610w, https:\/\/www.gaveanews.com\/wp-content\/uploads\/2023-04-29t184531z-1598421574-up1ej4t1g3tth-rtrmadp-3-soccer-spain-mad-uda-report-640x441.webp 640w, https:\/\/www.gaveanews.com\/wp-content\/uploads\/2023-04-29t184531z-1598421574-up1ej4t1g3tth-rtrmadp-3-soccer-spain-mad-uda-report-681x469.webp 681w, https:\/\/www.gaveanews.com\/wp-content\/uploads\/2023-04-29t184531z-1598421574-up1ej4t1g3tth-rtrmadp-3-soccer-spain-mad-uda-report-100x69.webp 100w\" sizes=\"auto, (max-width: 984px) 100vw, 984px\" \/><figcaption class=\"wp-element-caption\">Carlo Ancelotti, t\u00e9cnico do Real Madrid (Foto: Reuters)<\/figcaption><\/figure>\n\n\n\n<p>Solari j\u00e1 conhece bem os bastidores e o campo do Santiago Bernab\u00e9u: jogou pelo clube entre 2000 e 2005, venceu a Champions League e, mais tarde, treinou o time principal em 2018. Seu hist\u00f3rico positivo com jovens como Vin\u00edcius J\u00fanior, e sua familiaridade com a estrutura madridista, foram fatores decisivos para a escolha. No curto prazo, ele ter\u00e1 a miss\u00e3o de manter o alto n\u00edvel do elenco, que enfrentar\u00e1 Al-Hilal, Pachuca e RB Salzburg no Grupo H do Mundial.<\/p>\n\n\n\n<p>A diretoria j\u00e1 tem um alvo claro para o futuro: Xabi Alonso, atualmente no Bayer Leverkusen e campe\u00e3o da Bundesliga. Enquanto Solari assume o papel de transi\u00e7\u00e3o, o clube tamb\u00e9m analisa o mercado, como no caso da poss\u00edvel contrata\u00e7\u00e3o de Franco Mastantuono, promessa do River Plate. Essa movimenta\u00e7\u00e3o estrat\u00e9gica busca preparar o terreno para uma renova\u00e7\u00e3o gradual e sustentada no projeto esportivo do Real Madrid.<\/p>\n<\/div><\/div>\n","protected":false},"excerpt":{"rendered":"<p>Nas \u00faltimas horas, o foco das not\u00edcias sobre o Real Madrid se concentram nos bastidores do clube, com destaques do dia a dia do time. Por conta deste contexto, leia abaixo um resumo preparado pela equipe do portal G\u00e1vea News para lhe manter muito bem informado! Declara\u00e7\u00e3o de PVC O zagueiro Antonio R\u00fcdiger, do Real [&hellip;]<\/p>\n","protected":false},"author":33,"featured_media":120916,"comment_status":"open","ping_status":"closed","sticky":false,"template":"","format":"standard","meta":{"footnotes":""},"categories":[88],"tags":[],"class_list":["post-259451","post","type-post","status-publish","format-standard","has-post-thumbnail","hentry","category-real-madrid"],"yoast_head":"<!-- This site is optimized with the Yoast SEO Premium plugin v24.2 (Yoast SEO v26.9) - https:\/\/yoast.com\/product\/yoast-seo-premium-wordpress\/ -->\n<title>Sa\u00edda de Ancelotti, suspens\u00e3o de Rudiger e declara\u00e7\u00e3o de PVC: as \u00faltimas not\u00edcias do Real Madrid<\/title>\n<meta name=\"robots\" content=\"index, follow, max-snippet:-1, max-image-preview:large, max-video-preview:-1\" \/>\n<link rel=\"canonical\" href=\"https:\/\/www.gaveanews.com\/index.php\/2025\/04\/30\/saida-de-ancelotti-suspensao-de-rudiger-e-declaracao-de-pvc-as-ultimas-noticias-do-real-madrid\/\" \/>\n<meta property=\"og:locale\" content=\"pt_BR\" \/>\n<meta property=\"og:type\" content=\"article\" \/>\n<meta property=\"og:title\" content=\"Sa\u00edda de Ancelotti, suspens\u00e3o de Rudiger e declara\u00e7\u00e3o de PVC: as \u00faltimas not\u00edcias do Real Madrid\" \/>\n<meta property=\"og:description\" content=\"Nas \u00faltimas horas, o foco das not\u00edcias sobre o Real Madrid se concentram nos bastidores do clube, com destaques do dia a dia do time. Por conta deste contexto, leia abaixo um resumo preparado pela equipe do portal G\u00e1vea News para lhe manter muito bem informado! Declara\u00e7\u00e3o de PVC O zagueiro Antonio R\u00fcdiger, do Real [&hellip;]\" \/>\n<meta property=\"og:url\" content=\"https:\/\/www.gaveanews.com\/index.php\/2025\/04\/30\/saida-de-ancelotti-suspensao-de-rudiger-e-declaracao-de-pvc-as-ultimas-noticias-do-real-madrid\/\" \/>\n<meta property=\"og:site_name\" content=\"G\u00e1vea News\" \/>\n<meta property=\"article:publisher\" content=\"https:\/\/facebook.com\/gaveaNews\/\" \/>\n<meta property=\"article:published_time\" content=\"2025-04-30T23:55:00+00:00\" \/>\n<meta property=\"og:image\" content=\"https:\/\/www.gaveanews.com\/wp-content\/uploads\/real-madrid.webp\" \/>\n\t<meta property=\"og:image:width\" content=\"906\" \/>\n\t<meta property=\"og:image:height\" content=\"509\" \/>\n\t<meta property=\"og:image:type\" content=\"image\/jpeg\" \/>\n<meta name=\"author\" content=\"Brenda Cezillo\" \/>\n<meta name=\"twitter:card\" content=\"summary_large_image\" \/>\n<meta name=\"twitter:label1\" content=\"Escrito por\" \/>\n\t<meta name=\"twitter:data1\" content=\"Brenda Cezillo\" \/>\n\t<meta name=\"twitter:label2\" content=\"Est. tempo de leitura\" \/>\n\t<meta name=\"twitter:data2\" content=\"6 minutos\" \/>\n<script type=\"application\/ld+json\" class=\"yoast-schema-graph\">{\"@context\":\"https:\/\/schema.org\",\"@graph\":[{\"@type\":\"NewsArticle\",\"@id\":\"https:\/\/www.gaveanews.com\/index.php\/2025\/04\/30\/saida-de-ancelotti-suspensao-de-rudiger-e-declaracao-de-pvc-as-ultimas-noticias-do-real-madrid\/#article\",\"isPartOf\":{\"@id\":\"https:\/\/www.gaveanews.com\/index.php\/2025\/04\/30\/saida-de-ancelotti-suspensao-de-rudiger-e-declaracao-de-pvc-as-ultimas-noticias-do-real-madrid\/\"},\"author\":{\"name\":\"Brenda Cezillo\",\"@id\":\"https:\/\/www.gaveanews.com\/#\/schema\/person\/c79759ca337c40791ae8d08e2923d403\"},\"headline\":\"Sa\u00edda de Ancelotti, suspens\u00e3o de Rudiger e declara\u00e7\u00e3o de PVC: as \u00faltimas not\u00edcias do Real Madrid\",\"datePublished\":\"2025-04-30T23:55:00+00:00\",\"mainEntityOfPage\":{\"@id\":\"https:\/\/www.gaveanews.com\/index.php\/2025\/04\/30\/saida-de-ancelotti-suspensao-de-rudiger-e-declaracao-de-pvc-as-ultimas-noticias-do-real-madrid\/\"},\"wordCount\":863,\"commentCount\":0,\"image\":{\"@id\":\"https:\/\/www.gaveanews.com\/index.php\/2025\/04\/30\/saida-de-ancelotti-suspensao-de-rudiger-e-declaracao-de-pvc-as-ultimas-noticias-do-real-madrid\/#primaryimage\"},\"thumbnailUrl\":\"https:\/\/www.gaveanews.com\/wp-content\/uploads\/real-madrid.webp\",\"articleSection\":[\"Real Madrid\"],\"inLanguage\":\"pt-BR\",\"potentialAction\":[{\"@type\":\"CommentAction\",\"name\":\"Comment\",\"target\":[\"https:\/\/www.gaveanews.com\/index.php\/2025\/04\/30\/saida-de-ancelotti-suspensao-de-rudiger-e-declaracao-de-pvc-as-ultimas-noticias-do-real-madrid\/#respond\"]}],\"copyrightYear\":\"2025\",\"copyrightHolder\":{\"@id\":\"https:\/\/www.gaveanews.com\/#organization\"}},{\"@type\":\"WebPage\",\"@id\":\"https:\/\/www.gaveanews.com\/index.php\/2025\/04\/30\/saida-de-ancelotti-suspensao-de-rudiger-e-declaracao-de-pvc-as-ultimas-noticias-do-real-madrid\/\",\"url\":\"https:\/\/www.gaveanews.com\/index.php\/2025\/04\/30\/saida-de-ancelotti-suspensao-de-rudiger-e-declaracao-de-pvc-as-ultimas-noticias-do-real-madrid\/\",\"name\":\"Sa\u00edda de Ancelotti, suspens\u00e3o de Rudiger e declara\u00e7\u00e3o de PVC: as \u00faltimas not\u00edcias do Real Madrid\",\"isPartOf\":{\"@id\":\"https:\/\/www.gaveanews.com\/#website\"},\"primaryImageOfPage\":{\"@id\":\"https:\/\/www.gaveanews.com\/index.php\/2025\/04\/30\/saida-de-ancelotti-suspensao-de-rudiger-e-declaracao-de-pvc-as-ultimas-noticias-do-real-madrid\/#primaryimage\"},\"image\":{\"@id\":\"https:\/\/www.gaveanews.com\/index.php\/2025\/04\/30\/saida-de-ancelotti-suspensao-de-rudiger-e-declaracao-de-pvc-as-ultimas-noticias-do-real-madrid\/#primaryimage\"},\"thumbnailUrl\":\"https:\/\/www.gaveanews.com\/wp-content\/uploads\/real-madrid.webp\",\"datePublished\":\"2025-04-30T23:55:00+00:00\",\"author\":{\"@id\":\"https:\/\/www.gaveanews.com\/#\/schema\/person\/c79759ca337c40791ae8d08e2923d403\"},\"breadcrumb\":{\"@id\":\"https:\/\/www.gaveanews.com\/index.php\/2025\/04\/30\/saida-de-ancelotti-suspensao-de-rudiger-e-declaracao-de-pvc-as-ultimas-noticias-do-real-madrid\/#breadcrumb\"},\"inLanguage\":\"pt-BR\",\"potentialAction\":[{\"@type\":\"ReadAction\",\"target\":[\"https:\/\/www.gaveanews.com\/index.php\/2025\/04\/30\/saida-de-ancelotti-suspensao-de-rudiger-e-declaracao-de-pvc-as-ultimas-noticias-do-real-madrid\/\"]}]},{\"@type\":\"ImageObject\",\"inLanguage\":\"pt-BR\",\"@id\":\"https:\/\/www.gaveanews.com\/index.php\/2025\/04\/30\/saida-de-ancelotti-suspensao-de-rudiger-e-declaracao-de-pvc-as-ultimas-noticias-do-real-madrid\/#primaryimage\",\"url\":\"https:\/\/www.gaveanews.com\/wp-content\/uploads\/real-madrid.webp\",\"contentUrl\":\"https:\/\/www.gaveanews.com\/wp-content\/uploads\/real-madrid.webp\",\"width\":906,\"height\":509,\"caption\":\"Escudo do Real Madrid (Foto: Reprodu\u00e7\u00e3o)\"},{\"@type\":\"BreadcrumbList\",\"@id\":\"https:\/\/www.gaveanews.com\/index.php\/2025\/04\/30\/saida-de-ancelotti-suspensao-de-rudiger-e-declaracao-de-pvc-as-ultimas-noticias-do-real-madrid\/#breadcrumb\",\"itemListElement\":[{\"@type\":\"ListItem\",\"position\":1,\"name\":\"Home\",\"item\":\"https:\/\/www.gaveanews.com\/\"},{\"@type\":\"ListItem\",\"position\":2,\"name\":\"Sa\u00edda de Ancelotti, suspens\u00e3o de Rudiger e declara\u00e7\u00e3o de PVC: as \u00faltimas not\u00edcias do Real Madrid\"}]},{\"@type\":\"WebSite\",\"@id\":\"https:\/\/www.gaveanews.com\/#website\",\"url\":\"https:\/\/www.gaveanews.com\/\",\"name\":\"G\u00e1vea News\",\"description\":\"Veja todas as not\u00edcias sobre o Flamengo: Contrata\u00e7\u00f5es, categorias de base, resultados das partidas, tabela de classifica\u00e7\u00e3o, pr\u00f3ximos jogos!\",\"potentialAction\":[{\"@type\":\"SearchAction\",\"target\":{\"@type\":\"EntryPoint\",\"urlTemplate\":\"https:\/\/www.gaveanews.com\/?s={search_term_string}\"},\"query-input\":{\"@type\":\"PropertyValueSpecification\",\"valueRequired\":true,\"valueName\":\"search_term_string\"}}],\"inLanguage\":\"pt-BR\"},{\"@type\":\"Person\",\"@id\":\"https:\/\/www.gaveanews.com\/#\/schema\/person\/c79759ca337c40791ae8d08e2923d403\",\"name\":\"Brenda Cezillo\",\"image\":{\"@type\":\"ImageObject\",\"inLanguage\":\"pt-BR\",\"@id\":\"https:\/\/www.gaveanews.com\/#\/schema\/person\/image\/\",\"url\":\"https:\/\/secure.gravatar.com\/avatar\/1738d75cee7317f9c29ae61dd67620c5883d80a92e42a6fff88ae5d527af217a?s=96&d=mm&r=g\",\"contentUrl\":\"https:\/\/secure.gravatar.com\/avatar\/1738d75cee7317f9c29ae61dd67620c5883d80a92e42a6fff88ae5d527af217a?s=96&d=mm&r=g\",\"caption\":\"Brenda Cezillo\"}}]}<\/script>\n<!-- \/ Yoast SEO Premium plugin. -->","yoast_head_json":{"title":"Sa\u00edda de Ancelotti, suspens\u00e3o de Rudiger e declara\u00e7\u00e3o de PVC: as \u00faltimas not\u00edcias do Real Madrid","robots":{"index":"index","follow":"follow","max-snippet":"max-snippet:-1","max-image-preview":"max-image-preview:large","max-video-preview":"max-video-preview:-1"},"canonical":"https:\/\/www.gaveanews.com\/index.php\/2025\/04\/30\/saida-de-ancelotti-suspensao-de-rudiger-e-declaracao-de-pvc-as-ultimas-noticias-do-real-madrid\/","og_locale":"pt_BR","og_type":"article","og_title":"Sa\u00edda de Ancelotti, suspens\u00e3o de Rudiger e declara\u00e7\u00e3o de PVC: as \u00faltimas not\u00edcias do Real Madrid","og_description":"Nas \u00faltimas horas, o foco das not\u00edcias sobre o Real Madrid se concentram nos bastidores do clube, com destaques do dia a dia do time. Por conta deste contexto, leia abaixo um resumo preparado pela equipe do portal G\u00e1vea News para lhe manter muito bem informado! Declara\u00e7\u00e3o de PVC O zagueiro Antonio R\u00fcdiger, do Real [&hellip;]","og_url":"https:\/\/www.gaveanews.com\/index.php\/2025\/04\/30\/saida-de-ancelotti-suspensao-de-rudiger-e-declaracao-de-pvc-as-ultimas-noticias-do-real-madrid\/","og_site_name":"G\u00e1vea News","article_publisher":"https:\/\/facebook.com\/gaveaNews\/","article_published_time":"2025-04-30T23:55:00+00:00","og_image":[{"width":906,"height":509,"url":"https:\/\/www.gaveanews.com\/wp-content\/uploads\/real-madrid.webp","type":"image\/jpeg"}],"author":"Brenda Cezillo","twitter_card":"summary_large_image","twitter_misc":{"Escrito por":"Brenda Cezillo","Est. tempo de leitura":"6 minutos"},"schema":{"@context":"https:\/\/schema.org","@graph":[{"@type":"NewsArticle","@id":"https:\/\/www.gaveanews.com\/index.php\/2025\/04\/30\/saida-de-ancelotti-suspensao-de-rudiger-e-declaracao-de-pvc-as-ultimas-noticias-do-real-madrid\/#article","isPartOf":{"@id":"https:\/\/www.gaveanews.com\/index.php\/2025\/04\/30\/saida-de-ancelotti-suspensao-de-rudiger-e-declaracao-de-pvc-as-ultimas-noticias-do-real-madrid\/"},"author":{"name":"Brenda Cezillo","@id":"https:\/\/www.gaveanews.com\/#\/schema\/person\/c79759ca337c40791ae8d08e2923d403"},"headline":"Sa\u00edda de Ancelotti, suspens\u00e3o de Rudiger e declara\u00e7\u00e3o de PVC: as \u00faltimas not\u00edcias do Real Madrid","datePublished":"2025-04-30T23:55:00+00:00","mainEntityOfPage":{"@id":"https:\/\/www.gaveanews.com\/index.php\/2025\/04\/30\/saida-de-ancelotti-suspensao-de-rudiger-e-declaracao-de-pvc-as-ultimas-noticias-do-real-madrid\/"},"wordCount":863,"commentCount":0,"image":{"@id":"https:\/\/www.gaveanews.com\/index.php\/2025\/04\/30\/saida-de-ancelotti-suspensao-de-rudiger-e-declaracao-de-pvc-as-ultimas-noticias-do-real-madrid\/#primaryimage"},"thumbnailUrl":"https:\/\/www.gaveanews.com\/wp-content\/uploads\/real-madrid.webp","articleSection":["Real Madrid"],"inLanguage":"pt-BR","potentialAction":[{"@type":"CommentAction","name":"Comment","target":["https:\/\/www.gaveanews.com\/index.php\/2025\/04\/30\/saida-de-ancelotti-suspensao-de-rudiger-e-declaracao-de-pvc-as-ultimas-noticias-do-real-madrid\/#respond"]}],"copyrightYear":"2025","copyrightHolder":{"@id":"https:\/\/www.gaveanews.com\/#organization"}},{"@type":"WebPage","@id":"https:\/\/www.gaveanews.com\/index.php\/2025\/04\/30\/saida-de-ancelotti-suspensao-de-rudiger-e-declaracao-de-pvc-as-ultimas-noticias-do-real-madrid\/","url":"https:\/\/www.gaveanews.com\/index.php\/2025\/04\/30\/saida-de-ancelotti-suspensao-de-rudiger-e-declaracao-de-pvc-as-ultimas-noticias-do-real-madrid\/","name":"Sa\u00edda de Ancelotti, suspens\u00e3o de Rudiger e declara\u00e7\u00e3o de PVC: as \u00faltimas not\u00edcias do Real Madrid","isPartOf":{"@id":"https:\/\/www.gaveanews.com\/#website"},"primaryImageOfPage":{"@id":"https:\/\/www.gaveanews.com\/index.php\/2025\/04\/30\/saida-de-ancelotti-suspensao-de-rudiger-e-declaracao-de-pvc-as-ultimas-noticias-do-real-madrid\/#primaryimage"},"image":{"@id":"https:\/\/www.gaveanews.com\/index.php\/2025\/04\/30\/saida-de-ancelotti-suspensao-de-rudiger-e-declaracao-de-pvc-as-ultimas-noticias-do-real-madrid\/#primaryimage"},"thumbnailUrl":"https:\/\/www.gaveanews.com\/wp-content\/uploads\/real-madrid.webp","datePublished":"2025-04-30T23:55:00+00:00","author":{"@id":"https:\/\/www.gaveanews.com\/#\/schema\/person\/c79759ca337c40791ae8d08e2923d403"},"breadcrumb":{"@id":"https:\/\/www.gaveanews.com\/index.php\/2025\/04\/30\/saida-de-ancelotti-suspensao-de-rudiger-e-declaracao-de-pvc-as-ultimas-noticias-do-real-madrid\/#breadcrumb"},"inLanguage":"pt-BR","potentialAction":[{"@type":"ReadAction","target":["https:\/\/www.gaveanews.com\/index.php\/2025\/04\/30\/saida-de-ancelotti-suspensao-de-rudiger-e-declaracao-de-pvc-as-ultimas-noticias-do-real-madrid\/"]}]},{"@type":"ImageObject","inLanguage":"pt-BR","@id":"https:\/\/www.gaveanews.com\/index.php\/2025\/04\/30\/saida-de-ancelotti-suspensao-de-rudiger-e-declaracao-de-pvc-as-ultimas-noticias-do-real-madrid\/#primaryimage","url":"https:\/\/www.gaveanews.com\/wp-content\/uploads\/real-madrid.webp","contentUrl":"https:\/\/www.gaveanews.com\/wp-content\/uploads\/real-madrid.webp","width":906,"height":509,"caption":"Escudo do Real Madrid (Foto: Reprodu\u00e7\u00e3o)"},{"@type":"BreadcrumbList","@id":"https:\/\/www.gaveanews.com\/index.php\/2025\/04\/30\/saida-de-ancelotti-suspensao-de-rudiger-e-declaracao-de-pvc-as-ultimas-noticias-do-real-madrid\/#breadcrumb","itemListElement":[{"@type":"ListItem","position":1,"name":"Home","item":"https:\/\/www.gaveanews.com\/"},{"@type":"ListItem","position":2,"name":"Sa\u00edda de Ancelotti, suspens\u00e3o de Rudiger e declara\u00e7\u00e3o de PVC: as \u00faltimas not\u00edcias do Real Madrid"}]},{"@type":"WebSite","@id":"https:\/\/www.gaveanews.com\/#website","url":"https:\/\/www.gaveanews.com\/","name":"G\u00e1vea News","description":"Veja todas as not\u00edcias sobre o Flamengo: Contrata\u00e7\u00f5es, categorias de base, resultados das partidas, tabela de classifica\u00e7\u00e3o, pr\u00f3ximos jogos!","potentialAction":[{"@type":"SearchAction","target":{"@type":"EntryPoint","urlTemplate":"https:\/\/www.gaveanews.com\/?s={search_term_string}"},"query-input":{"@type":"PropertyValueSpecification","valueRequired":true,"valueName":"search_term_string"}}],"inLanguage":"pt-BR"},{"@type":"Person","@id":"https:\/\/www.gaveanews.com\/#\/schema\/person\/c79759ca337c40791ae8d08e2923d403","name":"Brenda Cezillo","image":{"@type":"ImageObject","inLanguage":"pt-BR","@id":"https:\/\/www.gaveanews.com\/#\/schema\/person\/image\/","url":"https:\/\/secure.gravatar.com\/avatar\/1738d75cee7317f9c29ae61dd67620c5883d80a92e42a6fff88ae5d527af217a?s=96&d=mm&r=g","contentUrl":"https:\/\/secure.gravatar.com\/avatar\/1738d75cee7317f9c29ae61dd67620c5883d80a92e42a6fff88ae5d527af217a?s=96&d=mm&r=g","caption":"Brenda Cezillo"}}]}},"_links":{"self":[{"href":"https:\/\/www.gaveanews.com\/index.php\/wp-json\/wp\/v2\/posts\/259451","targetHints":{"allow":["GET"]}}],"collection":[{"href":"https:\/\/www.gaveanews.com\/index.php\/wp-json\/wp\/v2\/posts"}],"about":[{"href":"https:\/\/www.gaveanews.com\/index.php\/wp-json\/wp\/v2\/types\/post"}],"author":[{"embeddable":true,"href":"https:\/\/www.gaveanews.com\/index.php\/wp-json\/wp\/v2\/users\/33"}],"replies":[{"embeddable":true,"href":"https:\/\/www.gaveanews.com\/index.php\/wp-json\/wp\/v2\/comments?post=259451"}],"version-history":[{"count":1,"href":"https:\/\/www.gaveanews.com\/index.php\/wp-json\/wp\/v2\/posts\/259451\/revisions"}],"predecessor-version":[{"id":259472,"href":"https:\/\/www.gaveanews.com\/index.php\/wp-json\/wp\/v2\/posts\/259451\/revisions\/259472"}],"wp:featuredmedia":[{"embeddable":true,"href":"https:\/\/www.gaveanews.com\/index.php\/wp-json\/wp\/v2\/media\/120916"}],"wp:attachment":[{"href":"https:\/\/www.gaveanews.com\/index.php\/wp-json\/wp\/v2\/media?parent=259451"}],"wp:term":[{"taxonomy":"category","embeddable":true,"href":"https:\/\/www.gaveanews.com\/index.php\/wp-json\/wp\/v2\/categories?post=259451"},{"taxonomy":"post_tag","embeddable":true,"href":"https:\/\/www.gaveanews.com\/index.php\/wp-json\/wp\/v2\/tags?post=259451"}],"curies":[{"name":"wp","href":"https:\/\/api.w.org\/{rel}","templated":true}]}}