{"id":259458,"date":"2025-04-30T21:00:00","date_gmt":"2025-05-01T00:00:00","guid":{"rendered":"https:\/\/www.gaveanews.com\/?p=259458"},"modified":"2025-04-30T19:06:56","modified_gmt":"2025-04-30T22:06:56","slug":"fluminense-atualiza-situacao-de-cano","status":"publish","type":"post","link":"https:\/\/www.gaveanews.com\/index.php\/2025\/04\/30\/fluminense-atualiza-situacao-de-cano\/","title":{"rendered":"Fluminense atualiza situa\u00e7\u00e3o de Cano"},"content":{"rendered":"\n<p>O atacante Germ\u00e1n Cano, um dos principais destaques do Fluminense, sofreu uma les\u00e3o preocupante no joelho esquerdo durante a vit\u00f3ria por 1 a 0 contra a Aparecidense, v\u00e1lida pela Copa do Brasil. Aos seis minutos do primeiro tempo, ap\u00f3s disputa a\u00e9rea com o zagueiro Lucas Rocha, Cano caiu com parte do corpo do advers\u00e1rio sobre seu joelho, gerando dor intensa e a necessidade de substitui\u00e7\u00e3o imediata. Ele deixou o gramado de maca, visivelmente abalado.<\/p>\n\n\n\n<p>Posteriormente, exames de imagem confirmaram uma les\u00e3o de grau 2 no ligamento colateral medial. Apesar da gravidade moderada, o Fluminense anunciou que o tratamento ser\u00e1 conservador, descartando, assim, a necessidade de interven\u00e7\u00e3o cir\u00fargica. A les\u00e3o gerou preocupa\u00e7\u00e3o inicial sobre um poss\u00edvel rompimento do ligamento cruzado anterior, o que poderia afast\u00e1-lo por muitos meses.<\/p>\n\n\n\n<p>A equipe m\u00e9dica do clube iniciou o tratamento imediatamente ap\u00f3s a partida, com aplica\u00e7\u00e3o de gelo e cuidados intensivos ainda no vesti\u00e1rio. Cano foi um dos \u00faltimos a deixar o local, o que refor\u00e7a a aten\u00e7\u00e3o dada ao quadro cl\u00ednico. O tempo estimado de recupera\u00e7\u00e3o gira entre quatro a seis semanas, segundo os progn\u00f3sticos mais otimistas divulgados pelo clube.<\/p>\n\n\n\n<p>Apesar do susto, o Fluminense mant\u00e9m a esperan\u00e7a de contar com Cano na disputa da Copa do Mundo de Clubes. A competi\u00e7\u00e3o \u00e9 um dos objetivos do time nesta temporada, e a presen\u00e7a do artilheiro argentino \u00e9 considerada fundamental. Cano lidera a artilharia nacional com 14 gols e \u00e9 destaque tamb\u00e9m nas competi\u00e7\u00f5es continentais.<\/p>\n\n\n\n<p>O clube emitiu uma nota oficial confirmando o diagn\u00f3stico e refor\u00e7ando a confian\u00e7a na plena recupera\u00e7\u00e3o do jogador a tempo da competi\u00e7\u00e3o internacional. O tratamento ser\u00e1 conduzido no CT Carlos Castilho, sob acompanhamento constante da equipe m\u00e9dica tricolor.<\/p>\n\n\n\n<p>Enquanto isso, a aus\u00eancia do camisa 14 obriga o t\u00e9cnico a buscar alternativas no elenco, sobretudo para os jogos decisivos das pr\u00f3ximas semanas. A expectativa \u00e9 que o atacante Everaldo ou outros nomes assumam temporariamente a responsabilidade ofensiva do time.<\/p>\n","protected":false},"excerpt":{"rendered":"<p>O atacante Germ\u00e1n Cano, um dos principais destaques do Fluminense, sofreu uma les\u00e3o preocupante no joelho esquerdo durante a vit\u00f3ria por 1 a 0 contra a Aparecidense, v\u00e1lida pela Copa do Brasil. Aos seis minutos do primeiro tempo, ap\u00f3s disputa a\u00e9rea com o zagueiro Lucas Rocha, Cano caiu com parte do corpo do advers\u00e1rio sobre [&hellip;]<\/p>\n","protected":false},"author":18,"featured_media":170376,"comment_status":"open","ping_status":"closed","sticky":false,"template":"","format":"standard","meta":{"footnotes":""},"categories":[145],"tags":[],"class_list":["post-259458","post","type-post","status-publish","format-standard","has-post-thumbnail","hentry","category-fluminense"],"yoast_head":"<!-- This site is optimized with the Yoast SEO Premium plugin v24.2 (Yoast SEO v26.9) - https:\/\/yoast.com\/product\/yoast-seo-premium-wordpress\/ -->\n<title>Fluminense atualiza situa\u00e7\u00e3o de Cano<\/title>\n<meta name=\"robots\" content=\"index, follow, max-snippet:-1, max-image-preview:large, max-video-preview:-1\" \/>\n<link rel=\"canonical\" href=\"https:\/\/www.gaveanews.com\/index.php\/2025\/04\/30\/fluminense-atualiza-situacao-de-cano\/\" \/>\n<meta property=\"og:locale\" content=\"pt_BR\" \/>\n<meta property=\"og:type\" content=\"article\" \/>\n<meta property=\"og:title\" content=\"Fluminense atualiza situa\u00e7\u00e3o de Cano\" \/>\n<meta property=\"og:description\" content=\"O atacante Germ\u00e1n Cano, um dos principais destaques do Fluminense, sofreu uma les\u00e3o preocupante no joelho esquerdo durante a vit\u00f3ria por 1 a 0 contra a Aparecidense, v\u00e1lida pela Copa do Brasil. Aos seis minutos do primeiro tempo, ap\u00f3s disputa a\u00e9rea com o zagueiro Lucas Rocha, Cano caiu com parte do corpo do advers\u00e1rio sobre [&hellip;]\" \/>\n<meta property=\"og:url\" content=\"https:\/\/www.gaveanews.com\/index.php\/2025\/04\/30\/fluminense-atualiza-situacao-de-cano\/\" \/>\n<meta property=\"og:site_name\" content=\"G\u00e1vea News\" \/>\n<meta property=\"article:publisher\" content=\"https:\/\/facebook.com\/gaveaNews\/\" \/>\n<meta property=\"article:published_time\" content=\"2025-05-01T00:00:00+00:00\" \/>\n<meta property=\"og:image\" content=\"https:\/\/www.gaveanews.com\/wp-content\/uploads\/German-Cano-em-acao-pelo-Fluminense.webp\" \/>\n\t<meta property=\"og:image:width\" content=\"908\" \/>\n\t<meta property=\"og:image:height\" content=\"637\" \/>\n\t<meta property=\"og:image:type\" content=\"image\/jpeg\" \/>\n<meta name=\"author\" content=\"Paula Silva\" \/>\n<meta name=\"twitter:card\" content=\"summary_large_image\" \/>\n<meta name=\"twitter:label1\" content=\"Escrito por\" \/>\n\t<meta name=\"twitter:data1\" content=\"Paula Silva\" \/>\n\t<meta name=\"twitter:label2\" content=\"Est. tempo de leitura\" \/>\n\t<meta name=\"twitter:data2\" content=\"2 minutos\" \/>\n<script type=\"application\/ld+json\" class=\"yoast-schema-graph\">{\"@context\":\"https:\/\/schema.org\",\"@graph\":[{\"@type\":\"NewsArticle\",\"@id\":\"https:\/\/www.gaveanews.com\/index.php\/2025\/04\/30\/fluminense-atualiza-situacao-de-cano\/#article\",\"isPartOf\":{\"@id\":\"https:\/\/www.gaveanews.com\/index.php\/2025\/04\/30\/fluminense-atualiza-situacao-de-cano\/\"},\"author\":{\"name\":\"Paula Silva\",\"@id\":\"https:\/\/www.gaveanews.com\/#\/schema\/person\/daf63eec72e1164eb13dc35096c2b8da\"},\"headline\":\"Fluminense atualiza situa\u00e7\u00e3o de Cano\",\"datePublished\":\"2025-05-01T00:00:00+00:00\",\"mainEntityOfPage\":{\"@id\":\"https:\/\/www.gaveanews.com\/index.php\/2025\/04\/30\/fluminense-atualiza-situacao-de-cano\/\"},\"wordCount\":354,\"commentCount\":0,\"image\":{\"@id\":\"https:\/\/www.gaveanews.com\/index.php\/2025\/04\/30\/fluminense-atualiza-situacao-de-cano\/#primaryimage\"},\"thumbnailUrl\":\"https:\/\/www.gaveanews.com\/wp-content\/uploads\/German-Cano-em-acao-pelo-Fluminense.webp\",\"articleSection\":[\"Fluminense\"],\"inLanguage\":\"pt-BR\",\"potentialAction\":[{\"@type\":\"CommentAction\",\"name\":\"Comment\",\"target\":[\"https:\/\/www.gaveanews.com\/index.php\/2025\/04\/30\/fluminense-atualiza-situacao-de-cano\/#respond\"]}],\"copyrightYear\":\"2025\",\"copyrightHolder\":{\"@id\":\"https:\/\/www.gaveanews.com\/#organization\"}},{\"@type\":\"WebPage\",\"@id\":\"https:\/\/www.gaveanews.com\/index.php\/2025\/04\/30\/fluminense-atualiza-situacao-de-cano\/\",\"url\":\"https:\/\/www.gaveanews.com\/index.php\/2025\/04\/30\/fluminense-atualiza-situacao-de-cano\/\",\"name\":\"Fluminense atualiza situa\u00e7\u00e3o de Cano\",\"isPartOf\":{\"@id\":\"https:\/\/www.gaveanews.com\/#website\"},\"primaryImageOfPage\":{\"@id\":\"https:\/\/www.gaveanews.com\/index.php\/2025\/04\/30\/fluminense-atualiza-situacao-de-cano\/#primaryimage\"},\"image\":{\"@id\":\"https:\/\/www.gaveanews.com\/index.php\/2025\/04\/30\/fluminense-atualiza-situacao-de-cano\/#primaryimage\"},\"thumbnailUrl\":\"https:\/\/www.gaveanews.com\/wp-content\/uploads\/German-Cano-em-acao-pelo-Fluminense.webp\",\"datePublished\":\"2025-05-01T00:00:00+00:00\",\"author\":{\"@id\":\"https:\/\/www.gaveanews.com\/#\/schema\/person\/daf63eec72e1164eb13dc35096c2b8da\"},\"breadcrumb\":{\"@id\":\"https:\/\/www.gaveanews.com\/index.php\/2025\/04\/30\/fluminense-atualiza-situacao-de-cano\/#breadcrumb\"},\"inLanguage\":\"pt-BR\",\"potentialAction\":[{\"@type\":\"ReadAction\",\"target\":[\"https:\/\/www.gaveanews.com\/index.php\/2025\/04\/30\/fluminense-atualiza-situacao-de-cano\/\"]}]},{\"@type\":\"ImageObject\",\"inLanguage\":\"pt-BR\",\"@id\":\"https:\/\/www.gaveanews.com\/index.php\/2025\/04\/30\/fluminense-atualiza-situacao-de-cano\/#primaryimage\",\"url\":\"https:\/\/www.gaveanews.com\/wp-content\/uploads\/German-Cano-em-acao-pelo-Fluminense.webp\",\"contentUrl\":\"https:\/\/www.gaveanews.com\/wp-content\/uploads\/German-Cano-em-acao-pelo-Fluminense.webp\",\"width\":908,\"height\":637,\"caption\":\"Germ\u00e1n Cano em a\u00e7\u00e3o pelo Fluminense (Foto: Lucas Mer\u00e7on\/Fluminense)\"},{\"@type\":\"BreadcrumbList\",\"@id\":\"https:\/\/www.gaveanews.com\/index.php\/2025\/04\/30\/fluminense-atualiza-situacao-de-cano\/#breadcrumb\",\"itemListElement\":[{\"@type\":\"ListItem\",\"position\":1,\"name\":\"Home\",\"item\":\"https:\/\/www.gaveanews.com\/\"},{\"@type\":\"ListItem\",\"position\":2,\"name\":\"Fluminense atualiza situa\u00e7\u00e3o de Cano\"}]},{\"@type\":\"WebSite\",\"@id\":\"https:\/\/www.gaveanews.com\/#website\",\"url\":\"https:\/\/www.gaveanews.com\/\",\"name\":\"G\u00e1vea News\",\"description\":\"Veja todas as not\u00edcias sobre o Flamengo: Contrata\u00e7\u00f5es, categorias de base, resultados das partidas, tabela de classifica\u00e7\u00e3o, pr\u00f3ximos jogos!\",\"potentialAction\":[{\"@type\":\"SearchAction\",\"target\":{\"@type\":\"EntryPoint\",\"urlTemplate\":\"https:\/\/www.gaveanews.com\/?s={search_term_string}\"},\"query-input\":{\"@type\":\"PropertyValueSpecification\",\"valueRequired\":true,\"valueName\":\"search_term_string\"}}],\"inLanguage\":\"pt-BR\"},{\"@type\":\"Person\",\"@id\":\"https:\/\/www.gaveanews.com\/#\/schema\/person\/daf63eec72e1164eb13dc35096c2b8da\",\"name\":\"Paula Silva\",\"image\":{\"@type\":\"ImageObject\",\"inLanguage\":\"pt-BR\",\"@id\":\"https:\/\/www.gaveanews.com\/#\/schema\/person\/image\/\",\"url\":\"https:\/\/secure.gravatar.com\/avatar\/eda381c845527cc5d64c13b901833cda29d97500ba040d3e6461f76f51d163bb?s=96&d=mm&r=g\",\"contentUrl\":\"https:\/\/secure.gravatar.com\/avatar\/eda381c845527cc5d64c13b901833cda29d97500ba040d3e6461f76f51d163bb?s=96&d=mm&r=g\",\"caption\":\"Paula Silva\"}}]}<\/script>\n<!-- \/ Yoast SEO Premium plugin. -->","yoast_head_json":{"title":"Fluminense atualiza situa\u00e7\u00e3o de Cano","robots":{"index":"index","follow":"follow","max-snippet":"max-snippet:-1","max-image-preview":"max-image-preview:large","max-video-preview":"max-video-preview:-1"},"canonical":"https:\/\/www.gaveanews.com\/index.php\/2025\/04\/30\/fluminense-atualiza-situacao-de-cano\/","og_locale":"pt_BR","og_type":"article","og_title":"Fluminense atualiza situa\u00e7\u00e3o de Cano","og_description":"O atacante Germ\u00e1n Cano, um dos principais destaques do Fluminense, sofreu uma les\u00e3o preocupante no joelho esquerdo durante a vit\u00f3ria por 1 a 0 contra a Aparecidense, v\u00e1lida pela Copa do Brasil. Aos seis minutos do primeiro tempo, ap\u00f3s disputa a\u00e9rea com o zagueiro Lucas Rocha, Cano caiu com parte do corpo do advers\u00e1rio sobre [&hellip;]","og_url":"https:\/\/www.gaveanews.com\/index.php\/2025\/04\/30\/fluminense-atualiza-situacao-de-cano\/","og_site_name":"G\u00e1vea News","article_publisher":"https:\/\/facebook.com\/gaveaNews\/","article_published_time":"2025-05-01T00:00:00+00:00","og_image":[{"width":908,"height":637,"url":"https:\/\/www.gaveanews.com\/wp-content\/uploads\/German-Cano-em-acao-pelo-Fluminense.webp","type":"image\/jpeg"}],"author":"Paula Silva","twitter_card":"summary_large_image","twitter_misc":{"Escrito por":"Paula Silva","Est. tempo de leitura":"2 minutos"},"schema":{"@context":"https:\/\/schema.org","@graph":[{"@type":"NewsArticle","@id":"https:\/\/www.gaveanews.com\/index.php\/2025\/04\/30\/fluminense-atualiza-situacao-de-cano\/#article","isPartOf":{"@id":"https:\/\/www.gaveanews.com\/index.php\/2025\/04\/30\/fluminense-atualiza-situacao-de-cano\/"},"author":{"name":"Paula Silva","@id":"https:\/\/www.gaveanews.com\/#\/schema\/person\/daf63eec72e1164eb13dc35096c2b8da"},"headline":"Fluminense atualiza situa\u00e7\u00e3o de Cano","datePublished":"2025-05-01T00:00:00+00:00","mainEntityOfPage":{"@id":"https:\/\/www.gaveanews.com\/index.php\/2025\/04\/30\/fluminense-atualiza-situacao-de-cano\/"},"wordCount":354,"commentCount":0,"image":{"@id":"https:\/\/www.gaveanews.com\/index.php\/2025\/04\/30\/fluminense-atualiza-situacao-de-cano\/#primaryimage"},"thumbnailUrl":"https:\/\/www.gaveanews.com\/wp-content\/uploads\/German-Cano-em-acao-pelo-Fluminense.webp","articleSection":["Fluminense"],"inLanguage":"pt-BR","potentialAction":[{"@type":"CommentAction","name":"Comment","target":["https:\/\/www.gaveanews.com\/index.php\/2025\/04\/30\/fluminense-atualiza-situacao-de-cano\/#respond"]}],"copyrightYear":"2025","copyrightHolder":{"@id":"https:\/\/www.gaveanews.com\/#organization"}},{"@type":"WebPage","@id":"https:\/\/www.gaveanews.com\/index.php\/2025\/04\/30\/fluminense-atualiza-situacao-de-cano\/","url":"https:\/\/www.gaveanews.com\/index.php\/2025\/04\/30\/fluminense-atualiza-situacao-de-cano\/","name":"Fluminense atualiza situa\u00e7\u00e3o de Cano","isPartOf":{"@id":"https:\/\/www.gaveanews.com\/#website"},"primaryImageOfPage":{"@id":"https:\/\/www.gaveanews.com\/index.php\/2025\/04\/30\/fluminense-atualiza-situacao-de-cano\/#primaryimage"},"image":{"@id":"https:\/\/www.gaveanews.com\/index.php\/2025\/04\/30\/fluminense-atualiza-situacao-de-cano\/#primaryimage"},"thumbnailUrl":"https:\/\/www.gaveanews.com\/wp-content\/uploads\/German-Cano-em-acao-pelo-Fluminense.webp","datePublished":"2025-05-01T00:00:00+00:00","author":{"@id":"https:\/\/www.gaveanews.com\/#\/schema\/person\/daf63eec72e1164eb13dc35096c2b8da"},"breadcrumb":{"@id":"https:\/\/www.gaveanews.com\/index.php\/2025\/04\/30\/fluminense-atualiza-situacao-de-cano\/#breadcrumb"},"inLanguage":"pt-BR","potentialAction":[{"@type":"ReadAction","target":["https:\/\/www.gaveanews.com\/index.php\/2025\/04\/30\/fluminense-atualiza-situacao-de-cano\/"]}]},{"@type":"ImageObject","inLanguage":"pt-BR","@id":"https:\/\/www.gaveanews.com\/index.php\/2025\/04\/30\/fluminense-atualiza-situacao-de-cano\/#primaryimage","url":"https:\/\/www.gaveanews.com\/wp-content\/uploads\/German-Cano-em-acao-pelo-Fluminense.webp","contentUrl":"https:\/\/www.gaveanews.com\/wp-content\/uploads\/German-Cano-em-acao-pelo-Fluminense.webp","width":908,"height":637,"caption":"Germ\u00e1n Cano em a\u00e7\u00e3o pelo Fluminense (Foto: Lucas Mer\u00e7on\/Fluminense)"},{"@type":"BreadcrumbList","@id":"https:\/\/www.gaveanews.com\/index.php\/2025\/04\/30\/fluminense-atualiza-situacao-de-cano\/#breadcrumb","itemListElement":[{"@type":"ListItem","position":1,"name":"Home","item":"https:\/\/www.gaveanews.com\/"},{"@type":"ListItem","position":2,"name":"Fluminense atualiza situa\u00e7\u00e3o de Cano"}]},{"@type":"WebSite","@id":"https:\/\/www.gaveanews.com\/#website","url":"https:\/\/www.gaveanews.com\/","name":"G\u00e1vea News","description":"Veja todas as not\u00edcias sobre o Flamengo: Contrata\u00e7\u00f5es, categorias de base, resultados das partidas, tabela de classifica\u00e7\u00e3o, pr\u00f3ximos jogos!","potentialAction":[{"@type":"SearchAction","target":{"@type":"EntryPoint","urlTemplate":"https:\/\/www.gaveanews.com\/?s={search_term_string}"},"query-input":{"@type":"PropertyValueSpecification","valueRequired":true,"valueName":"search_term_string"}}],"inLanguage":"pt-BR"},{"@type":"Person","@id":"https:\/\/www.gaveanews.com\/#\/schema\/person\/daf63eec72e1164eb13dc35096c2b8da","name":"Paula Silva","image":{"@type":"ImageObject","inLanguage":"pt-BR","@id":"https:\/\/www.gaveanews.com\/#\/schema\/person\/image\/","url":"https:\/\/secure.gravatar.com\/avatar\/eda381c845527cc5d64c13b901833cda29d97500ba040d3e6461f76f51d163bb?s=96&d=mm&r=g","contentUrl":"https:\/\/secure.gravatar.com\/avatar\/eda381c845527cc5d64c13b901833cda29d97500ba040d3e6461f76f51d163bb?s=96&d=mm&r=g","caption":"Paula Silva"}}]}},"_links":{"self":[{"href":"https:\/\/www.gaveanews.com\/index.php\/wp-json\/wp\/v2\/posts\/259458","targetHints":{"allow":["GET"]}}],"collection":[{"href":"https:\/\/www.gaveanews.com\/index.php\/wp-json\/wp\/v2\/posts"}],"about":[{"href":"https:\/\/www.gaveanews.com\/index.php\/wp-json\/wp\/v2\/types\/post"}],"author":[{"embeddable":true,"href":"https:\/\/www.gaveanews.com\/index.php\/wp-json\/wp\/v2\/users\/18"}],"replies":[{"embeddable":true,"href":"https:\/\/www.gaveanews.com\/index.php\/wp-json\/wp\/v2\/comments?post=259458"}],"version-history":[{"count":1,"href":"https:\/\/www.gaveanews.com\/index.php\/wp-json\/wp\/v2\/posts\/259458\/revisions"}],"predecessor-version":[{"id":259460,"href":"https:\/\/www.gaveanews.com\/index.php\/wp-json\/wp\/v2\/posts\/259458\/revisions\/259460"}],"wp:featuredmedia":[{"embeddable":true,"href":"https:\/\/www.gaveanews.com\/index.php\/wp-json\/wp\/v2\/media\/170376"}],"wp:attachment":[{"href":"https:\/\/www.gaveanews.com\/index.php\/wp-json\/wp\/v2\/media?parent=259458"}],"wp:term":[{"taxonomy":"category","embeddable":true,"href":"https:\/\/www.gaveanews.com\/index.php\/wp-json\/wp\/v2\/categories?post=259458"},{"taxonomy":"post_tag","embeddable":true,"href":"https:\/\/www.gaveanews.com\/index.php\/wp-json\/wp\/v2\/tags?post=259458"}],"curies":[{"name":"wp","href":"https:\/\/api.w.org\/{rel}","templated":true}]}}