{"id":259481,"date":"2025-04-30T23:00:00","date_gmt":"2025-05-01T02:00:00","guid":{"rendered":"https:\/\/www.gaveanews.com\/?p=259481"},"modified":"2025-04-30T19:43:13","modified_gmt":"2025-04-30T22:43:13","slug":"mudancas-de-dorival-primeiro-treino-e-declaracao-de-andre-rizek-as-ultimas-noticias-do-corinthians","status":"publish","type":"post","link":"https:\/\/www.gaveanews.com\/index.php\/2025\/04\/30\/mudancas-de-dorival-primeiro-treino-e-declaracao-de-andre-rizek-as-ultimas-noticias-do-corinthians\/","title":{"rendered":"Mudan\u00e7as de Dorival, primeiro treino e declara\u00e7\u00e3o de Andr\u00e9 Rizek: as \u00faltimas not\u00edcias do Corinthians"},"content":{"rendered":"\n<p>Nas \u00faltimas horas, o foco das not\u00edcias sobre o Corinthians se concentram nos bastidores do clube, com destaques do dia a dia do time.<\/p>\n\n\n\n<p>Por conta deste contexto, leia abaixo um resumo preparado pela equipe do portal G\u00e1vea News para lhe manter muito bem informado!<\/p>\n\n\n\n<div class=\"wp-block-group\"><div class=\"wp-block-group__inner-container is-layout-constrained wp-block-group-is-layout-constrained\">\n<div class=\"wp-block-group\"><div class=\"wp-block-group__inner-container is-layout-constrained wp-block-group-is-layout-constrained\">\n<h2 class=\"wp-block-heading\" id=\"h-declaracao-de-andre-rizek\">Declara\u00e7\u00e3o de Andr\u00e9 Rizek<\/h2>\n\n\n\n<p>Durante uma an\u00e1lise no SporTV, Andr\u00e9 Rizek destacou com clareza a dist\u00e2ncia estrutural entre Flamengo e Corinthians. Para o jornalista, a goleada por 4 a 0 aplicada no \u00faltimo confronto reflete fielmente o abismo atual entre os clubes. Rizek apontou que enquanto o Flamengo se consolidou como modelo de gest\u00e3o e estabilidade financeira, o Corinthians vive uma crise administrativa profunda, com d\u00edvidas que ultrapassam os R$ 2,5 bilh\u00f5es<strong><a href=\"https:\/\/www.gaveanews.com\/index.php\/2025\/04\/29\/a-declaracao-de-andre-rizek-direcionada-ao-corinthians-2\/\"> (leia a mat\u00e9ria completa).<\/a><\/strong><\/p>\n\n\n\n<figure class=\"wp-block-image size-full\"><img loading=\"lazy\" decoding=\"async\" width=\"795\" height=\"448\" src=\"http:\/\/www.gaveanews.com\/wp-content\/uploads\/Andre-Rizek-durante-um-programa-do-SporTV.webp\" alt=\"\" class=\"wp-image-101875\" srcset=\"https:\/\/www.gaveanews.com\/wp-content\/uploads\/Andre-Rizek-durante-um-programa-do-SporTV.webp 795w, https:\/\/www.gaveanews.com\/wp-content\/uploads\/Andre-Rizek-durante-um-programa-do-SporTV-300x169.webp 300w, https:\/\/www.gaveanews.com\/wp-content\/uploads\/Andre-Rizek-durante-um-programa-do-SporTV-768x433.webp 768w, https:\/\/www.gaveanews.com\/wp-content\/uploads\/Andre-Rizek-durante-um-programa-do-SporTV-745x420.webp 745w, https:\/\/www.gaveanews.com\/wp-content\/uploads\/Andre-Rizek-durante-um-programa-do-SporTV-640x361.webp 640w, https:\/\/www.gaveanews.com\/wp-content\/uploads\/Andre-Rizek-durante-um-programa-do-SporTV-681x384.webp 681w, https:\/\/www.gaveanews.com\/wp-content\/uploads\/Andre-Rizek-durante-um-programa-do-SporTV-100x56.webp 100w\" sizes=\"auto, (max-width: 795px) 100vw, 795px\" \/><figcaption class=\"wp-element-caption\">Andr\u00e9 Rizek durante um programa do SporTV (Foto: Reprodu\u00e7\u00e3o\/SporTV)<\/figcaption><\/figure>\n\n\n\n<p>Ao comparar o presente com o passado recente, Rizek lembrou que a situa\u00e7\u00e3o j\u00e1 foi inversa: o Corinthians era refer\u00eancia nacional em conquistas, enquanto o Flamengo buscava se reorganizar. <\/p>\n\n\n\n<p>Agora, segundo ele, o Rubro-Negro colhe os frutos de um trabalho de mais de uma d\u00e9cada, enquanto o time paulista segue sem sinais de aprendizado ou recupera\u00e7\u00e3o. Al\u00e9m disso, o comentarista observou que nos \u00faltimos 13 jogos entre os dois clubes, o Corinthians venceu apenas tr\u00eas vezes, enquanto o Flamengo soma oito triunfos e dois empates.<\/p>\n\n\n\n<p>Rizek tamb\u00e9m comentou sobre a chegada de Dorival J\u00fanior ao comando do Tim\u00e3o. Em sua vis\u00e3o, o treinador aceitou uma \u201cbucha\u201d, pois herda um elenco limitado e um cen\u00e1rio sem grandes expectativas para o Brasileir\u00e3o. Assim, o foco da equipe seria sobreviver nas copas, em vez de sonhar alto. Ao final, o jornalista criticou duramente as gest\u00f5es recentes do Corinthians, afirmando que nenhuma delas soube extrair li\u00e7\u00f5es do exemplo de sucesso do rival carioca.<\/p>\n\n\n\n<h2 class=\"wp-block-heading\" id=\"h-primeiro-treino\">Primeiro treino<\/h2>\n\n\n\n<p>Dorival J\u00fanior iniciou oficialmente sua trajet\u00f3ria como t\u00e9cnico do Corinthians nesta segunda-feira (28), poucas horas ap\u00f3s ter seu nome registrado no BID da CBF. O treinador comandou sua primeira atividade no CT Dr. Joaquim Grava, mesmo em meio a um ambiente de press\u00e3o ap\u00f3s a goleada sofrida para o Flamengo. Com parte do elenco em regime regenerativo, o restante dos jogadores participou de exerc\u00edcios focados em posse de bola e movimenta\u00e7\u00e3o ofensiva, sinalizando a inten\u00e7\u00e3o de Dorival em implementar um estilo mais propositivo no clube paulista<strong><a href=\"https:\/\/www.gaveanews.com\/index.php\/2025\/04\/29\/veja-como-foi-o-primeiro-treino-de-dorival-junior-como-tecnico-do-corinthians\/\"> (leia a mat\u00e9ria completa).<\/a><\/strong><\/p>\n\n\n\n<figure class=\"wp-block-image size-full\"><img loading=\"lazy\" decoding=\"async\" width=\"832\" height=\"850\" src=\"http:\/\/www.gaveanews.com\/wp-content\/uploads\/Gustavo-Mosquito-pelo-Corinthians.webp\" alt=\"\" class=\"wp-image-172497\" srcset=\"https:\/\/www.gaveanews.com\/wp-content\/uploads\/Gustavo-Mosquito-pelo-Corinthians.webp 832w, https:\/\/www.gaveanews.com\/wp-content\/uploads\/Gustavo-Mosquito-pelo-Corinthians-294x300.webp 294w, https:\/\/www.gaveanews.com\/wp-content\/uploads\/Gustavo-Mosquito-pelo-Corinthians-768x785.webp 768w, https:\/\/www.gaveanews.com\/wp-content\/uploads\/Gustavo-Mosquito-pelo-Corinthians-411x420.webp 411w, https:\/\/www.gaveanews.com\/wp-content\/uploads\/Gustavo-Mosquito-pelo-Corinthians-822x840.webp 822w, https:\/\/www.gaveanews.com\/wp-content\/uploads\/Gustavo-Mosquito-pelo-Corinthians-640x654.webp 640w, https:\/\/www.gaveanews.com\/wp-content\/uploads\/Gustavo-Mosquito-pelo-Corinthians-681x696.webp 681w, https:\/\/www.gaveanews.com\/wp-content\/uploads\/Gustavo-Mosquito-pelo-Corinthians-100x102.webp 100w\" sizes=\"auto, (max-width: 832px) 100vw, 832px\" \/><figcaption class=\"wp-element-caption\">Gustavo Mosquito pelo Corinthians (Foto: Rodrigo Coca\/Ag Corinthians)<\/figcaption><\/figure>\n\n\n\n<p>No treino, Dorival tamb\u00e9m introduziu atividades t\u00e1ticas voltadas ao enfrentamento direto, testando alternativas para refor\u00e7ar o dom\u00ednio territorial e ofensivo da equipe. O primeiro desafio oficial do treinador acontece j\u00e1 nesta quarta-feira (30), na terceira fase da Copa do Brasil, contra o Novorizontino. A prepara\u00e7\u00e3o para essa partida foi o foco do treino, especialmente diante da necessidade urgente de rea\u00e7\u00e3o ap\u00f3s o rev\u00e9s no Maracan\u00e3.<\/p>\n\n\n\n<p>Al\u00e9m do compromisso imediato pela Copa do Brasil, o Corinthians ter\u00e1 outro teste importante no s\u00e1bado (3), contra o Internacional, pela s\u00e9tima rodada do Campeonato Brasileiro. Dorival assume o Tim\u00e3o em um momento de instabilidade t\u00e9cnica e pol\u00edtica, com a miss\u00e3o de reorganizar a equipe e devolver confian\u00e7a ao elenco. Seu trabalho inicial \u00e9 visto como determinante para iniciar uma nova fase no clube e reconquistar o torcedor.<\/p>\n\n\n\n<h2 class=\"wp-block-heading\" id=\"h-mudancas-de-dorival\">Mudan\u00e7as de Dorival<\/h2>\n\n\n\n<p>Dorival J\u00fanior estrear\u00e1 no comando do Corinthians nesta quarta-feira (30), diante do Novorizontino, pela Copa Betano do Brasil. A chegada do treinador acontece em meio a forte press\u00e3o por resultados e ap\u00f3s cobran\u00e7a p\u00fablica da torcida organizada Gavi\u00f5es da Fiel. Dorival assume uma equipe ainda sem identidade definida e com necessidade de respostas r\u00e1pidas dentro de campo<strong><a href=\"https:\/\/www.gaveanews.com\/index.php\/2025\/04\/29\/dorival-jr-prepara-grandes-mudancas-no-corinthians\/\"> (leia a mat\u00e9ria completa).<\/a><\/strong><\/p>\n\n\n\n<figure class=\"wp-block-image size-large\"><img loading=\"lazy\" decoding=\"async\" width=\"1024\" height=\"768\" src=\"http:\/\/www.gaveanews.com\/wp-content\/uploads\/Dorival-Jr.-em-sua-primeira-coletiva-como-tecnico-do-Corinthians-1024x768.webp\" alt=\"Dorival Jr. em sua primeira coletiva como t\u00e9cnico do Corinthians - Foto: Rodrigo Coca\/Ag\u00eancia SCCP\" class=\"wp-image-258834\" srcset=\"https:\/\/www.gaveanews.com\/wp-content\/uploads\/Dorival-Jr.-em-sua-primeira-coletiva-como-tecnico-do-Corinthians-1024x768.webp 1024w, https:\/\/www.gaveanews.com\/wp-content\/uploads\/Dorival-Jr.-em-sua-primeira-coletiva-como-tecnico-do-Corinthians-300x225.webp 300w, https:\/\/www.gaveanews.com\/wp-content\/uploads\/Dorival-Jr.-em-sua-primeira-coletiva-como-tecnico-do-Corinthians-768x576.webp 768w, https:\/\/www.gaveanews.com\/wp-content\/uploads\/Dorival-Jr.-em-sua-primeira-coletiva-como-tecnico-do-Corinthians-560x420.webp 560w, https:\/\/www.gaveanews.com\/wp-content\/uploads\/Dorival-Jr.-em-sua-primeira-coletiva-como-tecnico-do-Corinthians-1120x840.webp 1120w, https:\/\/www.gaveanews.com\/wp-content\/uploads\/Dorival-Jr.-em-sua-primeira-coletiva-como-tecnico-do-Corinthians-80x60.webp 80w, https:\/\/www.gaveanews.com\/wp-content\/uploads\/Dorival-Jr.-em-sua-primeira-coletiva-como-tecnico-do-Corinthians-160x120.webp 160w, https:\/\/www.gaveanews.com\/wp-content\/uploads\/Dorival-Jr.-em-sua-primeira-coletiva-como-tecnico-do-Corinthians-100x75.webp 100w, https:\/\/www.gaveanews.com\/wp-content\/uploads\/Dorival-Jr.-em-sua-primeira-coletiva-como-tecnico-do-Corinthians-200x150.webp 200w, https:\/\/www.gaveanews.com\/wp-content\/uploads\/Dorival-Jr.-em-sua-primeira-coletiva-como-tecnico-do-Corinthians-180x135.webp 180w, https:\/\/www.gaveanews.com\/wp-content\/uploads\/Dorival-Jr.-em-sua-primeira-coletiva-como-tecnico-do-Corinthians-360x270.webp 360w, https:\/\/www.gaveanews.com\/wp-content\/uploads\/Dorival-Jr.-em-sua-primeira-coletiva-como-tecnico-do-Corinthians-238x178.webp 238w, https:\/\/www.gaveanews.com\/wp-content\/uploads\/Dorival-Jr.-em-sua-primeira-coletiva-como-tecnico-do-Corinthians-476x356.webp 476w, https:\/\/www.gaveanews.com\/wp-content\/uploads\/Dorival-Jr.-em-sua-primeira-coletiva-como-tecnico-do-Corinthians-640x480.webp 640w, https:\/\/www.gaveanews.com\/wp-content\/uploads\/Dorival-Jr.-em-sua-primeira-coletiva-como-tecnico-do-Corinthians-681x511.webp 681w, https:\/\/www.gaveanews.com\/wp-content\/uploads\/Dorival-Jr.-em-sua-primeira-coletiva-como-tecnico-do-Corinthians.webp 1200w\" sizes=\"auto, (max-width: 1024px) 100vw, 1024px\" \/><figcaption class=\"wp-element-caption\">Dorival Jr. em sua primeira coletiva como t\u00e9cnico do Corinthians &#8211; Foto: Rodrigo Coca\/Ag\u00eancia SCCP<\/figcaption><\/figure>\n\n\n\n<p>Nos primeiros treinos, o t\u00e9cnico come\u00e7ou a implementar seu estilo caracter\u00edstico, baseado em posse de bola, triangula\u00e7\u00f5es curtas e amplitude pelos lados do campo. Esquemas como 4-4-2, 4-3-3 e 4-2-3-1 devem ser testados, e nomes como Yuri Alberto, Depay, Garro e Carrillo podem ganhar protagonismo no novo modelo. A proposta t\u00e1tica busca um jogo mais fluido, ofensivo e bem estruturado.<\/p>\n\n\n\n<p>Reconhecido pela capacidade de equilibrar defesa e ataque, Dorival aposta na compacta\u00e7\u00e3o e na ocupa\u00e7\u00e3o inteligente dos espa\u00e7os para transformar o desempenho do time. A miss\u00e3o \u00e9 ambiciosa: recolocar o Corinthians no caminho das vit\u00f3rias em um momento de turbul\u00eancia pol\u00edtica e esportiva, e com m\u00faltiplos torneios simult\u00e2neos no calend\u00e1rio.<\/p>\n<\/div><\/div>\n<\/div><\/div>\n","protected":false},"excerpt":{"rendered":"<p>Nas \u00faltimas horas, o foco das not\u00edcias sobre o Corinthians se concentram nos bastidores do clube, com destaques do dia a dia do time. Por conta deste contexto, leia abaixo um resumo preparado pela equipe do portal G\u00e1vea News para lhe manter muito bem informado! Declara\u00e7\u00e3o de Andr\u00e9 Rizek Durante uma an\u00e1lise no SporTV, Andr\u00e9 [&hellip;]<\/p>\n","protected":false},"author":33,"featured_media":146952,"comment_status":"open","ping_status":"closed","sticky":false,"template":"","format":"standard","meta":{"footnotes":""},"categories":[141],"tags":[],"class_list":["post-259481","post","type-post","status-publish","format-standard","has-post-thumbnail","hentry","category-corinthians"],"yoast_head":"<!-- This site is optimized with the Yoast SEO Premium plugin v24.2 (Yoast SEO v26.9) - https:\/\/yoast.com\/product\/yoast-seo-premium-wordpress\/ -->\n<title>Mudan\u00e7as de Dorival, primeiro treino e declara\u00e7\u00e3o de Andr\u00e9 Rizek: as \u00faltimas not\u00edcias do Corinthians<\/title>\n<meta name=\"robots\" content=\"index, follow, max-snippet:-1, max-image-preview:large, max-video-preview:-1\" \/>\n<link rel=\"canonical\" href=\"https:\/\/www.gaveanews.com\/index.php\/2025\/04\/30\/mudancas-de-dorival-primeiro-treino-e-declaracao-de-andre-rizek-as-ultimas-noticias-do-corinthians\/\" \/>\n<meta property=\"og:locale\" content=\"pt_BR\" \/>\n<meta property=\"og:type\" content=\"article\" \/>\n<meta property=\"og:title\" content=\"Mudan\u00e7as de Dorival, primeiro treino e declara\u00e7\u00e3o de Andr\u00e9 Rizek: as \u00faltimas not\u00edcias do Corinthians\" \/>\n<meta property=\"og:description\" content=\"Nas \u00faltimas horas, o foco das not\u00edcias sobre o Corinthians se concentram nos bastidores do clube, com destaques do dia a dia do time. Por conta deste contexto, leia abaixo um resumo preparado pela equipe do portal G\u00e1vea News para lhe manter muito bem informado! Declara\u00e7\u00e3o de Andr\u00e9 Rizek Durante uma an\u00e1lise no SporTV, Andr\u00e9 [&hellip;]\" \/>\n<meta property=\"og:url\" content=\"https:\/\/www.gaveanews.com\/index.php\/2025\/04\/30\/mudancas-de-dorival-primeiro-treino-e-declaracao-de-andre-rizek-as-ultimas-noticias-do-corinthians\/\" \/>\n<meta property=\"og:site_name\" content=\"G\u00e1vea News\" \/>\n<meta property=\"article:publisher\" content=\"https:\/\/facebook.com\/gaveaNews\/\" \/>\n<meta property=\"article:published_time\" content=\"2025-05-01T02:00:00+00:00\" \/>\n<meta property=\"og:image\" content=\"https:\/\/www.gaveanews.com\/wp-content\/uploads\/Bandeira-do-Corinthians.webp\" \/>\n\t<meta property=\"og:image:width\" content=\"1048\" \/>\n\t<meta property=\"og:image:height\" content=\"699\" \/>\n\t<meta property=\"og:image:type\" content=\"image\/webp\" \/>\n<meta name=\"author\" content=\"Brenda Cezillo\" \/>\n<meta name=\"twitter:card\" content=\"summary_large_image\" \/>\n<meta name=\"twitter:label1\" content=\"Escrito por\" \/>\n\t<meta name=\"twitter:data1\" content=\"Brenda Cezillo\" \/>\n\t<meta name=\"twitter:label2\" content=\"Est. tempo de leitura\" \/>\n\t<meta name=\"twitter:data2\" content=\"5 minutos\" \/>\n<script type=\"application\/ld+json\" class=\"yoast-schema-graph\">{\"@context\":\"https:\/\/schema.org\",\"@graph\":[{\"@type\":\"NewsArticle\",\"@id\":\"https:\/\/www.gaveanews.com\/index.php\/2025\/04\/30\/mudancas-de-dorival-primeiro-treino-e-declaracao-de-andre-rizek-as-ultimas-noticias-do-corinthians\/#article\",\"isPartOf\":{\"@id\":\"https:\/\/www.gaveanews.com\/index.php\/2025\/04\/30\/mudancas-de-dorival-primeiro-treino-e-declaracao-de-andre-rizek-as-ultimas-noticias-do-corinthians\/\"},\"author\":{\"name\":\"Brenda Cezillo\",\"@id\":\"https:\/\/www.gaveanews.com\/#\/schema\/person\/c79759ca337c40791ae8d08e2923d403\"},\"headline\":\"Mudan\u00e7as de Dorival, primeiro treino e declara\u00e7\u00e3o de Andr\u00e9 Rizek: as \u00faltimas not\u00edcias do Corinthians\",\"datePublished\":\"2025-05-01T02:00:00+00:00\",\"mainEntityOfPage\":{\"@id\":\"https:\/\/www.gaveanews.com\/index.php\/2025\/04\/30\/mudancas-de-dorival-primeiro-treino-e-declaracao-de-andre-rizek-as-ultimas-noticias-do-corinthians\/\"},\"wordCount\":802,\"commentCount\":0,\"image\":{\"@id\":\"https:\/\/www.gaveanews.com\/index.php\/2025\/04\/30\/mudancas-de-dorival-primeiro-treino-e-declaracao-de-andre-rizek-as-ultimas-noticias-do-corinthians\/#primaryimage\"},\"thumbnailUrl\":\"https:\/\/www.gaveanews.com\/wp-content\/uploads\/Bandeira-do-Corinthians.webp\",\"articleSection\":[\"Corinthians\"],\"inLanguage\":\"pt-BR\",\"potentialAction\":[{\"@type\":\"CommentAction\",\"name\":\"Comment\",\"target\":[\"https:\/\/www.gaveanews.com\/index.php\/2025\/04\/30\/mudancas-de-dorival-primeiro-treino-e-declaracao-de-andre-rizek-as-ultimas-noticias-do-corinthians\/#respond\"]}],\"copyrightYear\":\"2025\",\"copyrightHolder\":{\"@id\":\"https:\/\/www.gaveanews.com\/#organization\"}},{\"@type\":\"WebPage\",\"@id\":\"https:\/\/www.gaveanews.com\/index.php\/2025\/04\/30\/mudancas-de-dorival-primeiro-treino-e-declaracao-de-andre-rizek-as-ultimas-noticias-do-corinthians\/\",\"url\":\"https:\/\/www.gaveanews.com\/index.php\/2025\/04\/30\/mudancas-de-dorival-primeiro-treino-e-declaracao-de-andre-rizek-as-ultimas-noticias-do-corinthians\/\",\"name\":\"Mudan\u00e7as de Dorival, primeiro treino e declara\u00e7\u00e3o de Andr\u00e9 Rizek: as \u00faltimas not\u00edcias do Corinthians\",\"isPartOf\":{\"@id\":\"https:\/\/www.gaveanews.com\/#website\"},\"primaryImageOfPage\":{\"@id\":\"https:\/\/www.gaveanews.com\/index.php\/2025\/04\/30\/mudancas-de-dorival-primeiro-treino-e-declaracao-de-andre-rizek-as-ultimas-noticias-do-corinthians\/#primaryimage\"},\"image\":{\"@id\":\"https:\/\/www.gaveanews.com\/index.php\/2025\/04\/30\/mudancas-de-dorival-primeiro-treino-e-declaracao-de-andre-rizek-as-ultimas-noticias-do-corinthians\/#primaryimage\"},\"thumbnailUrl\":\"https:\/\/www.gaveanews.com\/wp-content\/uploads\/Bandeira-do-Corinthians.webp\",\"datePublished\":\"2025-05-01T02:00:00+00:00\",\"author\":{\"@id\":\"https:\/\/www.gaveanews.com\/#\/schema\/person\/c79759ca337c40791ae8d08e2923d403\"},\"breadcrumb\":{\"@id\":\"https:\/\/www.gaveanews.com\/index.php\/2025\/04\/30\/mudancas-de-dorival-primeiro-treino-e-declaracao-de-andre-rizek-as-ultimas-noticias-do-corinthians\/#breadcrumb\"},\"inLanguage\":\"pt-BR\",\"potentialAction\":[{\"@type\":\"ReadAction\",\"target\":[\"https:\/\/www.gaveanews.com\/index.php\/2025\/04\/30\/mudancas-de-dorival-primeiro-treino-e-declaracao-de-andre-rizek-as-ultimas-noticias-do-corinthians\/\"]}]},{\"@type\":\"ImageObject\",\"inLanguage\":\"pt-BR\",\"@id\":\"https:\/\/www.gaveanews.com\/index.php\/2025\/04\/30\/mudancas-de-dorival-primeiro-treino-e-declaracao-de-andre-rizek-as-ultimas-noticias-do-corinthians\/#primaryimage\",\"url\":\"https:\/\/www.gaveanews.com\/wp-content\/uploads\/Bandeira-do-Corinthians.webp\",\"contentUrl\":\"https:\/\/www.gaveanews.com\/wp-content\/uploads\/Bandeira-do-Corinthians.webp\",\"width\":1048,\"height\":699,\"caption\":\"Bandeira do Corinthians (Foto Reprodu\u00e7\u00e3o\/Instagram)\"},{\"@type\":\"BreadcrumbList\",\"@id\":\"https:\/\/www.gaveanews.com\/index.php\/2025\/04\/30\/mudancas-de-dorival-primeiro-treino-e-declaracao-de-andre-rizek-as-ultimas-noticias-do-corinthians\/#breadcrumb\",\"itemListElement\":[{\"@type\":\"ListItem\",\"position\":1,\"name\":\"Home\",\"item\":\"https:\/\/www.gaveanews.com\/\"},{\"@type\":\"ListItem\",\"position\":2,\"name\":\"Mudan\u00e7as de Dorival, primeiro treino e declara\u00e7\u00e3o de Andr\u00e9 Rizek: as \u00faltimas not\u00edcias do Corinthians\"}]},{\"@type\":\"WebSite\",\"@id\":\"https:\/\/www.gaveanews.com\/#website\",\"url\":\"https:\/\/www.gaveanews.com\/\",\"name\":\"G\u00e1vea News\",\"description\":\"Veja todas as not\u00edcias sobre o Flamengo: Contrata\u00e7\u00f5es, categorias de base, resultados das partidas, tabela de classifica\u00e7\u00e3o, pr\u00f3ximos jogos!\",\"potentialAction\":[{\"@type\":\"SearchAction\",\"target\":{\"@type\":\"EntryPoint\",\"urlTemplate\":\"https:\/\/www.gaveanews.com\/?s={search_term_string}\"},\"query-input\":{\"@type\":\"PropertyValueSpecification\",\"valueRequired\":true,\"valueName\":\"search_term_string\"}}],\"inLanguage\":\"pt-BR\"},{\"@type\":\"Person\",\"@id\":\"https:\/\/www.gaveanews.com\/#\/schema\/person\/c79759ca337c40791ae8d08e2923d403\",\"name\":\"Brenda Cezillo\",\"image\":{\"@type\":\"ImageObject\",\"inLanguage\":\"pt-BR\",\"@id\":\"https:\/\/www.gaveanews.com\/#\/schema\/person\/image\/\",\"url\":\"https:\/\/secure.gravatar.com\/avatar\/1738d75cee7317f9c29ae61dd67620c5883d80a92e42a6fff88ae5d527af217a?s=96&d=mm&r=g\",\"contentUrl\":\"https:\/\/secure.gravatar.com\/avatar\/1738d75cee7317f9c29ae61dd67620c5883d80a92e42a6fff88ae5d527af217a?s=96&d=mm&r=g\",\"caption\":\"Brenda Cezillo\"}}]}<\/script>\n<!-- \/ Yoast SEO Premium plugin. -->","yoast_head_json":{"title":"Mudan\u00e7as de Dorival, primeiro treino e declara\u00e7\u00e3o de Andr\u00e9 Rizek: as \u00faltimas not\u00edcias do Corinthians","robots":{"index":"index","follow":"follow","max-snippet":"max-snippet:-1","max-image-preview":"max-image-preview:large","max-video-preview":"max-video-preview:-1"},"canonical":"https:\/\/www.gaveanews.com\/index.php\/2025\/04\/30\/mudancas-de-dorival-primeiro-treino-e-declaracao-de-andre-rizek-as-ultimas-noticias-do-corinthians\/","og_locale":"pt_BR","og_type":"article","og_title":"Mudan\u00e7as de Dorival, primeiro treino e declara\u00e7\u00e3o de Andr\u00e9 Rizek: as \u00faltimas not\u00edcias do Corinthians","og_description":"Nas \u00faltimas horas, o foco das not\u00edcias sobre o Corinthians se concentram nos bastidores do clube, com destaques do dia a dia do time. Por conta deste contexto, leia abaixo um resumo preparado pela equipe do portal G\u00e1vea News para lhe manter muito bem informado! Declara\u00e7\u00e3o de Andr\u00e9 Rizek Durante uma an\u00e1lise no SporTV, Andr\u00e9 [&hellip;]","og_url":"https:\/\/www.gaveanews.com\/index.php\/2025\/04\/30\/mudancas-de-dorival-primeiro-treino-e-declaracao-de-andre-rizek-as-ultimas-noticias-do-corinthians\/","og_site_name":"G\u00e1vea News","article_publisher":"https:\/\/facebook.com\/gaveaNews\/","article_published_time":"2025-05-01T02:00:00+00:00","og_image":[{"width":1048,"height":699,"url":"https:\/\/www.gaveanews.com\/wp-content\/uploads\/Bandeira-do-Corinthians.webp","type":"image\/webp"}],"author":"Brenda Cezillo","twitter_card":"summary_large_image","twitter_misc":{"Escrito por":"Brenda Cezillo","Est. tempo de leitura":"5 minutos"},"schema":{"@context":"https:\/\/schema.org","@graph":[{"@type":"NewsArticle","@id":"https:\/\/www.gaveanews.com\/index.php\/2025\/04\/30\/mudancas-de-dorival-primeiro-treino-e-declaracao-de-andre-rizek-as-ultimas-noticias-do-corinthians\/#article","isPartOf":{"@id":"https:\/\/www.gaveanews.com\/index.php\/2025\/04\/30\/mudancas-de-dorival-primeiro-treino-e-declaracao-de-andre-rizek-as-ultimas-noticias-do-corinthians\/"},"author":{"name":"Brenda Cezillo","@id":"https:\/\/www.gaveanews.com\/#\/schema\/person\/c79759ca337c40791ae8d08e2923d403"},"headline":"Mudan\u00e7as de Dorival, primeiro treino e declara\u00e7\u00e3o de Andr\u00e9 Rizek: as \u00faltimas not\u00edcias do Corinthians","datePublished":"2025-05-01T02:00:00+00:00","mainEntityOfPage":{"@id":"https:\/\/www.gaveanews.com\/index.php\/2025\/04\/30\/mudancas-de-dorival-primeiro-treino-e-declaracao-de-andre-rizek-as-ultimas-noticias-do-corinthians\/"},"wordCount":802,"commentCount":0,"image":{"@id":"https:\/\/www.gaveanews.com\/index.php\/2025\/04\/30\/mudancas-de-dorival-primeiro-treino-e-declaracao-de-andre-rizek-as-ultimas-noticias-do-corinthians\/#primaryimage"},"thumbnailUrl":"https:\/\/www.gaveanews.com\/wp-content\/uploads\/Bandeira-do-Corinthians.webp","articleSection":["Corinthians"],"inLanguage":"pt-BR","potentialAction":[{"@type":"CommentAction","name":"Comment","target":["https:\/\/www.gaveanews.com\/index.php\/2025\/04\/30\/mudancas-de-dorival-primeiro-treino-e-declaracao-de-andre-rizek-as-ultimas-noticias-do-corinthians\/#respond"]}],"copyrightYear":"2025","copyrightHolder":{"@id":"https:\/\/www.gaveanews.com\/#organization"}},{"@type":"WebPage","@id":"https:\/\/www.gaveanews.com\/index.php\/2025\/04\/30\/mudancas-de-dorival-primeiro-treino-e-declaracao-de-andre-rizek-as-ultimas-noticias-do-corinthians\/","url":"https:\/\/www.gaveanews.com\/index.php\/2025\/04\/30\/mudancas-de-dorival-primeiro-treino-e-declaracao-de-andre-rizek-as-ultimas-noticias-do-corinthians\/","name":"Mudan\u00e7as de Dorival, primeiro treino e declara\u00e7\u00e3o de Andr\u00e9 Rizek: as \u00faltimas not\u00edcias do Corinthians","isPartOf":{"@id":"https:\/\/www.gaveanews.com\/#website"},"primaryImageOfPage":{"@id":"https:\/\/www.gaveanews.com\/index.php\/2025\/04\/30\/mudancas-de-dorival-primeiro-treino-e-declaracao-de-andre-rizek-as-ultimas-noticias-do-corinthians\/#primaryimage"},"image":{"@id":"https:\/\/www.gaveanews.com\/index.php\/2025\/04\/30\/mudancas-de-dorival-primeiro-treino-e-declaracao-de-andre-rizek-as-ultimas-noticias-do-corinthians\/#primaryimage"},"thumbnailUrl":"https:\/\/www.gaveanews.com\/wp-content\/uploads\/Bandeira-do-Corinthians.webp","datePublished":"2025-05-01T02:00:00+00:00","author":{"@id":"https:\/\/www.gaveanews.com\/#\/schema\/person\/c79759ca337c40791ae8d08e2923d403"},"breadcrumb":{"@id":"https:\/\/www.gaveanews.com\/index.php\/2025\/04\/30\/mudancas-de-dorival-primeiro-treino-e-declaracao-de-andre-rizek-as-ultimas-noticias-do-corinthians\/#breadcrumb"},"inLanguage":"pt-BR","potentialAction":[{"@type":"ReadAction","target":["https:\/\/www.gaveanews.com\/index.php\/2025\/04\/30\/mudancas-de-dorival-primeiro-treino-e-declaracao-de-andre-rizek-as-ultimas-noticias-do-corinthians\/"]}]},{"@type":"ImageObject","inLanguage":"pt-BR","@id":"https:\/\/www.gaveanews.com\/index.php\/2025\/04\/30\/mudancas-de-dorival-primeiro-treino-e-declaracao-de-andre-rizek-as-ultimas-noticias-do-corinthians\/#primaryimage","url":"https:\/\/www.gaveanews.com\/wp-content\/uploads\/Bandeira-do-Corinthians.webp","contentUrl":"https:\/\/www.gaveanews.com\/wp-content\/uploads\/Bandeira-do-Corinthians.webp","width":1048,"height":699,"caption":"Bandeira do Corinthians (Foto Reprodu\u00e7\u00e3o\/Instagram)"},{"@type":"BreadcrumbList","@id":"https:\/\/www.gaveanews.com\/index.php\/2025\/04\/30\/mudancas-de-dorival-primeiro-treino-e-declaracao-de-andre-rizek-as-ultimas-noticias-do-corinthians\/#breadcrumb","itemListElement":[{"@type":"ListItem","position":1,"name":"Home","item":"https:\/\/www.gaveanews.com\/"},{"@type":"ListItem","position":2,"name":"Mudan\u00e7as de Dorival, primeiro treino e declara\u00e7\u00e3o de Andr\u00e9 Rizek: as \u00faltimas not\u00edcias do Corinthians"}]},{"@type":"WebSite","@id":"https:\/\/www.gaveanews.com\/#website","url":"https:\/\/www.gaveanews.com\/","name":"G\u00e1vea News","description":"Veja todas as not\u00edcias sobre o Flamengo: Contrata\u00e7\u00f5es, categorias de base, resultados das partidas, tabela de classifica\u00e7\u00e3o, pr\u00f3ximos jogos!","potentialAction":[{"@type":"SearchAction","target":{"@type":"EntryPoint","urlTemplate":"https:\/\/www.gaveanews.com\/?s={search_term_string}"},"query-input":{"@type":"PropertyValueSpecification","valueRequired":true,"valueName":"search_term_string"}}],"inLanguage":"pt-BR"},{"@type":"Person","@id":"https:\/\/www.gaveanews.com\/#\/schema\/person\/c79759ca337c40791ae8d08e2923d403","name":"Brenda Cezillo","image":{"@type":"ImageObject","inLanguage":"pt-BR","@id":"https:\/\/www.gaveanews.com\/#\/schema\/person\/image\/","url":"https:\/\/secure.gravatar.com\/avatar\/1738d75cee7317f9c29ae61dd67620c5883d80a92e42a6fff88ae5d527af217a?s=96&d=mm&r=g","contentUrl":"https:\/\/secure.gravatar.com\/avatar\/1738d75cee7317f9c29ae61dd67620c5883d80a92e42a6fff88ae5d527af217a?s=96&d=mm&r=g","caption":"Brenda Cezillo"}}]}},"_links":{"self":[{"href":"https:\/\/www.gaveanews.com\/index.php\/wp-json\/wp\/v2\/posts\/259481","targetHints":{"allow":["GET"]}}],"collection":[{"href":"https:\/\/www.gaveanews.com\/index.php\/wp-json\/wp\/v2\/posts"}],"about":[{"href":"https:\/\/www.gaveanews.com\/index.php\/wp-json\/wp\/v2\/types\/post"}],"author":[{"embeddable":true,"href":"https:\/\/www.gaveanews.com\/index.php\/wp-json\/wp\/v2\/users\/33"}],"replies":[{"embeddable":true,"href":"https:\/\/www.gaveanews.com\/index.php\/wp-json\/wp\/v2\/comments?post=259481"}],"version-history":[{"count":1,"href":"https:\/\/www.gaveanews.com\/index.php\/wp-json\/wp\/v2\/posts\/259481\/revisions"}],"predecessor-version":[{"id":259537,"href":"https:\/\/www.gaveanews.com\/index.php\/wp-json\/wp\/v2\/posts\/259481\/revisions\/259537"}],"wp:featuredmedia":[{"embeddable":true,"href":"https:\/\/www.gaveanews.com\/index.php\/wp-json\/wp\/v2\/media\/146952"}],"wp:attachment":[{"href":"https:\/\/www.gaveanews.com\/index.php\/wp-json\/wp\/v2\/media?parent=259481"}],"wp:term":[{"taxonomy":"category","embeddable":true,"href":"https:\/\/www.gaveanews.com\/index.php\/wp-json\/wp\/v2\/categories?post=259481"},{"taxonomy":"post_tag","embeddable":true,"href":"https:\/\/www.gaveanews.com\/index.php\/wp-json\/wp\/v2\/tags?post=259481"}],"curies":[{"name":"wp","href":"https:\/\/api.w.org\/{rel}","templated":true}]}}