{"id":259549,"date":"2025-04-30T22:55:00","date_gmt":"2025-05-01T01:55:00","guid":{"rendered":"https:\/\/www.gaveanews.com\/?p=259549"},"modified":"2025-04-30T20:04:38","modified_gmt":"2025-04-30T23:04:38","slug":"situacao-da-saf-decisao-da-diretoria-e-declaracao-de-felipe-melo-as-ultimas-noticias-do-cruzeiro","status":"publish","type":"post","link":"https:\/\/www.gaveanews.com\/index.php\/2025\/04\/30\/situacao-da-saf-decisao-da-diretoria-e-declaracao-de-felipe-melo-as-ultimas-noticias-do-cruzeiro\/","title":{"rendered":"Situa\u00e7\u00e3o da SAF, decis\u00e3o da diretoria e declara\u00e7\u00e3o de Felipe Melo: as \u00faltimas not\u00edcias do Cruzeiro"},"content":{"rendered":"\n<p>Nas \u00faltimas horas, o foco das not\u00edcias sobre o Cruzeiro se concentram nos bastidores do clube, com destaques do dia a dia do time.<\/p>\n\n\n\n<p>Por conta deste contexto, leia abaixo um resumo preparado pela equipe do portal G\u00e1vea News para lhe manter muito bem informado!<\/p>\n\n\n\n<div class=\"wp-block-group\"><div class=\"wp-block-group__inner-container is-layout-constrained wp-block-group-is-layout-constrained\">\n<h2 class=\"wp-block-heading\" id=\"h-declaracao-de-felipe-melo\">Declara\u00e7\u00e3o de Felipe Melo<\/h2>\n\n\n\n<p>Ap\u00f3s a vit\u00f3ria do Cruzeiro sobre o Vasco, o comentarista Felipe Melo criticou publicamente o atacante Dudu durante o programa <em>Fechamento SporTV<\/em>. O ex-volante reprovou as declara\u00e7\u00f5es do jogador, que havia reclamado da reserva imposta pelo t\u00e9cnico Leonardo Jardim. Segundo Melo, o momento \u00e9 de reconstru\u00e7\u00e3o e exige postura profissional. \u201cTem coisas que n\u00e3o precisam ser expostas\u201d, afirmou, defendendo que situa\u00e7\u00f5es como essa sejam resolvidas internamente para preservar o grupo<strong><a href=\"https:\/\/www.gaveanews.com\/index.php\/2025\/04\/29\/a-declaracao-de-felipe-melo-direcionada-a-dudu-do-cruzeiro\/\"> (leia a mat\u00e9ria completa).<\/a><\/strong><\/p>\n\n\n\n<figure class=\"wp-block-image size-full\"><img loading=\"lazy\" decoding=\"async\" width=\"900\" height=\"600\" src=\"http:\/\/www.gaveanews.com\/wp-content\/uploads\/Felipe-Melo-comentarista-da-Rede-Globo.webp\" alt=\"\" class=\"wp-image-244418\"\/><figcaption class=\"wp-element-caption\">Felipe Melo, comentarista da Rede Globo (Foto: Marcelo de Jesus)<\/figcaption><\/figure>\n\n\n\n<p>Felipe Melo ressaltou que o Cruzeiro \u00e9 quem deve estar em primeiro lugar, e que o esfor\u00e7o individual deve ser canalizado para retomar o protagonismo coletivo. <\/p>\n\n\n\n<p>Para ele, qualquer atitude que coloque os interesses pessoais acima da institui\u00e7\u00e3o pode comprometer o clima no vesti\u00e1rio e afetar o desempenho do time. A dire\u00e7\u00e3o do clube j\u00e1 convocou Dudu para uma reuni\u00e3o, e uma rescis\u00e3o contratual est\u00e1 em discuss\u00e3o, especialmente ap\u00f3s ind\u00edcios dados por Pedrinho BH, dono da SAF.<\/p>\n\n\n\n<p>O t\u00e9cnico Leonardo Jardim, por sua vez, negou que a aus\u00eancia do atacante na partida tenha liga\u00e7\u00e3o direta com suas declara\u00e7\u00f5es \u00e0 imprensa, refor\u00e7ando que a decis\u00e3o foi baseada em quest\u00f5es internas. Ainda assim, o clube opta por cautela ao tratar do futuro do atleta. A situa\u00e7\u00e3o de Dudu, somada \u00e0 recente vit\u00f3ria, marca um momento de transi\u00e7\u00e3o no Cruzeiro, que busca consolidar seu elenco e evitar novas crises extracampo.<\/p>\n\n\n\n<h2 class=\"wp-block-heading\" id=\"h-decisao-da-diretoria\">Decis\u00e3o da diretoria<\/h2>\n\n\n\n<p>A vit\u00f3ria do Cruzeiro por 1 a 0 sobre o Vasco, na sexta rodada do Brasileir\u00e3o, consolidou n\u00e3o apenas a quarta coloca\u00e7\u00e3o na tabela, mas tamb\u00e9m o respaldo interno ao t\u00e9cnico Leonardo Jardim. Com elogios p\u00fablicos de l\u00edderes do elenco como C\u00e1ssio e Fagner, ficou evidente que o treinador conquistou respeito e confian\u00e7a mesmo ap\u00f3s assumir o clube com a temporada em andamento. \u201cTodo mundo est\u00e1 entendendo a ideia do mister\u201d, afirmou C\u00e1ssio <strong><a href=\"https:\/\/www.gaveanews.com\/index.php\/2025\/04\/29\/elenco-do-cruzeiro-toma-decisao-envolvendo-leo-jardim\/\">(leia a mat\u00e9ria completa).<\/a><\/strong><\/p>\n\n\n\n<figure class=\"wp-block-image size-full\"><img loading=\"lazy\" decoding=\"async\" width=\"799\" height=\"533\" src=\"http:\/\/www.gaveanews.com\/wp-content\/uploads\/Leonardo-Jardim-durante-partida-do-Cruzeiro-em-2025.webp\" alt=\"\" class=\"wp-image-225548\"\/><figcaption class=\"wp-element-caption\">Leonardo Jardim durante partida do Cruzeiro em 2025 (Foto: Gustavo Aleixo\/Cruzeiro)<\/figcaption><\/figure>\n\n\n\n<p>Desde sua chegada em fevereiro, Leonardo Jardim teve de adaptar o time \u00e0s suas ideias em meio a competi\u00e7\u00f5es simult\u00e2neas e sem pr\u00e9-temporada. A diretoria celeste sustenta que os recentes trope\u00e7os, incluindo reveses na Sul-Americana, n\u00e3o comprometem o projeto t\u00e9cnico em curso. A situa\u00e7\u00e3o envolvendo o atacante Dudu, cortado da \u00faltima partida por \u201cmotivos internos\u201d, foi tratada com cautela, sinalizando foco na estabilidade do grupo e valoriza\u00e7\u00e3o da hierarquia dentro do elenco.<\/p>\n\n\n\n<p>Internamente, a estrutura da equipe sofreu altera\u00e7\u00f5es: jogadores como Fagner, Villalba e Kaio Jorge ganharam espa\u00e7o entre os titulares, enquanto outros, como Dudu e Jonathan Jesus, foram preteridos. O entrosamento e a solidez do sistema defensivo, com figuras como C\u00e1ssio e Fabr\u00edcio Bruno, tamb\u00e9m se destacam. O Cruzeiro, assim, segue competitivo e unido, buscando dar continuidade a um projeto t\u00e9cnico que prioriza organiza\u00e7\u00e3o, coer\u00eancia t\u00e1tica e um elenco comprometido com a filosofia de Jardim.<\/p>\n\n\n\n<h2 class=\"wp-block-heading\" id=\"h-situacao-da-saf\">Situa\u00e7\u00e3o da SAF<\/h2>\n\n\n\n<p>Um ano ap\u00f3s a venda da SAF do Cruzeiro para Pedro Louren\u00e7o, o clube passou por uma reformula\u00e7\u00e3o estrutural profunda. A gest\u00e3o anterior foi substitu\u00edda por nomes experientes, como Alexandre Mattos e Paulo Pelaipe, e o investimento em contrata\u00e7\u00f5es ultrapassou R$ 170 milh\u00f5es. O desempenho esportivo, por\u00e9m, gerou frustra\u00e7\u00f5es: elimina\u00e7\u00f5es precoces na Copa do Brasil e Sul-Americana, al\u00e9m da perda do Campeonato Mineiro, culminaram na sa\u00edda de dois t\u00e9cnicos e epis\u00f3dios de tens\u00e3o, como o vazamento de \u00e1udios cobrando o uso de refor\u00e7os<strong><a href=\"https:\/\/www.gaveanews.com\/index.php\/2025\/04\/29\/veja-a-situacao-da-nova-saf-do-cruzeiro-apos-1-ano\/\"> (leia a mat\u00e9ria completa).<\/a><\/strong><\/p>\n\n\n\n<figure class=\"wp-block-image size-full\"><img loading=\"lazy\" decoding=\"async\" width=\"984\" height=\"656\" src=\"http:\/\/www.gaveanews.com\/wp-content\/uploads\/Pedro-Lourenco-Pedrinho.webp\" alt=\"\" class=\"wp-image-175923\" srcset=\"https:\/\/www.gaveanews.com\/wp-content\/uploads\/Pedro-Lourenco-Pedrinho.webp 984w, https:\/\/www.gaveanews.com\/wp-content\/uploads\/Pedro-Lourenco-Pedrinho-300x200.webp 300w, https:\/\/www.gaveanews.com\/wp-content\/uploads\/Pedro-Lourenco-Pedrinho-768x512.webp 768w, https:\/\/www.gaveanews.com\/wp-content\/uploads\/Pedro-Lourenco-Pedrinho-630x420.webp 630w, https:\/\/www.gaveanews.com\/wp-content\/uploads\/Pedro-Lourenco-Pedrinho-640x427.webp 640w, https:\/\/www.gaveanews.com\/wp-content\/uploads\/Pedro-Lourenco-Pedrinho-681x454.webp 681w, https:\/\/www.gaveanews.com\/wp-content\/uploads\/Pedro-Lourenco-Pedrinho-100x67.webp 100w\" sizes=\"auto, (max-width: 984px) 100vw, 984px\" \/><figcaption class=\"wp-element-caption\">Pedro Louren\u00e7o (Pedrinho) (Foto: Gustavo Aleixo\/Cruzeiro)<\/figcaption><\/figure>\n\n\n\n<p>Para 2025, a aposta recaiu sobre Leonardo Jardim, que lidera um elenco refor\u00e7ado com nomes como Dudu, Fabr\u00edcio Bruno e Fagner. Apesar do alto investimento e da folha salarial acima de R$ 20 milh\u00f5es, o clube enfrentou nova elimina\u00e7\u00e3o no estadual e um in\u00edcio inst\u00e1vel na Sul-Americana. Em contrapartida, no Campeonato Brasileiro, a equipe mostrou evolu\u00e7\u00e3o, integrando o G4 nas primeiras rodadas. No extracampo, a pol\u00eamica envolvendo o atacante Dudu, afastado por raz\u00f5es internas, trouxe novos desafios \u00e0 diretoria.<\/p>\n\n\n\n<p>No aspecto financeiro, o clube fechou 2024 com d\u00e9ficit de R$ 169,9 milh\u00f5es e endividamento pr\u00f3ximo de R$ 1 bilh\u00e3o, mesmo com aumento de receitas. Em paralelo, o futebol feminino celebrou avan\u00e7os importantes, incluindo tricampeonato mineiro e recorde hist\u00f3rico no Brasileir\u00e3o. Para o restante da temporada, a SAF de Pedrinho aposta em resultados expressivos e na classifica\u00e7\u00e3o \u00e0 Libertadores, buscando justificar os altos investimentos e consolidar a nova era cruzeirense.<\/p>\n<\/div><\/div>\n","protected":false},"excerpt":{"rendered":"<p>Nas \u00faltimas horas, o foco das not\u00edcias sobre o Cruzeiro se concentram nos bastidores do clube, com destaques do dia a dia do time. Por conta deste contexto, leia abaixo um resumo preparado pela equipe do portal G\u00e1vea News para lhe manter muito bem informado! Declara\u00e7\u00e3o de Felipe Melo Ap\u00f3s a vit\u00f3ria do Cruzeiro sobre [&hellip;]<\/p>\n","protected":false},"author":33,"featured_media":163709,"comment_status":"open","ping_status":"closed","sticky":false,"template":"","format":"standard","meta":{"footnotes":""},"categories":[143],"tags":[],"class_list":["post-259549","post","type-post","status-publish","format-standard","has-post-thumbnail","hentry","category-cruzeiro"],"yoast_head":"<!-- This site is optimized with the Yoast SEO Premium plugin v24.2 (Yoast SEO v26.9) - https:\/\/yoast.com\/product\/yoast-seo-premium-wordpress\/ -->\n<title>Situa\u00e7\u00e3o da SAF, decis\u00e3o da diretoria e declara\u00e7\u00e3o de Felipe Melo: as \u00faltimas not\u00edcias do Cruzeiro<\/title>\n<meta name=\"robots\" content=\"index, follow, max-snippet:-1, max-image-preview:large, max-video-preview:-1\" \/>\n<link rel=\"canonical\" href=\"https:\/\/www.gaveanews.com\/index.php\/2025\/04\/30\/situacao-da-saf-decisao-da-diretoria-e-declaracao-de-felipe-melo-as-ultimas-noticias-do-cruzeiro\/\" \/>\n<meta property=\"og:locale\" content=\"pt_BR\" \/>\n<meta property=\"og:type\" content=\"article\" \/>\n<meta property=\"og:title\" content=\"Situa\u00e7\u00e3o da SAF, decis\u00e3o da diretoria e declara\u00e7\u00e3o de Felipe Melo: as \u00faltimas not\u00edcias do Cruzeiro\" \/>\n<meta property=\"og:description\" content=\"Nas \u00faltimas horas, o foco das not\u00edcias sobre o Cruzeiro se concentram nos bastidores do clube, com destaques do dia a dia do time. Por conta deste contexto, leia abaixo um resumo preparado pela equipe do portal G\u00e1vea News para lhe manter muito bem informado! Declara\u00e7\u00e3o de Felipe Melo Ap\u00f3s a vit\u00f3ria do Cruzeiro sobre [&hellip;]\" \/>\n<meta property=\"og:url\" content=\"https:\/\/www.gaveanews.com\/index.php\/2025\/04\/30\/situacao-da-saf-decisao-da-diretoria-e-declaracao-de-felipe-melo-as-ultimas-noticias-do-cruzeiro\/\" \/>\n<meta property=\"og:site_name\" content=\"G\u00e1vea News\" \/>\n<meta property=\"article:publisher\" content=\"https:\/\/facebook.com\/gaveaNews\/\" \/>\n<meta property=\"article:published_time\" content=\"2025-05-01T01:55:00+00:00\" \/>\n<meta property=\"og:image\" content=\"https:\/\/www.gaveanews.com\/wp-content\/uploads\/Camisa-do-Cruzeiro-2024.webp\" \/>\n\t<meta property=\"og:image:width\" content=\"1292\" \/>\n\t<meta property=\"og:image:height\" content=\"861\" \/>\n\t<meta property=\"og:image:type\" content=\"image\/webp\" \/>\n<meta name=\"author\" content=\"Brenda Cezillo\" \/>\n<meta name=\"twitter:card\" content=\"summary_large_image\" \/>\n<meta name=\"twitter:label1\" content=\"Escrito por\" \/>\n\t<meta name=\"twitter:data1\" content=\"Brenda Cezillo\" \/>\n\t<meta name=\"twitter:label2\" content=\"Est. tempo de leitura\" \/>\n\t<meta name=\"twitter:data2\" content=\"6 minutos\" \/>\n<script type=\"application\/ld+json\" class=\"yoast-schema-graph\">{\"@context\":\"https:\/\/schema.org\",\"@graph\":[{\"@type\":\"NewsArticle\",\"@id\":\"https:\/\/www.gaveanews.com\/index.php\/2025\/04\/30\/situacao-da-saf-decisao-da-diretoria-e-declaracao-de-felipe-melo-as-ultimas-noticias-do-cruzeiro\/#article\",\"isPartOf\":{\"@id\":\"https:\/\/www.gaveanews.com\/index.php\/2025\/04\/30\/situacao-da-saf-decisao-da-diretoria-e-declaracao-de-felipe-melo-as-ultimas-noticias-do-cruzeiro\/\"},\"author\":{\"name\":\"Brenda Cezillo\",\"@id\":\"https:\/\/www.gaveanews.com\/#\/schema\/person\/c79759ca337c40791ae8d08e2923d403\"},\"headline\":\"Situa\u00e7\u00e3o da SAF, decis\u00e3o da diretoria e declara\u00e7\u00e3o de Felipe Melo: as \u00faltimas not\u00edcias do Cruzeiro\",\"datePublished\":\"2025-05-01T01:55:00+00:00\",\"mainEntityOfPage\":{\"@id\":\"https:\/\/www.gaveanews.com\/index.php\/2025\/04\/30\/situacao-da-saf-decisao-da-diretoria-e-declaracao-de-felipe-melo-as-ultimas-noticias-do-cruzeiro\/\"},\"wordCount\":866,\"commentCount\":0,\"image\":{\"@id\":\"https:\/\/www.gaveanews.com\/index.php\/2025\/04\/30\/situacao-da-saf-decisao-da-diretoria-e-declaracao-de-felipe-melo-as-ultimas-noticias-do-cruzeiro\/#primaryimage\"},\"thumbnailUrl\":\"https:\/\/www.gaveanews.com\/wp-content\/uploads\/Camisa-do-Cruzeiro-2024.webp\",\"articleSection\":[\"Cruzeiro\"],\"inLanguage\":\"pt-BR\",\"potentialAction\":[{\"@type\":\"CommentAction\",\"name\":\"Comment\",\"target\":[\"https:\/\/www.gaveanews.com\/index.php\/2025\/04\/30\/situacao-da-saf-decisao-da-diretoria-e-declaracao-de-felipe-melo-as-ultimas-noticias-do-cruzeiro\/#respond\"]}],\"copyrightYear\":\"2025\",\"copyrightHolder\":{\"@id\":\"https:\/\/www.gaveanews.com\/#organization\"}},{\"@type\":\"WebPage\",\"@id\":\"https:\/\/www.gaveanews.com\/index.php\/2025\/04\/30\/situacao-da-saf-decisao-da-diretoria-e-declaracao-de-felipe-melo-as-ultimas-noticias-do-cruzeiro\/\",\"url\":\"https:\/\/www.gaveanews.com\/index.php\/2025\/04\/30\/situacao-da-saf-decisao-da-diretoria-e-declaracao-de-felipe-melo-as-ultimas-noticias-do-cruzeiro\/\",\"name\":\"Situa\u00e7\u00e3o da SAF, decis\u00e3o da diretoria e declara\u00e7\u00e3o de Felipe Melo: as \u00faltimas not\u00edcias do Cruzeiro\",\"isPartOf\":{\"@id\":\"https:\/\/www.gaveanews.com\/#website\"},\"primaryImageOfPage\":{\"@id\":\"https:\/\/www.gaveanews.com\/index.php\/2025\/04\/30\/situacao-da-saf-decisao-da-diretoria-e-declaracao-de-felipe-melo-as-ultimas-noticias-do-cruzeiro\/#primaryimage\"},\"image\":{\"@id\":\"https:\/\/www.gaveanews.com\/index.php\/2025\/04\/30\/situacao-da-saf-decisao-da-diretoria-e-declaracao-de-felipe-melo-as-ultimas-noticias-do-cruzeiro\/#primaryimage\"},\"thumbnailUrl\":\"https:\/\/www.gaveanews.com\/wp-content\/uploads\/Camisa-do-Cruzeiro-2024.webp\",\"datePublished\":\"2025-05-01T01:55:00+00:00\",\"author\":{\"@id\":\"https:\/\/www.gaveanews.com\/#\/schema\/person\/c79759ca337c40791ae8d08e2923d403\"},\"breadcrumb\":{\"@id\":\"https:\/\/www.gaveanews.com\/index.php\/2025\/04\/30\/situacao-da-saf-decisao-da-diretoria-e-declaracao-de-felipe-melo-as-ultimas-noticias-do-cruzeiro\/#breadcrumb\"},\"inLanguage\":\"pt-BR\",\"potentialAction\":[{\"@type\":\"ReadAction\",\"target\":[\"https:\/\/www.gaveanews.com\/index.php\/2025\/04\/30\/situacao-da-saf-decisao-da-diretoria-e-declaracao-de-felipe-melo-as-ultimas-noticias-do-cruzeiro\/\"]}]},{\"@type\":\"ImageObject\",\"inLanguage\":\"pt-BR\",\"@id\":\"https:\/\/www.gaveanews.com\/index.php\/2025\/04\/30\/situacao-da-saf-decisao-da-diretoria-e-declaracao-de-felipe-melo-as-ultimas-noticias-do-cruzeiro\/#primaryimage\",\"url\":\"https:\/\/www.gaveanews.com\/wp-content\/uploads\/Camisa-do-Cruzeiro-2024.webp\",\"contentUrl\":\"https:\/\/www.gaveanews.com\/wp-content\/uploads\/Camisa-do-Cruzeiro-2024.webp\",\"width\":1292,\"height\":861,\"caption\":\"Camisa do Cruzeiro 2024 (Foto: Reprodu\u00e7\u00e3o\/Instagram)\"},{\"@type\":\"BreadcrumbList\",\"@id\":\"https:\/\/www.gaveanews.com\/index.php\/2025\/04\/30\/situacao-da-saf-decisao-da-diretoria-e-declaracao-de-felipe-melo-as-ultimas-noticias-do-cruzeiro\/#breadcrumb\",\"itemListElement\":[{\"@type\":\"ListItem\",\"position\":1,\"name\":\"Home\",\"item\":\"https:\/\/www.gaveanews.com\/\"},{\"@type\":\"ListItem\",\"position\":2,\"name\":\"Situa\u00e7\u00e3o da SAF, decis\u00e3o da diretoria e declara\u00e7\u00e3o de Felipe Melo: as \u00faltimas not\u00edcias do Cruzeiro\"}]},{\"@type\":\"WebSite\",\"@id\":\"https:\/\/www.gaveanews.com\/#website\",\"url\":\"https:\/\/www.gaveanews.com\/\",\"name\":\"G\u00e1vea News\",\"description\":\"Veja todas as not\u00edcias sobre o Flamengo: Contrata\u00e7\u00f5es, categorias de base, resultados das partidas, tabela de classifica\u00e7\u00e3o, pr\u00f3ximos jogos!\",\"potentialAction\":[{\"@type\":\"SearchAction\",\"target\":{\"@type\":\"EntryPoint\",\"urlTemplate\":\"https:\/\/www.gaveanews.com\/?s={search_term_string}\"},\"query-input\":{\"@type\":\"PropertyValueSpecification\",\"valueRequired\":true,\"valueName\":\"search_term_string\"}}],\"inLanguage\":\"pt-BR\"},{\"@type\":\"Person\",\"@id\":\"https:\/\/www.gaveanews.com\/#\/schema\/person\/c79759ca337c40791ae8d08e2923d403\",\"name\":\"Brenda Cezillo\",\"image\":{\"@type\":\"ImageObject\",\"inLanguage\":\"pt-BR\",\"@id\":\"https:\/\/www.gaveanews.com\/#\/schema\/person\/image\/\",\"url\":\"https:\/\/secure.gravatar.com\/avatar\/1738d75cee7317f9c29ae61dd67620c5883d80a92e42a6fff88ae5d527af217a?s=96&d=mm&r=g\",\"contentUrl\":\"https:\/\/secure.gravatar.com\/avatar\/1738d75cee7317f9c29ae61dd67620c5883d80a92e42a6fff88ae5d527af217a?s=96&d=mm&r=g\",\"caption\":\"Brenda Cezillo\"}}]}<\/script>\n<!-- \/ Yoast SEO Premium plugin. -->","yoast_head_json":{"title":"Situa\u00e7\u00e3o da SAF, decis\u00e3o da diretoria e declara\u00e7\u00e3o de Felipe Melo: as \u00faltimas not\u00edcias do Cruzeiro","robots":{"index":"index","follow":"follow","max-snippet":"max-snippet:-1","max-image-preview":"max-image-preview:large","max-video-preview":"max-video-preview:-1"},"canonical":"https:\/\/www.gaveanews.com\/index.php\/2025\/04\/30\/situacao-da-saf-decisao-da-diretoria-e-declaracao-de-felipe-melo-as-ultimas-noticias-do-cruzeiro\/","og_locale":"pt_BR","og_type":"article","og_title":"Situa\u00e7\u00e3o da SAF, decis\u00e3o da diretoria e declara\u00e7\u00e3o de Felipe Melo: as \u00faltimas not\u00edcias do Cruzeiro","og_description":"Nas \u00faltimas horas, o foco das not\u00edcias sobre o Cruzeiro se concentram nos bastidores do clube, com destaques do dia a dia do time. Por conta deste contexto, leia abaixo um resumo preparado pela equipe do portal G\u00e1vea News para lhe manter muito bem informado! Declara\u00e7\u00e3o de Felipe Melo Ap\u00f3s a vit\u00f3ria do Cruzeiro sobre [&hellip;]","og_url":"https:\/\/www.gaveanews.com\/index.php\/2025\/04\/30\/situacao-da-saf-decisao-da-diretoria-e-declaracao-de-felipe-melo-as-ultimas-noticias-do-cruzeiro\/","og_site_name":"G\u00e1vea News","article_publisher":"https:\/\/facebook.com\/gaveaNews\/","article_published_time":"2025-05-01T01:55:00+00:00","og_image":[{"width":1292,"height":861,"url":"https:\/\/www.gaveanews.com\/wp-content\/uploads\/Camisa-do-Cruzeiro-2024.webp","type":"image\/webp"}],"author":"Brenda Cezillo","twitter_card":"summary_large_image","twitter_misc":{"Escrito por":"Brenda Cezillo","Est. tempo de leitura":"6 minutos"},"schema":{"@context":"https:\/\/schema.org","@graph":[{"@type":"NewsArticle","@id":"https:\/\/www.gaveanews.com\/index.php\/2025\/04\/30\/situacao-da-saf-decisao-da-diretoria-e-declaracao-de-felipe-melo-as-ultimas-noticias-do-cruzeiro\/#article","isPartOf":{"@id":"https:\/\/www.gaveanews.com\/index.php\/2025\/04\/30\/situacao-da-saf-decisao-da-diretoria-e-declaracao-de-felipe-melo-as-ultimas-noticias-do-cruzeiro\/"},"author":{"name":"Brenda Cezillo","@id":"https:\/\/www.gaveanews.com\/#\/schema\/person\/c79759ca337c40791ae8d08e2923d403"},"headline":"Situa\u00e7\u00e3o da SAF, decis\u00e3o da diretoria e declara\u00e7\u00e3o de Felipe Melo: as \u00faltimas not\u00edcias do Cruzeiro","datePublished":"2025-05-01T01:55:00+00:00","mainEntityOfPage":{"@id":"https:\/\/www.gaveanews.com\/index.php\/2025\/04\/30\/situacao-da-saf-decisao-da-diretoria-e-declaracao-de-felipe-melo-as-ultimas-noticias-do-cruzeiro\/"},"wordCount":866,"commentCount":0,"image":{"@id":"https:\/\/www.gaveanews.com\/index.php\/2025\/04\/30\/situacao-da-saf-decisao-da-diretoria-e-declaracao-de-felipe-melo-as-ultimas-noticias-do-cruzeiro\/#primaryimage"},"thumbnailUrl":"https:\/\/www.gaveanews.com\/wp-content\/uploads\/Camisa-do-Cruzeiro-2024.webp","articleSection":["Cruzeiro"],"inLanguage":"pt-BR","potentialAction":[{"@type":"CommentAction","name":"Comment","target":["https:\/\/www.gaveanews.com\/index.php\/2025\/04\/30\/situacao-da-saf-decisao-da-diretoria-e-declaracao-de-felipe-melo-as-ultimas-noticias-do-cruzeiro\/#respond"]}],"copyrightYear":"2025","copyrightHolder":{"@id":"https:\/\/www.gaveanews.com\/#organization"}},{"@type":"WebPage","@id":"https:\/\/www.gaveanews.com\/index.php\/2025\/04\/30\/situacao-da-saf-decisao-da-diretoria-e-declaracao-de-felipe-melo-as-ultimas-noticias-do-cruzeiro\/","url":"https:\/\/www.gaveanews.com\/index.php\/2025\/04\/30\/situacao-da-saf-decisao-da-diretoria-e-declaracao-de-felipe-melo-as-ultimas-noticias-do-cruzeiro\/","name":"Situa\u00e7\u00e3o da SAF, decis\u00e3o da diretoria e declara\u00e7\u00e3o de Felipe Melo: as \u00faltimas not\u00edcias do Cruzeiro","isPartOf":{"@id":"https:\/\/www.gaveanews.com\/#website"},"primaryImageOfPage":{"@id":"https:\/\/www.gaveanews.com\/index.php\/2025\/04\/30\/situacao-da-saf-decisao-da-diretoria-e-declaracao-de-felipe-melo-as-ultimas-noticias-do-cruzeiro\/#primaryimage"},"image":{"@id":"https:\/\/www.gaveanews.com\/index.php\/2025\/04\/30\/situacao-da-saf-decisao-da-diretoria-e-declaracao-de-felipe-melo-as-ultimas-noticias-do-cruzeiro\/#primaryimage"},"thumbnailUrl":"https:\/\/www.gaveanews.com\/wp-content\/uploads\/Camisa-do-Cruzeiro-2024.webp","datePublished":"2025-05-01T01:55:00+00:00","author":{"@id":"https:\/\/www.gaveanews.com\/#\/schema\/person\/c79759ca337c40791ae8d08e2923d403"},"breadcrumb":{"@id":"https:\/\/www.gaveanews.com\/index.php\/2025\/04\/30\/situacao-da-saf-decisao-da-diretoria-e-declaracao-de-felipe-melo-as-ultimas-noticias-do-cruzeiro\/#breadcrumb"},"inLanguage":"pt-BR","potentialAction":[{"@type":"ReadAction","target":["https:\/\/www.gaveanews.com\/index.php\/2025\/04\/30\/situacao-da-saf-decisao-da-diretoria-e-declaracao-de-felipe-melo-as-ultimas-noticias-do-cruzeiro\/"]}]},{"@type":"ImageObject","inLanguage":"pt-BR","@id":"https:\/\/www.gaveanews.com\/index.php\/2025\/04\/30\/situacao-da-saf-decisao-da-diretoria-e-declaracao-de-felipe-melo-as-ultimas-noticias-do-cruzeiro\/#primaryimage","url":"https:\/\/www.gaveanews.com\/wp-content\/uploads\/Camisa-do-Cruzeiro-2024.webp","contentUrl":"https:\/\/www.gaveanews.com\/wp-content\/uploads\/Camisa-do-Cruzeiro-2024.webp","width":1292,"height":861,"caption":"Camisa do Cruzeiro 2024 (Foto: Reprodu\u00e7\u00e3o\/Instagram)"},{"@type":"BreadcrumbList","@id":"https:\/\/www.gaveanews.com\/index.php\/2025\/04\/30\/situacao-da-saf-decisao-da-diretoria-e-declaracao-de-felipe-melo-as-ultimas-noticias-do-cruzeiro\/#breadcrumb","itemListElement":[{"@type":"ListItem","position":1,"name":"Home","item":"https:\/\/www.gaveanews.com\/"},{"@type":"ListItem","position":2,"name":"Situa\u00e7\u00e3o da SAF, decis\u00e3o da diretoria e declara\u00e7\u00e3o de Felipe Melo: as \u00faltimas not\u00edcias do Cruzeiro"}]},{"@type":"WebSite","@id":"https:\/\/www.gaveanews.com\/#website","url":"https:\/\/www.gaveanews.com\/","name":"G\u00e1vea News","description":"Veja todas as not\u00edcias sobre o Flamengo: Contrata\u00e7\u00f5es, categorias de base, resultados das partidas, tabela de classifica\u00e7\u00e3o, pr\u00f3ximos jogos!","potentialAction":[{"@type":"SearchAction","target":{"@type":"EntryPoint","urlTemplate":"https:\/\/www.gaveanews.com\/?s={search_term_string}"},"query-input":{"@type":"PropertyValueSpecification","valueRequired":true,"valueName":"search_term_string"}}],"inLanguage":"pt-BR"},{"@type":"Person","@id":"https:\/\/www.gaveanews.com\/#\/schema\/person\/c79759ca337c40791ae8d08e2923d403","name":"Brenda Cezillo","image":{"@type":"ImageObject","inLanguage":"pt-BR","@id":"https:\/\/www.gaveanews.com\/#\/schema\/person\/image\/","url":"https:\/\/secure.gravatar.com\/avatar\/1738d75cee7317f9c29ae61dd67620c5883d80a92e42a6fff88ae5d527af217a?s=96&d=mm&r=g","contentUrl":"https:\/\/secure.gravatar.com\/avatar\/1738d75cee7317f9c29ae61dd67620c5883d80a92e42a6fff88ae5d527af217a?s=96&d=mm&r=g","caption":"Brenda Cezillo"}}]}},"_links":{"self":[{"href":"https:\/\/www.gaveanews.com\/index.php\/wp-json\/wp\/v2\/posts\/259549","targetHints":{"allow":["GET"]}}],"collection":[{"href":"https:\/\/www.gaveanews.com\/index.php\/wp-json\/wp\/v2\/posts"}],"about":[{"href":"https:\/\/www.gaveanews.com\/index.php\/wp-json\/wp\/v2\/types\/post"}],"author":[{"embeddable":true,"href":"https:\/\/www.gaveanews.com\/index.php\/wp-json\/wp\/v2\/users\/33"}],"replies":[{"embeddable":true,"href":"https:\/\/www.gaveanews.com\/index.php\/wp-json\/wp\/v2\/comments?post=259549"}],"version-history":[{"count":1,"href":"https:\/\/www.gaveanews.com\/index.php\/wp-json\/wp\/v2\/posts\/259549\/revisions"}],"predecessor-version":[{"id":259576,"href":"https:\/\/www.gaveanews.com\/index.php\/wp-json\/wp\/v2\/posts\/259549\/revisions\/259576"}],"wp:featuredmedia":[{"embeddable":true,"href":"https:\/\/www.gaveanews.com\/index.php\/wp-json\/wp\/v2\/media\/163709"}],"wp:attachment":[{"href":"https:\/\/www.gaveanews.com\/index.php\/wp-json\/wp\/v2\/media?parent=259549"}],"wp:term":[{"taxonomy":"category","embeddable":true,"href":"https:\/\/www.gaveanews.com\/index.php\/wp-json\/wp\/v2\/categories?post=259549"},{"taxonomy":"post_tag","embeddable":true,"href":"https:\/\/www.gaveanews.com\/index.php\/wp-json\/wp\/v2\/tags?post=259549"}],"curies":[{"name":"wp","href":"https:\/\/api.w.org\/{rel}","templated":true}]}}