{"id":259621,"date":"2025-04-30T18:07:00","date_gmt":"2025-04-30T21:07:00","guid":{"rendered":"https:\/\/www.gaveanews.com\/?p=259621"},"modified":"2025-04-30T21:08:27","modified_gmt":"2025-05-01T00:08:27","slug":"palmeiras-precisa-ligar-alerta-para-estreia-na-copa-do-brasil","status":"publish","type":"post","link":"https:\/\/www.gaveanews.com\/index.php\/2025\/04\/30\/palmeiras-precisa-ligar-alerta-para-estreia-na-copa-do-brasil\/","title":{"rendered":"Palmeiras precisa ligar alerta para estreia na Copa do Brasil"},"content":{"rendered":"\n<p>O Palmeiras inicia nesta quarta-feira (30) sua participa\u00e7\u00e3o na Copa do Brasil enfrentando o Cear\u00e1, \u00e0s 19h30, no Castel\u00e3o. O confronto, v\u00e1lido pela terceira fase do torneio, marca um momento de transi\u00e7\u00e3o na temporada alviverde, que vem de uma maratona de partidas e encara obst\u00e1culos diversos em solo nordestino.<\/p>\n\n\n\n<p>Um dos principais pontos de aten\u00e7\u00e3o \u00e9 o gramado do est\u00e1dio cearense. Anteriormente criticado por jogadores do pr\u00f3prio Verd\u00e3o, o campo do Castel\u00e3o foi alvo de reclama\u00e7\u00f5es ap\u00f3s a partida contra o Fortaleza pelo Campeonato Brasileiro. O goleiro Weverton chegou a desabafar: <\/p>\n\n\n\n<p>\u201cAqui em Fortaleza disparadamente \u00e9 um dos piores lugares que tem pra jogar, \u00e9 muito quente [&#8230;] o campo \u00e9 pesado. \u00c9 muito calor, a gente n\u00e3o \u2018t\u00e1\u2019 acostumado com esse calor todo\u201d, afirmou o atleta, destacando a dificuldade que o clima e as condi\u00e7\u00f5es do solo imp\u00f5em aos visitantes.<\/p>\n\n\n\n<p>Al\u00e9m disso, o planejamento do clube vem sendo desafiado por uma sequ\u00eancia intensa de viagens. Ap\u00f3s compromissos em Porto Alegre, Fortaleza e Bol\u00edvia, o elenco retornou a S\u00e3o Paulo e agora volta a percorrer longas dist\u00e2ncias. \u201cEsse \u00e9 o pior ano de todos em rela\u00e7\u00e3o a calend\u00e1rio\u201d, declarou Abel Ferreira, t\u00e9cnico do time, ao ser questionado sobre o impacto da log\u00edstica na prepara\u00e7\u00e3o dos jogadores.<\/p>\n\n\n\n<p>Outro fator que impacta diretamente a equipe \u00e9 o departamento m\u00e9dico. Diversos atletas importantes desfalcaram o grupo recentemente. No entanto, h\u00e1 sinais positivos: Murilo, Mayke e Raphael Veiga treinaram com o elenco e est\u00e3o \u00e0 disposi\u00e7\u00e3o para a estreia na competi\u00e7\u00e3o nacional.<\/p>\n\n\n\n<p>O hist\u00f3rico do Verd\u00e3o no Castel\u00e3o \u00e9, contudo, alentador. Nas \u00faltimas duas visitas ao Cear\u00e1 pelo Brasileir\u00e3o, venceu ambas por 2 a 1. Pela pr\u00f3pria Copa do Brasil, em 2020, eliminou o advers\u00e1rio com um triunfo no Allianz Parque e um empate em Fortaleza. Apesar disso, o time cearense atravessa um per\u00edodo de invencibilidade como mandante que dura desde agosto de 2024, o que refor\u00e7a o peso do desafio.<\/p>\n\n\n\n<p>A partida tamb\u00e9m tem car\u00e1ter simb\u00f3lico para os paulistas, que v\u00eam de uma derrota para o Bahia, encerrando uma sequ\u00eancia de sete vit\u00f3rias. Ainda assim, o desempenho fora de casa neste ano tem sido consistente: s\u00e3o treze jogos como visitante, com dez vit\u00f3rias e tr\u00eas empates. <\/p>\n","protected":false},"excerpt":{"rendered":"<p>O Palmeiras inicia nesta quarta-feira (30) sua participa\u00e7\u00e3o na Copa do Brasil enfrentando o Cear\u00e1, \u00e0s 19h30, no Castel\u00e3o. O confronto, v\u00e1lido pela terceira fase do torneio, marca um momento de transi\u00e7\u00e3o na temporada alviverde, que vem de uma maratona de partidas e encara obst\u00e1culos diversos em solo nordestino. Um dos principais pontos de aten\u00e7\u00e3o [&hellip;]<\/p>\n","protected":false},"author":30,"featured_media":155182,"comment_status":"open","ping_status":"closed","sticky":false,"template":"","format":"standard","meta":{"footnotes":""},"categories":[150],"tags":[],"class_list":["post-259621","post","type-post","status-publish","format-standard","has-post-thumbnail","hentry","category-palmeiras"],"yoast_head":"<!-- This site is optimized with the Yoast SEO Premium plugin v24.2 (Yoast SEO v26.9) - https:\/\/yoast.com\/product\/yoast-seo-premium-wordpress\/ -->\n<title>Palmeiras precisa ligar alerta para estreia na Copa do Brasil<\/title>\n<meta name=\"robots\" content=\"index, follow, max-snippet:-1, max-image-preview:large, max-video-preview:-1\" \/>\n<link rel=\"canonical\" href=\"https:\/\/www.gaveanews.com\/index.php\/2025\/04\/30\/palmeiras-precisa-ligar-alerta-para-estreia-na-copa-do-brasil\/\" \/>\n<meta property=\"og:locale\" content=\"pt_BR\" \/>\n<meta property=\"og:type\" content=\"article\" \/>\n<meta property=\"og:title\" content=\"Palmeiras precisa ligar alerta para estreia na Copa do Brasil\" \/>\n<meta property=\"og:description\" content=\"O Palmeiras inicia nesta quarta-feira (30) sua participa\u00e7\u00e3o na Copa do Brasil enfrentando o Cear\u00e1, \u00e0s 19h30, no Castel\u00e3o. O confronto, v\u00e1lido pela terceira fase do torneio, marca um momento de transi\u00e7\u00e3o na temporada alviverde, que vem de uma maratona de partidas e encara obst\u00e1culos diversos em solo nordestino. Um dos principais pontos de aten\u00e7\u00e3o [&hellip;]\" \/>\n<meta property=\"og:url\" content=\"https:\/\/www.gaveanews.com\/index.php\/2025\/04\/30\/palmeiras-precisa-ligar-alerta-para-estreia-na-copa-do-brasil\/\" \/>\n<meta property=\"og:site_name\" content=\"G\u00e1vea News\" \/>\n<meta property=\"article:publisher\" content=\"https:\/\/facebook.com\/gaveaNews\/\" \/>\n<meta property=\"article:published_time\" content=\"2025-04-30T21:07:00+00:00\" \/>\n<meta property=\"article:modified_time\" content=\"2025-05-01T00:08:27+00:00\" \/>\n<meta property=\"og:image\" content=\"http:\/\/www.gaveanews.com\/wp-content\/uploads\/Allianz-Parque-estadio-do-Palmeiras.webp\" \/>\n\t<meta property=\"og:image:width\" content=\"1023\" \/>\n\t<meta property=\"og:image:height\" content=\"767\" \/>\n\t<meta property=\"og:image:type\" content=\"image\/webp\" \/>\n<meta name=\"author\" content=\"Ana Teixeira\" \/>\n<meta name=\"twitter:card\" content=\"summary_large_image\" \/>\n<meta name=\"twitter:label1\" content=\"Escrito por\" \/>\n\t<meta name=\"twitter:data1\" content=\"Ana Teixeira\" \/>\n\t<meta name=\"twitter:label2\" content=\"Est. tempo de leitura\" \/>\n\t<meta name=\"twitter:data2\" content=\"3 minutos\" \/>\n<script type=\"application\/ld+json\" class=\"yoast-schema-graph\">{\"@context\":\"https:\/\/schema.org\",\"@graph\":[{\"@type\":\"NewsArticle\",\"@id\":\"https:\/\/www.gaveanews.com\/index.php\/2025\/04\/30\/palmeiras-precisa-ligar-alerta-para-estreia-na-copa-do-brasil\/#article\",\"isPartOf\":{\"@id\":\"https:\/\/www.gaveanews.com\/index.php\/2025\/04\/30\/palmeiras-precisa-ligar-alerta-para-estreia-na-copa-do-brasil\/\"},\"author\":{\"name\":\"Ana Teixeira\",\"@id\":\"https:\/\/www.gaveanews.com\/#\/schema\/person\/3b19f7288b0ce20372991275e4f2e6c2\"},\"headline\":\"Palmeiras precisa ligar alerta para estreia na Copa do Brasil\",\"datePublished\":\"2025-04-30T21:07:00+00:00\",\"dateModified\":\"2025-05-01T00:08:27+00:00\",\"mainEntityOfPage\":{\"@id\":\"https:\/\/www.gaveanews.com\/index.php\/2025\/04\/30\/palmeiras-precisa-ligar-alerta-para-estreia-na-copa-do-brasil\/\"},\"wordCount\":405,\"commentCount\":0,\"image\":{\"@id\":\"https:\/\/www.gaveanews.com\/index.php\/2025\/04\/30\/palmeiras-precisa-ligar-alerta-para-estreia-na-copa-do-brasil\/#primaryimage\"},\"thumbnailUrl\":\"https:\/\/www.gaveanews.com\/wp-content\/uploads\/Allianz-Parque-estadio-do-Palmeiras.webp\",\"articleSection\":[\"Palmeiras\"],\"inLanguage\":\"pt-BR\",\"potentialAction\":[{\"@type\":\"CommentAction\",\"name\":\"Comment\",\"target\":[\"https:\/\/www.gaveanews.com\/index.php\/2025\/04\/30\/palmeiras-precisa-ligar-alerta-para-estreia-na-copa-do-brasil\/#respond\"]}],\"copyrightYear\":\"2025\",\"copyrightHolder\":{\"@id\":\"https:\/\/www.gaveanews.com\/#organization\"}},{\"@type\":\"WebPage\",\"@id\":\"https:\/\/www.gaveanews.com\/index.php\/2025\/04\/30\/palmeiras-precisa-ligar-alerta-para-estreia-na-copa-do-brasil\/\",\"url\":\"https:\/\/www.gaveanews.com\/index.php\/2025\/04\/30\/palmeiras-precisa-ligar-alerta-para-estreia-na-copa-do-brasil\/\",\"name\":\"Palmeiras precisa ligar alerta para estreia na Copa do Brasil\",\"isPartOf\":{\"@id\":\"https:\/\/www.gaveanews.com\/#website\"},\"primaryImageOfPage\":{\"@id\":\"https:\/\/www.gaveanews.com\/index.php\/2025\/04\/30\/palmeiras-precisa-ligar-alerta-para-estreia-na-copa-do-brasil\/#primaryimage\"},\"image\":{\"@id\":\"https:\/\/www.gaveanews.com\/index.php\/2025\/04\/30\/palmeiras-precisa-ligar-alerta-para-estreia-na-copa-do-brasil\/#primaryimage\"},\"thumbnailUrl\":\"https:\/\/www.gaveanews.com\/wp-content\/uploads\/Allianz-Parque-estadio-do-Palmeiras.webp\",\"datePublished\":\"2025-04-30T21:07:00+00:00\",\"dateModified\":\"2025-05-01T00:08:27+00:00\",\"author\":{\"@id\":\"https:\/\/www.gaveanews.com\/#\/schema\/person\/3b19f7288b0ce20372991275e4f2e6c2\"},\"breadcrumb\":{\"@id\":\"https:\/\/www.gaveanews.com\/index.php\/2025\/04\/30\/palmeiras-precisa-ligar-alerta-para-estreia-na-copa-do-brasil\/#breadcrumb\"},\"inLanguage\":\"pt-BR\",\"potentialAction\":[{\"@type\":\"ReadAction\",\"target\":[\"https:\/\/www.gaveanews.com\/index.php\/2025\/04\/30\/palmeiras-precisa-ligar-alerta-para-estreia-na-copa-do-brasil\/\"]}]},{\"@type\":\"ImageObject\",\"inLanguage\":\"pt-BR\",\"@id\":\"https:\/\/www.gaveanews.com\/index.php\/2025\/04\/30\/palmeiras-precisa-ligar-alerta-para-estreia-na-copa-do-brasil\/#primaryimage\",\"url\":\"https:\/\/www.gaveanews.com\/wp-content\/uploads\/Allianz-Parque-estadio-do-Palmeiras.webp\",\"contentUrl\":\"https:\/\/www.gaveanews.com\/wp-content\/uploads\/Allianz-Parque-estadio-do-Palmeiras.webp\",\"width\":1023,\"height\":767,\"caption\":\"Allianz Parque, est\u00e1dio do Palmeiras (Foto: Reprodu\u00e7\u00e3o\/Palmeiras)\"},{\"@type\":\"BreadcrumbList\",\"@id\":\"https:\/\/www.gaveanews.com\/index.php\/2025\/04\/30\/palmeiras-precisa-ligar-alerta-para-estreia-na-copa-do-brasil\/#breadcrumb\",\"itemListElement\":[{\"@type\":\"ListItem\",\"position\":1,\"name\":\"Home\",\"item\":\"https:\/\/www.gaveanews.com\/\"},{\"@type\":\"ListItem\",\"position\":2,\"name\":\"Palmeiras precisa ligar alerta para estreia na Copa do Brasil\"}]},{\"@type\":\"WebSite\",\"@id\":\"https:\/\/www.gaveanews.com\/#website\",\"url\":\"https:\/\/www.gaveanews.com\/\",\"name\":\"G\u00e1vea News\",\"description\":\"Veja todas as not\u00edcias sobre o Flamengo: Contrata\u00e7\u00f5es, categorias de base, resultados das partidas, tabela de classifica\u00e7\u00e3o, pr\u00f3ximos jogos!\",\"potentialAction\":[{\"@type\":\"SearchAction\",\"target\":{\"@type\":\"EntryPoint\",\"urlTemplate\":\"https:\/\/www.gaveanews.com\/?s={search_term_string}\"},\"query-input\":{\"@type\":\"PropertyValueSpecification\",\"valueRequired\":true,\"valueName\":\"search_term_string\"}}],\"inLanguage\":\"pt-BR\"},{\"@type\":\"Person\",\"@id\":\"https:\/\/www.gaveanews.com\/#\/schema\/person\/3b19f7288b0ce20372991275e4f2e6c2\",\"name\":\"Ana Teixeira\",\"image\":{\"@type\":\"ImageObject\",\"inLanguage\":\"pt-BR\",\"@id\":\"https:\/\/www.gaveanews.com\/#\/schema\/person\/image\/\",\"url\":\"https:\/\/secure.gravatar.com\/avatar\/0a73f5a5258f3fed37fc2fa641892f3f7a4748456d4d4792f9bc550e6c19e06c?s=96&d=mm&r=g\",\"contentUrl\":\"https:\/\/secure.gravatar.com\/avatar\/0a73f5a5258f3fed37fc2fa641892f3f7a4748456d4d4792f9bc550e6c19e06c?s=96&d=mm&r=g\",\"caption\":\"Ana Teixeira\"}}]}<\/script>\n<!-- \/ Yoast SEO Premium plugin. -->","yoast_head_json":{"title":"Palmeiras precisa ligar alerta para estreia na Copa do Brasil","robots":{"index":"index","follow":"follow","max-snippet":"max-snippet:-1","max-image-preview":"max-image-preview:large","max-video-preview":"max-video-preview:-1"},"canonical":"https:\/\/www.gaveanews.com\/index.php\/2025\/04\/30\/palmeiras-precisa-ligar-alerta-para-estreia-na-copa-do-brasil\/","og_locale":"pt_BR","og_type":"article","og_title":"Palmeiras precisa ligar alerta para estreia na Copa do Brasil","og_description":"O Palmeiras inicia nesta quarta-feira (30) sua participa\u00e7\u00e3o na Copa do Brasil enfrentando o Cear\u00e1, \u00e0s 19h30, no Castel\u00e3o. O confronto, v\u00e1lido pela terceira fase do torneio, marca um momento de transi\u00e7\u00e3o na temporada alviverde, que vem de uma maratona de partidas e encara obst\u00e1culos diversos em solo nordestino. Um dos principais pontos de aten\u00e7\u00e3o [&hellip;]","og_url":"https:\/\/www.gaveanews.com\/index.php\/2025\/04\/30\/palmeiras-precisa-ligar-alerta-para-estreia-na-copa-do-brasil\/","og_site_name":"G\u00e1vea News","article_publisher":"https:\/\/facebook.com\/gaveaNews\/","article_published_time":"2025-04-30T21:07:00+00:00","article_modified_time":"2025-05-01T00:08:27+00:00","og_image":[{"width":1023,"height":767,"url":"http:\/\/www.gaveanews.com\/wp-content\/uploads\/Allianz-Parque-estadio-do-Palmeiras.webp","type":"image\/webp"}],"author":"Ana Teixeira","twitter_card":"summary_large_image","twitter_misc":{"Escrito por":"Ana Teixeira","Est. tempo de leitura":"3 minutos"},"schema":{"@context":"https:\/\/schema.org","@graph":[{"@type":"NewsArticle","@id":"https:\/\/www.gaveanews.com\/index.php\/2025\/04\/30\/palmeiras-precisa-ligar-alerta-para-estreia-na-copa-do-brasil\/#article","isPartOf":{"@id":"https:\/\/www.gaveanews.com\/index.php\/2025\/04\/30\/palmeiras-precisa-ligar-alerta-para-estreia-na-copa-do-brasil\/"},"author":{"name":"Ana Teixeira","@id":"https:\/\/www.gaveanews.com\/#\/schema\/person\/3b19f7288b0ce20372991275e4f2e6c2"},"headline":"Palmeiras precisa ligar alerta para estreia na Copa do Brasil","datePublished":"2025-04-30T21:07:00+00:00","dateModified":"2025-05-01T00:08:27+00:00","mainEntityOfPage":{"@id":"https:\/\/www.gaveanews.com\/index.php\/2025\/04\/30\/palmeiras-precisa-ligar-alerta-para-estreia-na-copa-do-brasil\/"},"wordCount":405,"commentCount":0,"image":{"@id":"https:\/\/www.gaveanews.com\/index.php\/2025\/04\/30\/palmeiras-precisa-ligar-alerta-para-estreia-na-copa-do-brasil\/#primaryimage"},"thumbnailUrl":"https:\/\/www.gaveanews.com\/wp-content\/uploads\/Allianz-Parque-estadio-do-Palmeiras.webp","articleSection":["Palmeiras"],"inLanguage":"pt-BR","potentialAction":[{"@type":"CommentAction","name":"Comment","target":["https:\/\/www.gaveanews.com\/index.php\/2025\/04\/30\/palmeiras-precisa-ligar-alerta-para-estreia-na-copa-do-brasil\/#respond"]}],"copyrightYear":"2025","copyrightHolder":{"@id":"https:\/\/www.gaveanews.com\/#organization"}},{"@type":"WebPage","@id":"https:\/\/www.gaveanews.com\/index.php\/2025\/04\/30\/palmeiras-precisa-ligar-alerta-para-estreia-na-copa-do-brasil\/","url":"https:\/\/www.gaveanews.com\/index.php\/2025\/04\/30\/palmeiras-precisa-ligar-alerta-para-estreia-na-copa-do-brasil\/","name":"Palmeiras precisa ligar alerta para estreia na Copa do Brasil","isPartOf":{"@id":"https:\/\/www.gaveanews.com\/#website"},"primaryImageOfPage":{"@id":"https:\/\/www.gaveanews.com\/index.php\/2025\/04\/30\/palmeiras-precisa-ligar-alerta-para-estreia-na-copa-do-brasil\/#primaryimage"},"image":{"@id":"https:\/\/www.gaveanews.com\/index.php\/2025\/04\/30\/palmeiras-precisa-ligar-alerta-para-estreia-na-copa-do-brasil\/#primaryimage"},"thumbnailUrl":"https:\/\/www.gaveanews.com\/wp-content\/uploads\/Allianz-Parque-estadio-do-Palmeiras.webp","datePublished":"2025-04-30T21:07:00+00:00","dateModified":"2025-05-01T00:08:27+00:00","author":{"@id":"https:\/\/www.gaveanews.com\/#\/schema\/person\/3b19f7288b0ce20372991275e4f2e6c2"},"breadcrumb":{"@id":"https:\/\/www.gaveanews.com\/index.php\/2025\/04\/30\/palmeiras-precisa-ligar-alerta-para-estreia-na-copa-do-brasil\/#breadcrumb"},"inLanguage":"pt-BR","potentialAction":[{"@type":"ReadAction","target":["https:\/\/www.gaveanews.com\/index.php\/2025\/04\/30\/palmeiras-precisa-ligar-alerta-para-estreia-na-copa-do-brasil\/"]}]},{"@type":"ImageObject","inLanguage":"pt-BR","@id":"https:\/\/www.gaveanews.com\/index.php\/2025\/04\/30\/palmeiras-precisa-ligar-alerta-para-estreia-na-copa-do-brasil\/#primaryimage","url":"https:\/\/www.gaveanews.com\/wp-content\/uploads\/Allianz-Parque-estadio-do-Palmeiras.webp","contentUrl":"https:\/\/www.gaveanews.com\/wp-content\/uploads\/Allianz-Parque-estadio-do-Palmeiras.webp","width":1023,"height":767,"caption":"Allianz Parque, est\u00e1dio do Palmeiras (Foto: Reprodu\u00e7\u00e3o\/Palmeiras)"},{"@type":"BreadcrumbList","@id":"https:\/\/www.gaveanews.com\/index.php\/2025\/04\/30\/palmeiras-precisa-ligar-alerta-para-estreia-na-copa-do-brasil\/#breadcrumb","itemListElement":[{"@type":"ListItem","position":1,"name":"Home","item":"https:\/\/www.gaveanews.com\/"},{"@type":"ListItem","position":2,"name":"Palmeiras precisa ligar alerta para estreia na Copa do Brasil"}]},{"@type":"WebSite","@id":"https:\/\/www.gaveanews.com\/#website","url":"https:\/\/www.gaveanews.com\/","name":"G\u00e1vea News","description":"Veja todas as not\u00edcias sobre o Flamengo: Contrata\u00e7\u00f5es, categorias de base, resultados das partidas, tabela de classifica\u00e7\u00e3o, pr\u00f3ximos jogos!","potentialAction":[{"@type":"SearchAction","target":{"@type":"EntryPoint","urlTemplate":"https:\/\/www.gaveanews.com\/?s={search_term_string}"},"query-input":{"@type":"PropertyValueSpecification","valueRequired":true,"valueName":"search_term_string"}}],"inLanguage":"pt-BR"},{"@type":"Person","@id":"https:\/\/www.gaveanews.com\/#\/schema\/person\/3b19f7288b0ce20372991275e4f2e6c2","name":"Ana Teixeira","image":{"@type":"ImageObject","inLanguage":"pt-BR","@id":"https:\/\/www.gaveanews.com\/#\/schema\/person\/image\/","url":"https:\/\/secure.gravatar.com\/avatar\/0a73f5a5258f3fed37fc2fa641892f3f7a4748456d4d4792f9bc550e6c19e06c?s=96&d=mm&r=g","contentUrl":"https:\/\/secure.gravatar.com\/avatar\/0a73f5a5258f3fed37fc2fa641892f3f7a4748456d4d4792f9bc550e6c19e06c?s=96&d=mm&r=g","caption":"Ana Teixeira"}}]}},"_links":{"self":[{"href":"https:\/\/www.gaveanews.com\/index.php\/wp-json\/wp\/v2\/posts\/259621","targetHints":{"allow":["GET"]}}],"collection":[{"href":"https:\/\/www.gaveanews.com\/index.php\/wp-json\/wp\/v2\/posts"}],"about":[{"href":"https:\/\/www.gaveanews.com\/index.php\/wp-json\/wp\/v2\/types\/post"}],"author":[{"embeddable":true,"href":"https:\/\/www.gaveanews.com\/index.php\/wp-json\/wp\/v2\/users\/30"}],"replies":[{"embeddable":true,"href":"https:\/\/www.gaveanews.com\/index.php\/wp-json\/wp\/v2\/comments?post=259621"}],"version-history":[{"count":1,"href":"https:\/\/www.gaveanews.com\/index.php\/wp-json\/wp\/v2\/posts\/259621\/revisions"}],"predecessor-version":[{"id":259624,"href":"https:\/\/www.gaveanews.com\/index.php\/wp-json\/wp\/v2\/posts\/259621\/revisions\/259624"}],"wp:featuredmedia":[{"embeddable":true,"href":"https:\/\/www.gaveanews.com\/index.php\/wp-json\/wp\/v2\/media\/155182"}],"wp:attachment":[{"href":"https:\/\/www.gaveanews.com\/index.php\/wp-json\/wp\/v2\/media?parent=259621"}],"wp:term":[{"taxonomy":"category","embeddable":true,"href":"https:\/\/www.gaveanews.com\/index.php\/wp-json\/wp\/v2\/categories?post=259621"},{"taxonomy":"post_tag","embeddable":true,"href":"https:\/\/www.gaveanews.com\/index.php\/wp-json\/wp\/v2\/tags?post=259621"}],"curies":[{"name":"wp","href":"https:\/\/api.w.org\/{rel}","templated":true}]}}