{"id":259625,"date":"2025-05-01T01:50:00","date_gmt":"2025-05-01T04:50:00","guid":{"rendered":"https:\/\/www.gaveanews.com\/?p=259625"},"modified":"2025-04-30T21:13:35","modified_gmt":"2025-05-01T00:13:35","slug":"jornalista-detona-atual-fase-da-selecao-brasileira","status":"publish","type":"post","link":"https:\/\/www.gaveanews.com\/index.php\/2025\/05\/01\/jornalista-detona-atual-fase-da-selecao-brasileira\/","title":{"rendered":"Jornalista detona atual fase da Sele\u00e7\u00e3o Brasileira"},"content":{"rendered":"\n<p>A recente negativa de Carlo Ancelotti \u00e0 Confedera\u00e7\u00e3o Brasileira de Futebol n\u00e3o apenas encerrou um longo cap\u00edtulo de negocia\u00e7\u00f5es frustradas, como tamb\u00e9m escancarou, conforme destacou o jornalista Alexandre Alliatti, a completa falta de dire\u00e7\u00e3o da Sele\u00e7\u00e3o Brasileira. A condu\u00e7\u00e3o do processo para escolha do novo treinador tem revelado uma CBF desorganizada, sem planejamento coerente e ref\u00e9m de expectativas irreais.<\/p>\n\n\n\n<h2 class=\"wp-block-heading\" id=\"h-desistencia-evidencia-impasse-interno\">Desist\u00eancia evidencia impasse interno<\/h2>\n\n\n\n<p>Ancelotti, que j\u00e1 havia sinalizado interesse anteriormente, recuou em meio \u00e0 resist\u00eancia do Real Madrid em liberar o t\u00e9cnico. O presidente do clube espanhol, Florentino P\u00e9rez, se irritou ao saber do acerto verbal entre o treinador e a CBF e se recusou a arcar com a multa rescis\u00f3ria. <\/p>\n\n\n\n<p>O impasse financeiro e contratual se somou ao momento turbulento vivido pelo clube merengue, que j\u00e1 n\u00e3o contava com uma temporada vitoriosa. Ainda que houvesse simpatia por parte de Ancelotti, a press\u00e3o em Madri inviabilizou o acordo, fazendo a CBF encerrar oficialmente as tratativas\u200b\u200b.<\/p>\n\n\n\n<h2 class=\"wp-block-heading\" id=\"h-alvo-perdido-e-legado-de-indefinicao\">Alvo perdido e legado de indefini\u00e7\u00e3o<\/h2>\n\n\n\n<p>Segundo Alliatti, o fracasso nas negocia\u00e7\u00f5es com o treinador italiano n\u00e3o \u00e9 um epis\u00f3dio isolado, mas sim o \u00e1pice de uma s\u00e9rie de decis\u00f5es equivocadas da entidade. Desde o an\u00fancio da sa\u00edda de Tite, em 2022, o comando t\u00e9cnico da Sele\u00e7\u00e3o passou por um vaiv\u00e9m de indefini\u00e7\u00f5es. <\/p>\n\n\n\n<p>Fernando Diniz, inicialmente interino, dividiu-se entre Fluminense e Sele\u00e7\u00e3o, gerando um cen\u00e1rio confuso e desestruturado. Posteriormente, Dorival J\u00fanior assumiu, mas sua sa\u00edda precoce contribuiu para o ciclo de instabilidade.<\/p>\n\n\n\n<p>\u201cTemos uma Sele\u00e7\u00e3o \u00e0 deriva\u201d, escreveu Alliatti. Para ele, o principal entrave \u00e9 a pr\u00f3pria CBF, sobretudo na figura do presidente Ednaldo Rodrigues, cuja condu\u00e7\u00e3o da entidade tem sido marcada por falta de estrat\u00e9gia e decis\u00f5es err\u00e1ticas. O jornalista argumenta que o vazio t\u00e9cnico e moral deixa a Sele\u00e7\u00e3o desconectada de seus torcedores e sem identidade t\u00e1tica ou simb\u00f3lica \u00e0s v\u00e9speras de mais uma Copa do Mundo.<\/p>\n\n\n\n<h2 class=\"wp-block-heading\" id=\"h-jorge-jesus-ganha-forca-como-alternativa-imediata\">Jorge Jesus ganha for\u00e7a como alternativa imediata<\/h2>\n\n\n\n<p>Com a retirada de Ancelotti, o nome de Jorge Jesus surge com for\u00e7a nos bastidores da CBF. O portugu\u00eas est\u00e1 em reta final de contrato com o Al-Hilal e, apesar de sofrer press\u00e3o interna no clube saudita, j\u00e1 declarou publicamente o desejo de treinar a Sele\u00e7\u00e3o: <\/p>\n\n\n\n<p>\u201c\u00c9 um sonho trabalhar na Sele\u00e7\u00e3o Brasileira\u201d, afirmou. Em meio a uma poss\u00edvel demiss\u00e3o no Oriente M\u00e9dio, Jesus estaria disposto a abrir m\u00e3o de disputar o Super Mundial de Clubes para realizar esse objetivo\u200b.<\/p>\n\n\n\n<p>Alliatti v\u00ea no t\u00e9cnico portugu\u00eas uma solu\u00e7\u00e3o interessante para o momento. Apesar de reconhecer a grandeza de Ancelotti, o jornalista acredita que Jesus pode oferecer o \u201ccaos necess\u00e1rio\u201d para tirar a Sele\u00e7\u00e3o do marasmo. \u201cJesus \u00e9 capaz de bagun\u00e7ar as cartas\u201d, escreveu, ao apontar que a mesmice e o conformismo t\u00e9cnico atual precisam de uma ruptura dr\u00e1stica.<\/p>\n\n\n\n<h2 class=\"wp-block-heading\" id=\"h-abel-ferreira-e-opcao-mais-distante\">Abel Ferreira \u00e9 op\u00e7\u00e3o mais distante<\/h2>\n\n\n\n<p>Outro nome mencionado \u00e9 o de Abel Ferreira, atualmente no comando do Palmeiras. Com contrato at\u00e9 o final deste ano e prest\u00edgio junto \u00e0 diretoria alviverde, o portugu\u00eas de 46 anos n\u00e3o teria sido procurado diretamente pela CBF. Leila Pereira, presidente do clube, afirmou que n\u00e3o recebeu nenhuma sondagem formal. Apesar disso, a entidade chegou a acionar advogados para avaliar as condi\u00e7\u00f5es contratuais do treinador\u200b.<\/p>\n\n\n\n<p>Mesmo sendo campe\u00e3o de duas Libertadores e acumulando oito t\u00edtulos com o Palmeiras, Abel parece estar em um est\u00e1gio diferente de Jesus no que se refere \u00e0 proximidade com a Sele\u00e7\u00e3o. Ao passo que Jorge j\u00e1 se mostra dispon\u00edvel e alinhado com o desejo da CBF, Abel segue focado no planejamento do clube paulista, com quem mant\u00e9m boa rela\u00e7\u00e3o institucional.<\/p>\n\n\n\n<h2 class=\"wp-block-heading\" id=\"h-desfecho-incerto-e-pressao-crescente\">Desfecho incerto e press\u00e3o crescente<\/h2>\n\n\n\n<p>Com a janela de amistosos se aproximando \u2014 a Sele\u00e7\u00e3o encara o Equador em 5 de junho e o Paraguai em 10 de junho \u2014 a entidade ainda precisa definir quem ser\u00e1 respons\u00e1vel por elaborar a lista de convocados. O cen\u00e1rio, contudo, ainda \u00e9 nebuloso. A expectativa \u00e9 que o novo treinador participe da escolha, mas a instabilidade interna da CBF torna o processo pouco transparente e imprevis\u00edvel\u200b.<\/p>\n\n\n\n<p><\/p>\n","protected":false},"excerpt":{"rendered":"<p>A recente negativa de Carlo Ancelotti \u00e0 Confedera\u00e7\u00e3o Brasileira de Futebol n\u00e3o apenas encerrou um longo cap\u00edtulo de negocia\u00e7\u00f5es frustradas, como tamb\u00e9m escancarou, conforme destacou o jornalista Alexandre Alliatti, a completa falta de dire\u00e7\u00e3o da Sele\u00e7\u00e3o Brasileira. A condu\u00e7\u00e3o do processo para escolha do novo treinador tem revelado uma CBF desorganizada, sem planejamento coerente e [&hellip;]<\/p>\n","protected":false},"author":30,"featured_media":91681,"comment_status":"open","ping_status":"closed","sticky":false,"template":"","format":"standard","meta":{"footnotes":""},"categories":[478,477],"tags":[],"class_list":["post-259625","post","type-post","status-publish","format-standard","has-post-thumbnail","hentry","category-brasil","category-selecoes"],"yoast_head":"<!-- This site is optimized with the Yoast SEO Premium plugin v24.2 (Yoast SEO v26.9) - https:\/\/yoast.com\/product\/yoast-seo-premium-wordpress\/ -->\n<title>Jornalista detona atual fase da Sele\u00e7\u00e3o Brasileira<\/title>\n<meta name=\"robots\" content=\"index, follow, max-snippet:-1, max-image-preview:large, max-video-preview:-1\" \/>\n<link rel=\"canonical\" href=\"https:\/\/www.gaveanews.com\/index.php\/2025\/05\/01\/jornalista-detona-atual-fase-da-selecao-brasileira\/\" \/>\n<meta property=\"og:locale\" content=\"pt_BR\" \/>\n<meta property=\"og:type\" content=\"article\" \/>\n<meta property=\"og:title\" content=\"Jornalista detona atual fase da Sele\u00e7\u00e3o Brasileira\" \/>\n<meta property=\"og:description\" content=\"A recente negativa de Carlo Ancelotti \u00e0 Confedera\u00e7\u00e3o Brasileira de Futebol n\u00e3o apenas encerrou um longo cap\u00edtulo de negocia\u00e7\u00f5es frustradas, como tamb\u00e9m escancarou, conforme destacou o jornalista Alexandre Alliatti, a completa falta de dire\u00e7\u00e3o da Sele\u00e7\u00e3o Brasileira. A condu\u00e7\u00e3o do processo para escolha do novo treinador tem revelado uma CBF desorganizada, sem planejamento coerente e [&hellip;]\" \/>\n<meta property=\"og:url\" content=\"https:\/\/www.gaveanews.com\/index.php\/2025\/05\/01\/jornalista-detona-atual-fase-da-selecao-brasileira\/\" \/>\n<meta property=\"og:site_name\" content=\"G\u00e1vea News\" \/>\n<meta property=\"article:publisher\" content=\"https:\/\/facebook.com\/gaveaNews\/\" \/>\n<meta property=\"article:published_time\" content=\"2025-05-01T04:50:00+00:00\" \/>\n<meta property=\"og:image\" content=\"https:\/\/www.gaveanews.com\/wp-content\/uploads\/vinicius-junior-raphinha-lucas-paqueta-neymar.webp\" \/>\n\t<meta property=\"og:image:width\" content=\"799\" \/>\n\t<meta property=\"og:image:height\" content=\"533\" \/>\n\t<meta property=\"og:image:type\" content=\"image\/jpeg\" \/>\n<meta name=\"author\" content=\"Ana Teixeira\" \/>\n<meta name=\"twitter:card\" content=\"summary_large_image\" \/>\n<meta name=\"twitter:label1\" content=\"Escrito por\" \/>\n\t<meta name=\"twitter:data1\" content=\"Ana Teixeira\" \/>\n\t<meta name=\"twitter:label2\" content=\"Est. tempo de leitura\" \/>\n\t<meta name=\"twitter:data2\" content=\"4 minutos\" \/>\n<script type=\"application\/ld+json\" class=\"yoast-schema-graph\">{\"@context\":\"https:\/\/schema.org\",\"@graph\":[{\"@type\":\"NewsArticle\",\"@id\":\"https:\/\/www.gaveanews.com\/index.php\/2025\/05\/01\/jornalista-detona-atual-fase-da-selecao-brasileira\/#article\",\"isPartOf\":{\"@id\":\"https:\/\/www.gaveanews.com\/index.php\/2025\/05\/01\/jornalista-detona-atual-fase-da-selecao-brasileira\/\"},\"author\":{\"name\":\"Ana Teixeira\",\"@id\":\"https:\/\/www.gaveanews.com\/#\/schema\/person\/3b19f7288b0ce20372991275e4f2e6c2\"},\"headline\":\"Jornalista detona atual fase da Sele\u00e7\u00e3o Brasileira\",\"datePublished\":\"2025-05-01T04:50:00+00:00\",\"mainEntityOfPage\":{\"@id\":\"https:\/\/www.gaveanews.com\/index.php\/2025\/05\/01\/jornalista-detona-atual-fase-da-selecao-brasileira\/\"},\"wordCount\":720,\"commentCount\":0,\"image\":{\"@id\":\"https:\/\/www.gaveanews.com\/index.php\/2025\/05\/01\/jornalista-detona-atual-fase-da-selecao-brasileira\/#primaryimage\"},\"thumbnailUrl\":\"https:\/\/www.gaveanews.com\/wp-content\/uploads\/vinicius-junior-raphinha-lucas-paqueta-neymar.webp\",\"articleSection\":[\"Brasil\",\"Sele\u00e7\u00f5es\"],\"inLanguage\":\"pt-BR\",\"potentialAction\":[{\"@type\":\"CommentAction\",\"name\":\"Comment\",\"target\":[\"https:\/\/www.gaveanews.com\/index.php\/2025\/05\/01\/jornalista-detona-atual-fase-da-selecao-brasileira\/#respond\"]}],\"copyrightYear\":\"2025\",\"copyrightHolder\":{\"@id\":\"https:\/\/www.gaveanews.com\/#organization\"}},{\"@type\":\"WebPage\",\"@id\":\"https:\/\/www.gaveanews.com\/index.php\/2025\/05\/01\/jornalista-detona-atual-fase-da-selecao-brasileira\/\",\"url\":\"https:\/\/www.gaveanews.com\/index.php\/2025\/05\/01\/jornalista-detona-atual-fase-da-selecao-brasileira\/\",\"name\":\"Jornalista detona atual fase da Sele\u00e7\u00e3o Brasileira\",\"isPartOf\":{\"@id\":\"https:\/\/www.gaveanews.com\/#website\"},\"primaryImageOfPage\":{\"@id\":\"https:\/\/www.gaveanews.com\/index.php\/2025\/05\/01\/jornalista-detona-atual-fase-da-selecao-brasileira\/#primaryimage\"},\"image\":{\"@id\":\"https:\/\/www.gaveanews.com\/index.php\/2025\/05\/01\/jornalista-detona-atual-fase-da-selecao-brasileira\/#primaryimage\"},\"thumbnailUrl\":\"https:\/\/www.gaveanews.com\/wp-content\/uploads\/vinicius-junior-raphinha-lucas-paqueta-neymar.webp\",\"datePublished\":\"2025-05-01T04:50:00+00:00\",\"author\":{\"@id\":\"https:\/\/www.gaveanews.com\/#\/schema\/person\/3b19f7288b0ce20372991275e4f2e6c2\"},\"breadcrumb\":{\"@id\":\"https:\/\/www.gaveanews.com\/index.php\/2025\/05\/01\/jornalista-detona-atual-fase-da-selecao-brasileira\/#breadcrumb\"},\"inLanguage\":\"pt-BR\",\"potentialAction\":[{\"@type\":\"ReadAction\",\"target\":[\"https:\/\/www.gaveanews.com\/index.php\/2025\/05\/01\/jornalista-detona-atual-fase-da-selecao-brasileira\/\"]}]},{\"@type\":\"ImageObject\",\"inLanguage\":\"pt-BR\",\"@id\":\"https:\/\/www.gaveanews.com\/index.php\/2025\/05\/01\/jornalista-detona-atual-fase-da-selecao-brasileira\/#primaryimage\",\"url\":\"https:\/\/www.gaveanews.com\/wp-content\/uploads\/vinicius-junior-raphinha-lucas-paqueta-neymar.webp\",\"contentUrl\":\"https:\/\/www.gaveanews.com\/wp-content\/uploads\/vinicius-junior-raphinha-lucas-paqueta-neymar.webp\",\"width\":799,\"height\":533,\"caption\":\"Vini Jr, Raphinha, Paquet\u00e1 e Neymar comemoram gol do Brasil contra a Coreia do Sul (Foto: Lucas Figueiredo\/CBF)\"},{\"@type\":\"BreadcrumbList\",\"@id\":\"https:\/\/www.gaveanews.com\/index.php\/2025\/05\/01\/jornalista-detona-atual-fase-da-selecao-brasileira\/#breadcrumb\",\"itemListElement\":[{\"@type\":\"ListItem\",\"position\":1,\"name\":\"Home\",\"item\":\"https:\/\/www.gaveanews.com\/\"},{\"@type\":\"ListItem\",\"position\":2,\"name\":\"Jornalista detona atual fase da Sele\u00e7\u00e3o Brasileira\"}]},{\"@type\":\"WebSite\",\"@id\":\"https:\/\/www.gaveanews.com\/#website\",\"url\":\"https:\/\/www.gaveanews.com\/\",\"name\":\"G\u00e1vea News\",\"description\":\"Veja todas as not\u00edcias sobre o Flamengo: Contrata\u00e7\u00f5es, categorias de base, resultados das partidas, tabela de classifica\u00e7\u00e3o, pr\u00f3ximos jogos!\",\"potentialAction\":[{\"@type\":\"SearchAction\",\"target\":{\"@type\":\"EntryPoint\",\"urlTemplate\":\"https:\/\/www.gaveanews.com\/?s={search_term_string}\"},\"query-input\":{\"@type\":\"PropertyValueSpecification\",\"valueRequired\":true,\"valueName\":\"search_term_string\"}}],\"inLanguage\":\"pt-BR\"},{\"@type\":\"Person\",\"@id\":\"https:\/\/www.gaveanews.com\/#\/schema\/person\/3b19f7288b0ce20372991275e4f2e6c2\",\"name\":\"Ana Teixeira\",\"image\":{\"@type\":\"ImageObject\",\"inLanguage\":\"pt-BR\",\"@id\":\"https:\/\/www.gaveanews.com\/#\/schema\/person\/image\/\",\"url\":\"https:\/\/secure.gravatar.com\/avatar\/0a73f5a5258f3fed37fc2fa641892f3f7a4748456d4d4792f9bc550e6c19e06c?s=96&d=mm&r=g\",\"contentUrl\":\"https:\/\/secure.gravatar.com\/avatar\/0a73f5a5258f3fed37fc2fa641892f3f7a4748456d4d4792f9bc550e6c19e06c?s=96&d=mm&r=g\",\"caption\":\"Ana Teixeira\"}}]}<\/script>\n<!-- \/ Yoast SEO Premium plugin. -->","yoast_head_json":{"title":"Jornalista detona atual fase da Sele\u00e7\u00e3o Brasileira","robots":{"index":"index","follow":"follow","max-snippet":"max-snippet:-1","max-image-preview":"max-image-preview:large","max-video-preview":"max-video-preview:-1"},"canonical":"https:\/\/www.gaveanews.com\/index.php\/2025\/05\/01\/jornalista-detona-atual-fase-da-selecao-brasileira\/","og_locale":"pt_BR","og_type":"article","og_title":"Jornalista detona atual fase da Sele\u00e7\u00e3o Brasileira","og_description":"A recente negativa de Carlo Ancelotti \u00e0 Confedera\u00e7\u00e3o Brasileira de Futebol n\u00e3o apenas encerrou um longo cap\u00edtulo de negocia\u00e7\u00f5es frustradas, como tamb\u00e9m escancarou, conforme destacou o jornalista Alexandre Alliatti, a completa falta de dire\u00e7\u00e3o da Sele\u00e7\u00e3o Brasileira. A condu\u00e7\u00e3o do processo para escolha do novo treinador tem revelado uma CBF desorganizada, sem planejamento coerente e [&hellip;]","og_url":"https:\/\/www.gaveanews.com\/index.php\/2025\/05\/01\/jornalista-detona-atual-fase-da-selecao-brasileira\/","og_site_name":"G\u00e1vea News","article_publisher":"https:\/\/facebook.com\/gaveaNews\/","article_published_time":"2025-05-01T04:50:00+00:00","og_image":[{"width":799,"height":533,"url":"https:\/\/www.gaveanews.com\/wp-content\/uploads\/vinicius-junior-raphinha-lucas-paqueta-neymar.webp","type":"image\/jpeg"}],"author":"Ana Teixeira","twitter_card":"summary_large_image","twitter_misc":{"Escrito por":"Ana Teixeira","Est. tempo de leitura":"4 minutos"},"schema":{"@context":"https:\/\/schema.org","@graph":[{"@type":"NewsArticle","@id":"https:\/\/www.gaveanews.com\/index.php\/2025\/05\/01\/jornalista-detona-atual-fase-da-selecao-brasileira\/#article","isPartOf":{"@id":"https:\/\/www.gaveanews.com\/index.php\/2025\/05\/01\/jornalista-detona-atual-fase-da-selecao-brasileira\/"},"author":{"name":"Ana Teixeira","@id":"https:\/\/www.gaveanews.com\/#\/schema\/person\/3b19f7288b0ce20372991275e4f2e6c2"},"headline":"Jornalista detona atual fase da Sele\u00e7\u00e3o Brasileira","datePublished":"2025-05-01T04:50:00+00:00","mainEntityOfPage":{"@id":"https:\/\/www.gaveanews.com\/index.php\/2025\/05\/01\/jornalista-detona-atual-fase-da-selecao-brasileira\/"},"wordCount":720,"commentCount":0,"image":{"@id":"https:\/\/www.gaveanews.com\/index.php\/2025\/05\/01\/jornalista-detona-atual-fase-da-selecao-brasileira\/#primaryimage"},"thumbnailUrl":"https:\/\/www.gaveanews.com\/wp-content\/uploads\/vinicius-junior-raphinha-lucas-paqueta-neymar.webp","articleSection":["Brasil","Sele\u00e7\u00f5es"],"inLanguage":"pt-BR","potentialAction":[{"@type":"CommentAction","name":"Comment","target":["https:\/\/www.gaveanews.com\/index.php\/2025\/05\/01\/jornalista-detona-atual-fase-da-selecao-brasileira\/#respond"]}],"copyrightYear":"2025","copyrightHolder":{"@id":"https:\/\/www.gaveanews.com\/#organization"}},{"@type":"WebPage","@id":"https:\/\/www.gaveanews.com\/index.php\/2025\/05\/01\/jornalista-detona-atual-fase-da-selecao-brasileira\/","url":"https:\/\/www.gaveanews.com\/index.php\/2025\/05\/01\/jornalista-detona-atual-fase-da-selecao-brasileira\/","name":"Jornalista detona atual fase da Sele\u00e7\u00e3o Brasileira","isPartOf":{"@id":"https:\/\/www.gaveanews.com\/#website"},"primaryImageOfPage":{"@id":"https:\/\/www.gaveanews.com\/index.php\/2025\/05\/01\/jornalista-detona-atual-fase-da-selecao-brasileira\/#primaryimage"},"image":{"@id":"https:\/\/www.gaveanews.com\/index.php\/2025\/05\/01\/jornalista-detona-atual-fase-da-selecao-brasileira\/#primaryimage"},"thumbnailUrl":"https:\/\/www.gaveanews.com\/wp-content\/uploads\/vinicius-junior-raphinha-lucas-paqueta-neymar.webp","datePublished":"2025-05-01T04:50:00+00:00","author":{"@id":"https:\/\/www.gaveanews.com\/#\/schema\/person\/3b19f7288b0ce20372991275e4f2e6c2"},"breadcrumb":{"@id":"https:\/\/www.gaveanews.com\/index.php\/2025\/05\/01\/jornalista-detona-atual-fase-da-selecao-brasileira\/#breadcrumb"},"inLanguage":"pt-BR","potentialAction":[{"@type":"ReadAction","target":["https:\/\/www.gaveanews.com\/index.php\/2025\/05\/01\/jornalista-detona-atual-fase-da-selecao-brasileira\/"]}]},{"@type":"ImageObject","inLanguage":"pt-BR","@id":"https:\/\/www.gaveanews.com\/index.php\/2025\/05\/01\/jornalista-detona-atual-fase-da-selecao-brasileira\/#primaryimage","url":"https:\/\/www.gaveanews.com\/wp-content\/uploads\/vinicius-junior-raphinha-lucas-paqueta-neymar.webp","contentUrl":"https:\/\/www.gaveanews.com\/wp-content\/uploads\/vinicius-junior-raphinha-lucas-paqueta-neymar.webp","width":799,"height":533,"caption":"Vini Jr, Raphinha, Paquet\u00e1 e Neymar comemoram gol do Brasil contra a Coreia do Sul (Foto: Lucas Figueiredo\/CBF)"},{"@type":"BreadcrumbList","@id":"https:\/\/www.gaveanews.com\/index.php\/2025\/05\/01\/jornalista-detona-atual-fase-da-selecao-brasileira\/#breadcrumb","itemListElement":[{"@type":"ListItem","position":1,"name":"Home","item":"https:\/\/www.gaveanews.com\/"},{"@type":"ListItem","position":2,"name":"Jornalista detona atual fase da Sele\u00e7\u00e3o Brasileira"}]},{"@type":"WebSite","@id":"https:\/\/www.gaveanews.com\/#website","url":"https:\/\/www.gaveanews.com\/","name":"G\u00e1vea News","description":"Veja todas as not\u00edcias sobre o Flamengo: Contrata\u00e7\u00f5es, categorias de base, resultados das partidas, tabela de classifica\u00e7\u00e3o, pr\u00f3ximos jogos!","potentialAction":[{"@type":"SearchAction","target":{"@type":"EntryPoint","urlTemplate":"https:\/\/www.gaveanews.com\/?s={search_term_string}"},"query-input":{"@type":"PropertyValueSpecification","valueRequired":true,"valueName":"search_term_string"}}],"inLanguage":"pt-BR"},{"@type":"Person","@id":"https:\/\/www.gaveanews.com\/#\/schema\/person\/3b19f7288b0ce20372991275e4f2e6c2","name":"Ana Teixeira","image":{"@type":"ImageObject","inLanguage":"pt-BR","@id":"https:\/\/www.gaveanews.com\/#\/schema\/person\/image\/","url":"https:\/\/secure.gravatar.com\/avatar\/0a73f5a5258f3fed37fc2fa641892f3f7a4748456d4d4792f9bc550e6c19e06c?s=96&d=mm&r=g","contentUrl":"https:\/\/secure.gravatar.com\/avatar\/0a73f5a5258f3fed37fc2fa641892f3f7a4748456d4d4792f9bc550e6c19e06c?s=96&d=mm&r=g","caption":"Ana Teixeira"}}]}},"_links":{"self":[{"href":"https:\/\/www.gaveanews.com\/index.php\/wp-json\/wp\/v2\/posts\/259625","targetHints":{"allow":["GET"]}}],"collection":[{"href":"https:\/\/www.gaveanews.com\/index.php\/wp-json\/wp\/v2\/posts"}],"about":[{"href":"https:\/\/www.gaveanews.com\/index.php\/wp-json\/wp\/v2\/types\/post"}],"author":[{"embeddable":true,"href":"https:\/\/www.gaveanews.com\/index.php\/wp-json\/wp\/v2\/users\/30"}],"replies":[{"embeddable":true,"href":"https:\/\/www.gaveanews.com\/index.php\/wp-json\/wp\/v2\/comments?post=259625"}],"version-history":[{"count":1,"href":"https:\/\/www.gaveanews.com\/index.php\/wp-json\/wp\/v2\/posts\/259625\/revisions"}],"predecessor-version":[{"id":259631,"href":"https:\/\/www.gaveanews.com\/index.php\/wp-json\/wp\/v2\/posts\/259625\/revisions\/259631"}],"wp:featuredmedia":[{"embeddable":true,"href":"https:\/\/www.gaveanews.com\/index.php\/wp-json\/wp\/v2\/media\/91681"}],"wp:attachment":[{"href":"https:\/\/www.gaveanews.com\/index.php\/wp-json\/wp\/v2\/media?parent=259625"}],"wp:term":[{"taxonomy":"category","embeddable":true,"href":"https:\/\/www.gaveanews.com\/index.php\/wp-json\/wp\/v2\/categories?post=259625"},{"taxonomy":"post_tag","embeddable":true,"href":"https:\/\/www.gaveanews.com\/index.php\/wp-json\/wp\/v2\/tags?post=259625"}],"curies":[{"name":"wp","href":"https:\/\/api.w.org\/{rel}","templated":true}]}}