{"id":259634,"date":"2025-04-30T21:35:23","date_gmt":"2025-05-01T00:35:23","guid":{"rendered":"https:\/\/www.gaveanews.com\/?p=259634"},"modified":"2025-04-30T21:35:26","modified_gmt":"2025-05-01T00:35:26","slug":"fluminense-quando-thiago-silva-ira-voltar","status":"publish","type":"post","link":"https:\/\/www.gaveanews.com\/index.php\/2025\/04\/30\/fluminense-quando-thiago-silva-ira-voltar\/","title":{"rendered":"Fluminense: quando Thiago Silva ir\u00e1 voltar?"},"content":{"rendered":"\n<h2 class=\"wp-block-heading\" id=\"h-zagueiro-se-recupera-de-lesao\">Zagueiro se recupera de les\u00e3o <\/h2>\n\n\n\n<p>A \u00faltima vez que Thiago Silva atuou foi em 13 de abril, no triunfo do Fluminense por 1 a 0 sobre o Santos, pelo Brasileir\u00e3o. Naquela partida, o zagueiro sofreu uma les\u00e3o na coxa direita e \u00e9 desfalque desde ent\u00e3o. Nesta semana, Thiago iniciou a transi\u00e7\u00e3o para o gramado e assim fica mais pr\u00f3ximo de retornar.<\/p>\n\n\n\n<p>Apesar de ter iniciado o processo de transi\u00e7\u00e3o, Thiago Silva ainda treina separado. O pr\u00f3ximo passo e sua recupera\u00e7\u00e3o \u00e9 justamente voltar a treinar com seus companheiros. A tend\u00eancia por\u00e9m, \u00e9 de que Thiago ainda fique de uma a duas semanas sem atuar nos jogos. <\/p>\n\n\n\n<p>A ideia do departamento m\u00e9dico e da comiss\u00e3o t\u00e9cnica \u00e9 que o zagueiro fique ainda mais um tempo sem atuar para se recuperar de forma 100% e claro, pegar recondicionamento f\u00edsico para voltar a entrar em campo. <\/p>\n\n\n\n<p>Na vit\u00f3ria sobre o Santos em 13 de abril, Thiago Silva foi escalado como titular por Renato Ga\u00facho. Ap\u00f3s o gol de Samuel Xavier j\u00e1 no final da partida, o zagueiro foi at\u00e9 o banco de reservas da equipe e pediu uma prote\u00e7\u00e3o para a regi\u00e3o que estava sentindo a dor. Com o desfalque de Thiago, o treinador do Fluminense vem utilizando Ign\u00e1cio e Freytes na zaga.<\/p>\n\n\n\n<p>Na \u00faltima ter\u00e7a-feira (29), o Fluminense largou na frente por uma vaga nas oitavas de final da Copa do Brasil. Jogando no Maracan\u00e3, o Tricolor carioca venceu a Aparecidense-GO pelo placar de 1 a 0, com gol de Keno aos 36 minutos do segundo tempo. A partida de volta acontece no dia 21 de maio em Goi\u00e2nia, \u00e0s 19h30 (hor\u00e1rio de Bras\u00edlia). <\/p>\n\n\n\n<p>Agora, o Fluminense volta a campo neste s\u00e1bado (3) contra o Sport, em jogo da s\u00e9tima rodada do Campeonato Brasileiro. A bola rola \u00e0s 18h30 (hor\u00e1rio de Bras\u00edlia), no Est\u00e1dio do Maracan\u00e3. <\/p>\n","protected":false},"excerpt":{"rendered":"<p>Zagueiro se recupera de les\u00e3o A \u00faltima vez que Thiago Silva atuou foi em 13 de abril, no triunfo do Fluminense por 1 a 0 sobre o Santos, pelo Brasileir\u00e3o. Naquela partida, o zagueiro sofreu uma les\u00e3o na coxa direita e \u00e9 desfalque desde ent\u00e3o. Nesta semana, Thiago iniciou a transi\u00e7\u00e3o para o gramado e [&hellip;]<\/p>\n","protected":false},"author":21,"featured_media":154432,"comment_status":"open","ping_status":"closed","sticky":false,"template":"","format":"standard","meta":{"footnotes":""},"categories":[145],"tags":[],"class_list":["post-259634","post","type-post","status-publish","format-standard","has-post-thumbnail","hentry","category-fluminense"],"yoast_head":"<!-- This site is optimized with the Yoast SEO Premium plugin v24.2 (Yoast SEO v26.9) - https:\/\/yoast.com\/product\/yoast-seo-premium-wordpress\/ -->\n<title>Fluminense: quando Thiago Silva ir\u00e1 voltar?<\/title>\n<meta name=\"robots\" content=\"index, follow, max-snippet:-1, max-image-preview:large, max-video-preview:-1\" \/>\n<link rel=\"canonical\" href=\"https:\/\/www.gaveanews.com\/index.php\/2025\/04\/30\/fluminense-quando-thiago-silva-ira-voltar\/\" \/>\n<meta property=\"og:locale\" content=\"pt_BR\" \/>\n<meta property=\"og:type\" content=\"article\" \/>\n<meta property=\"og:title\" content=\"Fluminense: quando Thiago Silva ir\u00e1 voltar?\" \/>\n<meta property=\"og:description\" content=\"Zagueiro se recupera de les\u00e3o A \u00faltima vez que Thiago Silva atuou foi em 13 de abril, no triunfo do Fluminense por 1 a 0 sobre o Santos, pelo Brasileir\u00e3o. Naquela partida, o zagueiro sofreu uma les\u00e3o na coxa direita e \u00e9 desfalque desde ent\u00e3o. Nesta semana, Thiago iniciou a transi\u00e7\u00e3o para o gramado e [&hellip;]\" \/>\n<meta property=\"og:url\" content=\"https:\/\/www.gaveanews.com\/index.php\/2025\/04\/30\/fluminense-quando-thiago-silva-ira-voltar\/\" \/>\n<meta property=\"og:site_name\" content=\"G\u00e1vea News\" \/>\n<meta property=\"article:publisher\" content=\"https:\/\/facebook.com\/gaveaNews\/\" \/>\n<meta property=\"article:published_time\" content=\"2025-05-01T00:35:23+00:00\" \/>\n<meta property=\"article:modified_time\" content=\"2025-05-01T00:35:26+00:00\" \/>\n<meta property=\"og:image\" content=\"http:\/\/www.gaveanews.com\/wp-content\/uploads\/Thiago-Silva-com-a-camisa-do-Fluminense-em-Fluminense-x-Palmeira-em-2024.webp\" \/>\n\t<meta property=\"og:image:width\" content=\"1213\" \/>\n\t<meta property=\"og:image:height\" content=\"809\" \/>\n\t<meta property=\"og:image:type\" content=\"image\/webp\" \/>\n<meta name=\"author\" content=\"Andr\u00e9 Serra\" \/>\n<meta name=\"twitter:card\" content=\"summary_large_image\" \/>\n<meta name=\"twitter:label1\" content=\"Escrito por\" \/>\n\t<meta name=\"twitter:data1\" content=\"Andr\u00e9 Serra\" \/>\n\t<meta name=\"twitter:label2\" content=\"Est. tempo de leitura\" \/>\n\t<meta name=\"twitter:data2\" content=\"2 minutos\" \/>\n<script type=\"application\/ld+json\" class=\"yoast-schema-graph\">{\"@context\":\"https:\/\/schema.org\",\"@graph\":[{\"@type\":\"NewsArticle\",\"@id\":\"https:\/\/www.gaveanews.com\/index.php\/2025\/04\/30\/fluminense-quando-thiago-silva-ira-voltar\/#article\",\"isPartOf\":{\"@id\":\"https:\/\/www.gaveanews.com\/index.php\/2025\/04\/30\/fluminense-quando-thiago-silva-ira-voltar\/\"},\"author\":{\"name\":\"Andr\u00e9 Serra\",\"@id\":\"https:\/\/www.gaveanews.com\/#\/schema\/person\/0277a79a1289c451c281ec0411d84f0c\"},\"headline\":\"Fluminense: quando Thiago Silva ir\u00e1 voltar?\",\"datePublished\":\"2025-05-01T00:35:23+00:00\",\"dateModified\":\"2025-05-01T00:35:26+00:00\",\"mainEntityOfPage\":{\"@id\":\"https:\/\/www.gaveanews.com\/index.php\/2025\/04\/30\/fluminense-quando-thiago-silva-ira-voltar\/\"},\"wordCount\":325,\"commentCount\":0,\"image\":{\"@id\":\"https:\/\/www.gaveanews.com\/index.php\/2025\/04\/30\/fluminense-quando-thiago-silva-ira-voltar\/#primaryimage\"},\"thumbnailUrl\":\"https:\/\/www.gaveanews.com\/wp-content\/uploads\/Thiago-Silva-com-a-camisa-do-Fluminense-em-Fluminense-x-Palmeira-em-2024.webp\",\"articleSection\":[\"Fluminense\"],\"inLanguage\":\"pt-BR\",\"potentialAction\":[{\"@type\":\"CommentAction\",\"name\":\"Comment\",\"target\":[\"https:\/\/www.gaveanews.com\/index.php\/2025\/04\/30\/fluminense-quando-thiago-silva-ira-voltar\/#respond\"]}],\"copyrightYear\":\"2025\",\"copyrightHolder\":{\"@id\":\"https:\/\/www.gaveanews.com\/#organization\"}},{\"@type\":\"WebPage\",\"@id\":\"https:\/\/www.gaveanews.com\/index.php\/2025\/04\/30\/fluminense-quando-thiago-silva-ira-voltar\/\",\"url\":\"https:\/\/www.gaveanews.com\/index.php\/2025\/04\/30\/fluminense-quando-thiago-silva-ira-voltar\/\",\"name\":\"Fluminense: quando Thiago Silva ir\u00e1 voltar?\",\"isPartOf\":{\"@id\":\"https:\/\/www.gaveanews.com\/#website\"},\"primaryImageOfPage\":{\"@id\":\"https:\/\/www.gaveanews.com\/index.php\/2025\/04\/30\/fluminense-quando-thiago-silva-ira-voltar\/#primaryimage\"},\"image\":{\"@id\":\"https:\/\/www.gaveanews.com\/index.php\/2025\/04\/30\/fluminense-quando-thiago-silva-ira-voltar\/#primaryimage\"},\"thumbnailUrl\":\"https:\/\/www.gaveanews.com\/wp-content\/uploads\/Thiago-Silva-com-a-camisa-do-Fluminense-em-Fluminense-x-Palmeira-em-2024.webp\",\"datePublished\":\"2025-05-01T00:35:23+00:00\",\"dateModified\":\"2025-05-01T00:35:26+00:00\",\"author\":{\"@id\":\"https:\/\/www.gaveanews.com\/#\/schema\/person\/0277a79a1289c451c281ec0411d84f0c\"},\"breadcrumb\":{\"@id\":\"https:\/\/www.gaveanews.com\/index.php\/2025\/04\/30\/fluminense-quando-thiago-silva-ira-voltar\/#breadcrumb\"},\"inLanguage\":\"pt-BR\",\"potentialAction\":[{\"@type\":\"ReadAction\",\"target\":[\"https:\/\/www.gaveanews.com\/index.php\/2025\/04\/30\/fluminense-quando-thiago-silva-ira-voltar\/\"]}]},{\"@type\":\"ImageObject\",\"inLanguage\":\"pt-BR\",\"@id\":\"https:\/\/www.gaveanews.com\/index.php\/2025\/04\/30\/fluminense-quando-thiago-silva-ira-voltar\/#primaryimage\",\"url\":\"https:\/\/www.gaveanews.com\/wp-content\/uploads\/Thiago-Silva-com-a-camisa-do-Fluminense-em-Fluminense-x-Palmeira-em-2024.webp\",\"contentUrl\":\"https:\/\/www.gaveanews.com\/wp-content\/uploads\/Thiago-Silva-com-a-camisa-do-Fluminense-em-Fluminense-x-Palmeira-em-2024.webp\",\"width\":1213,\"height\":809,\"caption\":\"Thiago Silva com a camisa do Fluminense em Fluminense x Palmeira em 2024 (Foto: Lucas Mer\u00e7on \/ Fluminense F.C)\"},{\"@type\":\"BreadcrumbList\",\"@id\":\"https:\/\/www.gaveanews.com\/index.php\/2025\/04\/30\/fluminense-quando-thiago-silva-ira-voltar\/#breadcrumb\",\"itemListElement\":[{\"@type\":\"ListItem\",\"position\":1,\"name\":\"Home\",\"item\":\"https:\/\/www.gaveanews.com\/\"},{\"@type\":\"ListItem\",\"position\":2,\"name\":\"Fluminense: quando Thiago Silva ir\u00e1 voltar?\"}]},{\"@type\":\"WebSite\",\"@id\":\"https:\/\/www.gaveanews.com\/#website\",\"url\":\"https:\/\/www.gaveanews.com\/\",\"name\":\"G\u00e1vea News\",\"description\":\"Veja todas as not\u00edcias sobre o Flamengo: Contrata\u00e7\u00f5es, categorias de base, resultados das partidas, tabela de classifica\u00e7\u00e3o, pr\u00f3ximos jogos!\",\"potentialAction\":[{\"@type\":\"SearchAction\",\"target\":{\"@type\":\"EntryPoint\",\"urlTemplate\":\"https:\/\/www.gaveanews.com\/?s={search_term_string}\"},\"query-input\":{\"@type\":\"PropertyValueSpecification\",\"valueRequired\":true,\"valueName\":\"search_term_string\"}}],\"inLanguage\":\"pt-BR\"},{\"@type\":\"Person\",\"@id\":\"https:\/\/www.gaveanews.com\/#\/schema\/person\/0277a79a1289c451c281ec0411d84f0c\",\"name\":\"Andr\u00e9 Serra\",\"image\":{\"@type\":\"ImageObject\",\"inLanguage\":\"pt-BR\",\"@id\":\"https:\/\/www.gaveanews.com\/#\/schema\/person\/image\/\",\"url\":\"https:\/\/secure.gravatar.com\/avatar\/d7231369fe48db93292b3e88eb2162dbd9a34a47a8437d9ef3bcaca2a86a83d7?s=96&d=mm&r=g\",\"contentUrl\":\"https:\/\/secure.gravatar.com\/avatar\/d7231369fe48db93292b3e88eb2162dbd9a34a47a8437d9ef3bcaca2a86a83d7?s=96&d=mm&r=g\",\"caption\":\"Andr\u00e9 Serra\"}}]}<\/script>\n<!-- \/ Yoast SEO Premium plugin. -->","yoast_head_json":{"title":"Fluminense: quando Thiago Silva ir\u00e1 voltar?","robots":{"index":"index","follow":"follow","max-snippet":"max-snippet:-1","max-image-preview":"max-image-preview:large","max-video-preview":"max-video-preview:-1"},"canonical":"https:\/\/www.gaveanews.com\/index.php\/2025\/04\/30\/fluminense-quando-thiago-silva-ira-voltar\/","og_locale":"pt_BR","og_type":"article","og_title":"Fluminense: quando Thiago Silva ir\u00e1 voltar?","og_description":"Zagueiro se recupera de les\u00e3o A \u00faltima vez que Thiago Silva atuou foi em 13 de abril, no triunfo do Fluminense por 1 a 0 sobre o Santos, pelo Brasileir\u00e3o. Naquela partida, o zagueiro sofreu uma les\u00e3o na coxa direita e \u00e9 desfalque desde ent\u00e3o. Nesta semana, Thiago iniciou a transi\u00e7\u00e3o para o gramado e [&hellip;]","og_url":"https:\/\/www.gaveanews.com\/index.php\/2025\/04\/30\/fluminense-quando-thiago-silva-ira-voltar\/","og_site_name":"G\u00e1vea News","article_publisher":"https:\/\/facebook.com\/gaveaNews\/","article_published_time":"2025-05-01T00:35:23+00:00","article_modified_time":"2025-05-01T00:35:26+00:00","og_image":[{"width":1213,"height":809,"url":"http:\/\/www.gaveanews.com\/wp-content\/uploads\/Thiago-Silva-com-a-camisa-do-Fluminense-em-Fluminense-x-Palmeira-em-2024.webp","type":"image\/webp"}],"author":"Andr\u00e9 Serra","twitter_card":"summary_large_image","twitter_misc":{"Escrito por":"Andr\u00e9 Serra","Est. tempo de leitura":"2 minutos"},"schema":{"@context":"https:\/\/schema.org","@graph":[{"@type":"NewsArticle","@id":"https:\/\/www.gaveanews.com\/index.php\/2025\/04\/30\/fluminense-quando-thiago-silva-ira-voltar\/#article","isPartOf":{"@id":"https:\/\/www.gaveanews.com\/index.php\/2025\/04\/30\/fluminense-quando-thiago-silva-ira-voltar\/"},"author":{"name":"Andr\u00e9 Serra","@id":"https:\/\/www.gaveanews.com\/#\/schema\/person\/0277a79a1289c451c281ec0411d84f0c"},"headline":"Fluminense: quando Thiago Silva ir\u00e1 voltar?","datePublished":"2025-05-01T00:35:23+00:00","dateModified":"2025-05-01T00:35:26+00:00","mainEntityOfPage":{"@id":"https:\/\/www.gaveanews.com\/index.php\/2025\/04\/30\/fluminense-quando-thiago-silva-ira-voltar\/"},"wordCount":325,"commentCount":0,"image":{"@id":"https:\/\/www.gaveanews.com\/index.php\/2025\/04\/30\/fluminense-quando-thiago-silva-ira-voltar\/#primaryimage"},"thumbnailUrl":"https:\/\/www.gaveanews.com\/wp-content\/uploads\/Thiago-Silva-com-a-camisa-do-Fluminense-em-Fluminense-x-Palmeira-em-2024.webp","articleSection":["Fluminense"],"inLanguage":"pt-BR","potentialAction":[{"@type":"CommentAction","name":"Comment","target":["https:\/\/www.gaveanews.com\/index.php\/2025\/04\/30\/fluminense-quando-thiago-silva-ira-voltar\/#respond"]}],"copyrightYear":"2025","copyrightHolder":{"@id":"https:\/\/www.gaveanews.com\/#organization"}},{"@type":"WebPage","@id":"https:\/\/www.gaveanews.com\/index.php\/2025\/04\/30\/fluminense-quando-thiago-silva-ira-voltar\/","url":"https:\/\/www.gaveanews.com\/index.php\/2025\/04\/30\/fluminense-quando-thiago-silva-ira-voltar\/","name":"Fluminense: quando Thiago Silva ir\u00e1 voltar?","isPartOf":{"@id":"https:\/\/www.gaveanews.com\/#website"},"primaryImageOfPage":{"@id":"https:\/\/www.gaveanews.com\/index.php\/2025\/04\/30\/fluminense-quando-thiago-silva-ira-voltar\/#primaryimage"},"image":{"@id":"https:\/\/www.gaveanews.com\/index.php\/2025\/04\/30\/fluminense-quando-thiago-silva-ira-voltar\/#primaryimage"},"thumbnailUrl":"https:\/\/www.gaveanews.com\/wp-content\/uploads\/Thiago-Silva-com-a-camisa-do-Fluminense-em-Fluminense-x-Palmeira-em-2024.webp","datePublished":"2025-05-01T00:35:23+00:00","dateModified":"2025-05-01T00:35:26+00:00","author":{"@id":"https:\/\/www.gaveanews.com\/#\/schema\/person\/0277a79a1289c451c281ec0411d84f0c"},"breadcrumb":{"@id":"https:\/\/www.gaveanews.com\/index.php\/2025\/04\/30\/fluminense-quando-thiago-silva-ira-voltar\/#breadcrumb"},"inLanguage":"pt-BR","potentialAction":[{"@type":"ReadAction","target":["https:\/\/www.gaveanews.com\/index.php\/2025\/04\/30\/fluminense-quando-thiago-silva-ira-voltar\/"]}]},{"@type":"ImageObject","inLanguage":"pt-BR","@id":"https:\/\/www.gaveanews.com\/index.php\/2025\/04\/30\/fluminense-quando-thiago-silva-ira-voltar\/#primaryimage","url":"https:\/\/www.gaveanews.com\/wp-content\/uploads\/Thiago-Silva-com-a-camisa-do-Fluminense-em-Fluminense-x-Palmeira-em-2024.webp","contentUrl":"https:\/\/www.gaveanews.com\/wp-content\/uploads\/Thiago-Silva-com-a-camisa-do-Fluminense-em-Fluminense-x-Palmeira-em-2024.webp","width":1213,"height":809,"caption":"Thiago Silva com a camisa do Fluminense em Fluminense x Palmeira em 2024 (Foto: Lucas Mer\u00e7on \/ Fluminense F.C)"},{"@type":"BreadcrumbList","@id":"https:\/\/www.gaveanews.com\/index.php\/2025\/04\/30\/fluminense-quando-thiago-silva-ira-voltar\/#breadcrumb","itemListElement":[{"@type":"ListItem","position":1,"name":"Home","item":"https:\/\/www.gaveanews.com\/"},{"@type":"ListItem","position":2,"name":"Fluminense: quando Thiago Silva ir\u00e1 voltar?"}]},{"@type":"WebSite","@id":"https:\/\/www.gaveanews.com\/#website","url":"https:\/\/www.gaveanews.com\/","name":"G\u00e1vea News","description":"Veja todas as not\u00edcias sobre o Flamengo: Contrata\u00e7\u00f5es, categorias de base, resultados das partidas, tabela de classifica\u00e7\u00e3o, pr\u00f3ximos jogos!","potentialAction":[{"@type":"SearchAction","target":{"@type":"EntryPoint","urlTemplate":"https:\/\/www.gaveanews.com\/?s={search_term_string}"},"query-input":{"@type":"PropertyValueSpecification","valueRequired":true,"valueName":"search_term_string"}}],"inLanguage":"pt-BR"},{"@type":"Person","@id":"https:\/\/www.gaveanews.com\/#\/schema\/person\/0277a79a1289c451c281ec0411d84f0c","name":"Andr\u00e9 Serra","image":{"@type":"ImageObject","inLanguage":"pt-BR","@id":"https:\/\/www.gaveanews.com\/#\/schema\/person\/image\/","url":"https:\/\/secure.gravatar.com\/avatar\/d7231369fe48db93292b3e88eb2162dbd9a34a47a8437d9ef3bcaca2a86a83d7?s=96&d=mm&r=g","contentUrl":"https:\/\/secure.gravatar.com\/avatar\/d7231369fe48db93292b3e88eb2162dbd9a34a47a8437d9ef3bcaca2a86a83d7?s=96&d=mm&r=g","caption":"Andr\u00e9 Serra"}}]}},"_links":{"self":[{"href":"https:\/\/www.gaveanews.com\/index.php\/wp-json\/wp\/v2\/posts\/259634","targetHints":{"allow":["GET"]}}],"collection":[{"href":"https:\/\/www.gaveanews.com\/index.php\/wp-json\/wp\/v2\/posts"}],"about":[{"href":"https:\/\/www.gaveanews.com\/index.php\/wp-json\/wp\/v2\/types\/post"}],"author":[{"embeddable":true,"href":"https:\/\/www.gaveanews.com\/index.php\/wp-json\/wp\/v2\/users\/21"}],"replies":[{"embeddable":true,"href":"https:\/\/www.gaveanews.com\/index.php\/wp-json\/wp\/v2\/comments?post=259634"}],"version-history":[{"count":1,"href":"https:\/\/www.gaveanews.com\/index.php\/wp-json\/wp\/v2\/posts\/259634\/revisions"}],"predecessor-version":[{"id":259640,"href":"https:\/\/www.gaveanews.com\/index.php\/wp-json\/wp\/v2\/posts\/259634\/revisions\/259640"}],"wp:featuredmedia":[{"embeddable":true,"href":"https:\/\/www.gaveanews.com\/index.php\/wp-json\/wp\/v2\/media\/154432"}],"wp:attachment":[{"href":"https:\/\/www.gaveanews.com\/index.php\/wp-json\/wp\/v2\/media?parent=259634"}],"wp:term":[{"taxonomy":"category","embeddable":true,"href":"https:\/\/www.gaveanews.com\/index.php\/wp-json\/wp\/v2\/categories?post=259634"},{"taxonomy":"post_tag","embeddable":true,"href":"https:\/\/www.gaveanews.com\/index.php\/wp-json\/wp\/v2\/tags?post=259634"}],"curies":[{"name":"wp","href":"https:\/\/api.w.org\/{rel}","templated":true}]}}