{"id":259649,"date":"2025-05-01T02:00:00","date_gmt":"2025-05-01T05:00:00","guid":{"rendered":"https:\/\/www.gaveanews.com\/?p=259649"},"modified":"2025-04-30T21:46:54","modified_gmt":"2025-05-01T00:46:54","slug":"a-declaracao-de-felipe-melo-direcionada-a-pedro-do-flamengo-2","status":"publish","type":"post","link":"https:\/\/www.gaveanews.com\/index.php\/2025\/05\/01\/a-declaracao-de-felipe-melo-direcionada-a-pedro-do-flamengo-2\/","title":{"rendered":"A declara\u00e7\u00e3o de Felipe Melo direcionada a Pedro, do Flamengo"},"content":{"rendered":"\n<p>Durante o programa &#8216;Fechamento SporTV&#8217;, o ex-jogador Felipe Melo fez elogios contundentes ao atacante Pedro, do Flamengo, destacando o comprometimento do camisa 9 como o principal motivo de sua retomada em alto n\u00edvel na temporada de 2025. Pedro, que sofreu uma s\u00e9ria les\u00e3o ligamentar no ano anterior, voltou a atuar sete meses depois e j\u00e1 soma quatro gols em seis partidas.<\/p>\n\n\n\n<p>Felipe Melo foi direto ao afirmar que a disciplina fora de campo \u00e9 o diferencial de Pedro. \u201cEle \u00e9 um grande profissional. O cara se cuida demais, se cuida, vai para casa, est\u00e1 sempre se dedicando. Por isso voltou e voltou bem. Essa \u00e9 a mais pura verdade\u201d, declarou o ex-volante. Essa retomada de forma do atacante \u00e9 vista como resultado direto de sua postura nos bastidores.<\/p>\n\n\n\n<p>Ali\u00e1s, o bom momento individual de Pedro tem coincidido com vit\u00f3rias importantes do Flamengo no Campeonato Brasileiro. Conforme analisado no mesmo programa, o Rubro-Negro venceu recentemente o Corinthians, em partida que tamb\u00e9m foi alvo de coment\u00e1rio por parte de Felipe Melo. O ex-jogador criticou a postura do time paulista, afirmando que os atletas \u201cpareciam com medo\u201d de atuar no Maracan\u00e3.<\/p>\n\n\n\n<p>\u201cParecia que o Corinthians estava com medo. N\u00e3o consigo entender um clube t\u00e3o grande como \u00e9 o Corinthians, ningu\u00e9m d\u00e1 um carrinho, ningu\u00e9m d\u00e1 uma dura em ningu\u00e9m. O Flamengo passeou em campo\u201d, completou Melo, de forma cr\u00edtica, ressaltando a superioridade imposta pelo time carioca naquele duelo.<\/p>\n\n\n\n<p>Entretanto, apesar do bom momento, Pedro dever\u00e1 ser preservado no pr\u00f3ximo compromisso do Flamengo. O atacante deve ser poupado no confronto contra o Botafogo-PB, marcado para esta quinta-feira (1\u00ba), pela terceira fase da Copa do Brasil, conforme o planejamento da comiss\u00e3o t\u00e9cnica liderada por Filipe Lu\u00eds.<\/p>\n\n\n\n<p>Essa decis\u00e3o visa preservar o atleta, levando em considera\u00e7\u00e3o seu hist\u00f3rico recente de recupera\u00e7\u00e3o f\u00edsica. Afinal, manter o artilheiro em condi\u00e7\u00e3o ideal para as fases mais exigentes da temporada \u00e9, atualmente, uma das prioridades no departamento de futebol do clube.<\/p>\n","protected":false},"excerpt":{"rendered":"<p>Durante o programa &#8216;Fechamento SporTV&#8217;, o ex-jogador Felipe Melo fez elogios contundentes ao atacante Pedro, do Flamengo, destacando o comprometimento do camisa 9 como o principal motivo de sua retomada em alto n\u00edvel na temporada de 2025. Pedro, que sofreu uma s\u00e9ria les\u00e3o ligamentar no ano anterior, voltou a atuar sete meses depois e j\u00e1 [&hellip;]<\/p>\n","protected":false},"author":18,"featured_media":254998,"comment_status":"open","ping_status":"closed","sticky":false,"template":"","format":"standard","meta":{"footnotes":""},"categories":[1],"tags":[],"class_list":["post-259649","post","type-post","status-publish","format-standard","has-post-thumbnail","hentry","category-flamengo"],"yoast_head":"<!-- This site is optimized with the Yoast SEO Premium plugin v24.2 (Yoast SEO v26.9) - https:\/\/yoast.com\/product\/yoast-seo-premium-wordpress\/ -->\n<title>A declara\u00e7\u00e3o de Felipe Melo direcionada a Pedro, do Flamengo<\/title>\n<meta name=\"robots\" content=\"index, follow, max-snippet:-1, max-image-preview:large, max-video-preview:-1\" \/>\n<link rel=\"canonical\" href=\"https:\/\/www.gaveanews.com\/index.php\/2025\/05\/01\/a-declaracao-de-felipe-melo-direcionada-a-pedro-do-flamengo-2\/\" \/>\n<meta property=\"og:locale\" content=\"pt_BR\" \/>\n<meta property=\"og:type\" content=\"article\" \/>\n<meta property=\"og:title\" content=\"A declara\u00e7\u00e3o de Felipe Melo direcionada a Pedro, do Flamengo\" \/>\n<meta property=\"og:description\" content=\"Durante o programa &#8216;Fechamento SporTV&#8217;, o ex-jogador Felipe Melo fez elogios contundentes ao atacante Pedro, do Flamengo, destacando o comprometimento do camisa 9 como o principal motivo de sua retomada em alto n\u00edvel na temporada de 2025. Pedro, que sofreu uma s\u00e9ria les\u00e3o ligamentar no ano anterior, voltou a atuar sete meses depois e j\u00e1 [&hellip;]\" \/>\n<meta property=\"og:url\" content=\"https:\/\/www.gaveanews.com\/index.php\/2025\/05\/01\/a-declaracao-de-felipe-melo-direcionada-a-pedro-do-flamengo-2\/\" \/>\n<meta property=\"og:site_name\" content=\"G\u00e1vea News\" \/>\n<meta property=\"article:publisher\" content=\"https:\/\/facebook.com\/gaveaNews\/\" \/>\n<meta property=\"article:published_time\" content=\"2025-05-01T05:00:00+00:00\" \/>\n<meta property=\"og:image\" content=\"https:\/\/www.gaveanews.com\/wp-content\/uploads\/Pedro-volta-aos-campos-em-dia-de-goleada-do-Flamengo-no-Maracana.webp\" \/>\n\t<meta property=\"og:image:width\" content=\"1200\" \/>\n\t<meta property=\"og:image:height\" content=\"800\" \/>\n\t<meta property=\"og:image:type\" content=\"image\/png\" \/>\n<meta name=\"author\" content=\"Paula Silva\" \/>\n<meta name=\"twitter:card\" content=\"summary_large_image\" \/>\n<meta name=\"twitter:label1\" content=\"Escrito por\" \/>\n\t<meta name=\"twitter:data1\" content=\"Paula Silva\" \/>\n\t<meta name=\"twitter:label2\" content=\"Est. tempo de leitura\" \/>\n\t<meta name=\"twitter:data2\" content=\"2 minutos\" \/>\n<script type=\"application\/ld+json\" class=\"yoast-schema-graph\">{\"@context\":\"https:\/\/schema.org\",\"@graph\":[{\"@type\":\"NewsArticle\",\"@id\":\"https:\/\/www.gaveanews.com\/index.php\/2025\/05\/01\/a-declaracao-de-felipe-melo-direcionada-a-pedro-do-flamengo-2\/#article\",\"isPartOf\":{\"@id\":\"https:\/\/www.gaveanews.com\/index.php\/2025\/05\/01\/a-declaracao-de-felipe-melo-direcionada-a-pedro-do-flamengo-2\/\"},\"author\":{\"name\":\"Paula Silva\",\"@id\":\"https:\/\/www.gaveanews.com\/#\/schema\/person\/daf63eec72e1164eb13dc35096c2b8da\"},\"headline\":\"A declara\u00e7\u00e3o de Felipe Melo direcionada a Pedro, do Flamengo\",\"datePublished\":\"2025-05-01T05:00:00+00:00\",\"mainEntityOfPage\":{\"@id\":\"https:\/\/www.gaveanews.com\/index.php\/2025\/05\/01\/a-declaracao-de-felipe-melo-direcionada-a-pedro-do-flamengo-2\/\"},\"wordCount\":346,\"commentCount\":0,\"image\":{\"@id\":\"https:\/\/www.gaveanews.com\/index.php\/2025\/05\/01\/a-declaracao-de-felipe-melo-direcionada-a-pedro-do-flamengo-2\/#primaryimage\"},\"thumbnailUrl\":\"https:\/\/www.gaveanews.com\/wp-content\/uploads\/Pedro-volta-aos-campos-em-dia-de-goleada-do-Flamengo-no-Maracana.webp\",\"articleSection\":[\"Flamengo\"],\"inLanguage\":\"pt-BR\",\"potentialAction\":[{\"@type\":\"CommentAction\",\"name\":\"Comment\",\"target\":[\"https:\/\/www.gaveanews.com\/index.php\/2025\/05\/01\/a-declaracao-de-felipe-melo-direcionada-a-pedro-do-flamengo-2\/#respond\"]}],\"copyrightYear\":\"2025\",\"copyrightHolder\":{\"@id\":\"https:\/\/www.gaveanews.com\/#organization\"}},{\"@type\":\"WebPage\",\"@id\":\"https:\/\/www.gaveanews.com\/index.php\/2025\/05\/01\/a-declaracao-de-felipe-melo-direcionada-a-pedro-do-flamengo-2\/\",\"url\":\"https:\/\/www.gaveanews.com\/index.php\/2025\/05\/01\/a-declaracao-de-felipe-melo-direcionada-a-pedro-do-flamengo-2\/\",\"name\":\"A declara\u00e7\u00e3o de Felipe Melo direcionada a Pedro, do Flamengo\",\"isPartOf\":{\"@id\":\"https:\/\/www.gaveanews.com\/#website\"},\"primaryImageOfPage\":{\"@id\":\"https:\/\/www.gaveanews.com\/index.php\/2025\/05\/01\/a-declaracao-de-felipe-melo-direcionada-a-pedro-do-flamengo-2\/#primaryimage\"},\"image\":{\"@id\":\"https:\/\/www.gaveanews.com\/index.php\/2025\/05\/01\/a-declaracao-de-felipe-melo-direcionada-a-pedro-do-flamengo-2\/#primaryimage\"},\"thumbnailUrl\":\"https:\/\/www.gaveanews.com\/wp-content\/uploads\/Pedro-volta-aos-campos-em-dia-de-goleada-do-Flamengo-no-Maracana.webp\",\"datePublished\":\"2025-05-01T05:00:00+00:00\",\"author\":{\"@id\":\"https:\/\/www.gaveanews.com\/#\/schema\/person\/daf63eec72e1164eb13dc35096c2b8da\"},\"breadcrumb\":{\"@id\":\"https:\/\/www.gaveanews.com\/index.php\/2025\/05\/01\/a-declaracao-de-felipe-melo-direcionada-a-pedro-do-flamengo-2\/#breadcrumb\"},\"inLanguage\":\"pt-BR\",\"potentialAction\":[{\"@type\":\"ReadAction\",\"target\":[\"https:\/\/www.gaveanews.com\/index.php\/2025\/05\/01\/a-declaracao-de-felipe-melo-direcionada-a-pedro-do-flamengo-2\/\"]}]},{\"@type\":\"ImageObject\",\"inLanguage\":\"pt-BR\",\"@id\":\"https:\/\/www.gaveanews.com\/index.php\/2025\/05\/01\/a-declaracao-de-felipe-melo-direcionada-a-pedro-do-flamengo-2\/#primaryimage\",\"url\":\"https:\/\/www.gaveanews.com\/wp-content\/uploads\/Pedro-volta-aos-campos-em-dia-de-goleada-do-Flamengo-no-Maracana.webp\",\"contentUrl\":\"https:\/\/www.gaveanews.com\/wp-content\/uploads\/Pedro-volta-aos-campos-em-dia-de-goleada-do-Flamengo-no-Maracana.webp\",\"width\":1200,\"height\":800,\"caption\":\"Pedro volta aos campos em dia de goleada do Flamengo no Maracan\u00e3 - Foto: Gilvan de Souza\/Flamengo\"},{\"@type\":\"BreadcrumbList\",\"@id\":\"https:\/\/www.gaveanews.com\/index.php\/2025\/05\/01\/a-declaracao-de-felipe-melo-direcionada-a-pedro-do-flamengo-2\/#breadcrumb\",\"itemListElement\":[{\"@type\":\"ListItem\",\"position\":1,\"name\":\"Home\",\"item\":\"https:\/\/www.gaveanews.com\/\"},{\"@type\":\"ListItem\",\"position\":2,\"name\":\"A declara\u00e7\u00e3o de Felipe Melo direcionada a Pedro, do Flamengo\"}]},{\"@type\":\"WebSite\",\"@id\":\"https:\/\/www.gaveanews.com\/#website\",\"url\":\"https:\/\/www.gaveanews.com\/\",\"name\":\"G\u00e1vea News\",\"description\":\"Veja todas as not\u00edcias sobre o Flamengo: Contrata\u00e7\u00f5es, categorias de base, resultados das partidas, tabela de classifica\u00e7\u00e3o, pr\u00f3ximos jogos!\",\"potentialAction\":[{\"@type\":\"SearchAction\",\"target\":{\"@type\":\"EntryPoint\",\"urlTemplate\":\"https:\/\/www.gaveanews.com\/?s={search_term_string}\"},\"query-input\":{\"@type\":\"PropertyValueSpecification\",\"valueRequired\":true,\"valueName\":\"search_term_string\"}}],\"inLanguage\":\"pt-BR\"},{\"@type\":\"Person\",\"@id\":\"https:\/\/www.gaveanews.com\/#\/schema\/person\/daf63eec72e1164eb13dc35096c2b8da\",\"name\":\"Paula Silva\",\"image\":{\"@type\":\"ImageObject\",\"inLanguage\":\"pt-BR\",\"@id\":\"https:\/\/www.gaveanews.com\/#\/schema\/person\/image\/\",\"url\":\"https:\/\/secure.gravatar.com\/avatar\/eda381c845527cc5d64c13b901833cda29d97500ba040d3e6461f76f51d163bb?s=96&d=mm&r=g\",\"contentUrl\":\"https:\/\/secure.gravatar.com\/avatar\/eda381c845527cc5d64c13b901833cda29d97500ba040d3e6461f76f51d163bb?s=96&d=mm&r=g\",\"caption\":\"Paula Silva\"}}]}<\/script>\n<!-- \/ Yoast SEO Premium plugin. -->","yoast_head_json":{"title":"A declara\u00e7\u00e3o de Felipe Melo direcionada a Pedro, do Flamengo","robots":{"index":"index","follow":"follow","max-snippet":"max-snippet:-1","max-image-preview":"max-image-preview:large","max-video-preview":"max-video-preview:-1"},"canonical":"https:\/\/www.gaveanews.com\/index.php\/2025\/05\/01\/a-declaracao-de-felipe-melo-direcionada-a-pedro-do-flamengo-2\/","og_locale":"pt_BR","og_type":"article","og_title":"A declara\u00e7\u00e3o de Felipe Melo direcionada a Pedro, do Flamengo","og_description":"Durante o programa &#8216;Fechamento SporTV&#8217;, o ex-jogador Felipe Melo fez elogios contundentes ao atacante Pedro, do Flamengo, destacando o comprometimento do camisa 9 como o principal motivo de sua retomada em alto n\u00edvel na temporada de 2025. Pedro, que sofreu uma s\u00e9ria les\u00e3o ligamentar no ano anterior, voltou a atuar sete meses depois e j\u00e1 [&hellip;]","og_url":"https:\/\/www.gaveanews.com\/index.php\/2025\/05\/01\/a-declaracao-de-felipe-melo-direcionada-a-pedro-do-flamengo-2\/","og_site_name":"G\u00e1vea News","article_publisher":"https:\/\/facebook.com\/gaveaNews\/","article_published_time":"2025-05-01T05:00:00+00:00","og_image":[{"width":1200,"height":800,"url":"https:\/\/www.gaveanews.com\/wp-content\/uploads\/Pedro-volta-aos-campos-em-dia-de-goleada-do-Flamengo-no-Maracana.webp","type":"image\/png"}],"author":"Paula Silva","twitter_card":"summary_large_image","twitter_misc":{"Escrito por":"Paula Silva","Est. tempo de leitura":"2 minutos"},"schema":{"@context":"https:\/\/schema.org","@graph":[{"@type":"NewsArticle","@id":"https:\/\/www.gaveanews.com\/index.php\/2025\/05\/01\/a-declaracao-de-felipe-melo-direcionada-a-pedro-do-flamengo-2\/#article","isPartOf":{"@id":"https:\/\/www.gaveanews.com\/index.php\/2025\/05\/01\/a-declaracao-de-felipe-melo-direcionada-a-pedro-do-flamengo-2\/"},"author":{"name":"Paula Silva","@id":"https:\/\/www.gaveanews.com\/#\/schema\/person\/daf63eec72e1164eb13dc35096c2b8da"},"headline":"A declara\u00e7\u00e3o de Felipe Melo direcionada a Pedro, do Flamengo","datePublished":"2025-05-01T05:00:00+00:00","mainEntityOfPage":{"@id":"https:\/\/www.gaveanews.com\/index.php\/2025\/05\/01\/a-declaracao-de-felipe-melo-direcionada-a-pedro-do-flamengo-2\/"},"wordCount":346,"commentCount":0,"image":{"@id":"https:\/\/www.gaveanews.com\/index.php\/2025\/05\/01\/a-declaracao-de-felipe-melo-direcionada-a-pedro-do-flamengo-2\/#primaryimage"},"thumbnailUrl":"https:\/\/www.gaveanews.com\/wp-content\/uploads\/Pedro-volta-aos-campos-em-dia-de-goleada-do-Flamengo-no-Maracana.webp","articleSection":["Flamengo"],"inLanguage":"pt-BR","potentialAction":[{"@type":"CommentAction","name":"Comment","target":["https:\/\/www.gaveanews.com\/index.php\/2025\/05\/01\/a-declaracao-de-felipe-melo-direcionada-a-pedro-do-flamengo-2\/#respond"]}],"copyrightYear":"2025","copyrightHolder":{"@id":"https:\/\/www.gaveanews.com\/#organization"}},{"@type":"WebPage","@id":"https:\/\/www.gaveanews.com\/index.php\/2025\/05\/01\/a-declaracao-de-felipe-melo-direcionada-a-pedro-do-flamengo-2\/","url":"https:\/\/www.gaveanews.com\/index.php\/2025\/05\/01\/a-declaracao-de-felipe-melo-direcionada-a-pedro-do-flamengo-2\/","name":"A declara\u00e7\u00e3o de Felipe Melo direcionada a Pedro, do Flamengo","isPartOf":{"@id":"https:\/\/www.gaveanews.com\/#website"},"primaryImageOfPage":{"@id":"https:\/\/www.gaveanews.com\/index.php\/2025\/05\/01\/a-declaracao-de-felipe-melo-direcionada-a-pedro-do-flamengo-2\/#primaryimage"},"image":{"@id":"https:\/\/www.gaveanews.com\/index.php\/2025\/05\/01\/a-declaracao-de-felipe-melo-direcionada-a-pedro-do-flamengo-2\/#primaryimage"},"thumbnailUrl":"https:\/\/www.gaveanews.com\/wp-content\/uploads\/Pedro-volta-aos-campos-em-dia-de-goleada-do-Flamengo-no-Maracana.webp","datePublished":"2025-05-01T05:00:00+00:00","author":{"@id":"https:\/\/www.gaveanews.com\/#\/schema\/person\/daf63eec72e1164eb13dc35096c2b8da"},"breadcrumb":{"@id":"https:\/\/www.gaveanews.com\/index.php\/2025\/05\/01\/a-declaracao-de-felipe-melo-direcionada-a-pedro-do-flamengo-2\/#breadcrumb"},"inLanguage":"pt-BR","potentialAction":[{"@type":"ReadAction","target":["https:\/\/www.gaveanews.com\/index.php\/2025\/05\/01\/a-declaracao-de-felipe-melo-direcionada-a-pedro-do-flamengo-2\/"]}]},{"@type":"ImageObject","inLanguage":"pt-BR","@id":"https:\/\/www.gaveanews.com\/index.php\/2025\/05\/01\/a-declaracao-de-felipe-melo-direcionada-a-pedro-do-flamengo-2\/#primaryimage","url":"https:\/\/www.gaveanews.com\/wp-content\/uploads\/Pedro-volta-aos-campos-em-dia-de-goleada-do-Flamengo-no-Maracana.webp","contentUrl":"https:\/\/www.gaveanews.com\/wp-content\/uploads\/Pedro-volta-aos-campos-em-dia-de-goleada-do-Flamengo-no-Maracana.webp","width":1200,"height":800,"caption":"Pedro volta aos campos em dia de goleada do Flamengo no Maracan\u00e3 - Foto: Gilvan de Souza\/Flamengo"},{"@type":"BreadcrumbList","@id":"https:\/\/www.gaveanews.com\/index.php\/2025\/05\/01\/a-declaracao-de-felipe-melo-direcionada-a-pedro-do-flamengo-2\/#breadcrumb","itemListElement":[{"@type":"ListItem","position":1,"name":"Home","item":"https:\/\/www.gaveanews.com\/"},{"@type":"ListItem","position":2,"name":"A declara\u00e7\u00e3o de Felipe Melo direcionada a Pedro, do Flamengo"}]},{"@type":"WebSite","@id":"https:\/\/www.gaveanews.com\/#website","url":"https:\/\/www.gaveanews.com\/","name":"G\u00e1vea News","description":"Veja todas as not\u00edcias sobre o Flamengo: Contrata\u00e7\u00f5es, categorias de base, resultados das partidas, tabela de classifica\u00e7\u00e3o, pr\u00f3ximos jogos!","potentialAction":[{"@type":"SearchAction","target":{"@type":"EntryPoint","urlTemplate":"https:\/\/www.gaveanews.com\/?s={search_term_string}"},"query-input":{"@type":"PropertyValueSpecification","valueRequired":true,"valueName":"search_term_string"}}],"inLanguage":"pt-BR"},{"@type":"Person","@id":"https:\/\/www.gaveanews.com\/#\/schema\/person\/daf63eec72e1164eb13dc35096c2b8da","name":"Paula Silva","image":{"@type":"ImageObject","inLanguage":"pt-BR","@id":"https:\/\/www.gaveanews.com\/#\/schema\/person\/image\/","url":"https:\/\/secure.gravatar.com\/avatar\/eda381c845527cc5d64c13b901833cda29d97500ba040d3e6461f76f51d163bb?s=96&d=mm&r=g","contentUrl":"https:\/\/secure.gravatar.com\/avatar\/eda381c845527cc5d64c13b901833cda29d97500ba040d3e6461f76f51d163bb?s=96&d=mm&r=g","caption":"Paula Silva"}}]}},"_links":{"self":[{"href":"https:\/\/www.gaveanews.com\/index.php\/wp-json\/wp\/v2\/posts\/259649","targetHints":{"allow":["GET"]}}],"collection":[{"href":"https:\/\/www.gaveanews.com\/index.php\/wp-json\/wp\/v2\/posts"}],"about":[{"href":"https:\/\/www.gaveanews.com\/index.php\/wp-json\/wp\/v2\/types\/post"}],"author":[{"embeddable":true,"href":"https:\/\/www.gaveanews.com\/index.php\/wp-json\/wp\/v2\/users\/18"}],"replies":[{"embeddable":true,"href":"https:\/\/www.gaveanews.com\/index.php\/wp-json\/wp\/v2\/comments?post=259649"}],"version-history":[{"count":1,"href":"https:\/\/www.gaveanews.com\/index.php\/wp-json\/wp\/v2\/posts\/259649\/revisions"}],"predecessor-version":[{"id":259651,"href":"https:\/\/www.gaveanews.com\/index.php\/wp-json\/wp\/v2\/posts\/259649\/revisions\/259651"}],"wp:featuredmedia":[{"embeddable":true,"href":"https:\/\/www.gaveanews.com\/index.php\/wp-json\/wp\/v2\/media\/254998"}],"wp:attachment":[{"href":"https:\/\/www.gaveanews.com\/index.php\/wp-json\/wp\/v2\/media?parent=259649"}],"wp:term":[{"taxonomy":"category","embeddable":true,"href":"https:\/\/www.gaveanews.com\/index.php\/wp-json\/wp\/v2\/categories?post=259649"},{"taxonomy":"post_tag","embeddable":true,"href":"https:\/\/www.gaveanews.com\/index.php\/wp-json\/wp\/v2\/tags?post=259649"}],"curies":[{"name":"wp","href":"https:\/\/api.w.org\/{rel}","templated":true}]}}