{"id":259800,"date":"2025-05-01T16:55:00","date_gmt":"2025-05-01T19:55:00","guid":{"rendered":"https:\/\/www.gaveanews.com\/?p=259800"},"modified":"2025-05-01T15:05:35","modified_gmt":"2025-05-01T18:05:35","slug":"ex-flamengo-disputa-premio-na-premier-league","status":"publish","type":"post","link":"https:\/\/www.gaveanews.com\/index.php\/2025\/05\/01\/ex-flamengo-disputa-premio-na-premier-league\/","title":{"rendered":"Ex-Flamengo disputa pr\u00eamio na Premier League"},"content":{"rendered":"\n<p>Ap\u00f3s uma passagem turbulenta e marcada por fracassos no Flamengo, V\u00edtor Pereira brilha no comando do Wolverhampton e agora concorre ao pr\u00eamio de melhor t\u00e9cnico do m\u00eas de abril na Premier League. A indica\u00e7\u00e3o surpreende, principalmente pelo contraste entre seu desempenho no Brasil e o sucesso atual na liga inglesa.<\/p>\n\n\n\n<h2 class=\"wp-block-heading\" id=\"h-vitor-pereira-divide-atencao-com-tecnicos-de-elite\"><strong>V\u00edtor Pereira divide aten\u00e7\u00e3o com t\u00e9cnicos de elite<\/strong><\/h2>\n\n\n\n<p>V\u00edtor Pereira n\u00e3o est\u00e1 sozinho na disputa. O portugu\u00eas enfrenta nomes consagrados como Pep Guardiola (Manchester City), Unai Emery (Aston Villa), Eddie Howe (Newcastle) e Arne Slot (Liverpool).&nbsp;<\/p>\n\n\n\n<p>Vale destacar que tr\u00eas desses treinadores comandam equipes que est\u00e3o entre as quatro melhores da tabela da Premier League, enquanto o Wolverhampton ocupa a 13\u00aa coloca\u00e7\u00e3o.<\/p>\n\n\n\n<p>Apesar da diferen\u00e7a de investimento e elenco, os n\u00fameros favorecem V\u00edtor Pereira, foram cinco jogos e cinco vit\u00f3rias em abril, com 11 gols marcados e apenas tr\u00eas sofridos. Por isso, sua campanha \u00e9 considerada uma das mais consistentes do m\u00eas.<\/p>\n\n\n\n<h2 class=\"wp-block-heading\" id=\"h-brasileiros-sob-comando-do-portugues\"><strong>Brasileiros sob comando do portugu\u00eas<\/strong><\/h2>\n\n\n\n<p>Al\u00e9m disso, o t\u00e9cnico ex-Flamengo comanda um velho conhecido da Na\u00e7\u00e3o Rubro-Negra: Jo\u00e3o Gomes. O volante campe\u00e3o da Libertadores de 2022 segue se destacando no futebol europeu e recentemente viralizou ao comemorar uma vit\u00f3ria ao lado do filho.&nbsp;<\/p>\n\n\n\n<p>No Wolves, V\u00edtor Pereira tamb\u00e9m conta com os brasileiros Andr\u00e9 e Matheus Cunha, refor\u00e7ando a presen\u00e7a verde e amarela no elenco.<\/p>\n\n\n\n<h2 class=\"wp-block-heading\" id=\"h-do-caos-no-flamengo-a-organizacao-tatica-no-wolves\"><strong>Do caos no Flamengo \u00e0 organiza\u00e7\u00e3o t\u00e1tica no Wolves<\/strong><\/h2>\n\n\n\n<p>Cabe ressaltar que a passagem de V\u00edtor Pereira pelo Flamengo foi marcada por altos e baixos, na verdade, mais baixos. Em menos de quatro meses, acumulou 9 vit\u00f3rias, 1 empate e 7 derrotas em 17 jogos. Foi demitido ap\u00f3s perder Campeonato Carioca, Supercopa, Recopa e cair na semifinal do Mundial para o Al-Hilal.<\/p>\n\n\n\n<p>Sendo assim, sua evolu\u00e7\u00e3o na Inglaterra mostra um t\u00e9cnico mais equilibrado e adaptado ao futebol moderno. Dessa maneira, o portugu\u00eas aposta em linhas compactas, sa\u00eddas r\u00e1pidas e disciplina t\u00e1tica. Com isso, mostra que, embora tenha deixado m\u00e1 impress\u00e3o no Brasil, ainda tem muito a oferecer no cen\u00e1rio europeu.<\/p>\n","protected":false},"excerpt":{"rendered":"<p>Ap\u00f3s uma passagem turbulenta e marcada por fracassos no Flamengo, V\u00edtor Pereira brilha no comando do Wolverhampton e agora concorre ao pr\u00eamio de melhor t\u00e9cnico do m\u00eas de abril na Premier League. A indica\u00e7\u00e3o surpreende, principalmente pelo contraste entre seu desempenho no Brasil e o sucesso atual na liga inglesa. V\u00edtor Pereira divide aten\u00e7\u00e3o com [&hellip;]<\/p>\n","protected":false},"author":25,"featured_media":64001,"comment_status":"open","ping_status":"closed","sticky":false,"template":"","format":"standard","meta":{"footnotes":""},"categories":[1],"tags":[],"class_list":["post-259800","post","type-post","status-publish","format-standard","has-post-thumbnail","hentry","category-flamengo"],"yoast_head":"<!-- This site is optimized with the Yoast SEO Premium plugin v24.2 (Yoast SEO v26.9) - https:\/\/yoast.com\/product\/yoast-seo-premium-wordpress\/ -->\n<title>Ex-Flamengo disputa pr\u00eamio na Premier League<\/title>\n<meta name=\"robots\" content=\"index, follow, max-snippet:-1, max-image-preview:large, max-video-preview:-1\" \/>\n<link rel=\"canonical\" href=\"https:\/\/www.gaveanews.com\/index.php\/2025\/05\/01\/ex-flamengo-disputa-premio-na-premier-league\/\" \/>\n<meta property=\"og:locale\" content=\"pt_BR\" \/>\n<meta property=\"og:type\" content=\"article\" \/>\n<meta property=\"og:title\" content=\"Ex-Flamengo disputa pr\u00eamio na Premier League\" \/>\n<meta property=\"og:description\" content=\"Ap\u00f3s uma passagem turbulenta e marcada por fracassos no Flamengo, V\u00edtor Pereira brilha no comando do Wolverhampton e agora concorre ao pr\u00eamio de melhor t\u00e9cnico do m\u00eas de abril na Premier League. A indica\u00e7\u00e3o surpreende, principalmente pelo contraste entre seu desempenho no Brasil e o sucesso atual na liga inglesa. V\u00edtor Pereira divide aten\u00e7\u00e3o com [&hellip;]\" \/>\n<meta property=\"og:url\" content=\"https:\/\/www.gaveanews.com\/index.php\/2025\/05\/01\/ex-flamengo-disputa-premio-na-premier-league\/\" \/>\n<meta property=\"og:site_name\" content=\"G\u00e1vea News\" \/>\n<meta property=\"article:publisher\" content=\"https:\/\/facebook.com\/gaveaNews\/\" \/>\n<meta property=\"article:published_time\" content=\"2025-05-01T19:55:00+00:00\" \/>\n<meta property=\"og:image\" content=\"https:\/\/www.gaveanews.com\/wp-content\/uploads\/Bandeira-do-Flamengo-no-estadio-do-Corinthians-antes-do-jogo-contra-o-Fluminense-pelo-Campeonato-Brasileiro-de-2021.webp\" \/>\n\t<meta property=\"og:image:width\" content=\"799\" \/>\n\t<meta property=\"og:image:height\" content=\"532\" \/>\n\t<meta property=\"og:image:type\" content=\"image\/jpeg\" \/>\n<meta name=\"author\" content=\"Rafaela Ladeira\" \/>\n<meta name=\"twitter:card\" content=\"summary_large_image\" \/>\n<meta name=\"twitter:label1\" content=\"Escrito por\" \/>\n\t<meta name=\"twitter:data1\" content=\"Rafaela Ladeira\" \/>\n\t<meta name=\"twitter:label2\" content=\"Est. tempo de leitura\" \/>\n\t<meta name=\"twitter:data2\" content=\"3 minutos\" \/>\n<script type=\"application\/ld+json\" class=\"yoast-schema-graph\">{\"@context\":\"https:\/\/schema.org\",\"@graph\":[{\"@type\":\"NewsArticle\",\"@id\":\"https:\/\/www.gaveanews.com\/index.php\/2025\/05\/01\/ex-flamengo-disputa-premio-na-premier-league\/#article\",\"isPartOf\":{\"@id\":\"https:\/\/www.gaveanews.com\/index.php\/2025\/05\/01\/ex-flamengo-disputa-premio-na-premier-league\/\"},\"author\":{\"name\":\"Rafaela Ladeira\",\"@id\":\"https:\/\/www.gaveanews.com\/#\/schema\/person\/0eb3e3fe1754f0205218538adbe8f5ed\"},\"headline\":\"Ex-Flamengo disputa pr\u00eamio na Premier League\",\"datePublished\":\"2025-05-01T19:55:00+00:00\",\"mainEntityOfPage\":{\"@id\":\"https:\/\/www.gaveanews.com\/index.php\/2025\/05\/01\/ex-flamengo-disputa-premio-na-premier-league\/\"},\"wordCount\":371,\"commentCount\":0,\"image\":{\"@id\":\"https:\/\/www.gaveanews.com\/index.php\/2025\/05\/01\/ex-flamengo-disputa-premio-na-premier-league\/#primaryimage\"},\"thumbnailUrl\":\"https:\/\/www.gaveanews.com\/wp-content\/uploads\/Bandeira-do-Flamengo-no-estadio-do-Corinthians-antes-do-jogo-contra-o-Fluminense-pelo-Campeonato-Brasileiro-de-2021.webp\",\"articleSection\":[\"Flamengo\"],\"inLanguage\":\"pt-BR\",\"potentialAction\":[{\"@type\":\"CommentAction\",\"name\":\"Comment\",\"target\":[\"https:\/\/www.gaveanews.com\/index.php\/2025\/05\/01\/ex-flamengo-disputa-premio-na-premier-league\/#respond\"]}],\"copyrightYear\":\"2025\",\"copyrightHolder\":{\"@id\":\"https:\/\/www.gaveanews.com\/#organization\"}},{\"@type\":\"WebPage\",\"@id\":\"https:\/\/www.gaveanews.com\/index.php\/2025\/05\/01\/ex-flamengo-disputa-premio-na-premier-league\/\",\"url\":\"https:\/\/www.gaveanews.com\/index.php\/2025\/05\/01\/ex-flamengo-disputa-premio-na-premier-league\/\",\"name\":\"Ex-Flamengo disputa pr\u00eamio na Premier League\",\"isPartOf\":{\"@id\":\"https:\/\/www.gaveanews.com\/#website\"},\"primaryImageOfPage\":{\"@id\":\"https:\/\/www.gaveanews.com\/index.php\/2025\/05\/01\/ex-flamengo-disputa-premio-na-premier-league\/#primaryimage\"},\"image\":{\"@id\":\"https:\/\/www.gaveanews.com\/index.php\/2025\/05\/01\/ex-flamengo-disputa-premio-na-premier-league\/#primaryimage\"},\"thumbnailUrl\":\"https:\/\/www.gaveanews.com\/wp-content\/uploads\/Bandeira-do-Flamengo-no-estadio-do-Corinthians-antes-do-jogo-contra-o-Fluminense-pelo-Campeonato-Brasileiro-de-2021.webp\",\"datePublished\":\"2025-05-01T19:55:00+00:00\",\"author\":{\"@id\":\"https:\/\/www.gaveanews.com\/#\/schema\/person\/0eb3e3fe1754f0205218538adbe8f5ed\"},\"breadcrumb\":{\"@id\":\"https:\/\/www.gaveanews.com\/index.php\/2025\/05\/01\/ex-flamengo-disputa-premio-na-premier-league\/#breadcrumb\"},\"inLanguage\":\"pt-BR\",\"potentialAction\":[{\"@type\":\"ReadAction\",\"target\":[\"https:\/\/www.gaveanews.com\/index.php\/2025\/05\/01\/ex-flamengo-disputa-premio-na-premier-league\/\"]}]},{\"@type\":\"ImageObject\",\"inLanguage\":\"pt-BR\",\"@id\":\"https:\/\/www.gaveanews.com\/index.php\/2025\/05\/01\/ex-flamengo-disputa-premio-na-premier-league\/#primaryimage\",\"url\":\"https:\/\/www.gaveanews.com\/wp-content\/uploads\/Bandeira-do-Flamengo-no-estadio-do-Corinthians-antes-do-jogo-contra-o-Fluminense-pelo-Campeonato-Brasileiro-de-2021.webp\",\"contentUrl\":\"https:\/\/www.gaveanews.com\/wp-content\/uploads\/Bandeira-do-Flamengo-no-estadio-do-Corinthians-antes-do-jogo-contra-o-Fluminense-pelo-Campeonato-Brasileiro-de-2021.webp\",\"width\":799,\"height\":532,\"caption\":\"Bandeira do Flamengo no est\u00e1dio do Corinthians antes do jogo contra o Fluminense pelo Campeonato Brasileiro de 2021 (Foto: Alexandre Vidal\/Flamengo)\"},{\"@type\":\"BreadcrumbList\",\"@id\":\"https:\/\/www.gaveanews.com\/index.php\/2025\/05\/01\/ex-flamengo-disputa-premio-na-premier-league\/#breadcrumb\",\"itemListElement\":[{\"@type\":\"ListItem\",\"position\":1,\"name\":\"Home\",\"item\":\"https:\/\/www.gaveanews.com\/\"},{\"@type\":\"ListItem\",\"position\":2,\"name\":\"Ex-Flamengo disputa pr\u00eamio na Premier League\"}]},{\"@type\":\"WebSite\",\"@id\":\"https:\/\/www.gaveanews.com\/#website\",\"url\":\"https:\/\/www.gaveanews.com\/\",\"name\":\"G\u00e1vea News\",\"description\":\"Veja todas as not\u00edcias sobre o Flamengo: Contrata\u00e7\u00f5es, categorias de base, resultados das partidas, tabela de classifica\u00e7\u00e3o, pr\u00f3ximos jogos!\",\"potentialAction\":[{\"@type\":\"SearchAction\",\"target\":{\"@type\":\"EntryPoint\",\"urlTemplate\":\"https:\/\/www.gaveanews.com\/?s={search_term_string}\"},\"query-input\":{\"@type\":\"PropertyValueSpecification\",\"valueRequired\":true,\"valueName\":\"search_term_string\"}}],\"inLanguage\":\"pt-BR\"},{\"@type\":\"Person\",\"@id\":\"https:\/\/www.gaveanews.com\/#\/schema\/person\/0eb3e3fe1754f0205218538adbe8f5ed\",\"name\":\"Rafaela Ladeira\",\"image\":{\"@type\":\"ImageObject\",\"inLanguage\":\"pt-BR\",\"@id\":\"https:\/\/www.gaveanews.com\/#\/schema\/person\/image\/\",\"url\":\"https:\/\/secure.gravatar.com\/avatar\/c31f513acffd85eacab5730cbdfdbbf59f21ba5aeada8cd890acea879fbb2455?s=96&d=mm&r=g\",\"contentUrl\":\"https:\/\/secure.gravatar.com\/avatar\/c31f513acffd85eacab5730cbdfdbbf59f21ba5aeada8cd890acea879fbb2455?s=96&d=mm&r=g\",\"caption\":\"Rafaela Ladeira\"}}]}<\/script>\n<!-- \/ Yoast SEO Premium plugin. -->","yoast_head_json":{"title":"Ex-Flamengo disputa pr\u00eamio na Premier League","robots":{"index":"index","follow":"follow","max-snippet":"max-snippet:-1","max-image-preview":"max-image-preview:large","max-video-preview":"max-video-preview:-1"},"canonical":"https:\/\/www.gaveanews.com\/index.php\/2025\/05\/01\/ex-flamengo-disputa-premio-na-premier-league\/","og_locale":"pt_BR","og_type":"article","og_title":"Ex-Flamengo disputa pr\u00eamio na Premier League","og_description":"Ap\u00f3s uma passagem turbulenta e marcada por fracassos no Flamengo, V\u00edtor Pereira brilha no comando do Wolverhampton e agora concorre ao pr\u00eamio de melhor t\u00e9cnico do m\u00eas de abril na Premier League. A indica\u00e7\u00e3o surpreende, principalmente pelo contraste entre seu desempenho no Brasil e o sucesso atual na liga inglesa. V\u00edtor Pereira divide aten\u00e7\u00e3o com [&hellip;]","og_url":"https:\/\/www.gaveanews.com\/index.php\/2025\/05\/01\/ex-flamengo-disputa-premio-na-premier-league\/","og_site_name":"G\u00e1vea News","article_publisher":"https:\/\/facebook.com\/gaveaNews\/","article_published_time":"2025-05-01T19:55:00+00:00","og_image":[{"width":799,"height":532,"url":"https:\/\/www.gaveanews.com\/wp-content\/uploads\/Bandeira-do-Flamengo-no-estadio-do-Corinthians-antes-do-jogo-contra-o-Fluminense-pelo-Campeonato-Brasileiro-de-2021.webp","type":"image\/jpeg"}],"author":"Rafaela Ladeira","twitter_card":"summary_large_image","twitter_misc":{"Escrito por":"Rafaela Ladeira","Est. tempo de leitura":"3 minutos"},"schema":{"@context":"https:\/\/schema.org","@graph":[{"@type":"NewsArticle","@id":"https:\/\/www.gaveanews.com\/index.php\/2025\/05\/01\/ex-flamengo-disputa-premio-na-premier-league\/#article","isPartOf":{"@id":"https:\/\/www.gaveanews.com\/index.php\/2025\/05\/01\/ex-flamengo-disputa-premio-na-premier-league\/"},"author":{"name":"Rafaela Ladeira","@id":"https:\/\/www.gaveanews.com\/#\/schema\/person\/0eb3e3fe1754f0205218538adbe8f5ed"},"headline":"Ex-Flamengo disputa pr\u00eamio na Premier League","datePublished":"2025-05-01T19:55:00+00:00","mainEntityOfPage":{"@id":"https:\/\/www.gaveanews.com\/index.php\/2025\/05\/01\/ex-flamengo-disputa-premio-na-premier-league\/"},"wordCount":371,"commentCount":0,"image":{"@id":"https:\/\/www.gaveanews.com\/index.php\/2025\/05\/01\/ex-flamengo-disputa-premio-na-premier-league\/#primaryimage"},"thumbnailUrl":"https:\/\/www.gaveanews.com\/wp-content\/uploads\/Bandeira-do-Flamengo-no-estadio-do-Corinthians-antes-do-jogo-contra-o-Fluminense-pelo-Campeonato-Brasileiro-de-2021.webp","articleSection":["Flamengo"],"inLanguage":"pt-BR","potentialAction":[{"@type":"CommentAction","name":"Comment","target":["https:\/\/www.gaveanews.com\/index.php\/2025\/05\/01\/ex-flamengo-disputa-premio-na-premier-league\/#respond"]}],"copyrightYear":"2025","copyrightHolder":{"@id":"https:\/\/www.gaveanews.com\/#organization"}},{"@type":"WebPage","@id":"https:\/\/www.gaveanews.com\/index.php\/2025\/05\/01\/ex-flamengo-disputa-premio-na-premier-league\/","url":"https:\/\/www.gaveanews.com\/index.php\/2025\/05\/01\/ex-flamengo-disputa-premio-na-premier-league\/","name":"Ex-Flamengo disputa pr\u00eamio na Premier League","isPartOf":{"@id":"https:\/\/www.gaveanews.com\/#website"},"primaryImageOfPage":{"@id":"https:\/\/www.gaveanews.com\/index.php\/2025\/05\/01\/ex-flamengo-disputa-premio-na-premier-league\/#primaryimage"},"image":{"@id":"https:\/\/www.gaveanews.com\/index.php\/2025\/05\/01\/ex-flamengo-disputa-premio-na-premier-league\/#primaryimage"},"thumbnailUrl":"https:\/\/www.gaveanews.com\/wp-content\/uploads\/Bandeira-do-Flamengo-no-estadio-do-Corinthians-antes-do-jogo-contra-o-Fluminense-pelo-Campeonato-Brasileiro-de-2021.webp","datePublished":"2025-05-01T19:55:00+00:00","author":{"@id":"https:\/\/www.gaveanews.com\/#\/schema\/person\/0eb3e3fe1754f0205218538adbe8f5ed"},"breadcrumb":{"@id":"https:\/\/www.gaveanews.com\/index.php\/2025\/05\/01\/ex-flamengo-disputa-premio-na-premier-league\/#breadcrumb"},"inLanguage":"pt-BR","potentialAction":[{"@type":"ReadAction","target":["https:\/\/www.gaveanews.com\/index.php\/2025\/05\/01\/ex-flamengo-disputa-premio-na-premier-league\/"]}]},{"@type":"ImageObject","inLanguage":"pt-BR","@id":"https:\/\/www.gaveanews.com\/index.php\/2025\/05\/01\/ex-flamengo-disputa-premio-na-premier-league\/#primaryimage","url":"https:\/\/www.gaveanews.com\/wp-content\/uploads\/Bandeira-do-Flamengo-no-estadio-do-Corinthians-antes-do-jogo-contra-o-Fluminense-pelo-Campeonato-Brasileiro-de-2021.webp","contentUrl":"https:\/\/www.gaveanews.com\/wp-content\/uploads\/Bandeira-do-Flamengo-no-estadio-do-Corinthians-antes-do-jogo-contra-o-Fluminense-pelo-Campeonato-Brasileiro-de-2021.webp","width":799,"height":532,"caption":"Bandeira do Flamengo no est\u00e1dio do Corinthians antes do jogo contra o Fluminense pelo Campeonato Brasileiro de 2021 (Foto: Alexandre Vidal\/Flamengo)"},{"@type":"BreadcrumbList","@id":"https:\/\/www.gaveanews.com\/index.php\/2025\/05\/01\/ex-flamengo-disputa-premio-na-premier-league\/#breadcrumb","itemListElement":[{"@type":"ListItem","position":1,"name":"Home","item":"https:\/\/www.gaveanews.com\/"},{"@type":"ListItem","position":2,"name":"Ex-Flamengo disputa pr\u00eamio na Premier League"}]},{"@type":"WebSite","@id":"https:\/\/www.gaveanews.com\/#website","url":"https:\/\/www.gaveanews.com\/","name":"G\u00e1vea News","description":"Veja todas as not\u00edcias sobre o Flamengo: Contrata\u00e7\u00f5es, categorias de base, resultados das partidas, tabela de classifica\u00e7\u00e3o, pr\u00f3ximos jogos!","potentialAction":[{"@type":"SearchAction","target":{"@type":"EntryPoint","urlTemplate":"https:\/\/www.gaveanews.com\/?s={search_term_string}"},"query-input":{"@type":"PropertyValueSpecification","valueRequired":true,"valueName":"search_term_string"}}],"inLanguage":"pt-BR"},{"@type":"Person","@id":"https:\/\/www.gaveanews.com\/#\/schema\/person\/0eb3e3fe1754f0205218538adbe8f5ed","name":"Rafaela Ladeira","image":{"@type":"ImageObject","inLanguage":"pt-BR","@id":"https:\/\/www.gaveanews.com\/#\/schema\/person\/image\/","url":"https:\/\/secure.gravatar.com\/avatar\/c31f513acffd85eacab5730cbdfdbbf59f21ba5aeada8cd890acea879fbb2455?s=96&d=mm&r=g","contentUrl":"https:\/\/secure.gravatar.com\/avatar\/c31f513acffd85eacab5730cbdfdbbf59f21ba5aeada8cd890acea879fbb2455?s=96&d=mm&r=g","caption":"Rafaela Ladeira"}}]}},"_links":{"self":[{"href":"https:\/\/www.gaveanews.com\/index.php\/wp-json\/wp\/v2\/posts\/259800","targetHints":{"allow":["GET"]}}],"collection":[{"href":"https:\/\/www.gaveanews.com\/index.php\/wp-json\/wp\/v2\/posts"}],"about":[{"href":"https:\/\/www.gaveanews.com\/index.php\/wp-json\/wp\/v2\/types\/post"}],"author":[{"embeddable":true,"href":"https:\/\/www.gaveanews.com\/index.php\/wp-json\/wp\/v2\/users\/25"}],"replies":[{"embeddable":true,"href":"https:\/\/www.gaveanews.com\/index.php\/wp-json\/wp\/v2\/comments?post=259800"}],"version-history":[{"count":1,"href":"https:\/\/www.gaveanews.com\/index.php\/wp-json\/wp\/v2\/posts\/259800\/revisions"}],"predecessor-version":[{"id":259804,"href":"https:\/\/www.gaveanews.com\/index.php\/wp-json\/wp\/v2\/posts\/259800\/revisions\/259804"}],"wp:featuredmedia":[{"embeddable":true,"href":"https:\/\/www.gaveanews.com\/index.php\/wp-json\/wp\/v2\/media\/64001"}],"wp:attachment":[{"href":"https:\/\/www.gaveanews.com\/index.php\/wp-json\/wp\/v2\/media?parent=259800"}],"wp:term":[{"taxonomy":"category","embeddable":true,"href":"https:\/\/www.gaveanews.com\/index.php\/wp-json\/wp\/v2\/categories?post=259800"},{"taxonomy":"post_tag","embeddable":true,"href":"https:\/\/www.gaveanews.com\/index.php\/wp-json\/wp\/v2\/tags?post=259800"}],"curies":[{"name":"wp","href":"https:\/\/api.w.org\/{rel}","templated":true}]}}