{"id":259803,"date":"2025-05-01T17:10:00","date_gmt":"2025-05-01T20:10:00","guid":{"rendered":"https:\/\/www.gaveanews.com\/?p=259803"},"modified":"2025-05-01T15:08:21","modified_gmt":"2025-05-01T18:08:21","slug":"santos-tenta-contratar-dudu-e-cruzeiro-toma-decisao","status":"publish","type":"post","link":"https:\/\/www.gaveanews.com\/index.php\/2025\/05\/01\/santos-tenta-contratar-dudu-e-cruzeiro-toma-decisao\/","title":{"rendered":"Santos tenta contratar Dudu e Cruzeiro toma decis\u00e3o"},"content":{"rendered":"\n<p>O atacante Dudu n\u00e3o deve mais vestir a camisa do Cruzeiro. Conforme informa\u00e7\u00f5es recentes, o jogador foi liberado dos treinamentos e sua perman\u00eancia no elenco j\u00e1 n\u00e3o \u00e9 cogitada pela diretoria. A situa\u00e7\u00e3o escancarou um conflito interno que, embora n\u00e3o tenha sido detalhado oficialmente, tem rela\u00e7\u00e3o direta com o desgaste entre o atleta e a comiss\u00e3o t\u00e9cnica.<\/p>\n\n\n\n<p>A rela\u00e7\u00e3o conturbada com o t\u00e9cnico Leonardo Jardim foi um dos principais estopins para o afastamento. O jogador, que perdeu espa\u00e7o no time titular, n\u00e3o escondeu o descontentamento. &#8220;\u00c9 ruim quando a gente \u00e9 titular praticamente a vida toda e depois come\u00e7a a ser reserva. Tem que se adaptar a esse estilo&#8221;, declarou Dudu no dia 24 de abril, indicando insatisfa\u00e7\u00e3o com o momento.<\/p>\n\n\n\n<p>Al\u00e9m das falas p\u00fablicas, informa\u00e7\u00f5es de bastidores apontam que Dudu tamb\u00e9m teria feito cr\u00edticas duras ao treinador nos vesti\u00e1rios. Ainda assim, Leonardo Jardim preferiu n\u00e3o entrar em detalhes, limitando-se a afirmar que todos no clube estavam cientes do que motivou a suspens\u00e3o. \u201cO motivo da suspens\u00e3o era um interno, e todos estavam a par da situa\u00e7\u00e3o, dire\u00e7\u00e3o, comiss\u00e3o t\u00e9cnica\u2026 Todos est\u00e3o a par da situa\u00e7\u00e3o\u201d, disse o treinador em coletiva.<\/p>\n\n\n\n<p>Enquanto a situa\u00e7\u00e3o segue indefinida em Belo Horizonte, o nome de Dudu passou a ser ventilado em outros clubes. O Santos demonstrou interesse e chegou a tentar um acordo por empr\u00e9stimo. Contudo, o Cruzeiro recusou a investida e sinalizou que n\u00e3o pretende liberar o jogador por esse modelo. Atl\u00e9tico-MG e Gr\u00eamio tamb\u00e9m foram citados como poss\u00edveis interessados.<\/p>\n\n\n\n<p>A quest\u00e3o financeira tem sido um obst\u00e1culo adicional. Dudu possui um dos sal\u00e1rios mais altos do elenco e, conforme analisado por especialistas, uma eventual rescis\u00e3o contratual n\u00e3o traria retorno financeiro ao clube. Um advogado ouvido sobre o caso apontou que s\u00e3o m\u00ednimas as chances de o Cruzeiro ser ressarcido em caso de sa\u00edda do jogador. Isso complica ainda mais as tratativas para um desfecho amig\u00e1vel.<\/p>\n\n\n\n<p>Enquanto o impasse persiste, Dudu permanece fora dos treinos e com o futuro indefinido. O cen\u00e1rio evidencia um momento turbulento para o Cruzeiro, que, al\u00e9m das decis\u00f5es esportivas, precisa lidar com as consequ\u00eancias administrativas de contratos considerados pouco vantajosos. O clube agora busca uma solu\u00e7\u00e3o que alivie a folha salarial sem ampliar ainda mais o desgaste com o atleta.<\/p>\n","protected":false},"excerpt":{"rendered":"<p>O atacante Dudu n\u00e3o deve mais vestir a camisa do Cruzeiro. Conforme informa\u00e7\u00f5es recentes, o jogador foi liberado dos treinamentos e sua perman\u00eancia no elenco j\u00e1 n\u00e3o \u00e9 cogitada pela diretoria. A situa\u00e7\u00e3o escancarou um conflito interno que, embora n\u00e3o tenha sido detalhado oficialmente, tem rela\u00e7\u00e3o direta com o desgaste entre o atleta e a [&hellip;]<\/p>\n","protected":false},"author":27,"featured_media":225511,"comment_status":"open","ping_status":"closed","sticky":false,"template":"","format":"standard","meta":{"footnotes":""},"categories":[143,139],"tags":[],"class_list":["post-259803","post","type-post","status-publish","format-standard","has-post-thumbnail","hentry","category-cruzeiro","category-santos"],"yoast_head":"<!-- This site is optimized with the Yoast SEO Premium plugin v24.2 (Yoast SEO v26.9) - https:\/\/yoast.com\/product\/yoast-seo-premium-wordpress\/ -->\n<title>Santos tenta contratar Dudu e Cruzeiro toma decis\u00e3o<\/title>\n<meta name=\"robots\" content=\"index, follow, max-snippet:-1, max-image-preview:large, max-video-preview:-1\" \/>\n<link rel=\"canonical\" href=\"https:\/\/www.gaveanews.com\/index.php\/2025\/05\/01\/santos-tenta-contratar-dudu-e-cruzeiro-toma-decisao\/\" \/>\n<meta property=\"og:locale\" content=\"pt_BR\" \/>\n<meta property=\"og:type\" content=\"article\" \/>\n<meta property=\"og:title\" content=\"Santos tenta contratar Dudu e Cruzeiro toma decis\u00e3o\" \/>\n<meta property=\"og:description\" content=\"O atacante Dudu n\u00e3o deve mais vestir a camisa do Cruzeiro. Conforme informa\u00e7\u00f5es recentes, o jogador foi liberado dos treinamentos e sua perman\u00eancia no elenco j\u00e1 n\u00e3o \u00e9 cogitada pela diretoria. A situa\u00e7\u00e3o escancarou um conflito interno que, embora n\u00e3o tenha sido detalhado oficialmente, tem rela\u00e7\u00e3o direta com o desgaste entre o atleta e a [&hellip;]\" \/>\n<meta property=\"og:url\" content=\"https:\/\/www.gaveanews.com\/index.php\/2025\/05\/01\/santos-tenta-contratar-dudu-e-cruzeiro-toma-decisao\/\" \/>\n<meta property=\"og:site_name\" content=\"G\u00e1vea News\" \/>\n<meta property=\"article:publisher\" content=\"https:\/\/facebook.com\/gaveaNews\/\" \/>\n<meta property=\"article:published_time\" content=\"2025-05-01T20:10:00+00:00\" \/>\n<meta property=\"og:image\" content=\"https:\/\/www.gaveanews.com\/wp-content\/uploads\/dudu-cruzeiro.webp\" \/>\n\t<meta property=\"og:image:width\" content=\"688\" \/>\n\t<meta property=\"og:image:height\" content=\"379\" \/>\n\t<meta property=\"og:image:type\" content=\"image\/png\" \/>\n<meta name=\"author\" content=\"Matheus Felipe\" \/>\n<meta name=\"twitter:card\" content=\"summary_large_image\" \/>\n<meta name=\"twitter:label1\" content=\"Escrito por\" \/>\n\t<meta name=\"twitter:data1\" content=\"Matheus Felipe\" \/>\n\t<meta name=\"twitter:label2\" content=\"Est. tempo de leitura\" \/>\n\t<meta name=\"twitter:data2\" content=\"3 minutos\" \/>\n<script type=\"application\/ld+json\" class=\"yoast-schema-graph\">{\"@context\":\"https:\/\/schema.org\",\"@graph\":[{\"@type\":\"NewsArticle\",\"@id\":\"https:\/\/www.gaveanews.com\/index.php\/2025\/05\/01\/santos-tenta-contratar-dudu-e-cruzeiro-toma-decisao\/#article\",\"isPartOf\":{\"@id\":\"https:\/\/www.gaveanews.com\/index.php\/2025\/05\/01\/santos-tenta-contratar-dudu-e-cruzeiro-toma-decisao\/\"},\"author\":{\"name\":\"Matheus Felipe\",\"@id\":\"https:\/\/www.gaveanews.com\/#\/schema\/person\/8207cd4627f56151707418bfc835b2fb\"},\"headline\":\"Santos tenta contratar Dudu e Cruzeiro toma decis\u00e3o\",\"datePublished\":\"2025-05-01T20:10:00+00:00\",\"mainEntityOfPage\":{\"@id\":\"https:\/\/www.gaveanews.com\/index.php\/2025\/05\/01\/santos-tenta-contratar-dudu-e-cruzeiro-toma-decisao\/\"},\"wordCount\":428,\"commentCount\":0,\"image\":{\"@id\":\"https:\/\/www.gaveanews.com\/index.php\/2025\/05\/01\/santos-tenta-contratar-dudu-e-cruzeiro-toma-decisao\/#primaryimage\"},\"thumbnailUrl\":\"https:\/\/www.gaveanews.com\/wp-content\/uploads\/dudu-cruzeiro.webp\",\"articleSection\":[\"Cruzeiro\",\"Santos\"],\"inLanguage\":\"pt-BR\",\"potentialAction\":[{\"@type\":\"CommentAction\",\"name\":\"Comment\",\"target\":[\"https:\/\/www.gaveanews.com\/index.php\/2025\/05\/01\/santos-tenta-contratar-dudu-e-cruzeiro-toma-decisao\/#respond\"]}],\"copyrightYear\":\"2025\",\"copyrightHolder\":{\"@id\":\"https:\/\/www.gaveanews.com\/#organization\"}},{\"@type\":\"WebPage\",\"@id\":\"https:\/\/www.gaveanews.com\/index.php\/2025\/05\/01\/santos-tenta-contratar-dudu-e-cruzeiro-toma-decisao\/\",\"url\":\"https:\/\/www.gaveanews.com\/index.php\/2025\/05\/01\/santos-tenta-contratar-dudu-e-cruzeiro-toma-decisao\/\",\"name\":\"Santos tenta contratar Dudu e Cruzeiro toma decis\u00e3o\",\"isPartOf\":{\"@id\":\"https:\/\/www.gaveanews.com\/#website\"},\"primaryImageOfPage\":{\"@id\":\"https:\/\/www.gaveanews.com\/index.php\/2025\/05\/01\/santos-tenta-contratar-dudu-e-cruzeiro-toma-decisao\/#primaryimage\"},\"image\":{\"@id\":\"https:\/\/www.gaveanews.com\/index.php\/2025\/05\/01\/santos-tenta-contratar-dudu-e-cruzeiro-toma-decisao\/#primaryimage\"},\"thumbnailUrl\":\"https:\/\/www.gaveanews.com\/wp-content\/uploads\/dudu-cruzeiro.webp\",\"datePublished\":\"2025-05-01T20:10:00+00:00\",\"author\":{\"@id\":\"https:\/\/www.gaveanews.com\/#\/schema\/person\/8207cd4627f56151707418bfc835b2fb\"},\"breadcrumb\":{\"@id\":\"https:\/\/www.gaveanews.com\/index.php\/2025\/05\/01\/santos-tenta-contratar-dudu-e-cruzeiro-toma-decisao\/#breadcrumb\"},\"inLanguage\":\"pt-BR\",\"potentialAction\":[{\"@type\":\"ReadAction\",\"target\":[\"https:\/\/www.gaveanews.com\/index.php\/2025\/05\/01\/santos-tenta-contratar-dudu-e-cruzeiro-toma-decisao\/\"]}]},{\"@type\":\"ImageObject\",\"inLanguage\":\"pt-BR\",\"@id\":\"https:\/\/www.gaveanews.com\/index.php\/2025\/05\/01\/santos-tenta-contratar-dudu-e-cruzeiro-toma-decisao\/#primaryimage\",\"url\":\"https:\/\/www.gaveanews.com\/wp-content\/uploads\/dudu-cruzeiro.webp\",\"contentUrl\":\"https:\/\/www.gaveanews.com\/wp-content\/uploads\/dudu-cruzeiro.webp\",\"width\":688,\"height\":379,\"caption\":\"Dudu, jogador do Cruzeiro - Foto: Reprodu\u00e7\u00e3o\"},{\"@type\":\"BreadcrumbList\",\"@id\":\"https:\/\/www.gaveanews.com\/index.php\/2025\/05\/01\/santos-tenta-contratar-dudu-e-cruzeiro-toma-decisao\/#breadcrumb\",\"itemListElement\":[{\"@type\":\"ListItem\",\"position\":1,\"name\":\"Home\",\"item\":\"https:\/\/www.gaveanews.com\/\"},{\"@type\":\"ListItem\",\"position\":2,\"name\":\"Santos tenta contratar Dudu e Cruzeiro toma decis\u00e3o\"}]},{\"@type\":\"WebSite\",\"@id\":\"https:\/\/www.gaveanews.com\/#website\",\"url\":\"https:\/\/www.gaveanews.com\/\",\"name\":\"G\u00e1vea News\",\"description\":\"Veja todas as not\u00edcias sobre o Flamengo: Contrata\u00e7\u00f5es, categorias de base, resultados das partidas, tabela de classifica\u00e7\u00e3o, pr\u00f3ximos jogos!\",\"potentialAction\":[{\"@type\":\"SearchAction\",\"target\":{\"@type\":\"EntryPoint\",\"urlTemplate\":\"https:\/\/www.gaveanews.com\/?s={search_term_string}\"},\"query-input\":{\"@type\":\"PropertyValueSpecification\",\"valueRequired\":true,\"valueName\":\"search_term_string\"}}],\"inLanguage\":\"pt-BR\"},{\"@type\":\"Person\",\"@id\":\"https:\/\/www.gaveanews.com\/#\/schema\/person\/8207cd4627f56151707418bfc835b2fb\",\"name\":\"Matheus Felipe\",\"image\":{\"@type\":\"ImageObject\",\"inLanguage\":\"pt-BR\",\"@id\":\"https:\/\/www.gaveanews.com\/#\/schema\/person\/image\/\",\"url\":\"https:\/\/secure.gravatar.com\/avatar\/a452ffbed9130f726358b298bb3a99ce4bd3c5338411f8440e87e14d74c7c087?s=96&d=mm&r=g\",\"contentUrl\":\"https:\/\/secure.gravatar.com\/avatar\/a452ffbed9130f726358b298bb3a99ce4bd3c5338411f8440e87e14d74c7c087?s=96&d=mm&r=g\",\"caption\":\"Matheus Felipe\"}}]}<\/script>\n<!-- \/ Yoast SEO Premium plugin. -->","yoast_head_json":{"title":"Santos tenta contratar Dudu e Cruzeiro toma decis\u00e3o","robots":{"index":"index","follow":"follow","max-snippet":"max-snippet:-1","max-image-preview":"max-image-preview:large","max-video-preview":"max-video-preview:-1"},"canonical":"https:\/\/www.gaveanews.com\/index.php\/2025\/05\/01\/santos-tenta-contratar-dudu-e-cruzeiro-toma-decisao\/","og_locale":"pt_BR","og_type":"article","og_title":"Santos tenta contratar Dudu e Cruzeiro toma decis\u00e3o","og_description":"O atacante Dudu n\u00e3o deve mais vestir a camisa do Cruzeiro. Conforme informa\u00e7\u00f5es recentes, o jogador foi liberado dos treinamentos e sua perman\u00eancia no elenco j\u00e1 n\u00e3o \u00e9 cogitada pela diretoria. A situa\u00e7\u00e3o escancarou um conflito interno que, embora n\u00e3o tenha sido detalhado oficialmente, tem rela\u00e7\u00e3o direta com o desgaste entre o atleta e a [&hellip;]","og_url":"https:\/\/www.gaveanews.com\/index.php\/2025\/05\/01\/santos-tenta-contratar-dudu-e-cruzeiro-toma-decisao\/","og_site_name":"G\u00e1vea News","article_publisher":"https:\/\/facebook.com\/gaveaNews\/","article_published_time":"2025-05-01T20:10:00+00:00","og_image":[{"width":688,"height":379,"url":"https:\/\/www.gaveanews.com\/wp-content\/uploads\/dudu-cruzeiro.webp","type":"image\/png"}],"author":"Matheus Felipe","twitter_card":"summary_large_image","twitter_misc":{"Escrito por":"Matheus Felipe","Est. tempo de leitura":"3 minutos"},"schema":{"@context":"https:\/\/schema.org","@graph":[{"@type":"NewsArticle","@id":"https:\/\/www.gaveanews.com\/index.php\/2025\/05\/01\/santos-tenta-contratar-dudu-e-cruzeiro-toma-decisao\/#article","isPartOf":{"@id":"https:\/\/www.gaveanews.com\/index.php\/2025\/05\/01\/santos-tenta-contratar-dudu-e-cruzeiro-toma-decisao\/"},"author":{"name":"Matheus Felipe","@id":"https:\/\/www.gaveanews.com\/#\/schema\/person\/8207cd4627f56151707418bfc835b2fb"},"headline":"Santos tenta contratar Dudu e Cruzeiro toma decis\u00e3o","datePublished":"2025-05-01T20:10:00+00:00","mainEntityOfPage":{"@id":"https:\/\/www.gaveanews.com\/index.php\/2025\/05\/01\/santos-tenta-contratar-dudu-e-cruzeiro-toma-decisao\/"},"wordCount":428,"commentCount":0,"image":{"@id":"https:\/\/www.gaveanews.com\/index.php\/2025\/05\/01\/santos-tenta-contratar-dudu-e-cruzeiro-toma-decisao\/#primaryimage"},"thumbnailUrl":"https:\/\/www.gaveanews.com\/wp-content\/uploads\/dudu-cruzeiro.webp","articleSection":["Cruzeiro","Santos"],"inLanguage":"pt-BR","potentialAction":[{"@type":"CommentAction","name":"Comment","target":["https:\/\/www.gaveanews.com\/index.php\/2025\/05\/01\/santos-tenta-contratar-dudu-e-cruzeiro-toma-decisao\/#respond"]}],"copyrightYear":"2025","copyrightHolder":{"@id":"https:\/\/www.gaveanews.com\/#organization"}},{"@type":"WebPage","@id":"https:\/\/www.gaveanews.com\/index.php\/2025\/05\/01\/santos-tenta-contratar-dudu-e-cruzeiro-toma-decisao\/","url":"https:\/\/www.gaveanews.com\/index.php\/2025\/05\/01\/santos-tenta-contratar-dudu-e-cruzeiro-toma-decisao\/","name":"Santos tenta contratar Dudu e Cruzeiro toma decis\u00e3o","isPartOf":{"@id":"https:\/\/www.gaveanews.com\/#website"},"primaryImageOfPage":{"@id":"https:\/\/www.gaveanews.com\/index.php\/2025\/05\/01\/santos-tenta-contratar-dudu-e-cruzeiro-toma-decisao\/#primaryimage"},"image":{"@id":"https:\/\/www.gaveanews.com\/index.php\/2025\/05\/01\/santos-tenta-contratar-dudu-e-cruzeiro-toma-decisao\/#primaryimage"},"thumbnailUrl":"https:\/\/www.gaveanews.com\/wp-content\/uploads\/dudu-cruzeiro.webp","datePublished":"2025-05-01T20:10:00+00:00","author":{"@id":"https:\/\/www.gaveanews.com\/#\/schema\/person\/8207cd4627f56151707418bfc835b2fb"},"breadcrumb":{"@id":"https:\/\/www.gaveanews.com\/index.php\/2025\/05\/01\/santos-tenta-contratar-dudu-e-cruzeiro-toma-decisao\/#breadcrumb"},"inLanguage":"pt-BR","potentialAction":[{"@type":"ReadAction","target":["https:\/\/www.gaveanews.com\/index.php\/2025\/05\/01\/santos-tenta-contratar-dudu-e-cruzeiro-toma-decisao\/"]}]},{"@type":"ImageObject","inLanguage":"pt-BR","@id":"https:\/\/www.gaveanews.com\/index.php\/2025\/05\/01\/santos-tenta-contratar-dudu-e-cruzeiro-toma-decisao\/#primaryimage","url":"https:\/\/www.gaveanews.com\/wp-content\/uploads\/dudu-cruzeiro.webp","contentUrl":"https:\/\/www.gaveanews.com\/wp-content\/uploads\/dudu-cruzeiro.webp","width":688,"height":379,"caption":"Dudu, jogador do Cruzeiro - Foto: Reprodu\u00e7\u00e3o"},{"@type":"BreadcrumbList","@id":"https:\/\/www.gaveanews.com\/index.php\/2025\/05\/01\/santos-tenta-contratar-dudu-e-cruzeiro-toma-decisao\/#breadcrumb","itemListElement":[{"@type":"ListItem","position":1,"name":"Home","item":"https:\/\/www.gaveanews.com\/"},{"@type":"ListItem","position":2,"name":"Santos tenta contratar Dudu e Cruzeiro toma decis\u00e3o"}]},{"@type":"WebSite","@id":"https:\/\/www.gaveanews.com\/#website","url":"https:\/\/www.gaveanews.com\/","name":"G\u00e1vea News","description":"Veja todas as not\u00edcias sobre o Flamengo: Contrata\u00e7\u00f5es, categorias de base, resultados das partidas, tabela de classifica\u00e7\u00e3o, pr\u00f3ximos jogos!","potentialAction":[{"@type":"SearchAction","target":{"@type":"EntryPoint","urlTemplate":"https:\/\/www.gaveanews.com\/?s={search_term_string}"},"query-input":{"@type":"PropertyValueSpecification","valueRequired":true,"valueName":"search_term_string"}}],"inLanguage":"pt-BR"},{"@type":"Person","@id":"https:\/\/www.gaveanews.com\/#\/schema\/person\/8207cd4627f56151707418bfc835b2fb","name":"Matheus Felipe","image":{"@type":"ImageObject","inLanguage":"pt-BR","@id":"https:\/\/www.gaveanews.com\/#\/schema\/person\/image\/","url":"https:\/\/secure.gravatar.com\/avatar\/a452ffbed9130f726358b298bb3a99ce4bd3c5338411f8440e87e14d74c7c087?s=96&d=mm&r=g","contentUrl":"https:\/\/secure.gravatar.com\/avatar\/a452ffbed9130f726358b298bb3a99ce4bd3c5338411f8440e87e14d74c7c087?s=96&d=mm&r=g","caption":"Matheus Felipe"}}]}},"_links":{"self":[{"href":"https:\/\/www.gaveanews.com\/index.php\/wp-json\/wp\/v2\/posts\/259803","targetHints":{"allow":["GET"]}}],"collection":[{"href":"https:\/\/www.gaveanews.com\/index.php\/wp-json\/wp\/v2\/posts"}],"about":[{"href":"https:\/\/www.gaveanews.com\/index.php\/wp-json\/wp\/v2\/types\/post"}],"author":[{"embeddable":true,"href":"https:\/\/www.gaveanews.com\/index.php\/wp-json\/wp\/v2\/users\/27"}],"replies":[{"embeddable":true,"href":"https:\/\/www.gaveanews.com\/index.php\/wp-json\/wp\/v2\/comments?post=259803"}],"version-history":[{"count":1,"href":"https:\/\/www.gaveanews.com\/index.php\/wp-json\/wp\/v2\/posts\/259803\/revisions"}],"predecessor-version":[{"id":259810,"href":"https:\/\/www.gaveanews.com\/index.php\/wp-json\/wp\/v2\/posts\/259803\/revisions\/259810"}],"wp:featuredmedia":[{"embeddable":true,"href":"https:\/\/www.gaveanews.com\/index.php\/wp-json\/wp\/v2\/media\/225511"}],"wp:attachment":[{"href":"https:\/\/www.gaveanews.com\/index.php\/wp-json\/wp\/v2\/media?parent=259803"}],"wp:term":[{"taxonomy":"category","embeddable":true,"href":"https:\/\/www.gaveanews.com\/index.php\/wp-json\/wp\/v2\/categories?post=259803"},{"taxonomy":"post_tag","embeddable":true,"href":"https:\/\/www.gaveanews.com\/index.php\/wp-json\/wp\/v2\/tags?post=259803"}],"curies":[{"name":"wp","href":"https:\/\/api.w.org\/{rel}","templated":true}]}}