{"id":259826,"date":"2025-05-01T17:05:00","date_gmt":"2025-05-01T20:05:00","guid":{"rendered":"https:\/\/www.gaveanews.com\/?p=259826"},"modified":"2025-05-01T15:20:34","modified_gmt":"2025-05-01T18:20:34","slug":"a-declaracao-de-dorival-jr-direcionada-a-igor-coronado","status":"publish","type":"post","link":"https:\/\/www.gaveanews.com\/index.php\/2025\/05\/01\/a-declaracao-de-dorival-jr-direcionada-a-igor-coronado\/","title":{"rendered":"A declara\u00e7\u00e3o de Dorival Jr direcionada a Igor Coronado"},"content":{"rendered":"\n<p>A nova fase do Corinthians sob o comando de Dorival J\u00fanior come\u00e7ou com um recado direto e cheio de confian\u00e7a. Em entrevista recente, o treinador falou abertamente sobre Igor Coronado, meia que chegou com status de destaque, mas ainda n\u00e3o conseguiu se firmar no clube.&nbsp;<\/p>\n\n\n\n<h2 class=\"wp-block-heading\" id=\"h-novo-tecnico-nova-chance\">Novo t\u00e9cnico, nova chance<\/h2>\n\n\n\n<p>&#8220;Vamos dar tempo para que ele busque seu melhor e tenha oportunidades. Deixei claro que quero contar com o atleta, desde que ele me mostre em campo que est\u00e1 pedindo passagem. Confio muito que ele encontrar\u00e1 o melhor caminho. Vamos tirar o m\u00e1ximo de um atleta como esse&#8221;, declarou Dorival, apostando em uma recupera\u00e7\u00e3o do jogador.<\/p>\n\n\n\n<p>Recuperar Igor Coronado \u00e9 uma das prioridades do t\u00e9cnico neste in\u00edcio de trabalho. O meia, que teve sua trajet\u00f3ria comprometida por les\u00f5es e pela falta de confian\u00e7a da comiss\u00e3o anterior comandada por Ram\u00f3n D\u00edaz, vive agora uma oportunidade de recome\u00e7o.&nbsp;<\/p>\n\n\n\n<p>Dorival demonstrou aten\u00e7\u00e3o especial ao chamar o jogador para uma conversa particular ap\u00f3s o treino da \u00faltima ter\u00e7a-feira, buscando entender seu momento e transmitir apoio.<\/p>\n\n\n\n<p>Vale destacar que a tentativa de reintegrar Coronado ao time titular tamb\u00e9m passa por uma necessidade t\u00e1tica. Isso porque Rodrigo Garro, titular da posi\u00e7\u00e3o, est\u00e1 fora por pelo menos tr\u00eas semanas, o que abre espa\u00e7o para o meia mostrar servi\u00e7o.&nbsp;<\/p>\n\n\n\n<h2 class=\"wp-block-heading\" id=\"h-uma-peca-versatil-e-criativa-que-pode-mudar-jogos\">Uma pe\u00e7a vers\u00e1til e criativa que pode mudar jogos<\/h2>\n\n\n\n<p>Do ponto de vista t\u00e1tico, Igor Coronado pode oferecer ao Corinthians uma din\u00e2mica diferente no meio-campo. Com boa vis\u00e3o de jogo, qualidade no passe e finaliza\u00e7\u00e3o de m\u00e9dia dist\u00e2ncia, o meia \u00e9 uma pe\u00e7a que pode acelerar a transi\u00e7\u00e3o ofensiva e dar mais imprevisibilidade ao setor criativo.&nbsp;<\/p>\n\n\n\n<p>Por isso, sua recupera\u00e7\u00e3o pode ser estrat\u00e9gica para a sequ\u00eancia da temporada. Cabe ressaltar que, com o estilo reativo que Dorival costuma adotar fora de casa, Coronado pode ser o elo entre a defesa e o ataque.&nbsp;<\/p>\n\n\n\n<p>Com isso, a confian\u00e7a do treinador pode representar a virada que o jogador precisava para finalmente justificar sua contrata\u00e7\u00e3o.<\/p>\n","protected":false},"excerpt":{"rendered":"<p>A nova fase do Corinthians sob o comando de Dorival J\u00fanior come\u00e7ou com um recado direto e cheio de confian\u00e7a. Em entrevista recente, o treinador falou abertamente sobre Igor Coronado, meia que chegou com status de destaque, mas ainda n\u00e3o conseguiu se firmar no clube.&nbsp; Novo t\u00e9cnico, nova chance &#8220;Vamos dar tempo para que ele [&hellip;]<\/p>\n","protected":false},"author":25,"featured_media":258834,"comment_status":"open","ping_status":"closed","sticky":false,"template":"","format":"standard","meta":{"footnotes":""},"categories":[141],"tags":[],"class_list":["post-259826","post","type-post","status-publish","format-standard","has-post-thumbnail","hentry","category-corinthians"],"yoast_head":"<!-- This site is optimized with the Yoast SEO Premium plugin v24.2 (Yoast SEO v26.9) - https:\/\/yoast.com\/product\/yoast-seo-premium-wordpress\/ -->\n<title>A declara\u00e7\u00e3o de Dorival Jr direcionada a Igor Coronado<\/title>\n<meta name=\"robots\" content=\"index, follow, max-snippet:-1, max-image-preview:large, max-video-preview:-1\" \/>\n<link rel=\"canonical\" href=\"https:\/\/www.gaveanews.com\/index.php\/2025\/05\/01\/a-declaracao-de-dorival-jr-direcionada-a-igor-coronado\/\" \/>\n<meta property=\"og:locale\" content=\"pt_BR\" \/>\n<meta property=\"og:type\" content=\"article\" \/>\n<meta property=\"og:title\" content=\"A declara\u00e7\u00e3o de Dorival Jr direcionada a Igor Coronado\" \/>\n<meta property=\"og:description\" content=\"A nova fase do Corinthians sob o comando de Dorival J\u00fanior come\u00e7ou com um recado direto e cheio de confian\u00e7a. Em entrevista recente, o treinador falou abertamente sobre Igor Coronado, meia que chegou com status de destaque, mas ainda n\u00e3o conseguiu se firmar no clube.&nbsp; Novo t\u00e9cnico, nova chance &#8220;Vamos dar tempo para que ele [&hellip;]\" \/>\n<meta property=\"og:url\" content=\"https:\/\/www.gaveanews.com\/index.php\/2025\/05\/01\/a-declaracao-de-dorival-jr-direcionada-a-igor-coronado\/\" \/>\n<meta property=\"og:site_name\" content=\"G\u00e1vea News\" \/>\n<meta property=\"article:publisher\" content=\"https:\/\/facebook.com\/gaveaNews\/\" \/>\n<meta property=\"article:published_time\" content=\"2025-05-01T20:05:00+00:00\" \/>\n<meta property=\"og:image\" content=\"https:\/\/www.gaveanews.com\/wp-content\/uploads\/Dorival-Jr.-em-sua-primeira-coletiva-como-tecnico-do-Corinthians.webp\" \/>\n\t<meta property=\"og:image:width\" content=\"1200\" \/>\n\t<meta property=\"og:image:height\" content=\"900\" \/>\n\t<meta property=\"og:image:type\" content=\"image\/webp\" \/>\n<meta name=\"author\" content=\"Rafaela Ladeira\" \/>\n<meta name=\"twitter:card\" content=\"summary_large_image\" \/>\n<meta name=\"twitter:label1\" content=\"Escrito por\" \/>\n\t<meta name=\"twitter:data1\" content=\"Rafaela Ladeira\" \/>\n\t<meta name=\"twitter:label2\" content=\"Est. tempo de leitura\" \/>\n\t<meta name=\"twitter:data2\" content=\"2 minutos\" \/>\n<script type=\"application\/ld+json\" class=\"yoast-schema-graph\">{\"@context\":\"https:\/\/schema.org\",\"@graph\":[{\"@type\":\"NewsArticle\",\"@id\":\"https:\/\/www.gaveanews.com\/index.php\/2025\/05\/01\/a-declaracao-de-dorival-jr-direcionada-a-igor-coronado\/#article\",\"isPartOf\":{\"@id\":\"https:\/\/www.gaveanews.com\/index.php\/2025\/05\/01\/a-declaracao-de-dorival-jr-direcionada-a-igor-coronado\/\"},\"author\":{\"name\":\"Rafaela Ladeira\",\"@id\":\"https:\/\/www.gaveanews.com\/#\/schema\/person\/0eb3e3fe1754f0205218538adbe8f5ed\"},\"headline\":\"A declara\u00e7\u00e3o de Dorival Jr direcionada a Igor Coronado\",\"datePublished\":\"2025-05-01T20:05:00+00:00\",\"mainEntityOfPage\":{\"@id\":\"https:\/\/www.gaveanews.com\/index.php\/2025\/05\/01\/a-declaracao-de-dorival-jr-direcionada-a-igor-coronado\/\"},\"wordCount\":375,\"commentCount\":0,\"image\":{\"@id\":\"https:\/\/www.gaveanews.com\/index.php\/2025\/05\/01\/a-declaracao-de-dorival-jr-direcionada-a-igor-coronado\/#primaryimage\"},\"thumbnailUrl\":\"https:\/\/www.gaveanews.com\/wp-content\/uploads\/Dorival-Jr.-em-sua-primeira-coletiva-como-tecnico-do-Corinthians.webp\",\"articleSection\":[\"Corinthians\"],\"inLanguage\":\"pt-BR\",\"potentialAction\":[{\"@type\":\"CommentAction\",\"name\":\"Comment\",\"target\":[\"https:\/\/www.gaveanews.com\/index.php\/2025\/05\/01\/a-declaracao-de-dorival-jr-direcionada-a-igor-coronado\/#respond\"]}],\"copyrightYear\":\"2025\",\"copyrightHolder\":{\"@id\":\"https:\/\/www.gaveanews.com\/#organization\"}},{\"@type\":\"WebPage\",\"@id\":\"https:\/\/www.gaveanews.com\/index.php\/2025\/05\/01\/a-declaracao-de-dorival-jr-direcionada-a-igor-coronado\/\",\"url\":\"https:\/\/www.gaveanews.com\/index.php\/2025\/05\/01\/a-declaracao-de-dorival-jr-direcionada-a-igor-coronado\/\",\"name\":\"A declara\u00e7\u00e3o de Dorival Jr direcionada a Igor Coronado\",\"isPartOf\":{\"@id\":\"https:\/\/www.gaveanews.com\/#website\"},\"primaryImageOfPage\":{\"@id\":\"https:\/\/www.gaveanews.com\/index.php\/2025\/05\/01\/a-declaracao-de-dorival-jr-direcionada-a-igor-coronado\/#primaryimage\"},\"image\":{\"@id\":\"https:\/\/www.gaveanews.com\/index.php\/2025\/05\/01\/a-declaracao-de-dorival-jr-direcionada-a-igor-coronado\/#primaryimage\"},\"thumbnailUrl\":\"https:\/\/www.gaveanews.com\/wp-content\/uploads\/Dorival-Jr.-em-sua-primeira-coletiva-como-tecnico-do-Corinthians.webp\",\"datePublished\":\"2025-05-01T20:05:00+00:00\",\"author\":{\"@id\":\"https:\/\/www.gaveanews.com\/#\/schema\/person\/0eb3e3fe1754f0205218538adbe8f5ed\"},\"breadcrumb\":{\"@id\":\"https:\/\/www.gaveanews.com\/index.php\/2025\/05\/01\/a-declaracao-de-dorival-jr-direcionada-a-igor-coronado\/#breadcrumb\"},\"inLanguage\":\"pt-BR\",\"potentialAction\":[{\"@type\":\"ReadAction\",\"target\":[\"https:\/\/www.gaveanews.com\/index.php\/2025\/05\/01\/a-declaracao-de-dorival-jr-direcionada-a-igor-coronado\/\"]}]},{\"@type\":\"ImageObject\",\"inLanguage\":\"pt-BR\",\"@id\":\"https:\/\/www.gaveanews.com\/index.php\/2025\/05\/01\/a-declaracao-de-dorival-jr-direcionada-a-igor-coronado\/#primaryimage\",\"url\":\"https:\/\/www.gaveanews.com\/wp-content\/uploads\/Dorival-Jr.-em-sua-primeira-coletiva-como-tecnico-do-Corinthians.webp\",\"contentUrl\":\"https:\/\/www.gaveanews.com\/wp-content\/uploads\/Dorival-Jr.-em-sua-primeira-coletiva-como-tecnico-do-Corinthians.webp\",\"width\":1200,\"height\":900,\"caption\":\"Dorival Jr. em sua primeira coletiva como t\u00e9cnico do Corinthians - Foto: Rodrigo Coca\/Ag\u00eancia SCCP\"},{\"@type\":\"BreadcrumbList\",\"@id\":\"https:\/\/www.gaveanews.com\/index.php\/2025\/05\/01\/a-declaracao-de-dorival-jr-direcionada-a-igor-coronado\/#breadcrumb\",\"itemListElement\":[{\"@type\":\"ListItem\",\"position\":1,\"name\":\"Home\",\"item\":\"https:\/\/www.gaveanews.com\/\"},{\"@type\":\"ListItem\",\"position\":2,\"name\":\"A declara\u00e7\u00e3o de Dorival Jr direcionada a Igor Coronado\"}]},{\"@type\":\"WebSite\",\"@id\":\"https:\/\/www.gaveanews.com\/#website\",\"url\":\"https:\/\/www.gaveanews.com\/\",\"name\":\"G\u00e1vea News\",\"description\":\"Veja todas as not\u00edcias sobre o Flamengo: Contrata\u00e7\u00f5es, categorias de base, resultados das partidas, tabela de classifica\u00e7\u00e3o, pr\u00f3ximos jogos!\",\"potentialAction\":[{\"@type\":\"SearchAction\",\"target\":{\"@type\":\"EntryPoint\",\"urlTemplate\":\"https:\/\/www.gaveanews.com\/?s={search_term_string}\"},\"query-input\":{\"@type\":\"PropertyValueSpecification\",\"valueRequired\":true,\"valueName\":\"search_term_string\"}}],\"inLanguage\":\"pt-BR\"},{\"@type\":\"Person\",\"@id\":\"https:\/\/www.gaveanews.com\/#\/schema\/person\/0eb3e3fe1754f0205218538adbe8f5ed\",\"name\":\"Rafaela Ladeira\",\"image\":{\"@type\":\"ImageObject\",\"inLanguage\":\"pt-BR\",\"@id\":\"https:\/\/www.gaveanews.com\/#\/schema\/person\/image\/\",\"url\":\"https:\/\/secure.gravatar.com\/avatar\/c31f513acffd85eacab5730cbdfdbbf59f21ba5aeada8cd890acea879fbb2455?s=96&d=mm&r=g\",\"contentUrl\":\"https:\/\/secure.gravatar.com\/avatar\/c31f513acffd85eacab5730cbdfdbbf59f21ba5aeada8cd890acea879fbb2455?s=96&d=mm&r=g\",\"caption\":\"Rafaela Ladeira\"}}]}<\/script>\n<!-- \/ Yoast SEO Premium plugin. -->","yoast_head_json":{"title":"A declara\u00e7\u00e3o de Dorival Jr direcionada a Igor Coronado","robots":{"index":"index","follow":"follow","max-snippet":"max-snippet:-1","max-image-preview":"max-image-preview:large","max-video-preview":"max-video-preview:-1"},"canonical":"https:\/\/www.gaveanews.com\/index.php\/2025\/05\/01\/a-declaracao-de-dorival-jr-direcionada-a-igor-coronado\/","og_locale":"pt_BR","og_type":"article","og_title":"A declara\u00e7\u00e3o de Dorival Jr direcionada a Igor Coronado","og_description":"A nova fase do Corinthians sob o comando de Dorival J\u00fanior come\u00e7ou com um recado direto e cheio de confian\u00e7a. Em entrevista recente, o treinador falou abertamente sobre Igor Coronado, meia que chegou com status de destaque, mas ainda n\u00e3o conseguiu se firmar no clube.&nbsp; Novo t\u00e9cnico, nova chance &#8220;Vamos dar tempo para que ele [&hellip;]","og_url":"https:\/\/www.gaveanews.com\/index.php\/2025\/05\/01\/a-declaracao-de-dorival-jr-direcionada-a-igor-coronado\/","og_site_name":"G\u00e1vea News","article_publisher":"https:\/\/facebook.com\/gaveaNews\/","article_published_time":"2025-05-01T20:05:00+00:00","og_image":[{"width":1200,"height":900,"url":"https:\/\/www.gaveanews.com\/wp-content\/uploads\/Dorival-Jr.-em-sua-primeira-coletiva-como-tecnico-do-Corinthians.webp","type":"image\/webp"}],"author":"Rafaela Ladeira","twitter_card":"summary_large_image","twitter_misc":{"Escrito por":"Rafaela Ladeira","Est. tempo de leitura":"2 minutos"},"schema":{"@context":"https:\/\/schema.org","@graph":[{"@type":"NewsArticle","@id":"https:\/\/www.gaveanews.com\/index.php\/2025\/05\/01\/a-declaracao-de-dorival-jr-direcionada-a-igor-coronado\/#article","isPartOf":{"@id":"https:\/\/www.gaveanews.com\/index.php\/2025\/05\/01\/a-declaracao-de-dorival-jr-direcionada-a-igor-coronado\/"},"author":{"name":"Rafaela Ladeira","@id":"https:\/\/www.gaveanews.com\/#\/schema\/person\/0eb3e3fe1754f0205218538adbe8f5ed"},"headline":"A declara\u00e7\u00e3o de Dorival Jr direcionada a Igor Coronado","datePublished":"2025-05-01T20:05:00+00:00","mainEntityOfPage":{"@id":"https:\/\/www.gaveanews.com\/index.php\/2025\/05\/01\/a-declaracao-de-dorival-jr-direcionada-a-igor-coronado\/"},"wordCount":375,"commentCount":0,"image":{"@id":"https:\/\/www.gaveanews.com\/index.php\/2025\/05\/01\/a-declaracao-de-dorival-jr-direcionada-a-igor-coronado\/#primaryimage"},"thumbnailUrl":"https:\/\/www.gaveanews.com\/wp-content\/uploads\/Dorival-Jr.-em-sua-primeira-coletiva-como-tecnico-do-Corinthians.webp","articleSection":["Corinthians"],"inLanguage":"pt-BR","potentialAction":[{"@type":"CommentAction","name":"Comment","target":["https:\/\/www.gaveanews.com\/index.php\/2025\/05\/01\/a-declaracao-de-dorival-jr-direcionada-a-igor-coronado\/#respond"]}],"copyrightYear":"2025","copyrightHolder":{"@id":"https:\/\/www.gaveanews.com\/#organization"}},{"@type":"WebPage","@id":"https:\/\/www.gaveanews.com\/index.php\/2025\/05\/01\/a-declaracao-de-dorival-jr-direcionada-a-igor-coronado\/","url":"https:\/\/www.gaveanews.com\/index.php\/2025\/05\/01\/a-declaracao-de-dorival-jr-direcionada-a-igor-coronado\/","name":"A declara\u00e7\u00e3o de Dorival Jr direcionada a Igor Coronado","isPartOf":{"@id":"https:\/\/www.gaveanews.com\/#website"},"primaryImageOfPage":{"@id":"https:\/\/www.gaveanews.com\/index.php\/2025\/05\/01\/a-declaracao-de-dorival-jr-direcionada-a-igor-coronado\/#primaryimage"},"image":{"@id":"https:\/\/www.gaveanews.com\/index.php\/2025\/05\/01\/a-declaracao-de-dorival-jr-direcionada-a-igor-coronado\/#primaryimage"},"thumbnailUrl":"https:\/\/www.gaveanews.com\/wp-content\/uploads\/Dorival-Jr.-em-sua-primeira-coletiva-como-tecnico-do-Corinthians.webp","datePublished":"2025-05-01T20:05:00+00:00","author":{"@id":"https:\/\/www.gaveanews.com\/#\/schema\/person\/0eb3e3fe1754f0205218538adbe8f5ed"},"breadcrumb":{"@id":"https:\/\/www.gaveanews.com\/index.php\/2025\/05\/01\/a-declaracao-de-dorival-jr-direcionada-a-igor-coronado\/#breadcrumb"},"inLanguage":"pt-BR","potentialAction":[{"@type":"ReadAction","target":["https:\/\/www.gaveanews.com\/index.php\/2025\/05\/01\/a-declaracao-de-dorival-jr-direcionada-a-igor-coronado\/"]}]},{"@type":"ImageObject","inLanguage":"pt-BR","@id":"https:\/\/www.gaveanews.com\/index.php\/2025\/05\/01\/a-declaracao-de-dorival-jr-direcionada-a-igor-coronado\/#primaryimage","url":"https:\/\/www.gaveanews.com\/wp-content\/uploads\/Dorival-Jr.-em-sua-primeira-coletiva-como-tecnico-do-Corinthians.webp","contentUrl":"https:\/\/www.gaveanews.com\/wp-content\/uploads\/Dorival-Jr.-em-sua-primeira-coletiva-como-tecnico-do-Corinthians.webp","width":1200,"height":900,"caption":"Dorival Jr. em sua primeira coletiva como t\u00e9cnico do Corinthians - Foto: Rodrigo Coca\/Ag\u00eancia SCCP"},{"@type":"BreadcrumbList","@id":"https:\/\/www.gaveanews.com\/index.php\/2025\/05\/01\/a-declaracao-de-dorival-jr-direcionada-a-igor-coronado\/#breadcrumb","itemListElement":[{"@type":"ListItem","position":1,"name":"Home","item":"https:\/\/www.gaveanews.com\/"},{"@type":"ListItem","position":2,"name":"A declara\u00e7\u00e3o de Dorival Jr direcionada a Igor Coronado"}]},{"@type":"WebSite","@id":"https:\/\/www.gaveanews.com\/#website","url":"https:\/\/www.gaveanews.com\/","name":"G\u00e1vea News","description":"Veja todas as not\u00edcias sobre o Flamengo: Contrata\u00e7\u00f5es, categorias de base, resultados das partidas, tabela de classifica\u00e7\u00e3o, pr\u00f3ximos jogos!","potentialAction":[{"@type":"SearchAction","target":{"@type":"EntryPoint","urlTemplate":"https:\/\/www.gaveanews.com\/?s={search_term_string}"},"query-input":{"@type":"PropertyValueSpecification","valueRequired":true,"valueName":"search_term_string"}}],"inLanguage":"pt-BR"},{"@type":"Person","@id":"https:\/\/www.gaveanews.com\/#\/schema\/person\/0eb3e3fe1754f0205218538adbe8f5ed","name":"Rafaela Ladeira","image":{"@type":"ImageObject","inLanguage":"pt-BR","@id":"https:\/\/www.gaveanews.com\/#\/schema\/person\/image\/","url":"https:\/\/secure.gravatar.com\/avatar\/c31f513acffd85eacab5730cbdfdbbf59f21ba5aeada8cd890acea879fbb2455?s=96&d=mm&r=g","contentUrl":"https:\/\/secure.gravatar.com\/avatar\/c31f513acffd85eacab5730cbdfdbbf59f21ba5aeada8cd890acea879fbb2455?s=96&d=mm&r=g","caption":"Rafaela Ladeira"}}]}},"_links":{"self":[{"href":"https:\/\/www.gaveanews.com\/index.php\/wp-json\/wp\/v2\/posts\/259826","targetHints":{"allow":["GET"]}}],"collection":[{"href":"https:\/\/www.gaveanews.com\/index.php\/wp-json\/wp\/v2\/posts"}],"about":[{"href":"https:\/\/www.gaveanews.com\/index.php\/wp-json\/wp\/v2\/types\/post"}],"author":[{"embeddable":true,"href":"https:\/\/www.gaveanews.com\/index.php\/wp-json\/wp\/v2\/users\/25"}],"replies":[{"embeddable":true,"href":"https:\/\/www.gaveanews.com\/index.php\/wp-json\/wp\/v2\/comments?post=259826"}],"version-history":[{"count":1,"href":"https:\/\/www.gaveanews.com\/index.php\/wp-json\/wp\/v2\/posts\/259826\/revisions"}],"predecessor-version":[{"id":259827,"href":"https:\/\/www.gaveanews.com\/index.php\/wp-json\/wp\/v2\/posts\/259826\/revisions\/259827"}],"wp:featuredmedia":[{"embeddable":true,"href":"https:\/\/www.gaveanews.com\/index.php\/wp-json\/wp\/v2\/media\/258834"}],"wp:attachment":[{"href":"https:\/\/www.gaveanews.com\/index.php\/wp-json\/wp\/v2\/media?parent=259826"}],"wp:term":[{"taxonomy":"category","embeddable":true,"href":"https:\/\/www.gaveanews.com\/index.php\/wp-json\/wp\/v2\/categories?post=259826"},{"taxonomy":"post_tag","embeddable":true,"href":"https:\/\/www.gaveanews.com\/index.php\/wp-json\/wp\/v2\/tags?post=259826"}],"curies":[{"name":"wp","href":"https:\/\/api.w.org\/{rel}","templated":true}]}}