{"id":260273,"date":"2025-05-02T18:45:00","date_gmt":"2025-05-02T21:45:00","guid":{"rendered":"https:\/\/www.gaveanews.com\/?p=260273"},"modified":"2025-05-02T17:32:21","modified_gmt":"2025-05-02T20:32:21","slug":"ex-tecnico-do-atletico-mg-entra-na-mira-do-boca-juniors","status":"publish","type":"post","link":"https:\/\/www.gaveanews.com\/index.php\/2025\/05\/02\/ex-tecnico-do-atletico-mg-entra-na-mira-do-boca-juniors\/","title":{"rendered":"Ex-t\u00e9cnico do Atl\u00e9tico-MG entra na mira do Boca Juniors"},"content":{"rendered":"\n<p>Ap\u00f3s uma temporada marcada por altos e baixos no comando do Atl\u00e9tico-MG, Gabriel Milito surge como nome forte para assumir o Boca Juniors. A sa\u00edda de Fernando Gago, consumada logo ap\u00f3s a derrota no cl\u00e1ssico contra o River Plate, abriu uma disputa interna liderada por Juan Rom\u00e1n Riquelme, que considera o argentino como o principal candidato para liderar o novo ciclo do clube.<\/p>\n\n\n\n<p>Milito, que deixou o Atl\u00e9tico antes mesmo do encerramento do Campeonato Brasileiro de 2024, esteve no centro de duas decis\u00f5es relevantes para o clube mineiro: as finais da Copa Betano do Brasil e da Libertadores. Ambas resultaram em vice-campeonatos, o que acabou desgastando sua imagem diante da torcida. Ainda assim, sua capacidade t\u00e1tica permanece reconhecida.<\/p>\n\n\n\n<p>&#8220;Os passes precisam servir para algo. Posse sem finaliza\u00e7\u00e3o n\u00e3o me agrada&#8221;, afirmou o treinador antes da final da Libertadores, sinalizando uma evolu\u00e7\u00e3o em sua abordagem mais pragm\u00e1tica ao futebol.<\/p>\n\n\n\n<p>Atualmente com 44 anos, Milito acumula uma d\u00e9cada de experi\u00eancia \u00e0 beira do campo. Desde sua estreia no Estudiantes em 2015, passou por clubes como Independiente, O\u2019Higgins, Argentinos Juniors e o pr\u00f3prio Atl\u00e9tico-MG, somando 308 partidas com um aproveitamento de 54,65%. <\/p>\n\n\n\n<p>Seu \u00fanico t\u00edtulo como treinador foi o campeonato estadual mineiro conquistado em 2024. A curta dura\u00e7\u00e3o em cada projeto \u2014 geralmente um ano \u2014 \u00e9 uma das principais cr\u00edticas recorrentes ao seu trabalho.<\/p>\n\n\n\n<h2 class=\"wp-block-heading\" id=\"h-concorrencia-no-boca-juniors\">Concorr\u00eancia no Boca Juniors<\/h2>\n\n\n\n<p>No Boca, Gabriel Milito disputaria espa\u00e7o com dois outros nomes: Gustavo Quinteros e Cristian \u201cKily\u201d Gonz\u00e1lez. Quinteros, de 60 anos, apresenta um curr\u00edculo mais vasto, com 725 partidas e 12 t\u00edtulos distribu\u00eddos entre Bol\u00edvia, Equador, Chile e Argentina. Dirigiu sele\u00e7\u00f5es nacionais e, mais recentemente, o Gr\u00eamio. Entretanto, seu afastamento de uma final com o V\u00e9lez para comparecer ao casamento da filha e conflitos com jogadores minaram sua imagem junto ao elenco e \u00e0 dire\u00e7\u00e3o.<\/p>\n\n\n\n<p>J\u00e1 Kily Gonz\u00e1lez, embora conhe\u00e7a o ambiente do clube por ter atuado com a camisa xeneize na d\u00e9cada de 1990, \u00e9 considerado o menos experiente entre os postulantes. Com apenas sete anos de carreira como t\u00e9cnico e um aproveitamento de 43,38% em 146 jogos, acumulou passagens por Rosario Central e Uni\u00f3n. Seu estilo t\u00e1tico, geralmente montado num 5-3-2, n\u00e3o agrada a Riquelme, o que o coloca em posi\u00e7\u00e3o desfavor\u00e1vel na corrida pela vaga.<\/p>\n\n\n\n<p>Conforme apurado, Milito recusou recentemente uma proposta do Fluminense, apesar do interesse do clube carioca ap\u00f3s a demiss\u00e3o de Mano Menezes. Fontes pr\u00f3ximas ao treinador revelam que ele ainda sonha com uma oportunidade no futebol europeu, onde teve uma carreira relevante como jogador. Apesar disso, indicam que \u201cse Rom\u00e1n ligar, ele est\u00e1 disposto a ouvir\u201d.<\/p>\n\n\n\n<p><\/p>\n","protected":false},"excerpt":{"rendered":"<p>Ap\u00f3s uma temporada marcada por altos e baixos no comando do Atl\u00e9tico-MG, Gabriel Milito surge como nome forte para assumir o Boca Juniors. A sa\u00edda de Fernando Gago, consumada logo ap\u00f3s a derrota no cl\u00e1ssico contra o River Plate, abriu uma disputa interna liderada por Juan Rom\u00e1n Riquelme, que considera o argentino como o principal [&hellip;]<\/p>\n","protected":false},"author":30,"featured_media":224879,"comment_status":"open","ping_status":"closed","sticky":false,"template":"","format":"standard","meta":{"footnotes":""},"categories":[136,443,78],"tags":[],"class_list":["post-260273","post","type-post","status-publish","format-standard","has-post-thumbnail","hentry","category-atletico-mg","category-boca-juniors","category-futebol-internacional"],"yoast_head":"<!-- This site is optimized with the Yoast SEO Premium plugin v24.2 (Yoast SEO v26.9) - https:\/\/yoast.com\/product\/yoast-seo-premium-wordpress\/ -->\n<title>Ex-t\u00e9cnico do Atl\u00e9tico-MG entra na mira do Boca Juniors<\/title>\n<meta name=\"robots\" content=\"index, follow, max-snippet:-1, max-image-preview:large, max-video-preview:-1\" \/>\n<link rel=\"canonical\" href=\"https:\/\/www.gaveanews.com\/index.php\/2025\/05\/02\/ex-tecnico-do-atletico-mg-entra-na-mira-do-boca-juniors\/\" \/>\n<meta property=\"og:locale\" content=\"pt_BR\" \/>\n<meta property=\"og:type\" content=\"article\" \/>\n<meta property=\"og:title\" content=\"Ex-t\u00e9cnico do Atl\u00e9tico-MG entra na mira do Boca Juniors\" \/>\n<meta property=\"og:description\" content=\"Ap\u00f3s uma temporada marcada por altos e baixos no comando do Atl\u00e9tico-MG, Gabriel Milito surge como nome forte para assumir o Boca Juniors. A sa\u00edda de Fernando Gago, consumada logo ap\u00f3s a derrota no cl\u00e1ssico contra o River Plate, abriu uma disputa interna liderada por Juan Rom\u00e1n Riquelme, que considera o argentino como o principal [&hellip;]\" \/>\n<meta property=\"og:url\" content=\"https:\/\/www.gaveanews.com\/index.php\/2025\/05\/02\/ex-tecnico-do-atletico-mg-entra-na-mira-do-boca-juniors\/\" \/>\n<meta property=\"og:site_name\" content=\"G\u00e1vea News\" \/>\n<meta property=\"article:publisher\" content=\"https:\/\/facebook.com\/gaveaNews\/\" \/>\n<meta property=\"article:published_time\" content=\"2025-05-02T21:45:00+00:00\" \/>\n<meta property=\"og:image\" content=\"https:\/\/www.gaveanews.com\/wp-content\/uploads\/La-Bombonera.webp\" \/>\n\t<meta property=\"og:image:width\" content=\"768\" \/>\n\t<meta property=\"og:image:height\" content=\"513\" \/>\n\t<meta property=\"og:image:type\" content=\"image\/jpeg\" \/>\n<meta name=\"author\" content=\"Ana Teixeira\" \/>\n<meta name=\"twitter:card\" content=\"summary_large_image\" \/>\n<meta name=\"twitter:label1\" content=\"Escrito por\" \/>\n\t<meta name=\"twitter:data1\" content=\"Ana Teixeira\" \/>\n\t<meta name=\"twitter:label2\" content=\"Est. tempo de leitura\" \/>\n\t<meta name=\"twitter:data2\" content=\"3 minutos\" \/>\n<script type=\"application\/ld+json\" class=\"yoast-schema-graph\">{\"@context\":\"https:\/\/schema.org\",\"@graph\":[{\"@type\":\"NewsArticle\",\"@id\":\"https:\/\/www.gaveanews.com\/index.php\/2025\/05\/02\/ex-tecnico-do-atletico-mg-entra-na-mira-do-boca-juniors\/#article\",\"isPartOf\":{\"@id\":\"https:\/\/www.gaveanews.com\/index.php\/2025\/05\/02\/ex-tecnico-do-atletico-mg-entra-na-mira-do-boca-juniors\/\"},\"author\":{\"name\":\"Ana Teixeira\",\"@id\":\"https:\/\/www.gaveanews.com\/#\/schema\/person\/3b19f7288b0ce20372991275e4f2e6c2\"},\"headline\":\"Ex-t\u00e9cnico do Atl\u00e9tico-MG entra na mira do Boca Juniors\",\"datePublished\":\"2025-05-02T21:45:00+00:00\",\"mainEntityOfPage\":{\"@id\":\"https:\/\/www.gaveanews.com\/index.php\/2025\/05\/02\/ex-tecnico-do-atletico-mg-entra-na-mira-do-boca-juniors\/\"},\"wordCount\":467,\"commentCount\":0,\"image\":{\"@id\":\"https:\/\/www.gaveanews.com\/index.php\/2025\/05\/02\/ex-tecnico-do-atletico-mg-entra-na-mira-do-boca-juniors\/#primaryimage\"},\"thumbnailUrl\":\"https:\/\/www.gaveanews.com\/wp-content\/uploads\/La-Bombonera.webp\",\"articleSection\":[\"Atl\u00e9tico-MG\",\"Boca Juniors\",\"Futebol Internacional\"],\"inLanguage\":\"pt-BR\",\"potentialAction\":[{\"@type\":\"CommentAction\",\"name\":\"Comment\",\"target\":[\"https:\/\/www.gaveanews.com\/index.php\/2025\/05\/02\/ex-tecnico-do-atletico-mg-entra-na-mira-do-boca-juniors\/#respond\"]}],\"copyrightYear\":\"2025\",\"copyrightHolder\":{\"@id\":\"https:\/\/www.gaveanews.com\/#organization\"}},{\"@type\":\"WebPage\",\"@id\":\"https:\/\/www.gaveanews.com\/index.php\/2025\/05\/02\/ex-tecnico-do-atletico-mg-entra-na-mira-do-boca-juniors\/\",\"url\":\"https:\/\/www.gaveanews.com\/index.php\/2025\/05\/02\/ex-tecnico-do-atletico-mg-entra-na-mira-do-boca-juniors\/\",\"name\":\"Ex-t\u00e9cnico do Atl\u00e9tico-MG entra na mira do Boca Juniors\",\"isPartOf\":{\"@id\":\"https:\/\/www.gaveanews.com\/#website\"},\"primaryImageOfPage\":{\"@id\":\"https:\/\/www.gaveanews.com\/index.php\/2025\/05\/02\/ex-tecnico-do-atletico-mg-entra-na-mira-do-boca-juniors\/#primaryimage\"},\"image\":{\"@id\":\"https:\/\/www.gaveanews.com\/index.php\/2025\/05\/02\/ex-tecnico-do-atletico-mg-entra-na-mira-do-boca-juniors\/#primaryimage\"},\"thumbnailUrl\":\"https:\/\/www.gaveanews.com\/wp-content\/uploads\/La-Bombonera.webp\",\"datePublished\":\"2025-05-02T21:45:00+00:00\",\"author\":{\"@id\":\"https:\/\/www.gaveanews.com\/#\/schema\/person\/3b19f7288b0ce20372991275e4f2e6c2\"},\"breadcrumb\":{\"@id\":\"https:\/\/www.gaveanews.com\/index.php\/2025\/05\/02\/ex-tecnico-do-atletico-mg-entra-na-mira-do-boca-juniors\/#breadcrumb\"},\"inLanguage\":\"pt-BR\",\"potentialAction\":[{\"@type\":\"ReadAction\",\"target\":[\"https:\/\/www.gaveanews.com\/index.php\/2025\/05\/02\/ex-tecnico-do-atletico-mg-entra-na-mira-do-boca-juniors\/\"]}]},{\"@type\":\"ImageObject\",\"inLanguage\":\"pt-BR\",\"@id\":\"https:\/\/www.gaveanews.com\/index.php\/2025\/05\/02\/ex-tecnico-do-atletico-mg-entra-na-mira-do-boca-juniors\/#primaryimage\",\"url\":\"https:\/\/www.gaveanews.com\/wp-content\/uploads\/La-Bombonera.webp\",\"contentUrl\":\"https:\/\/www.gaveanews.com\/wp-content\/uploads\/La-Bombonera.webp\",\"width\":768,\"height\":513,\"caption\":\"La Bombonera (Foto: Boca Juniors\/Divulga\u00e7\u00e3o)\"},{\"@type\":\"BreadcrumbList\",\"@id\":\"https:\/\/www.gaveanews.com\/index.php\/2025\/05\/02\/ex-tecnico-do-atletico-mg-entra-na-mira-do-boca-juniors\/#breadcrumb\",\"itemListElement\":[{\"@type\":\"ListItem\",\"position\":1,\"name\":\"Home\",\"item\":\"https:\/\/www.gaveanews.com\/\"},{\"@type\":\"ListItem\",\"position\":2,\"name\":\"Ex-t\u00e9cnico do Atl\u00e9tico-MG entra na mira do Boca Juniors\"}]},{\"@type\":\"WebSite\",\"@id\":\"https:\/\/www.gaveanews.com\/#website\",\"url\":\"https:\/\/www.gaveanews.com\/\",\"name\":\"G\u00e1vea News\",\"description\":\"Veja todas as not\u00edcias sobre o Flamengo: Contrata\u00e7\u00f5es, categorias de base, resultados das partidas, tabela de classifica\u00e7\u00e3o, pr\u00f3ximos jogos!\",\"potentialAction\":[{\"@type\":\"SearchAction\",\"target\":{\"@type\":\"EntryPoint\",\"urlTemplate\":\"https:\/\/www.gaveanews.com\/?s={search_term_string}\"},\"query-input\":{\"@type\":\"PropertyValueSpecification\",\"valueRequired\":true,\"valueName\":\"search_term_string\"}}],\"inLanguage\":\"pt-BR\"},{\"@type\":\"Person\",\"@id\":\"https:\/\/www.gaveanews.com\/#\/schema\/person\/3b19f7288b0ce20372991275e4f2e6c2\",\"name\":\"Ana Teixeira\",\"image\":{\"@type\":\"ImageObject\",\"inLanguage\":\"pt-BR\",\"@id\":\"https:\/\/www.gaveanews.com\/#\/schema\/person\/image\/\",\"url\":\"https:\/\/secure.gravatar.com\/avatar\/0a73f5a5258f3fed37fc2fa641892f3f7a4748456d4d4792f9bc550e6c19e06c?s=96&d=mm&r=g\",\"contentUrl\":\"https:\/\/secure.gravatar.com\/avatar\/0a73f5a5258f3fed37fc2fa641892f3f7a4748456d4d4792f9bc550e6c19e06c?s=96&d=mm&r=g\",\"caption\":\"Ana Teixeira\"}}]}<\/script>\n<!-- \/ Yoast SEO Premium plugin. -->","yoast_head_json":{"title":"Ex-t\u00e9cnico do Atl\u00e9tico-MG entra na mira do Boca Juniors","robots":{"index":"index","follow":"follow","max-snippet":"max-snippet:-1","max-image-preview":"max-image-preview:large","max-video-preview":"max-video-preview:-1"},"canonical":"https:\/\/www.gaveanews.com\/index.php\/2025\/05\/02\/ex-tecnico-do-atletico-mg-entra-na-mira-do-boca-juniors\/","og_locale":"pt_BR","og_type":"article","og_title":"Ex-t\u00e9cnico do Atl\u00e9tico-MG entra na mira do Boca Juniors","og_description":"Ap\u00f3s uma temporada marcada por altos e baixos no comando do Atl\u00e9tico-MG, Gabriel Milito surge como nome forte para assumir o Boca Juniors. A sa\u00edda de Fernando Gago, consumada logo ap\u00f3s a derrota no cl\u00e1ssico contra o River Plate, abriu uma disputa interna liderada por Juan Rom\u00e1n Riquelme, que considera o argentino como o principal [&hellip;]","og_url":"https:\/\/www.gaveanews.com\/index.php\/2025\/05\/02\/ex-tecnico-do-atletico-mg-entra-na-mira-do-boca-juniors\/","og_site_name":"G\u00e1vea News","article_publisher":"https:\/\/facebook.com\/gaveaNews\/","article_published_time":"2025-05-02T21:45:00+00:00","og_image":[{"width":768,"height":513,"url":"https:\/\/www.gaveanews.com\/wp-content\/uploads\/La-Bombonera.webp","type":"image\/jpeg"}],"author":"Ana Teixeira","twitter_card":"summary_large_image","twitter_misc":{"Escrito por":"Ana Teixeira","Est. tempo de leitura":"3 minutos"},"schema":{"@context":"https:\/\/schema.org","@graph":[{"@type":"NewsArticle","@id":"https:\/\/www.gaveanews.com\/index.php\/2025\/05\/02\/ex-tecnico-do-atletico-mg-entra-na-mira-do-boca-juniors\/#article","isPartOf":{"@id":"https:\/\/www.gaveanews.com\/index.php\/2025\/05\/02\/ex-tecnico-do-atletico-mg-entra-na-mira-do-boca-juniors\/"},"author":{"name":"Ana Teixeira","@id":"https:\/\/www.gaveanews.com\/#\/schema\/person\/3b19f7288b0ce20372991275e4f2e6c2"},"headline":"Ex-t\u00e9cnico do Atl\u00e9tico-MG entra na mira do Boca Juniors","datePublished":"2025-05-02T21:45:00+00:00","mainEntityOfPage":{"@id":"https:\/\/www.gaveanews.com\/index.php\/2025\/05\/02\/ex-tecnico-do-atletico-mg-entra-na-mira-do-boca-juniors\/"},"wordCount":467,"commentCount":0,"image":{"@id":"https:\/\/www.gaveanews.com\/index.php\/2025\/05\/02\/ex-tecnico-do-atletico-mg-entra-na-mira-do-boca-juniors\/#primaryimage"},"thumbnailUrl":"https:\/\/www.gaveanews.com\/wp-content\/uploads\/La-Bombonera.webp","articleSection":["Atl\u00e9tico-MG","Boca Juniors","Futebol Internacional"],"inLanguage":"pt-BR","potentialAction":[{"@type":"CommentAction","name":"Comment","target":["https:\/\/www.gaveanews.com\/index.php\/2025\/05\/02\/ex-tecnico-do-atletico-mg-entra-na-mira-do-boca-juniors\/#respond"]}],"copyrightYear":"2025","copyrightHolder":{"@id":"https:\/\/www.gaveanews.com\/#organization"}},{"@type":"WebPage","@id":"https:\/\/www.gaveanews.com\/index.php\/2025\/05\/02\/ex-tecnico-do-atletico-mg-entra-na-mira-do-boca-juniors\/","url":"https:\/\/www.gaveanews.com\/index.php\/2025\/05\/02\/ex-tecnico-do-atletico-mg-entra-na-mira-do-boca-juniors\/","name":"Ex-t\u00e9cnico do Atl\u00e9tico-MG entra na mira do Boca Juniors","isPartOf":{"@id":"https:\/\/www.gaveanews.com\/#website"},"primaryImageOfPage":{"@id":"https:\/\/www.gaveanews.com\/index.php\/2025\/05\/02\/ex-tecnico-do-atletico-mg-entra-na-mira-do-boca-juniors\/#primaryimage"},"image":{"@id":"https:\/\/www.gaveanews.com\/index.php\/2025\/05\/02\/ex-tecnico-do-atletico-mg-entra-na-mira-do-boca-juniors\/#primaryimage"},"thumbnailUrl":"https:\/\/www.gaveanews.com\/wp-content\/uploads\/La-Bombonera.webp","datePublished":"2025-05-02T21:45:00+00:00","author":{"@id":"https:\/\/www.gaveanews.com\/#\/schema\/person\/3b19f7288b0ce20372991275e4f2e6c2"},"breadcrumb":{"@id":"https:\/\/www.gaveanews.com\/index.php\/2025\/05\/02\/ex-tecnico-do-atletico-mg-entra-na-mira-do-boca-juniors\/#breadcrumb"},"inLanguage":"pt-BR","potentialAction":[{"@type":"ReadAction","target":["https:\/\/www.gaveanews.com\/index.php\/2025\/05\/02\/ex-tecnico-do-atletico-mg-entra-na-mira-do-boca-juniors\/"]}]},{"@type":"ImageObject","inLanguage":"pt-BR","@id":"https:\/\/www.gaveanews.com\/index.php\/2025\/05\/02\/ex-tecnico-do-atletico-mg-entra-na-mira-do-boca-juniors\/#primaryimage","url":"https:\/\/www.gaveanews.com\/wp-content\/uploads\/La-Bombonera.webp","contentUrl":"https:\/\/www.gaveanews.com\/wp-content\/uploads\/La-Bombonera.webp","width":768,"height":513,"caption":"La Bombonera (Foto: Boca Juniors\/Divulga\u00e7\u00e3o)"},{"@type":"BreadcrumbList","@id":"https:\/\/www.gaveanews.com\/index.php\/2025\/05\/02\/ex-tecnico-do-atletico-mg-entra-na-mira-do-boca-juniors\/#breadcrumb","itemListElement":[{"@type":"ListItem","position":1,"name":"Home","item":"https:\/\/www.gaveanews.com\/"},{"@type":"ListItem","position":2,"name":"Ex-t\u00e9cnico do Atl\u00e9tico-MG entra na mira do Boca Juniors"}]},{"@type":"WebSite","@id":"https:\/\/www.gaveanews.com\/#website","url":"https:\/\/www.gaveanews.com\/","name":"G\u00e1vea News","description":"Veja todas as not\u00edcias sobre o Flamengo: Contrata\u00e7\u00f5es, categorias de base, resultados das partidas, tabela de classifica\u00e7\u00e3o, pr\u00f3ximos jogos!","potentialAction":[{"@type":"SearchAction","target":{"@type":"EntryPoint","urlTemplate":"https:\/\/www.gaveanews.com\/?s={search_term_string}"},"query-input":{"@type":"PropertyValueSpecification","valueRequired":true,"valueName":"search_term_string"}}],"inLanguage":"pt-BR"},{"@type":"Person","@id":"https:\/\/www.gaveanews.com\/#\/schema\/person\/3b19f7288b0ce20372991275e4f2e6c2","name":"Ana Teixeira","image":{"@type":"ImageObject","inLanguage":"pt-BR","@id":"https:\/\/www.gaveanews.com\/#\/schema\/person\/image\/","url":"https:\/\/secure.gravatar.com\/avatar\/0a73f5a5258f3fed37fc2fa641892f3f7a4748456d4d4792f9bc550e6c19e06c?s=96&d=mm&r=g","contentUrl":"https:\/\/secure.gravatar.com\/avatar\/0a73f5a5258f3fed37fc2fa641892f3f7a4748456d4d4792f9bc550e6c19e06c?s=96&d=mm&r=g","caption":"Ana Teixeira"}}]}},"_links":{"self":[{"href":"https:\/\/www.gaveanews.com\/index.php\/wp-json\/wp\/v2\/posts\/260273","targetHints":{"allow":["GET"]}}],"collection":[{"href":"https:\/\/www.gaveanews.com\/index.php\/wp-json\/wp\/v2\/posts"}],"about":[{"href":"https:\/\/www.gaveanews.com\/index.php\/wp-json\/wp\/v2\/types\/post"}],"author":[{"embeddable":true,"href":"https:\/\/www.gaveanews.com\/index.php\/wp-json\/wp\/v2\/users\/30"}],"replies":[{"embeddable":true,"href":"https:\/\/www.gaveanews.com\/index.php\/wp-json\/wp\/v2\/comments?post=260273"}],"version-history":[{"count":1,"href":"https:\/\/www.gaveanews.com\/index.php\/wp-json\/wp\/v2\/posts\/260273\/revisions"}],"predecessor-version":[{"id":260278,"href":"https:\/\/www.gaveanews.com\/index.php\/wp-json\/wp\/v2\/posts\/260273\/revisions\/260278"}],"wp:featuredmedia":[{"embeddable":true,"href":"https:\/\/www.gaveanews.com\/index.php\/wp-json\/wp\/v2\/media\/224879"}],"wp:attachment":[{"href":"https:\/\/www.gaveanews.com\/index.php\/wp-json\/wp\/v2\/media?parent=260273"}],"wp:term":[{"taxonomy":"category","embeddable":true,"href":"https:\/\/www.gaveanews.com\/index.php\/wp-json\/wp\/v2\/categories?post=260273"},{"taxonomy":"post_tag","embeddable":true,"href":"https:\/\/www.gaveanews.com\/index.php\/wp-json\/wp\/v2\/tags?post=260273"}],"curies":[{"name":"wp","href":"https:\/\/api.w.org\/{rel}","templated":true}]}}