{"id":260274,"date":"2025-05-02T18:50:00","date_gmt":"2025-05-02T21:50:00","guid":{"rendered":"https:\/\/www.gaveanews.com\/?p=260274"},"modified":"2025-05-02T17:34:10","modified_gmt":"2025-05-02T20:34:10","slug":"barboza-savarino-e-matheus-martins-boletim-medico-atualizado-do-botafogo","status":"publish","type":"post","link":"https:\/\/www.gaveanews.com\/index.php\/2025\/05\/02\/barboza-savarino-e-matheus-martins-boletim-medico-atualizado-do-botafogo\/","title":{"rendered":"Barboza, Savarino e Matheus Martins: boletim m\u00e9dico atualizado do Botafogo"},"content":{"rendered":"\n<p>O Botafogo n\u00e3o poder\u00e1 contar com tr\u00eas nomes de peso para o duelo diante do Bahia, marcado para s\u00e1bado (03), \u00e0s 21h, na Arena Fonte Nova, pela quinta rodada do Campeonato Brasileiro. O clube informou, nesta sexta-feira (02), que Alexander Barboza, Jefferson Savarino e Matheus Martins est\u00e3o entregues ao departamento m\u00e9dico, sendo assim, n\u00e3o viajaram com a delega\u00e7\u00e3o alvinegra para Salvador.<\/p>\n\n\n\n<p>Os tr\u00eas atletas seguem em tratamento intensivo no N\u00facleo de Sa\u00fade e Performance, mas sem qualquer previs\u00e3o de retorno aos gramados. A \u00fanica certeza \u00e9 que estar\u00e3o ausentes do compromisso mais imediato da equipe carioca na competi\u00e7\u00e3o nacional.<\/p>\n\n\n\n<p>O zagueiro argentino Alexander Barboza sofreu uma les\u00e3o no p\u00e9 esquerdo, diagnosticada ap\u00f3s a vit\u00f3ria por 4 a 0 sobre o Capital, na \u00faltima quarta-feira (30), pela terceira fase da Copa do Brasil. O defensor chegou a realizar exames e, apesar de estar sem o aux\u00edlio de muletas, permanece com o p\u00e9 imobilizado.<\/p>\n\n\n\n<p>Na mesma partida, Savarino tamb\u00e9m saiu lesionado. O atacante venezuelano foi diagnosticado com um problema muscular na coxa direita. Matheus Martins, por outro lado, nem chegou a ser relacionado para o confronto contra o time do Distrito Federal. Segundo o clube, ele apresentou um desconforto que, posteriormente, foi confirmado como les\u00e3o muscular na coxa esquerda.<\/p>\n\n\n\n<p>\u201cOs atletas j\u00e1 realizam tratamento intensivo di\u00e1rio no N\u00facleo de Sa\u00fade e Performance alvinegro para retorno em alto n\u00edvel\u201d, afirmou o Botafogo por meio de comunicado oficial.<\/p>\n\n\n\n<p>A aus\u00eancia do trio ocorre em um momento em que o time busca manter a consist\u00eancia demonstrada no \u00faltimo compromisso pela Copa do Brasil. Com oito pontos conquistados nas quatro primeiras rodadas do Brasileir\u00e3o, o Botafogo ocupa atualmente a oitava coloca\u00e7\u00e3o na tabela e espera seguir somando pontos para se firmar entre os primeiros colocados.<\/p>\n\n\n\n<p>A equipe t\u00e9cnica ainda precisar\u00e1 lidar com a suspens\u00e3o de Gregore e do pr\u00f3prio Barboza, que tamb\u00e9m est\u00e1 fora do jogo por conta do terceiro cart\u00e3o amarelo. Assim, o t\u00e9cnico interino Artur Jorge precisar\u00e1 reorganizar o time, tanto defensiva quanto ofensivamente, para tentar superar os desfalques e manter o desempenho competitivo fora de casa.<\/p>\n","protected":false},"excerpt":{"rendered":"<p>O Botafogo n\u00e3o poder\u00e1 contar com tr\u00eas nomes de peso para o duelo diante do Bahia, marcado para s\u00e1bado (03), \u00e0s 21h, na Arena Fonte Nova, pela quinta rodada do Campeonato Brasileiro. O clube informou, nesta sexta-feira (02), que Alexander Barboza, Jefferson Savarino e Matheus Martins est\u00e3o entregues ao departamento m\u00e9dico, sendo assim, n\u00e3o viajaram [&hellip;]<\/p>\n","protected":false},"author":30,"featured_media":182060,"comment_status":"open","ping_status":"closed","sticky":false,"template":"","format":"standard","meta":{"footnotes":""},"categories":[138,133],"tags":[],"class_list":["post-260274","post","type-post","status-publish","format-standard","has-post-thumbnail","hentry","category-botafogo","category-brasileirao"],"yoast_head":"<!-- This site is optimized with the Yoast SEO Premium plugin v24.2 (Yoast SEO v26.9) - https:\/\/yoast.com\/product\/yoast-seo-premium-wordpress\/ -->\n<title>Barboza, Savarino e Matheus Martins: boletim m\u00e9dico atualizado do Botafogo<\/title>\n<meta name=\"robots\" content=\"index, follow, max-snippet:-1, max-image-preview:large, max-video-preview:-1\" \/>\n<link rel=\"canonical\" href=\"https:\/\/www.gaveanews.com\/index.php\/2025\/05\/02\/barboza-savarino-e-matheus-martins-boletim-medico-atualizado-do-botafogo\/\" \/>\n<meta property=\"og:locale\" content=\"pt_BR\" \/>\n<meta property=\"og:type\" content=\"article\" \/>\n<meta property=\"og:title\" content=\"Barboza, Savarino e Matheus Martins: boletim m\u00e9dico atualizado do Botafogo\" \/>\n<meta property=\"og:description\" content=\"O Botafogo n\u00e3o poder\u00e1 contar com tr\u00eas nomes de peso para o duelo diante do Bahia, marcado para s\u00e1bado (03), \u00e0s 21h, na Arena Fonte Nova, pela quinta rodada do Campeonato Brasileiro. O clube informou, nesta sexta-feira (02), que Alexander Barboza, Jefferson Savarino e Matheus Martins est\u00e3o entregues ao departamento m\u00e9dico, sendo assim, n\u00e3o viajaram [&hellip;]\" \/>\n<meta property=\"og:url\" content=\"https:\/\/www.gaveanews.com\/index.php\/2025\/05\/02\/barboza-savarino-e-matheus-martins-boletim-medico-atualizado-do-botafogo\/\" \/>\n<meta property=\"og:site_name\" content=\"G\u00e1vea News\" \/>\n<meta property=\"article:publisher\" content=\"https:\/\/facebook.com\/gaveaNews\/\" \/>\n<meta property=\"article:published_time\" content=\"2025-05-02T21:50:00+00:00\" \/>\n<meta property=\"og:image\" content=\"https:\/\/www.gaveanews.com\/wp-content\/uploads\/Escudo-do-Botafogo-1.webp\" \/>\n\t<meta property=\"og:image:width\" content=\"787\" \/>\n\t<meta property=\"og:image:height\" content=\"525\" \/>\n\t<meta property=\"og:image:type\" content=\"image\/webp\" \/>\n<meta name=\"author\" content=\"Ana Teixeira\" \/>\n<meta name=\"twitter:card\" content=\"summary_large_image\" \/>\n<meta name=\"twitter:label1\" content=\"Escrito por\" \/>\n\t<meta name=\"twitter:data1\" content=\"Ana Teixeira\" \/>\n\t<meta name=\"twitter:label2\" content=\"Est. tempo de leitura\" \/>\n\t<meta name=\"twitter:data2\" content=\"3 minutos\" \/>\n<script type=\"application\/ld+json\" class=\"yoast-schema-graph\">{\"@context\":\"https:\/\/schema.org\",\"@graph\":[{\"@type\":\"NewsArticle\",\"@id\":\"https:\/\/www.gaveanews.com\/index.php\/2025\/05\/02\/barboza-savarino-e-matheus-martins-boletim-medico-atualizado-do-botafogo\/#article\",\"isPartOf\":{\"@id\":\"https:\/\/www.gaveanews.com\/index.php\/2025\/05\/02\/barboza-savarino-e-matheus-martins-boletim-medico-atualizado-do-botafogo\/\"},\"author\":{\"name\":\"Ana Teixeira\",\"@id\":\"https:\/\/www.gaveanews.com\/#\/schema\/person\/3b19f7288b0ce20372991275e4f2e6c2\"},\"headline\":\"Barboza, Savarino e Matheus Martins: boletim m\u00e9dico atualizado do Botafogo\",\"datePublished\":\"2025-05-02T21:50:00+00:00\",\"mainEntityOfPage\":{\"@id\":\"https:\/\/www.gaveanews.com\/index.php\/2025\/05\/02\/barboza-savarino-e-matheus-martins-boletim-medico-atualizado-do-botafogo\/\"},\"wordCount\":381,\"commentCount\":0,\"image\":{\"@id\":\"https:\/\/www.gaveanews.com\/index.php\/2025\/05\/02\/barboza-savarino-e-matheus-martins-boletim-medico-atualizado-do-botafogo\/#primaryimage\"},\"thumbnailUrl\":\"https:\/\/www.gaveanews.com\/wp-content\/uploads\/Escudo-do-Botafogo-1.webp\",\"articleSection\":[\"Botafogo\",\"Brasileir\u00e3o\"],\"inLanguage\":\"pt-BR\",\"potentialAction\":[{\"@type\":\"CommentAction\",\"name\":\"Comment\",\"target\":[\"https:\/\/www.gaveanews.com\/index.php\/2025\/05\/02\/barboza-savarino-e-matheus-martins-boletim-medico-atualizado-do-botafogo\/#respond\"]}],\"copyrightYear\":\"2025\",\"copyrightHolder\":{\"@id\":\"https:\/\/www.gaveanews.com\/#organization\"}},{\"@type\":\"WebPage\",\"@id\":\"https:\/\/www.gaveanews.com\/index.php\/2025\/05\/02\/barboza-savarino-e-matheus-martins-boletim-medico-atualizado-do-botafogo\/\",\"url\":\"https:\/\/www.gaveanews.com\/index.php\/2025\/05\/02\/barboza-savarino-e-matheus-martins-boletim-medico-atualizado-do-botafogo\/\",\"name\":\"Barboza, Savarino e Matheus Martins: boletim m\u00e9dico atualizado do Botafogo\",\"isPartOf\":{\"@id\":\"https:\/\/www.gaveanews.com\/#website\"},\"primaryImageOfPage\":{\"@id\":\"https:\/\/www.gaveanews.com\/index.php\/2025\/05\/02\/barboza-savarino-e-matheus-martins-boletim-medico-atualizado-do-botafogo\/#primaryimage\"},\"image\":{\"@id\":\"https:\/\/www.gaveanews.com\/index.php\/2025\/05\/02\/barboza-savarino-e-matheus-martins-boletim-medico-atualizado-do-botafogo\/#primaryimage\"},\"thumbnailUrl\":\"https:\/\/www.gaveanews.com\/wp-content\/uploads\/Escudo-do-Botafogo-1.webp\",\"datePublished\":\"2025-05-02T21:50:00+00:00\",\"author\":{\"@id\":\"https:\/\/www.gaveanews.com\/#\/schema\/person\/3b19f7288b0ce20372991275e4f2e6c2\"},\"breadcrumb\":{\"@id\":\"https:\/\/www.gaveanews.com\/index.php\/2025\/05\/02\/barboza-savarino-e-matheus-martins-boletim-medico-atualizado-do-botafogo\/#breadcrumb\"},\"inLanguage\":\"pt-BR\",\"potentialAction\":[{\"@type\":\"ReadAction\",\"target\":[\"https:\/\/www.gaveanews.com\/index.php\/2025\/05\/02\/barboza-savarino-e-matheus-martins-boletim-medico-atualizado-do-botafogo\/\"]}]},{\"@type\":\"ImageObject\",\"inLanguage\":\"pt-BR\",\"@id\":\"https:\/\/www.gaveanews.com\/index.php\/2025\/05\/02\/barboza-savarino-e-matheus-martins-boletim-medico-atualizado-do-botafogo\/#primaryimage\",\"url\":\"https:\/\/www.gaveanews.com\/wp-content\/uploads\/Escudo-do-Botafogo-1.webp\",\"contentUrl\":\"https:\/\/www.gaveanews.com\/wp-content\/uploads\/Escudo-do-Botafogo-1.webp\",\"width\":787,\"height\":525,\"caption\":\"Escudo do Botafogo (Foto: Reprodu\u00e7\u00e3o\/Botafogo)\"},{\"@type\":\"BreadcrumbList\",\"@id\":\"https:\/\/www.gaveanews.com\/index.php\/2025\/05\/02\/barboza-savarino-e-matheus-martins-boletim-medico-atualizado-do-botafogo\/#breadcrumb\",\"itemListElement\":[{\"@type\":\"ListItem\",\"position\":1,\"name\":\"Home\",\"item\":\"https:\/\/www.gaveanews.com\/\"},{\"@type\":\"ListItem\",\"position\":2,\"name\":\"Barboza, Savarino e Matheus Martins: boletim m\u00e9dico atualizado do Botafogo\"}]},{\"@type\":\"WebSite\",\"@id\":\"https:\/\/www.gaveanews.com\/#website\",\"url\":\"https:\/\/www.gaveanews.com\/\",\"name\":\"G\u00e1vea News\",\"description\":\"Veja todas as not\u00edcias sobre o Flamengo: Contrata\u00e7\u00f5es, categorias de base, resultados das partidas, tabela de classifica\u00e7\u00e3o, pr\u00f3ximos jogos!\",\"potentialAction\":[{\"@type\":\"SearchAction\",\"target\":{\"@type\":\"EntryPoint\",\"urlTemplate\":\"https:\/\/www.gaveanews.com\/?s={search_term_string}\"},\"query-input\":{\"@type\":\"PropertyValueSpecification\",\"valueRequired\":true,\"valueName\":\"search_term_string\"}}],\"inLanguage\":\"pt-BR\"},{\"@type\":\"Person\",\"@id\":\"https:\/\/www.gaveanews.com\/#\/schema\/person\/3b19f7288b0ce20372991275e4f2e6c2\",\"name\":\"Ana Teixeira\",\"image\":{\"@type\":\"ImageObject\",\"inLanguage\":\"pt-BR\",\"@id\":\"https:\/\/www.gaveanews.com\/#\/schema\/person\/image\/\",\"url\":\"https:\/\/secure.gravatar.com\/avatar\/0a73f5a5258f3fed37fc2fa641892f3f7a4748456d4d4792f9bc550e6c19e06c?s=96&d=mm&r=g\",\"contentUrl\":\"https:\/\/secure.gravatar.com\/avatar\/0a73f5a5258f3fed37fc2fa641892f3f7a4748456d4d4792f9bc550e6c19e06c?s=96&d=mm&r=g\",\"caption\":\"Ana Teixeira\"}}]}<\/script>\n<!-- \/ Yoast SEO Premium plugin. -->","yoast_head_json":{"title":"Barboza, Savarino e Matheus Martins: boletim m\u00e9dico atualizado do Botafogo","robots":{"index":"index","follow":"follow","max-snippet":"max-snippet:-1","max-image-preview":"max-image-preview:large","max-video-preview":"max-video-preview:-1"},"canonical":"https:\/\/www.gaveanews.com\/index.php\/2025\/05\/02\/barboza-savarino-e-matheus-martins-boletim-medico-atualizado-do-botafogo\/","og_locale":"pt_BR","og_type":"article","og_title":"Barboza, Savarino e Matheus Martins: boletim m\u00e9dico atualizado do Botafogo","og_description":"O Botafogo n\u00e3o poder\u00e1 contar com tr\u00eas nomes de peso para o duelo diante do Bahia, marcado para s\u00e1bado (03), \u00e0s 21h, na Arena Fonte Nova, pela quinta rodada do Campeonato Brasileiro. O clube informou, nesta sexta-feira (02), que Alexander Barboza, Jefferson Savarino e Matheus Martins est\u00e3o entregues ao departamento m\u00e9dico, sendo assim, n\u00e3o viajaram [&hellip;]","og_url":"https:\/\/www.gaveanews.com\/index.php\/2025\/05\/02\/barboza-savarino-e-matheus-martins-boletim-medico-atualizado-do-botafogo\/","og_site_name":"G\u00e1vea News","article_publisher":"https:\/\/facebook.com\/gaveaNews\/","article_published_time":"2025-05-02T21:50:00+00:00","og_image":[{"width":787,"height":525,"url":"https:\/\/www.gaveanews.com\/wp-content\/uploads\/Escudo-do-Botafogo-1.webp","type":"image\/webp"}],"author":"Ana Teixeira","twitter_card":"summary_large_image","twitter_misc":{"Escrito por":"Ana Teixeira","Est. tempo de leitura":"3 minutos"},"schema":{"@context":"https:\/\/schema.org","@graph":[{"@type":"NewsArticle","@id":"https:\/\/www.gaveanews.com\/index.php\/2025\/05\/02\/barboza-savarino-e-matheus-martins-boletim-medico-atualizado-do-botafogo\/#article","isPartOf":{"@id":"https:\/\/www.gaveanews.com\/index.php\/2025\/05\/02\/barboza-savarino-e-matheus-martins-boletim-medico-atualizado-do-botafogo\/"},"author":{"name":"Ana Teixeira","@id":"https:\/\/www.gaveanews.com\/#\/schema\/person\/3b19f7288b0ce20372991275e4f2e6c2"},"headline":"Barboza, Savarino e Matheus Martins: boletim m\u00e9dico atualizado do Botafogo","datePublished":"2025-05-02T21:50:00+00:00","mainEntityOfPage":{"@id":"https:\/\/www.gaveanews.com\/index.php\/2025\/05\/02\/barboza-savarino-e-matheus-martins-boletim-medico-atualizado-do-botafogo\/"},"wordCount":381,"commentCount":0,"image":{"@id":"https:\/\/www.gaveanews.com\/index.php\/2025\/05\/02\/barboza-savarino-e-matheus-martins-boletim-medico-atualizado-do-botafogo\/#primaryimage"},"thumbnailUrl":"https:\/\/www.gaveanews.com\/wp-content\/uploads\/Escudo-do-Botafogo-1.webp","articleSection":["Botafogo","Brasileir\u00e3o"],"inLanguage":"pt-BR","potentialAction":[{"@type":"CommentAction","name":"Comment","target":["https:\/\/www.gaveanews.com\/index.php\/2025\/05\/02\/barboza-savarino-e-matheus-martins-boletim-medico-atualizado-do-botafogo\/#respond"]}],"copyrightYear":"2025","copyrightHolder":{"@id":"https:\/\/www.gaveanews.com\/#organization"}},{"@type":"WebPage","@id":"https:\/\/www.gaveanews.com\/index.php\/2025\/05\/02\/barboza-savarino-e-matheus-martins-boletim-medico-atualizado-do-botafogo\/","url":"https:\/\/www.gaveanews.com\/index.php\/2025\/05\/02\/barboza-savarino-e-matheus-martins-boletim-medico-atualizado-do-botafogo\/","name":"Barboza, Savarino e Matheus Martins: boletim m\u00e9dico atualizado do Botafogo","isPartOf":{"@id":"https:\/\/www.gaveanews.com\/#website"},"primaryImageOfPage":{"@id":"https:\/\/www.gaveanews.com\/index.php\/2025\/05\/02\/barboza-savarino-e-matheus-martins-boletim-medico-atualizado-do-botafogo\/#primaryimage"},"image":{"@id":"https:\/\/www.gaveanews.com\/index.php\/2025\/05\/02\/barboza-savarino-e-matheus-martins-boletim-medico-atualizado-do-botafogo\/#primaryimage"},"thumbnailUrl":"https:\/\/www.gaveanews.com\/wp-content\/uploads\/Escudo-do-Botafogo-1.webp","datePublished":"2025-05-02T21:50:00+00:00","author":{"@id":"https:\/\/www.gaveanews.com\/#\/schema\/person\/3b19f7288b0ce20372991275e4f2e6c2"},"breadcrumb":{"@id":"https:\/\/www.gaveanews.com\/index.php\/2025\/05\/02\/barboza-savarino-e-matheus-martins-boletim-medico-atualizado-do-botafogo\/#breadcrumb"},"inLanguage":"pt-BR","potentialAction":[{"@type":"ReadAction","target":["https:\/\/www.gaveanews.com\/index.php\/2025\/05\/02\/barboza-savarino-e-matheus-martins-boletim-medico-atualizado-do-botafogo\/"]}]},{"@type":"ImageObject","inLanguage":"pt-BR","@id":"https:\/\/www.gaveanews.com\/index.php\/2025\/05\/02\/barboza-savarino-e-matheus-martins-boletim-medico-atualizado-do-botafogo\/#primaryimage","url":"https:\/\/www.gaveanews.com\/wp-content\/uploads\/Escudo-do-Botafogo-1.webp","contentUrl":"https:\/\/www.gaveanews.com\/wp-content\/uploads\/Escudo-do-Botafogo-1.webp","width":787,"height":525,"caption":"Escudo do Botafogo (Foto: Reprodu\u00e7\u00e3o\/Botafogo)"},{"@type":"BreadcrumbList","@id":"https:\/\/www.gaveanews.com\/index.php\/2025\/05\/02\/barboza-savarino-e-matheus-martins-boletim-medico-atualizado-do-botafogo\/#breadcrumb","itemListElement":[{"@type":"ListItem","position":1,"name":"Home","item":"https:\/\/www.gaveanews.com\/"},{"@type":"ListItem","position":2,"name":"Barboza, Savarino e Matheus Martins: boletim m\u00e9dico atualizado do Botafogo"}]},{"@type":"WebSite","@id":"https:\/\/www.gaveanews.com\/#website","url":"https:\/\/www.gaveanews.com\/","name":"G\u00e1vea News","description":"Veja todas as not\u00edcias sobre o Flamengo: Contrata\u00e7\u00f5es, categorias de base, resultados das partidas, tabela de classifica\u00e7\u00e3o, pr\u00f3ximos jogos!","potentialAction":[{"@type":"SearchAction","target":{"@type":"EntryPoint","urlTemplate":"https:\/\/www.gaveanews.com\/?s={search_term_string}"},"query-input":{"@type":"PropertyValueSpecification","valueRequired":true,"valueName":"search_term_string"}}],"inLanguage":"pt-BR"},{"@type":"Person","@id":"https:\/\/www.gaveanews.com\/#\/schema\/person\/3b19f7288b0ce20372991275e4f2e6c2","name":"Ana Teixeira","image":{"@type":"ImageObject","inLanguage":"pt-BR","@id":"https:\/\/www.gaveanews.com\/#\/schema\/person\/image\/","url":"https:\/\/secure.gravatar.com\/avatar\/0a73f5a5258f3fed37fc2fa641892f3f7a4748456d4d4792f9bc550e6c19e06c?s=96&d=mm&r=g","contentUrl":"https:\/\/secure.gravatar.com\/avatar\/0a73f5a5258f3fed37fc2fa641892f3f7a4748456d4d4792f9bc550e6c19e06c?s=96&d=mm&r=g","caption":"Ana Teixeira"}}]}},"_links":{"self":[{"href":"https:\/\/www.gaveanews.com\/index.php\/wp-json\/wp\/v2\/posts\/260274","targetHints":{"allow":["GET"]}}],"collection":[{"href":"https:\/\/www.gaveanews.com\/index.php\/wp-json\/wp\/v2\/posts"}],"about":[{"href":"https:\/\/www.gaveanews.com\/index.php\/wp-json\/wp\/v2\/types\/post"}],"author":[{"embeddable":true,"href":"https:\/\/www.gaveanews.com\/index.php\/wp-json\/wp\/v2\/users\/30"}],"replies":[{"embeddable":true,"href":"https:\/\/www.gaveanews.com\/index.php\/wp-json\/wp\/v2\/comments?post=260274"}],"version-history":[{"count":1,"href":"https:\/\/www.gaveanews.com\/index.php\/wp-json\/wp\/v2\/posts\/260274\/revisions"}],"predecessor-version":[{"id":260279,"href":"https:\/\/www.gaveanews.com\/index.php\/wp-json\/wp\/v2\/posts\/260274\/revisions\/260279"}],"wp:featuredmedia":[{"embeddable":true,"href":"https:\/\/www.gaveanews.com\/index.php\/wp-json\/wp\/v2\/media\/182060"}],"wp:attachment":[{"href":"https:\/\/www.gaveanews.com\/index.php\/wp-json\/wp\/v2\/media?parent=260274"}],"wp:term":[{"taxonomy":"category","embeddable":true,"href":"https:\/\/www.gaveanews.com\/index.php\/wp-json\/wp\/v2\/categories?post=260274"},{"taxonomy":"post_tag","embeddable":true,"href":"https:\/\/www.gaveanews.com\/index.php\/wp-json\/wp\/v2\/tags?post=260274"}],"curies":[{"name":"wp","href":"https:\/\/api.w.org\/{rel}","templated":true}]}}