{"id":260275,"date":"2025-05-02T18:55:00","date_gmt":"2025-05-02T21:55:00","guid":{"rendered":"https:\/\/www.gaveanews.com\/?p=260275"},"modified":"2025-05-02T17:39:44","modified_gmt":"2025-05-02T20:39:44","slug":"video-torcedores-do-santos-causam-confusao-generalizada-apos-empate-pela-copa-do-brasil","status":"publish","type":"post","link":"https:\/\/www.gaveanews.com\/index.php\/2025\/05\/02\/video-torcedores-do-santos-causam-confusao-generalizada-apos-empate-pela-copa-do-brasil\/","title":{"rendered":"V\u00eddeo: torcedores do Santos causam confus\u00e3o generalizada ap\u00f3s empate pela Copa do Brasil"},"content":{"rendered":"\n<p>A noite de quinta-feira (01) foi marcada por tens\u00e3o nos arredores da Vila Belmiro, ap\u00f3s o empate por 1 a 1 entre Santos e CRB, pela terceira fase da Copa do Brasil. O resultado representou mais um trope\u00e7o da equipe alvinegra em momento cr\u00edtico da temporada e gerou insatisfa\u00e7\u00e3o profunda entre torcedores organizados, culminando em um confronto direto com a Pol\u00edcia Militar.<\/p>\n\n\n\n<p>A partida foi dram\u00e1tica. O goleiro Gabriel Braz\u00e3o salvou o time da derrota ao defender um p\u00eanalti nos acr\u00e9scimos, por\u00e9m, apesar do feito, o clima era de des\u00e2nimo e revolta. Ainda nas arquibancadas, gritos de protesto como &#8220;time sem vergonha&#8221; e \u201cchega de paz, eu amo a viol\u00eancia\u201d ecoaram de maneira agressiva, refletindo a crise t\u00e9cnica e institucional enfrentada pelo clube. <\/p>\n\n\n\n<p>A irrita\u00e7\u00e3o dos torcedores n\u00e3o se limitou \u00e0s palavras: muitos buscaram se aproximar da entrada do vesti\u00e1rio e da sala de imprensa, sendo contidos por seguran\u00e7as. Na tentativa de furar bloqueios internos, uma das portas de vidro foi quebrada entre o setor das organizadas e a \u00e1rea das cadeiras cativas. Um torcedor, ao tentar sair com sua fam\u00edlia da confus\u00e3o, chegou a estilha\u00e7ar o vidro propositalmente para viabilizar a fuga.<\/p>\n\n\n\n<p>O tumulto tamb\u00e9m se estendeu ao port\u00e3o principal do est\u00e1dio, onde grupos tentaram for\u00e7ar passagem para outros setores. A Pol\u00edcia Militar interveio com bombas de g\u00e1s lacrimog\u00eaneo, o que provocou correria e sensa\u00e7\u00e3o de sufocamento inclusive entre crian\u00e7as, mulheres e profissionais de imprensa, muitos deles retidos nas cabines para se proteger.<\/p>\n\n\n\n<p>Conforme relatos, a confus\u00e3o alcan\u00e7ou o quarto andar do est\u00e1dio, onde fica o camarote presidencial. O presidente Marcelo Teixeira deixou o local sem falar com a imprensa. Do lado externo, a PM utilizou bombas de efeito moral para dispersar a multid\u00e3o, agravando ainda mais a atmosfera hostil. <\/p>\n\n\n\n<blockquote class=\"twitter-tweet\" data-media-max-width=\"560\"><p lang=\"pt\" dir=\"ltr\">\ud83d\udea8Confus\u00e3o grande na sa\u00edda dos torcedores na Vila Belmiro! Jogaram g\u00e1s de pimenta e o clima esquentou! Muita gente correu pra dentro do est\u00e1dio por causa do g\u00e1s. <a href=\"https:\/\/t.co\/7Vz3701h2k\">pic.twitter.com\/7Vz3701h2k<\/a><\/p>&mdash; Andr\u00e9 Hernan (@andrehernan) <a href=\"https:\/\/twitter.com\/andrehernan\/status\/1918094520715231402?ref_src=twsrc%5Etfw\">May 2, 2025<\/a><\/blockquote> <script async src=\"https:\/\/platform.twitter.com\/widgets.js\" charset=\"utf-8\"><\/script>\n\n\n\n<h2 class=\"wp-block-heading\" id=\"h-invasao-ao-ct-do-santos\">Invas\u00e3o ao CT do Santos<\/h2>\n\n\n\n<p>Esse cen\u00e1rio ca\u00f3tico foi precedido por uma sequ\u00eancia de eventos que j\u00e1 indicavam o grau de insatisfa\u00e7\u00e3o da torcida. Na segunda-feira (28), membros da principal organizada do clube invadiram o CT Rei Pel\u00e9 para cobrar postura dos jogadores e da comiss\u00e3o t\u00e9cnica. A press\u00e3o pela sa\u00edda de Pedro Caixinha, ent\u00e3o treinador, havia crescido desde a derrota contra o Bahia. <\/p>\n\n\n\n<p>Com a demiss\u00e3o confirmada no dia 14 de abril, C\u00e9sar Sampaio assumiu interinamente e comandou o time por tr\u00eas jogos at\u00e9 a chegada de Cl\u00e9ber Xavier, anunciado oficialmente na \u00faltima ter\u00e7a-feira (29). Ap\u00f3s a estreia diante do CRB, o novo t\u00e9cnico reconheceu a gravidade da situa\u00e7\u00e3o.<\/p>\n\n\n\n<p>\u201cSabia que qualquer resultado negativo poderia trazer ainda mais press\u00e3o externa\u201d, declarou. A torcida, que j\u00e1 demonstrara apoio a Sampaio em reuni\u00f5es anteriores, exigia rea\u00e7\u00e3o imediata. No entanto, a sequ\u00eancia de empates e derrotas deixou o ambiente insustent\u00e1vel. O clube soma apenas uma vit\u00f3ria em seis rodadas do Campeonato Brasileiro e ocupa posi\u00e7\u00e3o pr\u00f3xima da zona de rebaixamento.<\/p>\n\n\n\n<h2 class=\"wp-block-heading\" id=\"h-outras-confusoes\">Outras confus\u00f5es<\/h2>\n\n\n\n<p>Historicamente, a Vila Belmiro j\u00e1 foi palco de epis\u00f3dios semelhantes. Em 2023, o est\u00e1dio chegou a ser interditado por seis partidas devido a conflitos parecidos, durante a campanha que culminou no rebaixamento \u00e0 S\u00e9rie B. O epis\u00f3dio mais recente reacende o alerta sobre a reincid\u00eancia de atos violentos e sobre a fragilidade da seguran\u00e7a nas partidas realizadas no local.<\/p>\n\n\n\n<h2 class=\"wp-block-heading\" id=\"h-calendario\">Calend\u00e1rio<\/h2>\n\n\n\n<p>O pr\u00f3ximo compromisso do Santos ser\u00e1 no domingo (04), \u00e0s 16h, contra o Gr\u00eamio, fora de casa. A expectativa \u00e9 de um forte esquema de seguran\u00e7a nos pr\u00f3ximos jogos, tanto em Santos quanto em outras cidades.<\/p>\n","protected":false},"excerpt":{"rendered":"<p>A noite de quinta-feira (01) foi marcada por tens\u00e3o nos arredores da Vila Belmiro, ap\u00f3s o empate por 1 a 1 entre Santos e CRB, pela terceira fase da Copa do Brasil. O resultado representou mais um trope\u00e7o da equipe alvinegra em momento cr\u00edtico da temporada e gerou insatisfa\u00e7\u00e3o profunda entre torcedores organizados, culminando em [&hellip;]<\/p>\n","protected":false},"author":30,"featured_media":260280,"comment_status":"open","ping_status":"closed","sticky":false,"template":"","format":"standard","meta":{"footnotes":""},"categories":[139],"tags":[],"class_list":["post-260275","post","type-post","status-publish","format-standard","has-post-thumbnail","hentry","category-santos"],"yoast_head":"<!-- This site is optimized with the Yoast SEO Premium plugin v24.2 (Yoast SEO v26.9) - https:\/\/yoast.com\/product\/yoast-seo-premium-wordpress\/ -->\n<title>V\u00eddeo: torcedores do Santos causam confus\u00e3o generalizada ap\u00f3s empate pela Copa do Brasil<\/title>\n<meta name=\"robots\" content=\"index, follow, max-snippet:-1, max-image-preview:large, max-video-preview:-1\" \/>\n<link rel=\"canonical\" href=\"https:\/\/www.gaveanews.com\/index.php\/2025\/05\/02\/video-torcedores-do-santos-causam-confusao-generalizada-apos-empate-pela-copa-do-brasil\/\" \/>\n<meta property=\"og:locale\" content=\"pt_BR\" \/>\n<meta property=\"og:type\" content=\"article\" \/>\n<meta property=\"og:title\" content=\"V\u00eddeo: torcedores do Santos causam confus\u00e3o generalizada ap\u00f3s empate pela Copa do Brasil\" \/>\n<meta property=\"og:description\" content=\"A noite de quinta-feira (01) foi marcada por tens\u00e3o nos arredores da Vila Belmiro, ap\u00f3s o empate por 1 a 1 entre Santos e CRB, pela terceira fase da Copa do Brasil. O resultado representou mais um trope\u00e7o da equipe alvinegra em momento cr\u00edtico da temporada e gerou insatisfa\u00e7\u00e3o profunda entre torcedores organizados, culminando em [&hellip;]\" \/>\n<meta property=\"og:url\" content=\"https:\/\/www.gaveanews.com\/index.php\/2025\/05\/02\/video-torcedores-do-santos-causam-confusao-generalizada-apos-empate-pela-copa-do-brasil\/\" \/>\n<meta property=\"og:site_name\" content=\"G\u00e1vea News\" \/>\n<meta property=\"article:publisher\" content=\"https:\/\/facebook.com\/gaveaNews\/\" \/>\n<meta property=\"article:published_time\" content=\"2025-05-02T21:55:00+00:00\" \/>\n<meta property=\"og:image\" content=\"https:\/\/www.gaveanews.com\/wp-content\/uploads\/Torcida-do-Santos-promove-cenas-de-panico-na-Vila-Belmiro.webp\" \/>\n\t<meta property=\"og:image:width\" content=\"1200\" \/>\n\t<meta property=\"og:image:height\" content=\"900\" \/>\n\t<meta property=\"og:image:type\" content=\"image\/webp\" \/>\n<meta name=\"author\" content=\"Ana Teixeira\" \/>\n<meta name=\"twitter:card\" content=\"summary_large_image\" \/>\n<meta name=\"twitter:label1\" content=\"Escrito por\" \/>\n\t<meta name=\"twitter:data1\" content=\"Ana Teixeira\" \/>\n\t<meta name=\"twitter:label2\" content=\"Est. tempo de leitura\" \/>\n\t<meta name=\"twitter:data2\" content=\"4 minutos\" \/>\n<script type=\"application\/ld+json\" class=\"yoast-schema-graph\">{\"@context\":\"https:\/\/schema.org\",\"@graph\":[{\"@type\":\"NewsArticle\",\"@id\":\"https:\/\/www.gaveanews.com\/index.php\/2025\/05\/02\/video-torcedores-do-santos-causam-confusao-generalizada-apos-empate-pela-copa-do-brasil\/#article\",\"isPartOf\":{\"@id\":\"https:\/\/www.gaveanews.com\/index.php\/2025\/05\/02\/video-torcedores-do-santos-causam-confusao-generalizada-apos-empate-pela-copa-do-brasil\/\"},\"author\":{\"name\":\"Ana Teixeira\",\"@id\":\"https:\/\/www.gaveanews.com\/#\/schema\/person\/3b19f7288b0ce20372991275e4f2e6c2\"},\"headline\":\"V\u00eddeo: torcedores do Santos causam confus\u00e3o generalizada ap\u00f3s empate pela Copa do Brasil\",\"datePublished\":\"2025-05-02T21:55:00+00:00\",\"mainEntityOfPage\":{\"@id\":\"https:\/\/www.gaveanews.com\/index.php\/2025\/05\/02\/video-torcedores-do-santos-causam-confusao-generalizada-apos-empate-pela-copa-do-brasil\/\"},\"wordCount\":679,\"commentCount\":0,\"image\":{\"@id\":\"https:\/\/www.gaveanews.com\/index.php\/2025\/05\/02\/video-torcedores-do-santos-causam-confusao-generalizada-apos-empate-pela-copa-do-brasil\/#primaryimage\"},\"thumbnailUrl\":\"https:\/\/www.gaveanews.com\/wp-content\/uploads\/Torcida-do-Santos-promove-cenas-de-panico-na-Vila-Belmiro.webp\",\"articleSection\":[\"Santos\"],\"inLanguage\":\"pt-BR\",\"potentialAction\":[{\"@type\":\"CommentAction\",\"name\":\"Comment\",\"target\":[\"https:\/\/www.gaveanews.com\/index.php\/2025\/05\/02\/video-torcedores-do-santos-causam-confusao-generalizada-apos-empate-pela-copa-do-brasil\/#respond\"]}],\"copyrightYear\":\"2025\",\"copyrightHolder\":{\"@id\":\"https:\/\/www.gaveanews.com\/#organization\"}},{\"@type\":\"WebPage\",\"@id\":\"https:\/\/www.gaveanews.com\/index.php\/2025\/05\/02\/video-torcedores-do-santos-causam-confusao-generalizada-apos-empate-pela-copa-do-brasil\/\",\"url\":\"https:\/\/www.gaveanews.com\/index.php\/2025\/05\/02\/video-torcedores-do-santos-causam-confusao-generalizada-apos-empate-pela-copa-do-brasil\/\",\"name\":\"V\u00eddeo: torcedores do Santos causam confus\u00e3o generalizada ap\u00f3s empate pela Copa do Brasil\",\"isPartOf\":{\"@id\":\"https:\/\/www.gaveanews.com\/#website\"},\"primaryImageOfPage\":{\"@id\":\"https:\/\/www.gaveanews.com\/index.php\/2025\/05\/02\/video-torcedores-do-santos-causam-confusao-generalizada-apos-empate-pela-copa-do-brasil\/#primaryimage\"},\"image\":{\"@id\":\"https:\/\/www.gaveanews.com\/index.php\/2025\/05\/02\/video-torcedores-do-santos-causam-confusao-generalizada-apos-empate-pela-copa-do-brasil\/#primaryimage\"},\"thumbnailUrl\":\"https:\/\/www.gaveanews.com\/wp-content\/uploads\/Torcida-do-Santos-promove-cenas-de-panico-na-Vila-Belmiro.webp\",\"datePublished\":\"2025-05-02T21:55:00+00:00\",\"author\":{\"@id\":\"https:\/\/www.gaveanews.com\/#\/schema\/person\/3b19f7288b0ce20372991275e4f2e6c2\"},\"breadcrumb\":{\"@id\":\"https:\/\/www.gaveanews.com\/index.php\/2025\/05\/02\/video-torcedores-do-santos-causam-confusao-generalizada-apos-empate-pela-copa-do-brasil\/#breadcrumb\"},\"inLanguage\":\"pt-BR\",\"potentialAction\":[{\"@type\":\"ReadAction\",\"target\":[\"https:\/\/www.gaveanews.com\/index.php\/2025\/05\/02\/video-torcedores-do-santos-causam-confusao-generalizada-apos-empate-pela-copa-do-brasil\/\"]}]},{\"@type\":\"ImageObject\",\"inLanguage\":\"pt-BR\",\"@id\":\"https:\/\/www.gaveanews.com\/index.php\/2025\/05\/02\/video-torcedores-do-santos-causam-confusao-generalizada-apos-empate-pela-copa-do-brasil\/#primaryimage\",\"url\":\"https:\/\/www.gaveanews.com\/wp-content\/uploads\/Torcida-do-Santos-promove-cenas-de-panico-na-Vila-Belmiro.webp\",\"contentUrl\":\"https:\/\/www.gaveanews.com\/wp-content\/uploads\/Torcida-do-Santos-promove-cenas-de-panico-na-Vila-Belmiro.webp\",\"width\":1200,\"height\":900,\"caption\":\"Torcida do Santos promove cenas de p\u00e2nico na Vila Belmiro - Foto: Reprodu\u00e7\u00e3o\"},{\"@type\":\"BreadcrumbList\",\"@id\":\"https:\/\/www.gaveanews.com\/index.php\/2025\/05\/02\/video-torcedores-do-santos-causam-confusao-generalizada-apos-empate-pela-copa-do-brasil\/#breadcrumb\",\"itemListElement\":[{\"@type\":\"ListItem\",\"position\":1,\"name\":\"Home\",\"item\":\"https:\/\/www.gaveanews.com\/\"},{\"@type\":\"ListItem\",\"position\":2,\"name\":\"V\u00eddeo: torcedores do Santos causam confus\u00e3o generalizada ap\u00f3s empate pela Copa do Brasil\"}]},{\"@type\":\"WebSite\",\"@id\":\"https:\/\/www.gaveanews.com\/#website\",\"url\":\"https:\/\/www.gaveanews.com\/\",\"name\":\"G\u00e1vea News\",\"description\":\"Veja todas as not\u00edcias sobre o Flamengo: Contrata\u00e7\u00f5es, categorias de base, resultados das partidas, tabela de classifica\u00e7\u00e3o, pr\u00f3ximos jogos!\",\"potentialAction\":[{\"@type\":\"SearchAction\",\"target\":{\"@type\":\"EntryPoint\",\"urlTemplate\":\"https:\/\/www.gaveanews.com\/?s={search_term_string}\"},\"query-input\":{\"@type\":\"PropertyValueSpecification\",\"valueRequired\":true,\"valueName\":\"search_term_string\"}}],\"inLanguage\":\"pt-BR\"},{\"@type\":\"Person\",\"@id\":\"https:\/\/www.gaveanews.com\/#\/schema\/person\/3b19f7288b0ce20372991275e4f2e6c2\",\"name\":\"Ana Teixeira\",\"image\":{\"@type\":\"ImageObject\",\"inLanguage\":\"pt-BR\",\"@id\":\"https:\/\/www.gaveanews.com\/#\/schema\/person\/image\/\",\"url\":\"https:\/\/secure.gravatar.com\/avatar\/0a73f5a5258f3fed37fc2fa641892f3f7a4748456d4d4792f9bc550e6c19e06c?s=96&d=mm&r=g\",\"contentUrl\":\"https:\/\/secure.gravatar.com\/avatar\/0a73f5a5258f3fed37fc2fa641892f3f7a4748456d4d4792f9bc550e6c19e06c?s=96&d=mm&r=g\",\"caption\":\"Ana Teixeira\"}}]}<\/script>\n<!-- \/ Yoast SEO Premium plugin. -->","yoast_head_json":{"title":"V\u00eddeo: torcedores do Santos causam confus\u00e3o generalizada ap\u00f3s empate pela Copa do Brasil","robots":{"index":"index","follow":"follow","max-snippet":"max-snippet:-1","max-image-preview":"max-image-preview:large","max-video-preview":"max-video-preview:-1"},"canonical":"https:\/\/www.gaveanews.com\/index.php\/2025\/05\/02\/video-torcedores-do-santos-causam-confusao-generalizada-apos-empate-pela-copa-do-brasil\/","og_locale":"pt_BR","og_type":"article","og_title":"V\u00eddeo: torcedores do Santos causam confus\u00e3o generalizada ap\u00f3s empate pela Copa do Brasil","og_description":"A noite de quinta-feira (01) foi marcada por tens\u00e3o nos arredores da Vila Belmiro, ap\u00f3s o empate por 1 a 1 entre Santos e CRB, pela terceira fase da Copa do Brasil. O resultado representou mais um trope\u00e7o da equipe alvinegra em momento cr\u00edtico da temporada e gerou insatisfa\u00e7\u00e3o profunda entre torcedores organizados, culminando em [&hellip;]","og_url":"https:\/\/www.gaveanews.com\/index.php\/2025\/05\/02\/video-torcedores-do-santos-causam-confusao-generalizada-apos-empate-pela-copa-do-brasil\/","og_site_name":"G\u00e1vea News","article_publisher":"https:\/\/facebook.com\/gaveaNews\/","article_published_time":"2025-05-02T21:55:00+00:00","og_image":[{"width":1200,"height":900,"url":"https:\/\/www.gaveanews.com\/wp-content\/uploads\/Torcida-do-Santos-promove-cenas-de-panico-na-Vila-Belmiro.webp","type":"image\/webp"}],"author":"Ana Teixeira","twitter_card":"summary_large_image","twitter_misc":{"Escrito por":"Ana Teixeira","Est. tempo de leitura":"4 minutos"},"schema":{"@context":"https:\/\/schema.org","@graph":[{"@type":"NewsArticle","@id":"https:\/\/www.gaveanews.com\/index.php\/2025\/05\/02\/video-torcedores-do-santos-causam-confusao-generalizada-apos-empate-pela-copa-do-brasil\/#article","isPartOf":{"@id":"https:\/\/www.gaveanews.com\/index.php\/2025\/05\/02\/video-torcedores-do-santos-causam-confusao-generalizada-apos-empate-pela-copa-do-brasil\/"},"author":{"name":"Ana Teixeira","@id":"https:\/\/www.gaveanews.com\/#\/schema\/person\/3b19f7288b0ce20372991275e4f2e6c2"},"headline":"V\u00eddeo: torcedores do Santos causam confus\u00e3o generalizada ap\u00f3s empate pela Copa do Brasil","datePublished":"2025-05-02T21:55:00+00:00","mainEntityOfPage":{"@id":"https:\/\/www.gaveanews.com\/index.php\/2025\/05\/02\/video-torcedores-do-santos-causam-confusao-generalizada-apos-empate-pela-copa-do-brasil\/"},"wordCount":679,"commentCount":0,"image":{"@id":"https:\/\/www.gaveanews.com\/index.php\/2025\/05\/02\/video-torcedores-do-santos-causam-confusao-generalizada-apos-empate-pela-copa-do-brasil\/#primaryimage"},"thumbnailUrl":"https:\/\/www.gaveanews.com\/wp-content\/uploads\/Torcida-do-Santos-promove-cenas-de-panico-na-Vila-Belmiro.webp","articleSection":["Santos"],"inLanguage":"pt-BR","potentialAction":[{"@type":"CommentAction","name":"Comment","target":["https:\/\/www.gaveanews.com\/index.php\/2025\/05\/02\/video-torcedores-do-santos-causam-confusao-generalizada-apos-empate-pela-copa-do-brasil\/#respond"]}],"copyrightYear":"2025","copyrightHolder":{"@id":"https:\/\/www.gaveanews.com\/#organization"}},{"@type":"WebPage","@id":"https:\/\/www.gaveanews.com\/index.php\/2025\/05\/02\/video-torcedores-do-santos-causam-confusao-generalizada-apos-empate-pela-copa-do-brasil\/","url":"https:\/\/www.gaveanews.com\/index.php\/2025\/05\/02\/video-torcedores-do-santos-causam-confusao-generalizada-apos-empate-pela-copa-do-brasil\/","name":"V\u00eddeo: torcedores do Santos causam confus\u00e3o generalizada ap\u00f3s empate pela Copa do Brasil","isPartOf":{"@id":"https:\/\/www.gaveanews.com\/#website"},"primaryImageOfPage":{"@id":"https:\/\/www.gaveanews.com\/index.php\/2025\/05\/02\/video-torcedores-do-santos-causam-confusao-generalizada-apos-empate-pela-copa-do-brasil\/#primaryimage"},"image":{"@id":"https:\/\/www.gaveanews.com\/index.php\/2025\/05\/02\/video-torcedores-do-santos-causam-confusao-generalizada-apos-empate-pela-copa-do-brasil\/#primaryimage"},"thumbnailUrl":"https:\/\/www.gaveanews.com\/wp-content\/uploads\/Torcida-do-Santos-promove-cenas-de-panico-na-Vila-Belmiro.webp","datePublished":"2025-05-02T21:55:00+00:00","author":{"@id":"https:\/\/www.gaveanews.com\/#\/schema\/person\/3b19f7288b0ce20372991275e4f2e6c2"},"breadcrumb":{"@id":"https:\/\/www.gaveanews.com\/index.php\/2025\/05\/02\/video-torcedores-do-santos-causam-confusao-generalizada-apos-empate-pela-copa-do-brasil\/#breadcrumb"},"inLanguage":"pt-BR","potentialAction":[{"@type":"ReadAction","target":["https:\/\/www.gaveanews.com\/index.php\/2025\/05\/02\/video-torcedores-do-santos-causam-confusao-generalizada-apos-empate-pela-copa-do-brasil\/"]}]},{"@type":"ImageObject","inLanguage":"pt-BR","@id":"https:\/\/www.gaveanews.com\/index.php\/2025\/05\/02\/video-torcedores-do-santos-causam-confusao-generalizada-apos-empate-pela-copa-do-brasil\/#primaryimage","url":"https:\/\/www.gaveanews.com\/wp-content\/uploads\/Torcida-do-Santos-promove-cenas-de-panico-na-Vila-Belmiro.webp","contentUrl":"https:\/\/www.gaveanews.com\/wp-content\/uploads\/Torcida-do-Santos-promove-cenas-de-panico-na-Vila-Belmiro.webp","width":1200,"height":900,"caption":"Torcida do Santos promove cenas de p\u00e2nico na Vila Belmiro - Foto: Reprodu\u00e7\u00e3o"},{"@type":"BreadcrumbList","@id":"https:\/\/www.gaveanews.com\/index.php\/2025\/05\/02\/video-torcedores-do-santos-causam-confusao-generalizada-apos-empate-pela-copa-do-brasil\/#breadcrumb","itemListElement":[{"@type":"ListItem","position":1,"name":"Home","item":"https:\/\/www.gaveanews.com\/"},{"@type":"ListItem","position":2,"name":"V\u00eddeo: torcedores do Santos causam confus\u00e3o generalizada ap\u00f3s empate pela Copa do Brasil"}]},{"@type":"WebSite","@id":"https:\/\/www.gaveanews.com\/#website","url":"https:\/\/www.gaveanews.com\/","name":"G\u00e1vea News","description":"Veja todas as not\u00edcias sobre o Flamengo: Contrata\u00e7\u00f5es, categorias de base, resultados das partidas, tabela de classifica\u00e7\u00e3o, pr\u00f3ximos jogos!","potentialAction":[{"@type":"SearchAction","target":{"@type":"EntryPoint","urlTemplate":"https:\/\/www.gaveanews.com\/?s={search_term_string}"},"query-input":{"@type":"PropertyValueSpecification","valueRequired":true,"valueName":"search_term_string"}}],"inLanguage":"pt-BR"},{"@type":"Person","@id":"https:\/\/www.gaveanews.com\/#\/schema\/person\/3b19f7288b0ce20372991275e4f2e6c2","name":"Ana Teixeira","image":{"@type":"ImageObject","inLanguage":"pt-BR","@id":"https:\/\/www.gaveanews.com\/#\/schema\/person\/image\/","url":"https:\/\/secure.gravatar.com\/avatar\/0a73f5a5258f3fed37fc2fa641892f3f7a4748456d4d4792f9bc550e6c19e06c?s=96&d=mm&r=g","contentUrl":"https:\/\/secure.gravatar.com\/avatar\/0a73f5a5258f3fed37fc2fa641892f3f7a4748456d4d4792f9bc550e6c19e06c?s=96&d=mm&r=g","caption":"Ana Teixeira"}}]}},"_links":{"self":[{"href":"https:\/\/www.gaveanews.com\/index.php\/wp-json\/wp\/v2\/posts\/260275","targetHints":{"allow":["GET"]}}],"collection":[{"href":"https:\/\/www.gaveanews.com\/index.php\/wp-json\/wp\/v2\/posts"}],"about":[{"href":"https:\/\/www.gaveanews.com\/index.php\/wp-json\/wp\/v2\/types\/post"}],"author":[{"embeddable":true,"href":"https:\/\/www.gaveanews.com\/index.php\/wp-json\/wp\/v2\/users\/30"}],"replies":[{"embeddable":true,"href":"https:\/\/www.gaveanews.com\/index.php\/wp-json\/wp\/v2\/comments?post=260275"}],"version-history":[{"count":1,"href":"https:\/\/www.gaveanews.com\/index.php\/wp-json\/wp\/v2\/posts\/260275\/revisions"}],"predecessor-version":[{"id":260281,"href":"https:\/\/www.gaveanews.com\/index.php\/wp-json\/wp\/v2\/posts\/260275\/revisions\/260281"}],"wp:featuredmedia":[{"embeddable":true,"href":"https:\/\/www.gaveanews.com\/index.php\/wp-json\/wp\/v2\/media\/260280"}],"wp:attachment":[{"href":"https:\/\/www.gaveanews.com\/index.php\/wp-json\/wp\/v2\/media?parent=260275"}],"wp:term":[{"taxonomy":"category","embeddable":true,"href":"https:\/\/www.gaveanews.com\/index.php\/wp-json\/wp\/v2\/categories?post=260275"},{"taxonomy":"post_tag","embeddable":true,"href":"https:\/\/www.gaveanews.com\/index.php\/wp-json\/wp\/v2\/tags?post=260275"}],"curies":[{"name":"wp","href":"https:\/\/api.w.org\/{rel}","templated":true}]}}