{"id":260282,"date":"2025-05-02T19:05:00","date_gmt":"2025-05-02T22:05:00","guid":{"rendered":"https:\/\/www.gaveanews.com\/?p=260282"},"modified":"2025-05-02T17:54:47","modified_gmt":"2025-05-02T20:54:47","slug":"atacante-do-flamengo-pode-trocar-o-brasil-pela-europa","status":"publish","type":"post","link":"https:\/\/www.gaveanews.com\/index.php\/2025\/05\/02\/atacante-do-flamengo-pode-trocar-o-brasil-pela-europa\/","title":{"rendered":"Atacante do Flamengo pode trocar o Brasil pela Europa"},"content":{"rendered":"\n<p>A trajet\u00f3ria de Matheus Eduardo, jovem atacante das categorias de base do Flamengo, ganhou novos contornos com sua participa\u00e7\u00e3o de destaque no torneio <em>Vukovar Defender\u2019s Memorial<\/em>, na Cro\u00e1cia. Filho do ex-jogador Eduardo da Silva, o garoto de 14 anos deixou boa impress\u00e3o no processo seletivo promovido pela federa\u00e7\u00e3o croata, visando a forma\u00e7\u00e3o da equipe sub-15 para o pr\u00f3ximo ciclo.<\/p>\n\n\n\n<p>O torneio, realizado entre os dias 24 e 28 de abril, reuniu atletas croatas que vivem fora do pa\u00eds, divididos em quatro sele\u00e7\u00f5es regionais: Am\u00e9rica, Alemanha\/Su\u00e9cia, \u00c1ustria\/Su\u00ed\u00e7a e Austr\u00e1lia. Matheus integrou o grupo da Am\u00e9rica, formado por jogadores residentes no continente americano, e teve como advers\u00e1rios equipes tradicionais do futebol local, como D\u00ednamo Zagreb, Lokomotiv Zagreb e HNK \u0160ibenik.<\/p>\n\n\n\n<p>Embora a Sele\u00e7\u00e3o da Am\u00e9rica tenha sofrido tr\u00eas derrotas, o desempenho individual de Matheus foi expressivo. O jovem atacante marcou quatro gols nos confrontos contra D\u00ednamo e \u0160ibenik, e balan\u00e7ou as redes mais duas vezes em um amistoso contra a equipe da Alemanha\/Su\u00e9cia. Ao todo, foram seis gols em quatro partidas, o que o colocou como vice-artilheiro da competi\u00e7\u00e3o e, naturalmente, no radar da comiss\u00e3o t\u00e9cnica croata.<\/p>\n\n\n\n<p>\u201cFoi uma honra disputar o processo de sele\u00e7\u00e3o da sele\u00e7\u00e3o croata sub-15. Tive uma grande experi\u00eancia e um grande torneio em Vukovar. Muito obrigado por essa oportunidade\u201d, declarou Matheus, evidenciando o entusiasmo pela oportunidade internacional.<\/p>\n\n\n\n<p>Revelado pelas categorias de base do Flamengo, clube no qual atua h\u00e1 cinco temporadas, o garoto j\u00e1 desempenhou diferentes fun\u00e7\u00f5es ofensivas. Come\u00e7ou como centroavante, passou pelo meio e atualmente joga pelas pontas, mostrando versatilidade e adapta\u00e7\u00e3o t\u00e1tica. <\/p>\n\n\n\n<p>Nascido em Donetsk, na Ucr\u00e2nia, Matheus possui dupla nacionalidade \u2013 croata e brasileira \u2013 e mede 1,79m, superando em estatura o pr\u00f3prio pai, que marcou 29 gols em 64 partidas pela sele\u00e7\u00e3o da Cro\u00e1cia.<\/p>\n\n\n\n<p>Ali\u00e1s, o simbolismo da camisa 22, a mesma usada por Eduardo da Silva na Copa do Mundo de 2014, n\u00e3o passou despercebido. O n\u00famero foi entregue a Matheus pelos organizadores como forma de homenagem \u00e0 trajet\u00f3ria do pai, \u00eddolo no D\u00ednamo Zagreb e ainda hoje respeitado no futebol croata. Eduardo tamb\u00e9m passou por Arsenal, Shakhtar Donetsk, Flamengo e Athletico-PR antes de se aposentar.<\/p>\n\n\n\n<p>Sobre o futuro do filho, o ex-atacante mant\u00e9m cautela, mas n\u00e3o esconde o orgulho. \u201cSou brasileiro e a m\u00e3e dele \u00e9 croata. Aqui \u00e9 mais dif\u00edcil de chegar \u00e0 Sele\u00e7\u00e3o, com 230 milh\u00f5es de brasileiros. Deixo para ele decidir\u201d, afirmou. A escolha entre defender o Brasil ou a Cro\u00e1cia, segundo Eduardo, caber\u00e1 exclusivamente a Matheus.<\/p>\n\n\n\n<p><\/p>\n","protected":false},"excerpt":{"rendered":"<p>A trajet\u00f3ria de Matheus Eduardo, jovem atacante das categorias de base do Flamengo, ganhou novos contornos com sua participa\u00e7\u00e3o de destaque no torneio Vukovar Defender\u2019s Memorial, na Cro\u00e1cia. Filho do ex-jogador Eduardo da Silva, o garoto de 14 anos deixou boa impress\u00e3o no processo seletivo promovido pela federa\u00e7\u00e3o croata, visando a forma\u00e7\u00e3o da equipe sub-15 [&hellip;]<\/p>\n","protected":false},"author":30,"featured_media":121425,"comment_status":"open","ping_status":"closed","sticky":false,"template":"","format":"standard","meta":{"footnotes":""},"categories":[1],"tags":[],"class_list":["post-260282","post","type-post","status-publish","format-standard","has-post-thumbnail","hentry","category-flamengo"],"yoast_head":"<!-- This site is optimized with the Yoast SEO Premium plugin v24.2 (Yoast SEO v26.9) - https:\/\/yoast.com\/product\/yoast-seo-premium-wordpress\/ -->\n<title>Atacante do Flamengo pode trocar o Brasil pela Europa<\/title>\n<meta name=\"robots\" content=\"index, follow, max-snippet:-1, max-image-preview:large, max-video-preview:-1\" \/>\n<link rel=\"canonical\" href=\"https:\/\/www.gaveanews.com\/index.php\/2025\/05\/02\/atacante-do-flamengo-pode-trocar-o-brasil-pela-europa\/\" \/>\n<meta property=\"og:locale\" content=\"pt_BR\" \/>\n<meta property=\"og:type\" content=\"article\" \/>\n<meta property=\"og:title\" content=\"Atacante do Flamengo pode trocar o Brasil pela Europa\" \/>\n<meta property=\"og:description\" content=\"A trajet\u00f3ria de Matheus Eduardo, jovem atacante das categorias de base do Flamengo, ganhou novos contornos com sua participa\u00e7\u00e3o de destaque no torneio Vukovar Defender\u2019s Memorial, na Cro\u00e1cia. Filho do ex-jogador Eduardo da Silva, o garoto de 14 anos deixou boa impress\u00e3o no processo seletivo promovido pela federa\u00e7\u00e3o croata, visando a forma\u00e7\u00e3o da equipe sub-15 [&hellip;]\" \/>\n<meta property=\"og:url\" content=\"https:\/\/www.gaveanews.com\/index.php\/2025\/05\/02\/atacante-do-flamengo-pode-trocar-o-brasil-pela-europa\/\" \/>\n<meta property=\"og:site_name\" content=\"G\u00e1vea News\" \/>\n<meta property=\"article:publisher\" content=\"https:\/\/facebook.com\/gaveaNews\/\" \/>\n<meta property=\"article:published_time\" content=\"2025-05-02T22:05:00+00:00\" \/>\n<meta property=\"og:image\" content=\"https:\/\/www.gaveanews.com\/wp-content\/uploads\/escudoFLA.webp\" \/>\n\t<meta property=\"og:image:width\" content=\"900\" \/>\n\t<meta property=\"og:image:height\" content=\"530\" \/>\n\t<meta property=\"og:image:type\" content=\"image\/webp\" \/>\n<meta name=\"author\" content=\"Ana Teixeira\" \/>\n<meta name=\"twitter:card\" content=\"summary_large_image\" \/>\n<meta name=\"twitter:label1\" content=\"Escrito por\" \/>\n\t<meta name=\"twitter:data1\" content=\"Ana Teixeira\" \/>\n\t<meta name=\"twitter:label2\" content=\"Est. tempo de leitura\" \/>\n\t<meta name=\"twitter:data2\" content=\"3 minutos\" \/>\n<script type=\"application\/ld+json\" class=\"yoast-schema-graph\">{\"@context\":\"https:\/\/schema.org\",\"@graph\":[{\"@type\":\"NewsArticle\",\"@id\":\"https:\/\/www.gaveanews.com\/index.php\/2025\/05\/02\/atacante-do-flamengo-pode-trocar-o-brasil-pela-europa\/#article\",\"isPartOf\":{\"@id\":\"https:\/\/www.gaveanews.com\/index.php\/2025\/05\/02\/atacante-do-flamengo-pode-trocar-o-brasil-pela-europa\/\"},\"author\":{\"name\":\"Ana Teixeira\",\"@id\":\"https:\/\/www.gaveanews.com\/#\/schema\/person\/3b19f7288b0ce20372991275e4f2e6c2\"},\"headline\":\"Atacante do Flamengo pode trocar o Brasil pela Europa\",\"datePublished\":\"2025-05-02T22:05:00+00:00\",\"mainEntityOfPage\":{\"@id\":\"https:\/\/www.gaveanews.com\/index.php\/2025\/05\/02\/atacante-do-flamengo-pode-trocar-o-brasil-pela-europa\/\"},\"wordCount\":457,\"commentCount\":0,\"image\":{\"@id\":\"https:\/\/www.gaveanews.com\/index.php\/2025\/05\/02\/atacante-do-flamengo-pode-trocar-o-brasil-pela-europa\/#primaryimage\"},\"thumbnailUrl\":\"https:\/\/www.gaveanews.com\/wp-content\/uploads\/escudoFLA.webp\",\"articleSection\":[\"Flamengo\"],\"inLanguage\":\"pt-BR\",\"potentialAction\":[{\"@type\":\"CommentAction\",\"name\":\"Comment\",\"target\":[\"https:\/\/www.gaveanews.com\/index.php\/2025\/05\/02\/atacante-do-flamengo-pode-trocar-o-brasil-pela-europa\/#respond\"]}],\"copyrightYear\":\"2025\",\"copyrightHolder\":{\"@id\":\"https:\/\/www.gaveanews.com\/#organization\"}},{\"@type\":\"WebPage\",\"@id\":\"https:\/\/www.gaveanews.com\/index.php\/2025\/05\/02\/atacante-do-flamengo-pode-trocar-o-brasil-pela-europa\/\",\"url\":\"https:\/\/www.gaveanews.com\/index.php\/2025\/05\/02\/atacante-do-flamengo-pode-trocar-o-brasil-pela-europa\/\",\"name\":\"Atacante do Flamengo pode trocar o Brasil pela Europa\",\"isPartOf\":{\"@id\":\"https:\/\/www.gaveanews.com\/#website\"},\"primaryImageOfPage\":{\"@id\":\"https:\/\/www.gaveanews.com\/index.php\/2025\/05\/02\/atacante-do-flamengo-pode-trocar-o-brasil-pela-europa\/#primaryimage\"},\"image\":{\"@id\":\"https:\/\/www.gaveanews.com\/index.php\/2025\/05\/02\/atacante-do-flamengo-pode-trocar-o-brasil-pela-europa\/#primaryimage\"},\"thumbnailUrl\":\"https:\/\/www.gaveanews.com\/wp-content\/uploads\/escudoFLA.webp\",\"datePublished\":\"2025-05-02T22:05:00+00:00\",\"author\":{\"@id\":\"https:\/\/www.gaveanews.com\/#\/schema\/person\/3b19f7288b0ce20372991275e4f2e6c2\"},\"breadcrumb\":{\"@id\":\"https:\/\/www.gaveanews.com\/index.php\/2025\/05\/02\/atacante-do-flamengo-pode-trocar-o-brasil-pela-europa\/#breadcrumb\"},\"inLanguage\":\"pt-BR\",\"potentialAction\":[{\"@type\":\"ReadAction\",\"target\":[\"https:\/\/www.gaveanews.com\/index.php\/2025\/05\/02\/atacante-do-flamengo-pode-trocar-o-brasil-pela-europa\/\"]}]},{\"@type\":\"ImageObject\",\"inLanguage\":\"pt-BR\",\"@id\":\"https:\/\/www.gaveanews.com\/index.php\/2025\/05\/02\/atacante-do-flamengo-pode-trocar-o-brasil-pela-europa\/#primaryimage\",\"url\":\"https:\/\/www.gaveanews.com\/wp-content\/uploads\/escudoFLA.webp\",\"contentUrl\":\"https:\/\/www.gaveanews.com\/wp-content\/uploads\/escudoFLA.webp\",\"width\":900,\"height\":530,\"caption\":\"Escudo do Flamengo (Foto: Reprodu\u00e7\u00e3o)\"},{\"@type\":\"BreadcrumbList\",\"@id\":\"https:\/\/www.gaveanews.com\/index.php\/2025\/05\/02\/atacante-do-flamengo-pode-trocar-o-brasil-pela-europa\/#breadcrumb\",\"itemListElement\":[{\"@type\":\"ListItem\",\"position\":1,\"name\":\"Home\",\"item\":\"https:\/\/www.gaveanews.com\/\"},{\"@type\":\"ListItem\",\"position\":2,\"name\":\"Atacante do Flamengo pode trocar o Brasil pela Europa\"}]},{\"@type\":\"WebSite\",\"@id\":\"https:\/\/www.gaveanews.com\/#website\",\"url\":\"https:\/\/www.gaveanews.com\/\",\"name\":\"G\u00e1vea News\",\"description\":\"Veja todas as not\u00edcias sobre o Flamengo: Contrata\u00e7\u00f5es, categorias de base, resultados das partidas, tabela de classifica\u00e7\u00e3o, pr\u00f3ximos jogos!\",\"potentialAction\":[{\"@type\":\"SearchAction\",\"target\":{\"@type\":\"EntryPoint\",\"urlTemplate\":\"https:\/\/www.gaveanews.com\/?s={search_term_string}\"},\"query-input\":{\"@type\":\"PropertyValueSpecification\",\"valueRequired\":true,\"valueName\":\"search_term_string\"}}],\"inLanguage\":\"pt-BR\"},{\"@type\":\"Person\",\"@id\":\"https:\/\/www.gaveanews.com\/#\/schema\/person\/3b19f7288b0ce20372991275e4f2e6c2\",\"name\":\"Ana Teixeira\",\"image\":{\"@type\":\"ImageObject\",\"inLanguage\":\"pt-BR\",\"@id\":\"https:\/\/www.gaveanews.com\/#\/schema\/person\/image\/\",\"url\":\"https:\/\/secure.gravatar.com\/avatar\/0a73f5a5258f3fed37fc2fa641892f3f7a4748456d4d4792f9bc550e6c19e06c?s=96&d=mm&r=g\",\"contentUrl\":\"https:\/\/secure.gravatar.com\/avatar\/0a73f5a5258f3fed37fc2fa641892f3f7a4748456d4d4792f9bc550e6c19e06c?s=96&d=mm&r=g\",\"caption\":\"Ana Teixeira\"}}]}<\/script>\n<!-- \/ Yoast SEO Premium plugin. -->","yoast_head_json":{"title":"Atacante do Flamengo pode trocar o Brasil pela Europa","robots":{"index":"index","follow":"follow","max-snippet":"max-snippet:-1","max-image-preview":"max-image-preview:large","max-video-preview":"max-video-preview:-1"},"canonical":"https:\/\/www.gaveanews.com\/index.php\/2025\/05\/02\/atacante-do-flamengo-pode-trocar-o-brasil-pela-europa\/","og_locale":"pt_BR","og_type":"article","og_title":"Atacante do Flamengo pode trocar o Brasil pela Europa","og_description":"A trajet\u00f3ria de Matheus Eduardo, jovem atacante das categorias de base do Flamengo, ganhou novos contornos com sua participa\u00e7\u00e3o de destaque no torneio Vukovar Defender\u2019s Memorial, na Cro\u00e1cia. Filho do ex-jogador Eduardo da Silva, o garoto de 14 anos deixou boa impress\u00e3o no processo seletivo promovido pela federa\u00e7\u00e3o croata, visando a forma\u00e7\u00e3o da equipe sub-15 [&hellip;]","og_url":"https:\/\/www.gaveanews.com\/index.php\/2025\/05\/02\/atacante-do-flamengo-pode-trocar-o-brasil-pela-europa\/","og_site_name":"G\u00e1vea News","article_publisher":"https:\/\/facebook.com\/gaveaNews\/","article_published_time":"2025-05-02T22:05:00+00:00","og_image":[{"width":900,"height":530,"url":"https:\/\/www.gaveanews.com\/wp-content\/uploads\/escudoFLA.webp","type":"image\/webp"}],"author":"Ana Teixeira","twitter_card":"summary_large_image","twitter_misc":{"Escrito por":"Ana Teixeira","Est. tempo de leitura":"3 minutos"},"schema":{"@context":"https:\/\/schema.org","@graph":[{"@type":"NewsArticle","@id":"https:\/\/www.gaveanews.com\/index.php\/2025\/05\/02\/atacante-do-flamengo-pode-trocar-o-brasil-pela-europa\/#article","isPartOf":{"@id":"https:\/\/www.gaveanews.com\/index.php\/2025\/05\/02\/atacante-do-flamengo-pode-trocar-o-brasil-pela-europa\/"},"author":{"name":"Ana Teixeira","@id":"https:\/\/www.gaveanews.com\/#\/schema\/person\/3b19f7288b0ce20372991275e4f2e6c2"},"headline":"Atacante do Flamengo pode trocar o Brasil pela Europa","datePublished":"2025-05-02T22:05:00+00:00","mainEntityOfPage":{"@id":"https:\/\/www.gaveanews.com\/index.php\/2025\/05\/02\/atacante-do-flamengo-pode-trocar-o-brasil-pela-europa\/"},"wordCount":457,"commentCount":0,"image":{"@id":"https:\/\/www.gaveanews.com\/index.php\/2025\/05\/02\/atacante-do-flamengo-pode-trocar-o-brasil-pela-europa\/#primaryimage"},"thumbnailUrl":"https:\/\/www.gaveanews.com\/wp-content\/uploads\/escudoFLA.webp","articleSection":["Flamengo"],"inLanguage":"pt-BR","potentialAction":[{"@type":"CommentAction","name":"Comment","target":["https:\/\/www.gaveanews.com\/index.php\/2025\/05\/02\/atacante-do-flamengo-pode-trocar-o-brasil-pela-europa\/#respond"]}],"copyrightYear":"2025","copyrightHolder":{"@id":"https:\/\/www.gaveanews.com\/#organization"}},{"@type":"WebPage","@id":"https:\/\/www.gaveanews.com\/index.php\/2025\/05\/02\/atacante-do-flamengo-pode-trocar-o-brasil-pela-europa\/","url":"https:\/\/www.gaveanews.com\/index.php\/2025\/05\/02\/atacante-do-flamengo-pode-trocar-o-brasil-pela-europa\/","name":"Atacante do Flamengo pode trocar o Brasil pela Europa","isPartOf":{"@id":"https:\/\/www.gaveanews.com\/#website"},"primaryImageOfPage":{"@id":"https:\/\/www.gaveanews.com\/index.php\/2025\/05\/02\/atacante-do-flamengo-pode-trocar-o-brasil-pela-europa\/#primaryimage"},"image":{"@id":"https:\/\/www.gaveanews.com\/index.php\/2025\/05\/02\/atacante-do-flamengo-pode-trocar-o-brasil-pela-europa\/#primaryimage"},"thumbnailUrl":"https:\/\/www.gaveanews.com\/wp-content\/uploads\/escudoFLA.webp","datePublished":"2025-05-02T22:05:00+00:00","author":{"@id":"https:\/\/www.gaveanews.com\/#\/schema\/person\/3b19f7288b0ce20372991275e4f2e6c2"},"breadcrumb":{"@id":"https:\/\/www.gaveanews.com\/index.php\/2025\/05\/02\/atacante-do-flamengo-pode-trocar-o-brasil-pela-europa\/#breadcrumb"},"inLanguage":"pt-BR","potentialAction":[{"@type":"ReadAction","target":["https:\/\/www.gaveanews.com\/index.php\/2025\/05\/02\/atacante-do-flamengo-pode-trocar-o-brasil-pela-europa\/"]}]},{"@type":"ImageObject","inLanguage":"pt-BR","@id":"https:\/\/www.gaveanews.com\/index.php\/2025\/05\/02\/atacante-do-flamengo-pode-trocar-o-brasil-pela-europa\/#primaryimage","url":"https:\/\/www.gaveanews.com\/wp-content\/uploads\/escudoFLA.webp","contentUrl":"https:\/\/www.gaveanews.com\/wp-content\/uploads\/escudoFLA.webp","width":900,"height":530,"caption":"Escudo do Flamengo (Foto: Reprodu\u00e7\u00e3o)"},{"@type":"BreadcrumbList","@id":"https:\/\/www.gaveanews.com\/index.php\/2025\/05\/02\/atacante-do-flamengo-pode-trocar-o-brasil-pela-europa\/#breadcrumb","itemListElement":[{"@type":"ListItem","position":1,"name":"Home","item":"https:\/\/www.gaveanews.com\/"},{"@type":"ListItem","position":2,"name":"Atacante do Flamengo pode trocar o Brasil pela Europa"}]},{"@type":"WebSite","@id":"https:\/\/www.gaveanews.com\/#website","url":"https:\/\/www.gaveanews.com\/","name":"G\u00e1vea News","description":"Veja todas as not\u00edcias sobre o Flamengo: Contrata\u00e7\u00f5es, categorias de base, resultados das partidas, tabela de classifica\u00e7\u00e3o, pr\u00f3ximos jogos!","potentialAction":[{"@type":"SearchAction","target":{"@type":"EntryPoint","urlTemplate":"https:\/\/www.gaveanews.com\/?s={search_term_string}"},"query-input":{"@type":"PropertyValueSpecification","valueRequired":true,"valueName":"search_term_string"}}],"inLanguage":"pt-BR"},{"@type":"Person","@id":"https:\/\/www.gaveanews.com\/#\/schema\/person\/3b19f7288b0ce20372991275e4f2e6c2","name":"Ana Teixeira","image":{"@type":"ImageObject","inLanguage":"pt-BR","@id":"https:\/\/www.gaveanews.com\/#\/schema\/person\/image\/","url":"https:\/\/secure.gravatar.com\/avatar\/0a73f5a5258f3fed37fc2fa641892f3f7a4748456d4d4792f9bc550e6c19e06c?s=96&d=mm&r=g","contentUrl":"https:\/\/secure.gravatar.com\/avatar\/0a73f5a5258f3fed37fc2fa641892f3f7a4748456d4d4792f9bc550e6c19e06c?s=96&d=mm&r=g","caption":"Ana Teixeira"}}]}},"_links":{"self":[{"href":"https:\/\/www.gaveanews.com\/index.php\/wp-json\/wp\/v2\/posts\/260282","targetHints":{"allow":["GET"]}}],"collection":[{"href":"https:\/\/www.gaveanews.com\/index.php\/wp-json\/wp\/v2\/posts"}],"about":[{"href":"https:\/\/www.gaveanews.com\/index.php\/wp-json\/wp\/v2\/types\/post"}],"author":[{"embeddable":true,"href":"https:\/\/www.gaveanews.com\/index.php\/wp-json\/wp\/v2\/users\/30"}],"replies":[{"embeddable":true,"href":"https:\/\/www.gaveanews.com\/index.php\/wp-json\/wp\/v2\/comments?post=260282"}],"version-history":[{"count":1,"href":"https:\/\/www.gaveanews.com\/index.php\/wp-json\/wp\/v2\/posts\/260282\/revisions"}],"predecessor-version":[{"id":260288,"href":"https:\/\/www.gaveanews.com\/index.php\/wp-json\/wp\/v2\/posts\/260282\/revisions\/260288"}],"wp:featuredmedia":[{"embeddable":true,"href":"https:\/\/www.gaveanews.com\/index.php\/wp-json\/wp\/v2\/media\/121425"}],"wp:attachment":[{"href":"https:\/\/www.gaveanews.com\/index.php\/wp-json\/wp\/v2\/media?parent=260282"}],"wp:term":[{"taxonomy":"category","embeddable":true,"href":"https:\/\/www.gaveanews.com\/index.php\/wp-json\/wp\/v2\/categories?post=260282"},{"taxonomy":"post_tag","embeddable":true,"href":"https:\/\/www.gaveanews.com\/index.php\/wp-json\/wp\/v2\/tags?post=260282"}],"curies":[{"name":"wp","href":"https:\/\/api.w.org\/{rel}","templated":true}]}}