{"id":260283,"date":"2025-05-02T19:10:00","date_gmt":"2025-05-02T22:10:00","guid":{"rendered":"https:\/\/www.gaveanews.com\/?p=260283"},"modified":"2025-05-02T17:58:19","modified_gmt":"2025-05-02T20:58:19","slug":"flamengo-de-filipe-luis-atinge-2o-maior-feito-do-seculo","status":"publish","type":"post","link":"https:\/\/www.gaveanews.com\/index.php\/2025\/05\/02\/flamengo-de-filipe-luis-atinge-2o-maior-feito-do-seculo\/","title":{"rendered":"Flamengo de Filipe Lu\u00eds atinge 2\u00ba maior feito do s\u00e9culo"},"content":{"rendered":"\n<p>O Flamengo deu mais um passo importante na temporada ao vencer o Botafogo-PB por 1 a 0, na quinta-feira (01), em S\u00e3o Lu\u00eds, pela ida da terceira fase da Copa do Brasil. O resultado com gol marcado nos instantes finais por Joshua, n\u00e3o apenas garantiu vantagem no confronto, como consolidou um marco relevante: a marca de 23 partidas consecutivas sem derrotas como visitante. Essa sequ\u00eancia \u00e9 a segunda maior do clube neste s\u00e9culo, ficando atr\u00e1s apenas da s\u00e9rie de 24 jogos, registrada entre 2010 e 2011.<\/p>\n\n\n\n<p>O desempenho rubro-negro longe de seus dom\u00ednios tem sido, inegavelmente, um ponto alto na atual temporada. A sequ\u00eancia de 23 partidas sem derrotas como visitante refor\u00e7a a solidez do trabalho comandado por Filipe Lu\u00eds. O dado, destacado pelo R10 Score, coloca o atual elenco muito pr\u00f3ximo de igualar o recorde absoluto do clube no s\u00e9culo XXI. <\/p>\n\n\n\n<p>Ali\u00e1s, o confronto diante do Botafogo-PB evidenciou essas virtudes. Embora o placar tenha sido m\u00ednimo, o Flamengo foi dominante durante os 90 minutos. Com 68% de posse de bola e 24 finaliza\u00e7\u00f5es, a equipe criou 12 chances claras de gol, mas falhou reiteradamente nas conclus\u00f5es. Ainda assim, manteve o controle do jogo, praticamente n\u00e3o sofreu na defesa e limitou o advers\u00e1rio a uma finaliza\u00e7\u00e3o perigosa.<\/p>\n\n\n\n<h2 class=\"wp-block-heading\" id=\"h-eficiencia-defensiva\">Efici\u00eancia defensiva <\/h2>\n\n\n\n<p>Embora o ataque tenha desperdi\u00e7ado diversas oportunidades, o setor defensivo novamente se mostrou eficiente. Foi o sexto jogo consecutivo sem sofrer gols, reflexo de uma estrutura s\u00f3lida e bem organizada, mesmo com a utiliza\u00e7\u00e3o de uma forma\u00e7\u00e3o totalmente alternativa. Matheus Cunha, por exemplo, s\u00f3 foi exigido uma vez no primeiro tempo, e o Botafogo-PB n\u00e3o teve sequer chances de contra-ataque.<\/p>\n\n\n\n<p>Com sete titulares poupados \u2014 entre eles, Rossi, Ortiz, L\u00e9o Pereira, Pulgar, Wesley, Gerson e Arrascaeta \u2014, o time manteve o padr\u00e3o de jogo. A atua\u00e7\u00e3o serviu tamb\u00e9m como vitrine para jovens atletas. Jo\u00e3o Victor, de 18 anos, foi seguro na zaga e eficiente nos desarmes. J\u00e1 Joshua, de apenas 17, demonstrou personalidade ao marcar o gol da vit\u00f3ria logo em sua estreia no time principal. <\/p>\n\n\n\n<p>\u201c\u00c9 como se tiv\u00e9ssemos contratado um jogador\u201d, afirmou Filipe Lu\u00eds ap\u00f3s o jogo, em refer\u00eancia ao potencial demonstrado pela jovem promessa revelada pelas categorias de base.<\/p>\n\n\n\n<h2 class=\"wp-block-heading\" id=\"h-desempenho-ofensivo\">Desempenho ofensivo<\/h2>\n\n\n\n<p>A an\u00e1lise da partida, entretanto, n\u00e3o ignora os erros cometidos. A falta de precis\u00e3o nas conclus\u00f5es comprometeu uma atua\u00e7\u00e3o que poderia ter sido tranquila. Bruno Henrique e Michael desperdi\u00e7aram chances claras, e Luiz Ara\u00fajo, mesmo presente em v\u00e1rias jogadas ofensivas, n\u00e3o conseguiu balan\u00e7ar as redes. \u201cO brilho na frente do goleiro estava apagado\u201d, declarou o t\u00e9cnico ao comentar o desempenho ofensivo.<\/p>\n\n\n\n<p>Ainda que o campo em m\u00e1s condi\u00e7\u00f5es tenha atrapalhado a execu\u00e7\u00e3o das jogadas, o volume de jogo apresentado foi significativo. Foram mais de 700 passes, com 90% de precis\u00e3o, e 11 escanteios a favor \u2014 um retrato da press\u00e3o exercida do in\u00edcio ao fim.<\/p>\n\n\n\n<h2 class=\"wp-block-heading\" id=\"h-contexto-favoravel-e-planejamento-mantido\">Contexto favor\u00e1vel e planejamento mantido<\/h2>\n\n\n\n<p>Apesar dos obst\u00e1culos, o Flamengo retornou ao Rio de Janeiro com uma vit\u00f3ria, a vantagem no mata-mata e a manuten\u00e7\u00e3o de uma sequ\u00eancia invicta que refor\u00e7a o bom momento fora de casa. O elenco se reapresenta nesta sexta-feira (02) no Ninho do Urubu para iniciar a prepara\u00e7\u00e3o visando ao duelo contra o Cruzeiro, no domingo (04), \u00e0s 18h30, pelo Campeonato Brasileiro. A partida de volta contra o Botafogo-PB est\u00e1 marcada para o dia 21, no Maracan\u00e3.<\/p>\n\n\n\n<p><\/p>\n","protected":false},"excerpt":{"rendered":"<p>O Flamengo deu mais um passo importante na temporada ao vencer o Botafogo-PB por 1 a 0, na quinta-feira (01), em S\u00e3o Lu\u00eds, pela ida da terceira fase da Copa do Brasil. O resultado com gol marcado nos instantes finais por Joshua, n\u00e3o apenas garantiu vantagem no confronto, como consolidou um marco relevante: a marca [&hellip;]<\/p>\n","protected":false},"author":30,"featured_media":171213,"comment_status":"open","ping_status":"closed","sticky":false,"template":"","format":"standard","meta":{"footnotes":""},"categories":[1],"tags":[],"class_list":["post-260283","post","type-post","status-publish","format-standard","has-post-thumbnail","hentry","category-flamengo"],"yoast_head":"<!-- This site is optimized with the Yoast SEO Premium plugin v24.2 (Yoast SEO v26.9) - https:\/\/yoast.com\/product\/yoast-seo-premium-wordpress\/ -->\n<title>Flamengo de Filipe Lu\u00eds atinge 2\u00ba maior feito do s\u00e9culo<\/title>\n<meta name=\"robots\" content=\"index, follow, max-snippet:-1, max-image-preview:large, max-video-preview:-1\" \/>\n<link rel=\"canonical\" href=\"https:\/\/www.gaveanews.com\/index.php\/2025\/05\/02\/flamengo-de-filipe-luis-atinge-2o-maior-feito-do-seculo\/\" \/>\n<meta property=\"og:locale\" content=\"pt_BR\" \/>\n<meta property=\"og:type\" content=\"article\" \/>\n<meta property=\"og:title\" content=\"Flamengo de Filipe Lu\u00eds atinge 2\u00ba maior feito do s\u00e9culo\" \/>\n<meta property=\"og:description\" content=\"O Flamengo deu mais um passo importante na temporada ao vencer o Botafogo-PB por 1 a 0, na quinta-feira (01), em S\u00e3o Lu\u00eds, pela ida da terceira fase da Copa do Brasil. O resultado com gol marcado nos instantes finais por Joshua, n\u00e3o apenas garantiu vantagem no confronto, como consolidou um marco relevante: a marca [&hellip;]\" \/>\n<meta property=\"og:url\" content=\"https:\/\/www.gaveanews.com\/index.php\/2025\/05\/02\/flamengo-de-filipe-luis-atinge-2o-maior-feito-do-seculo\/\" \/>\n<meta property=\"og:site_name\" content=\"G\u00e1vea News\" \/>\n<meta property=\"article:publisher\" content=\"https:\/\/facebook.com\/gaveaNews\/\" \/>\n<meta property=\"article:published_time\" content=\"2025-05-02T22:10:00+00:00\" \/>\n<meta property=\"og:image\" content=\"https:\/\/www.gaveanews.com\/wp-content\/uploads\/Filipe-Luis-como-tecnico-do-Flamengo-em-2024.webp\" \/>\n\t<meta property=\"og:image:width\" content=\"1065\" \/>\n\t<meta property=\"og:image:height\" content=\"710\" \/>\n\t<meta property=\"og:image:type\" content=\"image\/webp\" \/>\n<meta name=\"author\" content=\"Ana Teixeira\" \/>\n<meta name=\"twitter:card\" content=\"summary_large_image\" \/>\n<meta name=\"twitter:label1\" content=\"Escrito por\" \/>\n\t<meta name=\"twitter:data1\" content=\"Ana Teixeira\" \/>\n\t<meta name=\"twitter:label2\" content=\"Est. tempo de leitura\" \/>\n\t<meta name=\"twitter:data2\" content=\"4 minutos\" \/>\n<script type=\"application\/ld+json\" class=\"yoast-schema-graph\">{\"@context\":\"https:\/\/schema.org\",\"@graph\":[{\"@type\":\"NewsArticle\",\"@id\":\"https:\/\/www.gaveanews.com\/index.php\/2025\/05\/02\/flamengo-de-filipe-luis-atinge-2o-maior-feito-do-seculo\/#article\",\"isPartOf\":{\"@id\":\"https:\/\/www.gaveanews.com\/index.php\/2025\/05\/02\/flamengo-de-filipe-luis-atinge-2o-maior-feito-do-seculo\/\"},\"author\":{\"name\":\"Ana Teixeira\",\"@id\":\"https:\/\/www.gaveanews.com\/#\/schema\/person\/3b19f7288b0ce20372991275e4f2e6c2\"},\"headline\":\"Flamengo de Filipe Lu\u00eds atinge 2\u00ba maior feito do s\u00e9culo\",\"datePublished\":\"2025-05-02T22:10:00+00:00\",\"mainEntityOfPage\":{\"@id\":\"https:\/\/www.gaveanews.com\/index.php\/2025\/05\/02\/flamengo-de-filipe-luis-atinge-2o-maior-feito-do-seculo\/\"},\"wordCount\":595,\"commentCount\":0,\"image\":{\"@id\":\"https:\/\/www.gaveanews.com\/index.php\/2025\/05\/02\/flamengo-de-filipe-luis-atinge-2o-maior-feito-do-seculo\/#primaryimage\"},\"thumbnailUrl\":\"https:\/\/www.gaveanews.com\/wp-content\/uploads\/Filipe-Luis-como-tecnico-do-Flamengo-em-2024.webp\",\"articleSection\":[\"Flamengo\"],\"inLanguage\":\"pt-BR\",\"potentialAction\":[{\"@type\":\"CommentAction\",\"name\":\"Comment\",\"target\":[\"https:\/\/www.gaveanews.com\/index.php\/2025\/05\/02\/flamengo-de-filipe-luis-atinge-2o-maior-feito-do-seculo\/#respond\"]}],\"copyrightYear\":\"2025\",\"copyrightHolder\":{\"@id\":\"https:\/\/www.gaveanews.com\/#organization\"}},{\"@type\":\"WebPage\",\"@id\":\"https:\/\/www.gaveanews.com\/index.php\/2025\/05\/02\/flamengo-de-filipe-luis-atinge-2o-maior-feito-do-seculo\/\",\"url\":\"https:\/\/www.gaveanews.com\/index.php\/2025\/05\/02\/flamengo-de-filipe-luis-atinge-2o-maior-feito-do-seculo\/\",\"name\":\"Flamengo de Filipe Lu\u00eds atinge 2\u00ba maior feito do s\u00e9culo\",\"isPartOf\":{\"@id\":\"https:\/\/www.gaveanews.com\/#website\"},\"primaryImageOfPage\":{\"@id\":\"https:\/\/www.gaveanews.com\/index.php\/2025\/05\/02\/flamengo-de-filipe-luis-atinge-2o-maior-feito-do-seculo\/#primaryimage\"},\"image\":{\"@id\":\"https:\/\/www.gaveanews.com\/index.php\/2025\/05\/02\/flamengo-de-filipe-luis-atinge-2o-maior-feito-do-seculo\/#primaryimage\"},\"thumbnailUrl\":\"https:\/\/www.gaveanews.com\/wp-content\/uploads\/Filipe-Luis-como-tecnico-do-Flamengo-em-2024.webp\",\"datePublished\":\"2025-05-02T22:10:00+00:00\",\"author\":{\"@id\":\"https:\/\/www.gaveanews.com\/#\/schema\/person\/3b19f7288b0ce20372991275e4f2e6c2\"},\"breadcrumb\":{\"@id\":\"https:\/\/www.gaveanews.com\/index.php\/2025\/05\/02\/flamengo-de-filipe-luis-atinge-2o-maior-feito-do-seculo\/#breadcrumb\"},\"inLanguage\":\"pt-BR\",\"potentialAction\":[{\"@type\":\"ReadAction\",\"target\":[\"https:\/\/www.gaveanews.com\/index.php\/2025\/05\/02\/flamengo-de-filipe-luis-atinge-2o-maior-feito-do-seculo\/\"]}]},{\"@type\":\"ImageObject\",\"inLanguage\":\"pt-BR\",\"@id\":\"https:\/\/www.gaveanews.com\/index.php\/2025\/05\/02\/flamengo-de-filipe-luis-atinge-2o-maior-feito-do-seculo\/#primaryimage\",\"url\":\"https:\/\/www.gaveanews.com\/wp-content\/uploads\/Filipe-Luis-como-tecnico-do-Flamengo-em-2024.webp\",\"contentUrl\":\"https:\/\/www.gaveanews.com\/wp-content\/uploads\/Filipe-Luis-como-tecnico-do-Flamengo-em-2024.webp\",\"width\":1065,\"height\":710,\"caption\":\"Filipe Lu\u00eds como t\u00e9cnico do Flamengo em (Foto: Gilvan de Souza e Marcelo Cortes \/ CRF)\"},{\"@type\":\"BreadcrumbList\",\"@id\":\"https:\/\/www.gaveanews.com\/index.php\/2025\/05\/02\/flamengo-de-filipe-luis-atinge-2o-maior-feito-do-seculo\/#breadcrumb\",\"itemListElement\":[{\"@type\":\"ListItem\",\"position\":1,\"name\":\"Home\",\"item\":\"https:\/\/www.gaveanews.com\/\"},{\"@type\":\"ListItem\",\"position\":2,\"name\":\"Flamengo de Filipe Lu\u00eds atinge 2\u00ba maior feito do s\u00e9culo\"}]},{\"@type\":\"WebSite\",\"@id\":\"https:\/\/www.gaveanews.com\/#website\",\"url\":\"https:\/\/www.gaveanews.com\/\",\"name\":\"G\u00e1vea News\",\"description\":\"Veja todas as not\u00edcias sobre o Flamengo: Contrata\u00e7\u00f5es, categorias de base, resultados das partidas, tabela de classifica\u00e7\u00e3o, pr\u00f3ximos jogos!\",\"potentialAction\":[{\"@type\":\"SearchAction\",\"target\":{\"@type\":\"EntryPoint\",\"urlTemplate\":\"https:\/\/www.gaveanews.com\/?s={search_term_string}\"},\"query-input\":{\"@type\":\"PropertyValueSpecification\",\"valueRequired\":true,\"valueName\":\"search_term_string\"}}],\"inLanguage\":\"pt-BR\"},{\"@type\":\"Person\",\"@id\":\"https:\/\/www.gaveanews.com\/#\/schema\/person\/3b19f7288b0ce20372991275e4f2e6c2\",\"name\":\"Ana Teixeira\",\"image\":{\"@type\":\"ImageObject\",\"inLanguage\":\"pt-BR\",\"@id\":\"https:\/\/www.gaveanews.com\/#\/schema\/person\/image\/\",\"url\":\"https:\/\/secure.gravatar.com\/avatar\/0a73f5a5258f3fed37fc2fa641892f3f7a4748456d4d4792f9bc550e6c19e06c?s=96&d=mm&r=g\",\"contentUrl\":\"https:\/\/secure.gravatar.com\/avatar\/0a73f5a5258f3fed37fc2fa641892f3f7a4748456d4d4792f9bc550e6c19e06c?s=96&d=mm&r=g\",\"caption\":\"Ana Teixeira\"}}]}<\/script>\n<!-- \/ Yoast SEO Premium plugin. -->","yoast_head_json":{"title":"Flamengo de Filipe Lu\u00eds atinge 2\u00ba maior feito do s\u00e9culo","robots":{"index":"index","follow":"follow","max-snippet":"max-snippet:-1","max-image-preview":"max-image-preview:large","max-video-preview":"max-video-preview:-1"},"canonical":"https:\/\/www.gaveanews.com\/index.php\/2025\/05\/02\/flamengo-de-filipe-luis-atinge-2o-maior-feito-do-seculo\/","og_locale":"pt_BR","og_type":"article","og_title":"Flamengo de Filipe Lu\u00eds atinge 2\u00ba maior feito do s\u00e9culo","og_description":"O Flamengo deu mais um passo importante na temporada ao vencer o Botafogo-PB por 1 a 0, na quinta-feira (01), em S\u00e3o Lu\u00eds, pela ida da terceira fase da Copa do Brasil. O resultado com gol marcado nos instantes finais por Joshua, n\u00e3o apenas garantiu vantagem no confronto, como consolidou um marco relevante: a marca [&hellip;]","og_url":"https:\/\/www.gaveanews.com\/index.php\/2025\/05\/02\/flamengo-de-filipe-luis-atinge-2o-maior-feito-do-seculo\/","og_site_name":"G\u00e1vea News","article_publisher":"https:\/\/facebook.com\/gaveaNews\/","article_published_time":"2025-05-02T22:10:00+00:00","og_image":[{"width":1065,"height":710,"url":"https:\/\/www.gaveanews.com\/wp-content\/uploads\/Filipe-Luis-como-tecnico-do-Flamengo-em-2024.webp","type":"image\/webp"}],"author":"Ana Teixeira","twitter_card":"summary_large_image","twitter_misc":{"Escrito por":"Ana Teixeira","Est. tempo de leitura":"4 minutos"},"schema":{"@context":"https:\/\/schema.org","@graph":[{"@type":"NewsArticle","@id":"https:\/\/www.gaveanews.com\/index.php\/2025\/05\/02\/flamengo-de-filipe-luis-atinge-2o-maior-feito-do-seculo\/#article","isPartOf":{"@id":"https:\/\/www.gaveanews.com\/index.php\/2025\/05\/02\/flamengo-de-filipe-luis-atinge-2o-maior-feito-do-seculo\/"},"author":{"name":"Ana Teixeira","@id":"https:\/\/www.gaveanews.com\/#\/schema\/person\/3b19f7288b0ce20372991275e4f2e6c2"},"headline":"Flamengo de Filipe Lu\u00eds atinge 2\u00ba maior feito do s\u00e9culo","datePublished":"2025-05-02T22:10:00+00:00","mainEntityOfPage":{"@id":"https:\/\/www.gaveanews.com\/index.php\/2025\/05\/02\/flamengo-de-filipe-luis-atinge-2o-maior-feito-do-seculo\/"},"wordCount":595,"commentCount":0,"image":{"@id":"https:\/\/www.gaveanews.com\/index.php\/2025\/05\/02\/flamengo-de-filipe-luis-atinge-2o-maior-feito-do-seculo\/#primaryimage"},"thumbnailUrl":"https:\/\/www.gaveanews.com\/wp-content\/uploads\/Filipe-Luis-como-tecnico-do-Flamengo-em-2024.webp","articleSection":["Flamengo"],"inLanguage":"pt-BR","potentialAction":[{"@type":"CommentAction","name":"Comment","target":["https:\/\/www.gaveanews.com\/index.php\/2025\/05\/02\/flamengo-de-filipe-luis-atinge-2o-maior-feito-do-seculo\/#respond"]}],"copyrightYear":"2025","copyrightHolder":{"@id":"https:\/\/www.gaveanews.com\/#organization"}},{"@type":"WebPage","@id":"https:\/\/www.gaveanews.com\/index.php\/2025\/05\/02\/flamengo-de-filipe-luis-atinge-2o-maior-feito-do-seculo\/","url":"https:\/\/www.gaveanews.com\/index.php\/2025\/05\/02\/flamengo-de-filipe-luis-atinge-2o-maior-feito-do-seculo\/","name":"Flamengo de Filipe Lu\u00eds atinge 2\u00ba maior feito do s\u00e9culo","isPartOf":{"@id":"https:\/\/www.gaveanews.com\/#website"},"primaryImageOfPage":{"@id":"https:\/\/www.gaveanews.com\/index.php\/2025\/05\/02\/flamengo-de-filipe-luis-atinge-2o-maior-feito-do-seculo\/#primaryimage"},"image":{"@id":"https:\/\/www.gaveanews.com\/index.php\/2025\/05\/02\/flamengo-de-filipe-luis-atinge-2o-maior-feito-do-seculo\/#primaryimage"},"thumbnailUrl":"https:\/\/www.gaveanews.com\/wp-content\/uploads\/Filipe-Luis-como-tecnico-do-Flamengo-em-2024.webp","datePublished":"2025-05-02T22:10:00+00:00","author":{"@id":"https:\/\/www.gaveanews.com\/#\/schema\/person\/3b19f7288b0ce20372991275e4f2e6c2"},"breadcrumb":{"@id":"https:\/\/www.gaveanews.com\/index.php\/2025\/05\/02\/flamengo-de-filipe-luis-atinge-2o-maior-feito-do-seculo\/#breadcrumb"},"inLanguage":"pt-BR","potentialAction":[{"@type":"ReadAction","target":["https:\/\/www.gaveanews.com\/index.php\/2025\/05\/02\/flamengo-de-filipe-luis-atinge-2o-maior-feito-do-seculo\/"]}]},{"@type":"ImageObject","inLanguage":"pt-BR","@id":"https:\/\/www.gaveanews.com\/index.php\/2025\/05\/02\/flamengo-de-filipe-luis-atinge-2o-maior-feito-do-seculo\/#primaryimage","url":"https:\/\/www.gaveanews.com\/wp-content\/uploads\/Filipe-Luis-como-tecnico-do-Flamengo-em-2024.webp","contentUrl":"https:\/\/www.gaveanews.com\/wp-content\/uploads\/Filipe-Luis-como-tecnico-do-Flamengo-em-2024.webp","width":1065,"height":710,"caption":"Filipe Lu\u00eds como t\u00e9cnico do Flamengo em (Foto: Gilvan de Souza e Marcelo Cortes \/ CRF)"},{"@type":"BreadcrumbList","@id":"https:\/\/www.gaveanews.com\/index.php\/2025\/05\/02\/flamengo-de-filipe-luis-atinge-2o-maior-feito-do-seculo\/#breadcrumb","itemListElement":[{"@type":"ListItem","position":1,"name":"Home","item":"https:\/\/www.gaveanews.com\/"},{"@type":"ListItem","position":2,"name":"Flamengo de Filipe Lu\u00eds atinge 2\u00ba maior feito do s\u00e9culo"}]},{"@type":"WebSite","@id":"https:\/\/www.gaveanews.com\/#website","url":"https:\/\/www.gaveanews.com\/","name":"G\u00e1vea News","description":"Veja todas as not\u00edcias sobre o Flamengo: Contrata\u00e7\u00f5es, categorias de base, resultados das partidas, tabela de classifica\u00e7\u00e3o, pr\u00f3ximos jogos!","potentialAction":[{"@type":"SearchAction","target":{"@type":"EntryPoint","urlTemplate":"https:\/\/www.gaveanews.com\/?s={search_term_string}"},"query-input":{"@type":"PropertyValueSpecification","valueRequired":true,"valueName":"search_term_string"}}],"inLanguage":"pt-BR"},{"@type":"Person","@id":"https:\/\/www.gaveanews.com\/#\/schema\/person\/3b19f7288b0ce20372991275e4f2e6c2","name":"Ana Teixeira","image":{"@type":"ImageObject","inLanguage":"pt-BR","@id":"https:\/\/www.gaveanews.com\/#\/schema\/person\/image\/","url":"https:\/\/secure.gravatar.com\/avatar\/0a73f5a5258f3fed37fc2fa641892f3f7a4748456d4d4792f9bc550e6c19e06c?s=96&d=mm&r=g","contentUrl":"https:\/\/secure.gravatar.com\/avatar\/0a73f5a5258f3fed37fc2fa641892f3f7a4748456d4d4792f9bc550e6c19e06c?s=96&d=mm&r=g","caption":"Ana Teixeira"}}]}},"_links":{"self":[{"href":"https:\/\/www.gaveanews.com\/index.php\/wp-json\/wp\/v2\/posts\/260283","targetHints":{"allow":["GET"]}}],"collection":[{"href":"https:\/\/www.gaveanews.com\/index.php\/wp-json\/wp\/v2\/posts"}],"about":[{"href":"https:\/\/www.gaveanews.com\/index.php\/wp-json\/wp\/v2\/types\/post"}],"author":[{"embeddable":true,"href":"https:\/\/www.gaveanews.com\/index.php\/wp-json\/wp\/v2\/users\/30"}],"replies":[{"embeddable":true,"href":"https:\/\/www.gaveanews.com\/index.php\/wp-json\/wp\/v2\/comments?post=260283"}],"version-history":[{"count":1,"href":"https:\/\/www.gaveanews.com\/index.php\/wp-json\/wp\/v2\/posts\/260283\/revisions"}],"predecessor-version":[{"id":260289,"href":"https:\/\/www.gaveanews.com\/index.php\/wp-json\/wp\/v2\/posts\/260283\/revisions\/260289"}],"wp:featuredmedia":[{"embeddable":true,"href":"https:\/\/www.gaveanews.com\/index.php\/wp-json\/wp\/v2\/media\/171213"}],"wp:attachment":[{"href":"https:\/\/www.gaveanews.com\/index.php\/wp-json\/wp\/v2\/media?parent=260283"}],"wp:term":[{"taxonomy":"category","embeddable":true,"href":"https:\/\/www.gaveanews.com\/index.php\/wp-json\/wp\/v2\/categories?post=260283"},{"taxonomy":"post_tag","embeddable":true,"href":"https:\/\/www.gaveanews.com\/index.php\/wp-json\/wp\/v2\/tags?post=260283"}],"curies":[{"name":"wp","href":"https:\/\/api.w.org\/{rel}","templated":true}]}}