{"id":260284,"date":"2025-05-02T19:15:00","date_gmt":"2025-05-02T22:15:00","guid":{"rendered":"https:\/\/www.gaveanews.com\/?p=260284"},"modified":"2025-05-02T18:16:00","modified_gmt":"2025-05-02T21:16:00","slug":"empresa-levara-torcedores-a-final-da-libertadores-da-america-no-peru","status":"publish","type":"post","link":"https:\/\/www.gaveanews.com\/index.php\/2025\/05\/02\/empresa-levara-torcedores-a-final-da-libertadores-da-america-no-peru\/","title":{"rendered":"Empresa levar\u00e1 torcedores \u00e0 final da Libertadores da Am\u00e9rica, no Peru"},"content":{"rendered":"\n<p>A MAPFRE, patrocinadora oficial da Libertadores pelo segundo ano consecutivo, deu in\u00edcio a uma ampla campanha promocional que promete levar torcedores ao est\u00e1dio para assistir \u00e0 decis\u00e3o desta edi\u00e7\u00e3o. A a\u00e7\u00e3o, que recebeu o nome \u201cTorcida MAPFRE: ao seu lado no caminho para a gl\u00f3ria\u201d, contempla sorteios que premiar\u00e3o clientes com experi\u00eancias exclusivas, incluindo viagens completas para a final do torneio, que acontecer\u00e1 em novembro, em Lima, no Peru.<\/p>\n\n\n\n<p>A iniciativa ser\u00e1 v\u00e1lida de abril a setembro de 2025. Nesse intervalo, consumidores com ap\u00f3lices ativas nos seguros auto, vida multiflex ou residencial poder\u00e3o se cadastrar no site da promo\u00e7\u00e3o. A cada nova contrata\u00e7\u00e3o ou renova\u00e7\u00e3o de um desses produtos, o participante recebe dois n\u00fameros da sorte.<\/p>\n\n\n\n<p>J\u00e1 os que participam do Club MAPFRE, programa de fidelidade da companhia, ter\u00e3o chances adicionais. Conforme estipulado no regulamento, os sorteios ser\u00e3o realizados por meio da Loteria Federal.<\/p>\n\n\n\n<p>O grande destaque da campanha \u00e9 o sorteio de cinco pacotes de viagem com acompanhante para a final da Libertadores. Cada pacote inclui passagens a\u00e9reas, hospedagem em hotel cinco estrelas, traslados, seguro-viagem, ingressos para o jogo e brindes personalizados. Al\u00e9m disso, est\u00e3o sendo sorteados kits com bola, bon\u00e9 e mochila oficiais da competi\u00e7\u00e3o, fortalecendo a presen\u00e7a da marca no universo esportivo.<\/p>\n\n\n\n<p>\u201cA campanha conecta a emo\u00e7\u00e3o do futebol com o nosso prop\u00f3sito de estar presente nos momentos importantes da vida. E viver uma final de Libertadores \u00e9, sem d\u00favida, um deles\u201d, afirmou Jacqueline Izabel Gomes da Silva, diretora de Clientes e Intelig\u00eancia Comercial da MAPFRE.<\/p>\n\n\n\n<p>A comunica\u00e7\u00e3o da a\u00e7\u00e3o foi desenvolvida pela ag\u00eancia Jones. O filme principal da campanha retrata o cotidiano de torcedores em dias de jogo, destacando cenas como o deslocamento at\u00e9 o est\u00e1dio, o tr\u00e2nsito e reuni\u00f5es com amigos. A proposta \u00e9 refor\u00e7ar o v\u00ednculo entre o esporte e a presen\u00e7a da seguradora na rotina dos brasileiros.<\/p>\n\n\n\n<p>Os conte\u00fados publicit\u00e1rios est\u00e3o sendo veiculados em canais de TV aberta e fechada, como Band e ESPN, al\u00e9m do YouTube. Tamb\u00e9m foram inclu\u00eddas ativa\u00e7\u00f5es por meio de merchandising nos programas esportivos \u201cOs Donos da Bola\u201d e \u201cJogo Aberto\u201d, com os apresentadores Neto e Renata Fan, respectivamente. A estrat\u00e9gia contempla ainda inser\u00e7\u00f5es em r\u00e1dios como Bandeirantes e Disney.<\/p>\n\n\n\n<p>Outro ponto alto da campanha \u00e9 o evento comemorativo que ser\u00e1 realizado no est\u00e1dio do Canind\u00e9, em S\u00e3o Paulo. A ocasi\u00e3o reunir\u00e1 clientes, parceiros da marca e \u00eddolos do futebol para uma partida festiva. A atividade contar\u00e1 com arbitragem profissional, uniformes personalizados e uma sess\u00e3o de aut\u00f3grafos com ex-jogadores, promovendo uma experi\u00eancia marcante para os convidados.<\/p>\n\n\n\n<p>Segundo Tatiana Cerezer, diretora de Comunica\u00e7\u00e3o e Marketing da companhia, a a\u00e7\u00e3o refor\u00e7a o novo posicionamento da marca, agora simbolizado pelo slogan \u201cBom de MAPFRE\u201d. \u201cQueremos transmitir que quem \u00e9 MAPFRE tem mais do que um seguro. Tem acesso a vantagens exclusivas e experi\u00eancias \u00fanicas. No futebol, isso significa sair da torcida e viver a emo\u00e7\u00e3o dentro do est\u00e1dio. No dia a dia, representa seguran\u00e7a e tranquilidade\u201d, destacou.<\/p>\n\n\n\n<p><\/p>\n","protected":false},"excerpt":{"rendered":"<p>A MAPFRE, patrocinadora oficial da Libertadores pelo segundo ano consecutivo, deu in\u00edcio a uma ampla campanha promocional que promete levar torcedores ao est\u00e1dio para assistir \u00e0 decis\u00e3o desta edi\u00e7\u00e3o. A a\u00e7\u00e3o, que recebeu o nome \u201cTorcida MAPFRE: ao seu lado no caminho para a gl\u00f3ria\u201d, contempla sorteios que premiar\u00e3o clientes com experi\u00eancias exclusivas, incluindo viagens [&hellip;]<\/p>\n","protected":false},"author":30,"featured_media":161999,"comment_status":"open","ping_status":"closed","sticky":false,"template":"","format":"standard","meta":{"footnotes":""},"categories":[137,138,478,1,146,78,148,150,151],"tags":[],"class_list":["post-260284","post","type-post","status-publish","format-standard","has-post-thumbnail","hentry","category-bahia","category-botafogo","category-brasil","category-flamengo","category-fortaleza","category-futebol-internacional","category-internacional","category-palmeiras","category-sao-paulo"],"yoast_head":"<!-- This site is optimized with the Yoast SEO Premium plugin v24.2 (Yoast SEO v26.9) - https:\/\/yoast.com\/product\/yoast-seo-premium-wordpress\/ -->\n<title>Empresa levar\u00e1 torcedores \u00e0 final da Libertadores da Am\u00e9rica, no Peru<\/title>\n<meta name=\"robots\" content=\"index, follow, max-snippet:-1, max-image-preview:large, max-video-preview:-1\" \/>\n<link rel=\"canonical\" href=\"https:\/\/www.gaveanews.com\/index.php\/2025\/05\/02\/empresa-levara-torcedores-a-final-da-libertadores-da-america-no-peru\/\" \/>\n<meta property=\"og:locale\" content=\"pt_BR\" \/>\n<meta property=\"og:type\" content=\"article\" \/>\n<meta property=\"og:title\" content=\"Empresa levar\u00e1 torcedores \u00e0 final da Libertadores da Am\u00e9rica, no Peru\" \/>\n<meta property=\"og:description\" content=\"A MAPFRE, patrocinadora oficial da Libertadores pelo segundo ano consecutivo, deu in\u00edcio a uma ampla campanha promocional que promete levar torcedores ao est\u00e1dio para assistir \u00e0 decis\u00e3o desta edi\u00e7\u00e3o. A a\u00e7\u00e3o, que recebeu o nome \u201cTorcida MAPFRE: ao seu lado no caminho para a gl\u00f3ria\u201d, contempla sorteios que premiar\u00e3o clientes com experi\u00eancias exclusivas, incluindo viagens [&hellip;]\" \/>\n<meta property=\"og:url\" content=\"https:\/\/www.gaveanews.com\/index.php\/2025\/05\/02\/empresa-levara-torcedores-a-final-da-libertadores-da-america-no-peru\/\" \/>\n<meta property=\"og:site_name\" content=\"G\u00e1vea News\" \/>\n<meta property=\"article:publisher\" content=\"https:\/\/facebook.com\/gaveaNews\/\" \/>\n<meta property=\"article:published_time\" content=\"2025-05-02T22:15:00+00:00\" \/>\n<meta property=\"og:image\" content=\"https:\/\/www.gaveanews.com\/wp-content\/uploads\/01gx90cs775egcrqn617-1-aspect-ratio-512-320.webp\" \/>\n\t<meta property=\"og:image:width\" content=\"1080\" \/>\n\t<meta property=\"og:image:height\" content=\"675\" \/>\n\t<meta property=\"og:image:type\" content=\"image\/webp\" \/>\n<meta name=\"author\" content=\"Ana Teixeira\" \/>\n<meta name=\"twitter:card\" content=\"summary_large_image\" \/>\n<meta name=\"twitter:label1\" content=\"Escrito por\" \/>\n\t<meta name=\"twitter:data1\" content=\"Ana Teixeira\" \/>\n\t<meta name=\"twitter:label2\" content=\"Est. tempo de leitura\" \/>\n\t<meta name=\"twitter:data2\" content=\"3 minutos\" \/>\n<script type=\"application\/ld+json\" class=\"yoast-schema-graph\">{\"@context\":\"https:\/\/schema.org\",\"@graph\":[{\"@type\":\"NewsArticle\",\"@id\":\"https:\/\/www.gaveanews.com\/index.php\/2025\/05\/02\/empresa-levara-torcedores-a-final-da-libertadores-da-america-no-peru\/#article\",\"isPartOf\":{\"@id\":\"https:\/\/www.gaveanews.com\/index.php\/2025\/05\/02\/empresa-levara-torcedores-a-final-da-libertadores-da-america-no-peru\/\"},\"author\":{\"name\":\"Ana Teixeira\",\"@id\":\"https:\/\/www.gaveanews.com\/#\/schema\/person\/3b19f7288b0ce20372991275e4f2e6c2\"},\"headline\":\"Empresa levar\u00e1 torcedores \u00e0 final da Libertadores da Am\u00e9rica, no Peru\",\"datePublished\":\"2025-05-02T22:15:00+00:00\",\"mainEntityOfPage\":{\"@id\":\"https:\/\/www.gaveanews.com\/index.php\/2025\/05\/02\/empresa-levara-torcedores-a-final-da-libertadores-da-america-no-peru\/\"},\"wordCount\":547,\"commentCount\":0,\"image\":{\"@id\":\"https:\/\/www.gaveanews.com\/index.php\/2025\/05\/02\/empresa-levara-torcedores-a-final-da-libertadores-da-america-no-peru\/#primaryimage\"},\"thumbnailUrl\":\"https:\/\/www.gaveanews.com\/wp-content\/uploads\/01gx90cs775egcrqn617-1-aspect-ratio-512-320.webp\",\"articleSection\":[\"Bahia\",\"Botafogo\",\"Brasil\",\"Flamengo\",\"Fortaleza\",\"Futebol Internacional\",\"Internacional\",\"Palmeiras\",\"S\u00e3o Paulo\"],\"inLanguage\":\"pt-BR\",\"potentialAction\":[{\"@type\":\"CommentAction\",\"name\":\"Comment\",\"target\":[\"https:\/\/www.gaveanews.com\/index.php\/2025\/05\/02\/empresa-levara-torcedores-a-final-da-libertadores-da-america-no-peru\/#respond\"]}],\"copyrightYear\":\"2025\",\"copyrightHolder\":{\"@id\":\"https:\/\/www.gaveanews.com\/#organization\"}},{\"@type\":\"WebPage\",\"@id\":\"https:\/\/www.gaveanews.com\/index.php\/2025\/05\/02\/empresa-levara-torcedores-a-final-da-libertadores-da-america-no-peru\/\",\"url\":\"https:\/\/www.gaveanews.com\/index.php\/2025\/05\/02\/empresa-levara-torcedores-a-final-da-libertadores-da-america-no-peru\/\",\"name\":\"Empresa levar\u00e1 torcedores \u00e0 final da Libertadores da Am\u00e9rica, no Peru\",\"isPartOf\":{\"@id\":\"https:\/\/www.gaveanews.com\/#website\"},\"primaryImageOfPage\":{\"@id\":\"https:\/\/www.gaveanews.com\/index.php\/2025\/05\/02\/empresa-levara-torcedores-a-final-da-libertadores-da-america-no-peru\/#primaryimage\"},\"image\":{\"@id\":\"https:\/\/www.gaveanews.com\/index.php\/2025\/05\/02\/empresa-levara-torcedores-a-final-da-libertadores-da-america-no-peru\/#primaryimage\"},\"thumbnailUrl\":\"https:\/\/www.gaveanews.com\/wp-content\/uploads\/01gx90cs775egcrqn617-1-aspect-ratio-512-320.webp\",\"datePublished\":\"2025-05-02T22:15:00+00:00\",\"author\":{\"@id\":\"https:\/\/www.gaveanews.com\/#\/schema\/person\/3b19f7288b0ce20372991275e4f2e6c2\"},\"breadcrumb\":{\"@id\":\"https:\/\/www.gaveanews.com\/index.php\/2025\/05\/02\/empresa-levara-torcedores-a-final-da-libertadores-da-america-no-peru\/#breadcrumb\"},\"inLanguage\":\"pt-BR\",\"potentialAction\":[{\"@type\":\"ReadAction\",\"target\":[\"https:\/\/www.gaveanews.com\/index.php\/2025\/05\/02\/empresa-levara-torcedores-a-final-da-libertadores-da-america-no-peru\/\"]}]},{\"@type\":\"ImageObject\",\"inLanguage\":\"pt-BR\",\"@id\":\"https:\/\/www.gaveanews.com\/index.php\/2025\/05\/02\/empresa-levara-torcedores-a-final-da-libertadores-da-america-no-peru\/#primaryimage\",\"url\":\"https:\/\/www.gaveanews.com\/wp-content\/uploads\/01gx90cs775egcrqn617-1-aspect-ratio-512-320.webp\",\"contentUrl\":\"https:\/\/www.gaveanews.com\/wp-content\/uploads\/01gx90cs775egcrqn617-1-aspect-ratio-512-320.webp\",\"width\":1080,\"height\":675,\"caption\":\"Ta\u00e7a da Libertadores. (Foto: Divulga\u00e7\u00e3o)\"},{\"@type\":\"BreadcrumbList\",\"@id\":\"https:\/\/www.gaveanews.com\/index.php\/2025\/05\/02\/empresa-levara-torcedores-a-final-da-libertadores-da-america-no-peru\/#breadcrumb\",\"itemListElement\":[{\"@type\":\"ListItem\",\"position\":1,\"name\":\"Home\",\"item\":\"https:\/\/www.gaveanews.com\/\"},{\"@type\":\"ListItem\",\"position\":2,\"name\":\"Empresa levar\u00e1 torcedores \u00e0 final da Libertadores da Am\u00e9rica, no Peru\"}]},{\"@type\":\"WebSite\",\"@id\":\"https:\/\/www.gaveanews.com\/#website\",\"url\":\"https:\/\/www.gaveanews.com\/\",\"name\":\"G\u00e1vea News\",\"description\":\"Veja todas as not\u00edcias sobre o Flamengo: Contrata\u00e7\u00f5es, categorias de base, resultados das partidas, tabela de classifica\u00e7\u00e3o, pr\u00f3ximos jogos!\",\"potentialAction\":[{\"@type\":\"SearchAction\",\"target\":{\"@type\":\"EntryPoint\",\"urlTemplate\":\"https:\/\/www.gaveanews.com\/?s={search_term_string}\"},\"query-input\":{\"@type\":\"PropertyValueSpecification\",\"valueRequired\":true,\"valueName\":\"search_term_string\"}}],\"inLanguage\":\"pt-BR\"},{\"@type\":\"Person\",\"@id\":\"https:\/\/www.gaveanews.com\/#\/schema\/person\/3b19f7288b0ce20372991275e4f2e6c2\",\"name\":\"Ana Teixeira\",\"image\":{\"@type\":\"ImageObject\",\"inLanguage\":\"pt-BR\",\"@id\":\"https:\/\/www.gaveanews.com\/#\/schema\/person\/image\/\",\"url\":\"https:\/\/secure.gravatar.com\/avatar\/0a73f5a5258f3fed37fc2fa641892f3f7a4748456d4d4792f9bc550e6c19e06c?s=96&d=mm&r=g\",\"contentUrl\":\"https:\/\/secure.gravatar.com\/avatar\/0a73f5a5258f3fed37fc2fa641892f3f7a4748456d4d4792f9bc550e6c19e06c?s=96&d=mm&r=g\",\"caption\":\"Ana Teixeira\"}}]}<\/script>\n<!-- \/ Yoast SEO Premium plugin. -->","yoast_head_json":{"title":"Empresa levar\u00e1 torcedores \u00e0 final da Libertadores da Am\u00e9rica, no Peru","robots":{"index":"index","follow":"follow","max-snippet":"max-snippet:-1","max-image-preview":"max-image-preview:large","max-video-preview":"max-video-preview:-1"},"canonical":"https:\/\/www.gaveanews.com\/index.php\/2025\/05\/02\/empresa-levara-torcedores-a-final-da-libertadores-da-america-no-peru\/","og_locale":"pt_BR","og_type":"article","og_title":"Empresa levar\u00e1 torcedores \u00e0 final da Libertadores da Am\u00e9rica, no Peru","og_description":"A MAPFRE, patrocinadora oficial da Libertadores pelo segundo ano consecutivo, deu in\u00edcio a uma ampla campanha promocional que promete levar torcedores ao est\u00e1dio para assistir \u00e0 decis\u00e3o desta edi\u00e7\u00e3o. A a\u00e7\u00e3o, que recebeu o nome \u201cTorcida MAPFRE: ao seu lado no caminho para a gl\u00f3ria\u201d, contempla sorteios que premiar\u00e3o clientes com experi\u00eancias exclusivas, incluindo viagens [&hellip;]","og_url":"https:\/\/www.gaveanews.com\/index.php\/2025\/05\/02\/empresa-levara-torcedores-a-final-da-libertadores-da-america-no-peru\/","og_site_name":"G\u00e1vea News","article_publisher":"https:\/\/facebook.com\/gaveaNews\/","article_published_time":"2025-05-02T22:15:00+00:00","og_image":[{"width":1080,"height":675,"url":"https:\/\/www.gaveanews.com\/wp-content\/uploads\/01gx90cs775egcrqn617-1-aspect-ratio-512-320.webp","type":"image\/webp"}],"author":"Ana Teixeira","twitter_card":"summary_large_image","twitter_misc":{"Escrito por":"Ana Teixeira","Est. tempo de leitura":"3 minutos"},"schema":{"@context":"https:\/\/schema.org","@graph":[{"@type":"NewsArticle","@id":"https:\/\/www.gaveanews.com\/index.php\/2025\/05\/02\/empresa-levara-torcedores-a-final-da-libertadores-da-america-no-peru\/#article","isPartOf":{"@id":"https:\/\/www.gaveanews.com\/index.php\/2025\/05\/02\/empresa-levara-torcedores-a-final-da-libertadores-da-america-no-peru\/"},"author":{"name":"Ana Teixeira","@id":"https:\/\/www.gaveanews.com\/#\/schema\/person\/3b19f7288b0ce20372991275e4f2e6c2"},"headline":"Empresa levar\u00e1 torcedores \u00e0 final da Libertadores da Am\u00e9rica, no Peru","datePublished":"2025-05-02T22:15:00+00:00","mainEntityOfPage":{"@id":"https:\/\/www.gaveanews.com\/index.php\/2025\/05\/02\/empresa-levara-torcedores-a-final-da-libertadores-da-america-no-peru\/"},"wordCount":547,"commentCount":0,"image":{"@id":"https:\/\/www.gaveanews.com\/index.php\/2025\/05\/02\/empresa-levara-torcedores-a-final-da-libertadores-da-america-no-peru\/#primaryimage"},"thumbnailUrl":"https:\/\/www.gaveanews.com\/wp-content\/uploads\/01gx90cs775egcrqn617-1-aspect-ratio-512-320.webp","articleSection":["Bahia","Botafogo","Brasil","Flamengo","Fortaleza","Futebol Internacional","Internacional","Palmeiras","S\u00e3o Paulo"],"inLanguage":"pt-BR","potentialAction":[{"@type":"CommentAction","name":"Comment","target":["https:\/\/www.gaveanews.com\/index.php\/2025\/05\/02\/empresa-levara-torcedores-a-final-da-libertadores-da-america-no-peru\/#respond"]}],"copyrightYear":"2025","copyrightHolder":{"@id":"https:\/\/www.gaveanews.com\/#organization"}},{"@type":"WebPage","@id":"https:\/\/www.gaveanews.com\/index.php\/2025\/05\/02\/empresa-levara-torcedores-a-final-da-libertadores-da-america-no-peru\/","url":"https:\/\/www.gaveanews.com\/index.php\/2025\/05\/02\/empresa-levara-torcedores-a-final-da-libertadores-da-america-no-peru\/","name":"Empresa levar\u00e1 torcedores \u00e0 final da Libertadores da Am\u00e9rica, no Peru","isPartOf":{"@id":"https:\/\/www.gaveanews.com\/#website"},"primaryImageOfPage":{"@id":"https:\/\/www.gaveanews.com\/index.php\/2025\/05\/02\/empresa-levara-torcedores-a-final-da-libertadores-da-america-no-peru\/#primaryimage"},"image":{"@id":"https:\/\/www.gaveanews.com\/index.php\/2025\/05\/02\/empresa-levara-torcedores-a-final-da-libertadores-da-america-no-peru\/#primaryimage"},"thumbnailUrl":"https:\/\/www.gaveanews.com\/wp-content\/uploads\/01gx90cs775egcrqn617-1-aspect-ratio-512-320.webp","datePublished":"2025-05-02T22:15:00+00:00","author":{"@id":"https:\/\/www.gaveanews.com\/#\/schema\/person\/3b19f7288b0ce20372991275e4f2e6c2"},"breadcrumb":{"@id":"https:\/\/www.gaveanews.com\/index.php\/2025\/05\/02\/empresa-levara-torcedores-a-final-da-libertadores-da-america-no-peru\/#breadcrumb"},"inLanguage":"pt-BR","potentialAction":[{"@type":"ReadAction","target":["https:\/\/www.gaveanews.com\/index.php\/2025\/05\/02\/empresa-levara-torcedores-a-final-da-libertadores-da-america-no-peru\/"]}]},{"@type":"ImageObject","inLanguage":"pt-BR","@id":"https:\/\/www.gaveanews.com\/index.php\/2025\/05\/02\/empresa-levara-torcedores-a-final-da-libertadores-da-america-no-peru\/#primaryimage","url":"https:\/\/www.gaveanews.com\/wp-content\/uploads\/01gx90cs775egcrqn617-1-aspect-ratio-512-320.webp","contentUrl":"https:\/\/www.gaveanews.com\/wp-content\/uploads\/01gx90cs775egcrqn617-1-aspect-ratio-512-320.webp","width":1080,"height":675,"caption":"Ta\u00e7a da Libertadores. (Foto: Divulga\u00e7\u00e3o)"},{"@type":"BreadcrumbList","@id":"https:\/\/www.gaveanews.com\/index.php\/2025\/05\/02\/empresa-levara-torcedores-a-final-da-libertadores-da-america-no-peru\/#breadcrumb","itemListElement":[{"@type":"ListItem","position":1,"name":"Home","item":"https:\/\/www.gaveanews.com\/"},{"@type":"ListItem","position":2,"name":"Empresa levar\u00e1 torcedores \u00e0 final da Libertadores da Am\u00e9rica, no Peru"}]},{"@type":"WebSite","@id":"https:\/\/www.gaveanews.com\/#website","url":"https:\/\/www.gaveanews.com\/","name":"G\u00e1vea News","description":"Veja todas as not\u00edcias sobre o Flamengo: Contrata\u00e7\u00f5es, categorias de base, resultados das partidas, tabela de classifica\u00e7\u00e3o, pr\u00f3ximos jogos!","potentialAction":[{"@type":"SearchAction","target":{"@type":"EntryPoint","urlTemplate":"https:\/\/www.gaveanews.com\/?s={search_term_string}"},"query-input":{"@type":"PropertyValueSpecification","valueRequired":true,"valueName":"search_term_string"}}],"inLanguage":"pt-BR"},{"@type":"Person","@id":"https:\/\/www.gaveanews.com\/#\/schema\/person\/3b19f7288b0ce20372991275e4f2e6c2","name":"Ana Teixeira","image":{"@type":"ImageObject","inLanguage":"pt-BR","@id":"https:\/\/www.gaveanews.com\/#\/schema\/person\/image\/","url":"https:\/\/secure.gravatar.com\/avatar\/0a73f5a5258f3fed37fc2fa641892f3f7a4748456d4d4792f9bc550e6c19e06c?s=96&d=mm&r=g","contentUrl":"https:\/\/secure.gravatar.com\/avatar\/0a73f5a5258f3fed37fc2fa641892f3f7a4748456d4d4792f9bc550e6c19e06c?s=96&d=mm&r=g","caption":"Ana Teixeira"}}]}},"_links":{"self":[{"href":"https:\/\/www.gaveanews.com\/index.php\/wp-json\/wp\/v2\/posts\/260284","targetHints":{"allow":["GET"]}}],"collection":[{"href":"https:\/\/www.gaveanews.com\/index.php\/wp-json\/wp\/v2\/posts"}],"about":[{"href":"https:\/\/www.gaveanews.com\/index.php\/wp-json\/wp\/v2\/types\/post"}],"author":[{"embeddable":true,"href":"https:\/\/www.gaveanews.com\/index.php\/wp-json\/wp\/v2\/users\/30"}],"replies":[{"embeddable":true,"href":"https:\/\/www.gaveanews.com\/index.php\/wp-json\/wp\/v2\/comments?post=260284"}],"version-history":[{"count":1,"href":"https:\/\/www.gaveanews.com\/index.php\/wp-json\/wp\/v2\/posts\/260284\/revisions"}],"predecessor-version":[{"id":260292,"href":"https:\/\/www.gaveanews.com\/index.php\/wp-json\/wp\/v2\/posts\/260284\/revisions\/260292"}],"wp:featuredmedia":[{"embeddable":true,"href":"https:\/\/www.gaveanews.com\/index.php\/wp-json\/wp\/v2\/media\/161999"}],"wp:attachment":[{"href":"https:\/\/www.gaveanews.com\/index.php\/wp-json\/wp\/v2\/media?parent=260284"}],"wp:term":[{"taxonomy":"category","embeddable":true,"href":"https:\/\/www.gaveanews.com\/index.php\/wp-json\/wp\/v2\/categories?post=260284"},{"taxonomy":"post_tag","embeddable":true,"href":"https:\/\/www.gaveanews.com\/index.php\/wp-json\/wp\/v2\/tags?post=260284"}],"curies":[{"name":"wp","href":"https:\/\/api.w.org\/{rel}","templated":true}]}}