{"id":260294,"date":"2025-05-02T19:30:00","date_gmt":"2025-05-02T22:30:00","guid":{"rendered":"https:\/\/www.gaveanews.com\/?p=260294"},"modified":"2025-05-02T18:28:38","modified_gmt":"2025-05-02T21:28:38","slug":"com-ajuda-de-rossi-filipe-luis-atinge-marca-expressiva-no-flamengo","status":"publish","type":"post","link":"https:\/\/www.gaveanews.com\/index.php\/2025\/05\/02\/com-ajuda-de-rossi-filipe-luis-atinge-marca-expressiva-no-flamengo\/","title":{"rendered":"Com ajuda de Rossi, Filipe Lu\u00eds atinge marca expressiva no Flamengo"},"content":{"rendered":"\n<p>O Flamengo vive um momento de extrema consist\u00eancia defensiva sob a lideran\u00e7a do t\u00e9cnico Filipe Lu\u00eds. A vit\u00f3ria por 1 a 0 diante do Botafogo-PB, na quinta-feira (01), pela terceira fase da Copa do Brasil, ampliou uma sequ\u00eancia not\u00e1vel do sistema defensivo rubro-negro. Com o resultado, o time chegou a seis partidas consecutivas sem ser vazado, somando 540 minutos sem sofrer gols.<\/p>\n\n\n\n<p>Durante essa s\u00e9rie invicta, o Rubro-Negro conquistou quatro vit\u00f3rias e dois empates em confrontos v\u00e1lidos por tr\u00eas competi\u00e7\u00f5es distintas: Copa do Brasil, Libertadores e Campeonato Brasileiro. Ao mesmo tempo, o setor ofensivo tamb\u00e9m apresentou alto rendimento, com 13 gols marcados, incluindo goleadas expressivas sobre Juventude (6 a 0) e Corinthians (4 a 0). Nesse intervalo, o aproveitamento da equipe chegou a 77,78%, refor\u00e7ando o bom momento nas diferentes frentes disputadas.<\/p>\n\n\n\n<h3 class=\"wp-block-heading\" id=\"h-efeito-filipe-luis-defesa-solida-e-numeros-consistentes\">Efeito Filipe Lu\u00eds: defesa s\u00f3lida e n\u00fameros consistentes<\/h3>\n\n\n\n<p>A solidez da defesa n\u00e3o \u00e9 fruto do acaso. Desde o in\u00edcio da temporada 2025, o Flamengo disputou 26 jogos e, em 17 deles, n\u00e3o sofreu gols. Isso representa uma m\u00e9dia de apenas 0,46 tentos sofridos por partida. Segundo levantamento recente, o clube j\u00e1 foi vazado apenas 12 vezes no ano, n\u00famero que ilustra a efici\u00eancia do sistema montado por Filipe Lu\u00eds.<\/p>\n\n\n\n<p>\u201cEstamos conseguindo traduzir em campo um trabalho di\u00e1rio de muito foco defensivo. Cada jogador tem assumido sua responsabilidade com maturidade\u201d, declarou o treinador em entrevista recente.<\/p>\n\n\n\n<h3 class=\"wp-block-heading\" id=\"h-rodizio-na-zaga-e-boas-opcoes-no-elenco\">Rod\u00edzio na zaga e boas op\u00e7\u00f5es no elenco<\/h3>\n\n\n\n<p>A maratona de jogos em 2025 tem exigido solu\u00e7\u00f5es inteligentes no elenco, e a rota\u00e7\u00e3o no setor defensivo tem sido uma das chaves para manter o n\u00edvel elevado. Inicialmente, L\u00e9o Ortiz e L\u00e9o Pereira formavam a dupla titular. No entanto, com a chegada de Danilo e o aproveitamento de jovens como Jo\u00e3o Victor, o t\u00e9cnico tem variado as forma\u00e7\u00f5es de maneira estrat\u00e9gica.<\/p>\n\n\n\n<p>Ali\u00e1s, o jovem defensor Jo\u00e3o Victor, revelado pelas categorias de base, teve participa\u00e7\u00e3o destacada no \u00faltimo compromisso. J\u00e1 Danilo, de 33 anos, vem ganhando espa\u00e7o com boas atua\u00e7\u00f5es, contribuindo para manter o time seguro na defesa.<\/p>\n\n\n\n<h3 class=\"wp-block-heading\" id=\"h-destaques-individuais-e-apoio-da-base\">Destaques individuais e apoio da base<\/h3>\n\n\n\n<p>Al\u00e9m dos zagueiros, outros nomes tamb\u00e9m se destacaram. Joshua, de apenas 17 anos, foi o autor do gol contra o Botafogo-PB e recebeu elogios da imprensa internacional. O jovem foi eleito o Craque da Torcida na ocasi\u00e3o. Guillermo Varela tamb\u00e9m teve atua\u00e7\u00e3o de destaque, com 90% de aproveitamento nos passes e seguran\u00e7a nos cruzamentos defensivos.<\/p>\n\n\n\n<p>\u201cJoshua tem personalidade e qualidade t\u00e9cnica. A forma como ele decide jogadas mostra que temos uma joia sendo lapidada\u201d, afirmou L\u00e9o Ortiz ap\u00f3s a partida.<\/p>\n\n\n\n<h3 class=\"wp-block-heading\" id=\"h-prioridade-no-brasileirao-e-confronto-direto\">Prioridade no Brasileir\u00e3o e confronto direto<\/h3>\n\n\n\n<p>A diretoria e a comiss\u00e3o t\u00e9cnica estabeleceram o Campeonato Brasileiro como foco principal para a temporada. Nesse sentido, a equipe tem sido escalada com for\u00e7a m\u00e1xima nos jogos da competi\u00e7\u00e3o. Como resultado, o Flamengo ocupa atualmente a lideran\u00e7a do torneio, com 14 pontos. Palmeiras e Bragantino v\u00eam logo atr\u00e1s, com 13.<\/p>\n\n\n\n<p>O pr\u00f3ximo desafio ser\u00e1 contra o Cruzeiro, no domingo (04), \u00e0s 18h30, no Mineir\u00e3o. A partida ser\u00e1 v\u00e1lida pela s\u00e9tima rodada do Brasileir\u00e3o e representa mais uma oportunidade de manter o bom desempenho defensivo.<\/p>\n","protected":false},"excerpt":{"rendered":"<p>O Flamengo vive um momento de extrema consist\u00eancia defensiva sob a lideran\u00e7a do t\u00e9cnico Filipe Lu\u00eds. A vit\u00f3ria por 1 a 0 diante do Botafogo-PB, na quinta-feira (01), pela terceira fase da Copa do Brasil, ampliou uma sequ\u00eancia not\u00e1vel do sistema defensivo rubro-negro. Com o resultado, o time chegou a seis partidas consecutivas sem ser [&hellip;]<\/p>\n","protected":false},"author":30,"featured_media":171095,"comment_status":"open","ping_status":"closed","sticky":false,"template":"","format":"standard","meta":{"footnotes":""},"categories":[1],"tags":[],"class_list":["post-260294","post","type-post","status-publish","format-standard","has-post-thumbnail","hentry","category-flamengo"],"yoast_head":"<!-- This site is optimized with the Yoast SEO Premium plugin v24.2 (Yoast SEO v26.9) - https:\/\/yoast.com\/product\/yoast-seo-premium-wordpress\/ -->\n<title>Com ajuda de Rossi, Filipe Lu\u00eds atinge marca expressiva no Flamengo<\/title>\n<meta name=\"robots\" content=\"index, follow, max-snippet:-1, max-image-preview:large, max-video-preview:-1\" \/>\n<link rel=\"canonical\" href=\"https:\/\/www.gaveanews.com\/index.php\/2025\/05\/02\/com-ajuda-de-rossi-filipe-luis-atinge-marca-expressiva-no-flamengo\/\" \/>\n<meta property=\"og:locale\" content=\"pt_BR\" \/>\n<meta property=\"og:type\" content=\"article\" \/>\n<meta property=\"og:title\" content=\"Com ajuda de Rossi, Filipe Lu\u00eds atinge marca expressiva no Flamengo\" \/>\n<meta property=\"og:description\" content=\"O Flamengo vive um momento de extrema consist\u00eancia defensiva sob a lideran\u00e7a do t\u00e9cnico Filipe Lu\u00eds. A vit\u00f3ria por 1 a 0 diante do Botafogo-PB, na quinta-feira (01), pela terceira fase da Copa do Brasil, ampliou uma sequ\u00eancia not\u00e1vel do sistema defensivo rubro-negro. Com o resultado, o time chegou a seis partidas consecutivas sem ser [&hellip;]\" \/>\n<meta property=\"og:url\" content=\"https:\/\/www.gaveanews.com\/index.php\/2025\/05\/02\/com-ajuda-de-rossi-filipe-luis-atinge-marca-expressiva-no-flamengo\/\" \/>\n<meta property=\"og:site_name\" content=\"G\u00e1vea News\" \/>\n<meta property=\"article:publisher\" content=\"https:\/\/facebook.com\/gaveaNews\/\" \/>\n<meta property=\"article:published_time\" content=\"2025-05-02T22:30:00+00:00\" \/>\n<meta property=\"og:image\" content=\"https:\/\/www.gaveanews.com\/wp-content\/uploads\/Filipe-Luis-estreia-como-tecnico-do-Flamengo-em-jogo-contra-o-Corinthians-pela-Copa-do-Brasil-no-Maracana.webp\" \/>\n\t<meta property=\"og:image:width\" content=\"753\" \/>\n\t<meta property=\"og:image:height\" content=\"504\" \/>\n\t<meta property=\"og:image:type\" content=\"image\/jpeg\" \/>\n<meta name=\"author\" content=\"Ana Teixeira\" \/>\n<meta name=\"twitter:card\" content=\"summary_large_image\" \/>\n<meta name=\"twitter:label1\" content=\"Escrito por\" \/>\n\t<meta name=\"twitter:data1\" content=\"Ana Teixeira\" \/>\n\t<meta name=\"twitter:label2\" content=\"Est. tempo de leitura\" \/>\n\t<meta name=\"twitter:data2\" content=\"4 minutos\" \/>\n<script type=\"application\/ld+json\" class=\"yoast-schema-graph\">{\"@context\":\"https:\/\/schema.org\",\"@graph\":[{\"@type\":\"NewsArticle\",\"@id\":\"https:\/\/www.gaveanews.com\/index.php\/2025\/05\/02\/com-ajuda-de-rossi-filipe-luis-atinge-marca-expressiva-no-flamengo\/#article\",\"isPartOf\":{\"@id\":\"https:\/\/www.gaveanews.com\/index.php\/2025\/05\/02\/com-ajuda-de-rossi-filipe-luis-atinge-marca-expressiva-no-flamengo\/\"},\"author\":{\"name\":\"Ana Teixeira\",\"@id\":\"https:\/\/www.gaveanews.com\/#\/schema\/person\/3b19f7288b0ce20372991275e4f2e6c2\"},\"headline\":\"Com ajuda de Rossi, Filipe Lu\u00eds atinge marca expressiva no Flamengo\",\"datePublished\":\"2025-05-02T22:30:00+00:00\",\"mainEntityOfPage\":{\"@id\":\"https:\/\/www.gaveanews.com\/index.php\/2025\/05\/02\/com-ajuda-de-rossi-filipe-luis-atinge-marca-expressiva-no-flamengo\/\"},\"wordCount\":564,\"commentCount\":0,\"image\":{\"@id\":\"https:\/\/www.gaveanews.com\/index.php\/2025\/05\/02\/com-ajuda-de-rossi-filipe-luis-atinge-marca-expressiva-no-flamengo\/#primaryimage\"},\"thumbnailUrl\":\"https:\/\/www.gaveanews.com\/wp-content\/uploads\/Filipe-Luis-estreia-como-tecnico-do-Flamengo-em-jogo-contra-o-Corinthians-pela-Copa-do-Brasil-no-Maracana.webp\",\"articleSection\":[\"Flamengo\"],\"inLanguage\":\"pt-BR\",\"potentialAction\":[{\"@type\":\"CommentAction\",\"name\":\"Comment\",\"target\":[\"https:\/\/www.gaveanews.com\/index.php\/2025\/05\/02\/com-ajuda-de-rossi-filipe-luis-atinge-marca-expressiva-no-flamengo\/#respond\"]}],\"copyrightYear\":\"2025\",\"copyrightHolder\":{\"@id\":\"https:\/\/www.gaveanews.com\/#organization\"}},{\"@type\":\"WebPage\",\"@id\":\"https:\/\/www.gaveanews.com\/index.php\/2025\/05\/02\/com-ajuda-de-rossi-filipe-luis-atinge-marca-expressiva-no-flamengo\/\",\"url\":\"https:\/\/www.gaveanews.com\/index.php\/2025\/05\/02\/com-ajuda-de-rossi-filipe-luis-atinge-marca-expressiva-no-flamengo\/\",\"name\":\"Com ajuda de Rossi, Filipe Lu\u00eds atinge marca expressiva no Flamengo\",\"isPartOf\":{\"@id\":\"https:\/\/www.gaveanews.com\/#website\"},\"primaryImageOfPage\":{\"@id\":\"https:\/\/www.gaveanews.com\/index.php\/2025\/05\/02\/com-ajuda-de-rossi-filipe-luis-atinge-marca-expressiva-no-flamengo\/#primaryimage\"},\"image\":{\"@id\":\"https:\/\/www.gaveanews.com\/index.php\/2025\/05\/02\/com-ajuda-de-rossi-filipe-luis-atinge-marca-expressiva-no-flamengo\/#primaryimage\"},\"thumbnailUrl\":\"https:\/\/www.gaveanews.com\/wp-content\/uploads\/Filipe-Luis-estreia-como-tecnico-do-Flamengo-em-jogo-contra-o-Corinthians-pela-Copa-do-Brasil-no-Maracana.webp\",\"datePublished\":\"2025-05-02T22:30:00+00:00\",\"author\":{\"@id\":\"https:\/\/www.gaveanews.com\/#\/schema\/person\/3b19f7288b0ce20372991275e4f2e6c2\"},\"breadcrumb\":{\"@id\":\"https:\/\/www.gaveanews.com\/index.php\/2025\/05\/02\/com-ajuda-de-rossi-filipe-luis-atinge-marca-expressiva-no-flamengo\/#breadcrumb\"},\"inLanguage\":\"pt-BR\",\"potentialAction\":[{\"@type\":\"ReadAction\",\"target\":[\"https:\/\/www.gaveanews.com\/index.php\/2025\/05\/02\/com-ajuda-de-rossi-filipe-luis-atinge-marca-expressiva-no-flamengo\/\"]}]},{\"@type\":\"ImageObject\",\"inLanguage\":\"pt-BR\",\"@id\":\"https:\/\/www.gaveanews.com\/index.php\/2025\/05\/02\/com-ajuda-de-rossi-filipe-luis-atinge-marca-expressiva-no-flamengo\/#primaryimage\",\"url\":\"https:\/\/www.gaveanews.com\/wp-content\/uploads\/Filipe-Luis-estreia-como-tecnico-do-Flamengo-em-jogo-contra-o-Corinthians-pela-Copa-do-Brasil-no-Maracana.webp\",\"contentUrl\":\"https:\/\/www.gaveanews.com\/wp-content\/uploads\/Filipe-Luis-estreia-como-tecnico-do-Flamengo-em-jogo-contra-o-Corinthians-pela-Copa-do-Brasil-no-Maracana.webp\",\"width\":753,\"height\":504,\"caption\":\"Filipe Lu\u00eds estreia como t\u00e9cnico do Flamengo em jogo contra o Corinthians, pela Copa do Brasil, no Maracan\u00e3 (Foto: Gilvan de Souza\/Flamengo)\"},{\"@type\":\"BreadcrumbList\",\"@id\":\"https:\/\/www.gaveanews.com\/index.php\/2025\/05\/02\/com-ajuda-de-rossi-filipe-luis-atinge-marca-expressiva-no-flamengo\/#breadcrumb\",\"itemListElement\":[{\"@type\":\"ListItem\",\"position\":1,\"name\":\"Home\",\"item\":\"https:\/\/www.gaveanews.com\/\"},{\"@type\":\"ListItem\",\"position\":2,\"name\":\"Com ajuda de Rossi, Filipe Lu\u00eds atinge marca expressiva no Flamengo\"}]},{\"@type\":\"WebSite\",\"@id\":\"https:\/\/www.gaveanews.com\/#website\",\"url\":\"https:\/\/www.gaveanews.com\/\",\"name\":\"G\u00e1vea News\",\"description\":\"Veja todas as not\u00edcias sobre o Flamengo: Contrata\u00e7\u00f5es, categorias de base, resultados das partidas, tabela de classifica\u00e7\u00e3o, pr\u00f3ximos jogos!\",\"potentialAction\":[{\"@type\":\"SearchAction\",\"target\":{\"@type\":\"EntryPoint\",\"urlTemplate\":\"https:\/\/www.gaveanews.com\/?s={search_term_string}\"},\"query-input\":{\"@type\":\"PropertyValueSpecification\",\"valueRequired\":true,\"valueName\":\"search_term_string\"}}],\"inLanguage\":\"pt-BR\"},{\"@type\":\"Person\",\"@id\":\"https:\/\/www.gaveanews.com\/#\/schema\/person\/3b19f7288b0ce20372991275e4f2e6c2\",\"name\":\"Ana Teixeira\",\"image\":{\"@type\":\"ImageObject\",\"inLanguage\":\"pt-BR\",\"@id\":\"https:\/\/www.gaveanews.com\/#\/schema\/person\/image\/\",\"url\":\"https:\/\/secure.gravatar.com\/avatar\/0a73f5a5258f3fed37fc2fa641892f3f7a4748456d4d4792f9bc550e6c19e06c?s=96&d=mm&r=g\",\"contentUrl\":\"https:\/\/secure.gravatar.com\/avatar\/0a73f5a5258f3fed37fc2fa641892f3f7a4748456d4d4792f9bc550e6c19e06c?s=96&d=mm&r=g\",\"caption\":\"Ana Teixeira\"}}]}<\/script>\n<!-- \/ Yoast SEO Premium plugin. -->","yoast_head_json":{"title":"Com ajuda de Rossi, Filipe Lu\u00eds atinge marca expressiva no Flamengo","robots":{"index":"index","follow":"follow","max-snippet":"max-snippet:-1","max-image-preview":"max-image-preview:large","max-video-preview":"max-video-preview:-1"},"canonical":"https:\/\/www.gaveanews.com\/index.php\/2025\/05\/02\/com-ajuda-de-rossi-filipe-luis-atinge-marca-expressiva-no-flamengo\/","og_locale":"pt_BR","og_type":"article","og_title":"Com ajuda de Rossi, Filipe Lu\u00eds atinge marca expressiva no Flamengo","og_description":"O Flamengo vive um momento de extrema consist\u00eancia defensiva sob a lideran\u00e7a do t\u00e9cnico Filipe Lu\u00eds. A vit\u00f3ria por 1 a 0 diante do Botafogo-PB, na quinta-feira (01), pela terceira fase da Copa do Brasil, ampliou uma sequ\u00eancia not\u00e1vel do sistema defensivo rubro-negro. Com o resultado, o time chegou a seis partidas consecutivas sem ser [&hellip;]","og_url":"https:\/\/www.gaveanews.com\/index.php\/2025\/05\/02\/com-ajuda-de-rossi-filipe-luis-atinge-marca-expressiva-no-flamengo\/","og_site_name":"G\u00e1vea News","article_publisher":"https:\/\/facebook.com\/gaveaNews\/","article_published_time":"2025-05-02T22:30:00+00:00","og_image":[{"width":753,"height":504,"url":"https:\/\/www.gaveanews.com\/wp-content\/uploads\/Filipe-Luis-estreia-como-tecnico-do-Flamengo-em-jogo-contra-o-Corinthians-pela-Copa-do-Brasil-no-Maracana.webp","type":"image\/jpeg"}],"author":"Ana Teixeira","twitter_card":"summary_large_image","twitter_misc":{"Escrito por":"Ana Teixeira","Est. tempo de leitura":"4 minutos"},"schema":{"@context":"https:\/\/schema.org","@graph":[{"@type":"NewsArticle","@id":"https:\/\/www.gaveanews.com\/index.php\/2025\/05\/02\/com-ajuda-de-rossi-filipe-luis-atinge-marca-expressiva-no-flamengo\/#article","isPartOf":{"@id":"https:\/\/www.gaveanews.com\/index.php\/2025\/05\/02\/com-ajuda-de-rossi-filipe-luis-atinge-marca-expressiva-no-flamengo\/"},"author":{"name":"Ana Teixeira","@id":"https:\/\/www.gaveanews.com\/#\/schema\/person\/3b19f7288b0ce20372991275e4f2e6c2"},"headline":"Com ajuda de Rossi, Filipe Lu\u00eds atinge marca expressiva no Flamengo","datePublished":"2025-05-02T22:30:00+00:00","mainEntityOfPage":{"@id":"https:\/\/www.gaveanews.com\/index.php\/2025\/05\/02\/com-ajuda-de-rossi-filipe-luis-atinge-marca-expressiva-no-flamengo\/"},"wordCount":564,"commentCount":0,"image":{"@id":"https:\/\/www.gaveanews.com\/index.php\/2025\/05\/02\/com-ajuda-de-rossi-filipe-luis-atinge-marca-expressiva-no-flamengo\/#primaryimage"},"thumbnailUrl":"https:\/\/www.gaveanews.com\/wp-content\/uploads\/Filipe-Luis-estreia-como-tecnico-do-Flamengo-em-jogo-contra-o-Corinthians-pela-Copa-do-Brasil-no-Maracana.webp","articleSection":["Flamengo"],"inLanguage":"pt-BR","potentialAction":[{"@type":"CommentAction","name":"Comment","target":["https:\/\/www.gaveanews.com\/index.php\/2025\/05\/02\/com-ajuda-de-rossi-filipe-luis-atinge-marca-expressiva-no-flamengo\/#respond"]}],"copyrightYear":"2025","copyrightHolder":{"@id":"https:\/\/www.gaveanews.com\/#organization"}},{"@type":"WebPage","@id":"https:\/\/www.gaveanews.com\/index.php\/2025\/05\/02\/com-ajuda-de-rossi-filipe-luis-atinge-marca-expressiva-no-flamengo\/","url":"https:\/\/www.gaveanews.com\/index.php\/2025\/05\/02\/com-ajuda-de-rossi-filipe-luis-atinge-marca-expressiva-no-flamengo\/","name":"Com ajuda de Rossi, Filipe Lu\u00eds atinge marca expressiva no Flamengo","isPartOf":{"@id":"https:\/\/www.gaveanews.com\/#website"},"primaryImageOfPage":{"@id":"https:\/\/www.gaveanews.com\/index.php\/2025\/05\/02\/com-ajuda-de-rossi-filipe-luis-atinge-marca-expressiva-no-flamengo\/#primaryimage"},"image":{"@id":"https:\/\/www.gaveanews.com\/index.php\/2025\/05\/02\/com-ajuda-de-rossi-filipe-luis-atinge-marca-expressiva-no-flamengo\/#primaryimage"},"thumbnailUrl":"https:\/\/www.gaveanews.com\/wp-content\/uploads\/Filipe-Luis-estreia-como-tecnico-do-Flamengo-em-jogo-contra-o-Corinthians-pela-Copa-do-Brasil-no-Maracana.webp","datePublished":"2025-05-02T22:30:00+00:00","author":{"@id":"https:\/\/www.gaveanews.com\/#\/schema\/person\/3b19f7288b0ce20372991275e4f2e6c2"},"breadcrumb":{"@id":"https:\/\/www.gaveanews.com\/index.php\/2025\/05\/02\/com-ajuda-de-rossi-filipe-luis-atinge-marca-expressiva-no-flamengo\/#breadcrumb"},"inLanguage":"pt-BR","potentialAction":[{"@type":"ReadAction","target":["https:\/\/www.gaveanews.com\/index.php\/2025\/05\/02\/com-ajuda-de-rossi-filipe-luis-atinge-marca-expressiva-no-flamengo\/"]}]},{"@type":"ImageObject","inLanguage":"pt-BR","@id":"https:\/\/www.gaveanews.com\/index.php\/2025\/05\/02\/com-ajuda-de-rossi-filipe-luis-atinge-marca-expressiva-no-flamengo\/#primaryimage","url":"https:\/\/www.gaveanews.com\/wp-content\/uploads\/Filipe-Luis-estreia-como-tecnico-do-Flamengo-em-jogo-contra-o-Corinthians-pela-Copa-do-Brasil-no-Maracana.webp","contentUrl":"https:\/\/www.gaveanews.com\/wp-content\/uploads\/Filipe-Luis-estreia-como-tecnico-do-Flamengo-em-jogo-contra-o-Corinthians-pela-Copa-do-Brasil-no-Maracana.webp","width":753,"height":504,"caption":"Filipe Lu\u00eds estreia como t\u00e9cnico do Flamengo em jogo contra o Corinthians, pela Copa do Brasil, no Maracan\u00e3 (Foto: Gilvan de Souza\/Flamengo)"},{"@type":"BreadcrumbList","@id":"https:\/\/www.gaveanews.com\/index.php\/2025\/05\/02\/com-ajuda-de-rossi-filipe-luis-atinge-marca-expressiva-no-flamengo\/#breadcrumb","itemListElement":[{"@type":"ListItem","position":1,"name":"Home","item":"https:\/\/www.gaveanews.com\/"},{"@type":"ListItem","position":2,"name":"Com ajuda de Rossi, Filipe Lu\u00eds atinge marca expressiva no Flamengo"}]},{"@type":"WebSite","@id":"https:\/\/www.gaveanews.com\/#website","url":"https:\/\/www.gaveanews.com\/","name":"G\u00e1vea News","description":"Veja todas as not\u00edcias sobre o Flamengo: Contrata\u00e7\u00f5es, categorias de base, resultados das partidas, tabela de classifica\u00e7\u00e3o, pr\u00f3ximos jogos!","potentialAction":[{"@type":"SearchAction","target":{"@type":"EntryPoint","urlTemplate":"https:\/\/www.gaveanews.com\/?s={search_term_string}"},"query-input":{"@type":"PropertyValueSpecification","valueRequired":true,"valueName":"search_term_string"}}],"inLanguage":"pt-BR"},{"@type":"Person","@id":"https:\/\/www.gaveanews.com\/#\/schema\/person\/3b19f7288b0ce20372991275e4f2e6c2","name":"Ana Teixeira","image":{"@type":"ImageObject","inLanguage":"pt-BR","@id":"https:\/\/www.gaveanews.com\/#\/schema\/person\/image\/","url":"https:\/\/secure.gravatar.com\/avatar\/0a73f5a5258f3fed37fc2fa641892f3f7a4748456d4d4792f9bc550e6c19e06c?s=96&d=mm&r=g","contentUrl":"https:\/\/secure.gravatar.com\/avatar\/0a73f5a5258f3fed37fc2fa641892f3f7a4748456d4d4792f9bc550e6c19e06c?s=96&d=mm&r=g","caption":"Ana Teixeira"}}]}},"_links":{"self":[{"href":"https:\/\/www.gaveanews.com\/index.php\/wp-json\/wp\/v2\/posts\/260294","targetHints":{"allow":["GET"]}}],"collection":[{"href":"https:\/\/www.gaveanews.com\/index.php\/wp-json\/wp\/v2\/posts"}],"about":[{"href":"https:\/\/www.gaveanews.com\/index.php\/wp-json\/wp\/v2\/types\/post"}],"author":[{"embeddable":true,"href":"https:\/\/www.gaveanews.com\/index.php\/wp-json\/wp\/v2\/users\/30"}],"replies":[{"embeddable":true,"href":"https:\/\/www.gaveanews.com\/index.php\/wp-json\/wp\/v2\/comments?post=260294"}],"version-history":[{"count":1,"href":"https:\/\/www.gaveanews.com\/index.php\/wp-json\/wp\/v2\/posts\/260294\/revisions"}],"predecessor-version":[{"id":260298,"href":"https:\/\/www.gaveanews.com\/index.php\/wp-json\/wp\/v2\/posts\/260294\/revisions\/260298"}],"wp:featuredmedia":[{"embeddable":true,"href":"https:\/\/www.gaveanews.com\/index.php\/wp-json\/wp\/v2\/media\/171095"}],"wp:attachment":[{"href":"https:\/\/www.gaveanews.com\/index.php\/wp-json\/wp\/v2\/media?parent=260294"}],"wp:term":[{"taxonomy":"category","embeddable":true,"href":"https:\/\/www.gaveanews.com\/index.php\/wp-json\/wp\/v2\/categories?post=260294"},{"taxonomy":"post_tag","embeddable":true,"href":"https:\/\/www.gaveanews.com\/index.php\/wp-json\/wp\/v2\/tags?post=260294"}],"curies":[{"name":"wp","href":"https:\/\/api.w.org\/{rel}","templated":true}]}}