{"id":260295,"date":"2025-05-02T19:35:00","date_gmt":"2025-05-02T22:35:00","guid":{"rendered":"https:\/\/www.gaveanews.com\/?p=260295"},"modified":"2025-05-02T18:37:16","modified_gmt":"2025-05-02T21:37:16","slug":"ele-chamou-atencao-na-vitoria-do-flamengo-na-copa-do-brasil","status":"publish","type":"post","link":"https:\/\/www.gaveanews.com\/index.php\/2025\/05\/02\/ele-chamou-atencao-na-vitoria-do-flamengo-na-copa-do-brasil\/","title":{"rendered":"Ele chamou aten\u00e7\u00e3o na vit\u00f3ria do Flamengo na Copa do Brasil"},"content":{"rendered":"\n<p>Mesmo com uma equipe alternativa e diante de um gramado irregular, o Flamengo superou o Botafogo-PB por 1 a 0, na noite de quinta-feira (01), no Castel\u00e3o, pelo jogo de ida da terceira fase da Copa do Brasil. Embora o gol tenha sido marcado por Joshua, a exibi\u00e7\u00e3o de Guillermo Varela foi prec\u00edpua para garantir o controle da partida e sustentar a superioridade t\u00e9cnica rubro-negra ao longo dos 90 minutos.<\/p>\n\n\n\n<p>O lateral-direito uruguaio foi, inegavelmente, o jogador mais eficiente da equipe carioca na partida. Respons\u00e1vel por municiar o setor ofensivo, Varela criou uma grande chance de gol e foi o principal articulador com cinco passes decisivos \u2014 superior a todos os demais em campo. <\/p>\n\n\n\n<p>A precis\u00e3o de suas a\u00e7\u00f5es tamb\u00e9m impressionou: acertou 45 dos 50 passes que tentou, atingindo expressivos 90% de aproveitamento nesse quesito, conforme os dados do Sofascore.<\/p>\n\n\n\n<p>Al\u00e9m disso, o jogador demonstrou seguran\u00e7a nas bolas al\u00e7adas na \u00e1rea. Dos quatro cruzamentos realizados, tr\u00eas encontraram um companheiro com \u00eaxito, o que representa 75% de acerto. Essa efetividade foi refletida em um dos lances mais perigosos da etapa complementar, quando encontrou Juninho livre na \u00e1rea com um levantamento preciso \u2014 jogada que quase resultou em gol.<\/p>\n\n\n\n<p>A atua\u00e7\u00e3o defensiva de Varela tamb\u00e9m foi s\u00f3lida. O uruguaio venceu sete dos oito duelos que disputou no ch\u00e3o, obtendo um \u00edndice de 87%, e contribuiu com tr\u00eas desarmes importantes no momento em que o Botafogo-PB ensaiava investidas em contra-ataques. Sua presen\u00e7a constante tanto na defesa quanto no apoio ao ataque evidenciou a versatilidade e o preparo f\u00edsico acima da m\u00e9dia.<\/p>\n\n\n\n<p>O desempenho de Varela foi ainda mais relevante considerando o panorama da partida. O Flamengo enfrentou um advers\u00e1rio recuado, que se fechou na defesa e raramente ofereceu riscos, terminando com apenas uma finaliza\u00e7\u00e3o certa. <\/p>\n\n\n\n<p>A equipe da G\u00e1vea, por sua vez, teve ampla posse de bola (68%) e produziu 24 finaliza\u00e7\u00f5es, das quais 12 foram consideradas oportunidades claras, mas desperdi\u00e7adas principalmente por Michael, Bruno Henrique e Luiz Ara\u00fajo.<\/p>\n\n\n\n<p>Embora o placar tenha sido magro, a equipe rubro-negra comandou o confronto com autoridade. No entanto, s\u00f3 conseguiu abrir o marcador aos 40 minutos do segundo tempo, em lance iniciado por Ayrton Lucas, seguido de cabeceio de Juninho e conclus\u00e3o de Joshua no rebote. O dom\u00ednio territorial, as trocas r\u00e1pidas de passes e a consist\u00eancia defensiva compensaram a aus\u00eancia dos titulares habituais, como Pedro, Arrascaeta e Gerson.<\/p>\n\n\n\n<p>Enquanto alguns nomes destoaram tecnicamente, como Michael, que perdeu chance clara sem goleiro, Varela destoou positivamente e foi recompensado com a nota 8.6 no Sofascore, sendo eleito o melhor em campo. Ali\u00e1s, n\u00e3o apenas contribuiu tecnicamente, como tamb\u00e9m liderou o time em intensidade, regularidade e lucidez na tomada de decis\u00f5es.<\/p>\n\n\n\n<p><\/p>\n","protected":false},"excerpt":{"rendered":"<p>Mesmo com uma equipe alternativa e diante de um gramado irregular, o Flamengo superou o Botafogo-PB por 1 a 0, na noite de quinta-feira (01), no Castel\u00e3o, pelo jogo de ida da terceira fase da Copa do Brasil. Embora o gol tenha sido marcado por Joshua, a exibi\u00e7\u00e3o de Guillermo Varela foi prec\u00edpua para garantir [&hellip;]<\/p>\n","protected":false},"author":30,"featured_media":260299,"comment_status":"open","ping_status":"closed","sticky":false,"template":"","format":"standard","meta":{"footnotes":""},"categories":[1],"tags":[],"class_list":["post-260295","post","type-post","status-publish","format-standard","has-post-thumbnail","hentry","category-flamengo"],"yoast_head":"<!-- This site is optimized with the Yoast SEO Premium plugin v24.2 (Yoast SEO v26.9) - https:\/\/yoast.com\/product\/yoast-seo-premium-wordpress\/ -->\n<title>Ele chamou aten\u00e7\u00e3o na vit\u00f3ria do Flamengo na Copa do Brasil<\/title>\n<meta name=\"robots\" content=\"index, follow, max-snippet:-1, max-image-preview:large, max-video-preview:-1\" \/>\n<link rel=\"canonical\" href=\"https:\/\/www.gaveanews.com\/index.php\/2025\/05\/02\/ele-chamou-atencao-na-vitoria-do-flamengo-na-copa-do-brasil\/\" \/>\n<meta property=\"og:locale\" content=\"pt_BR\" \/>\n<meta property=\"og:type\" content=\"article\" \/>\n<meta property=\"og:title\" content=\"Ele chamou aten\u00e7\u00e3o na vit\u00f3ria do Flamengo na Copa do Brasil\" \/>\n<meta property=\"og:description\" content=\"Mesmo com uma equipe alternativa e diante de um gramado irregular, o Flamengo superou o Botafogo-PB por 1 a 0, na noite de quinta-feira (01), no Castel\u00e3o, pelo jogo de ida da terceira fase da Copa do Brasil. Embora o gol tenha sido marcado por Joshua, a exibi\u00e7\u00e3o de Guillermo Varela foi prec\u00edpua para garantir [&hellip;]\" \/>\n<meta property=\"og:url\" content=\"https:\/\/www.gaveanews.com\/index.php\/2025\/05\/02\/ele-chamou-atencao-na-vitoria-do-flamengo-na-copa-do-brasil\/\" \/>\n<meta property=\"og:site_name\" content=\"G\u00e1vea News\" \/>\n<meta property=\"article:publisher\" content=\"https:\/\/facebook.com\/gaveaNews\/\" \/>\n<meta property=\"article:published_time\" content=\"2025-05-02T22:35:00+00:00\" \/>\n<meta property=\"og:image\" content=\"https:\/\/www.gaveanews.com\/wp-content\/uploads\/Foto-oficial-do-time-titular-do-Flamengo-diante-do-Botafogo-PB-pela-Copa-do-Brasil.webp\" \/>\n\t<meta property=\"og:image:width\" content=\"1200\" \/>\n\t<meta property=\"og:image:height\" content=\"900\" \/>\n\t<meta property=\"og:image:type\" content=\"image\/webp\" \/>\n<meta name=\"author\" content=\"Ana Teixeira\" \/>\n<meta name=\"twitter:card\" content=\"summary_large_image\" \/>\n<meta name=\"twitter:label1\" content=\"Escrito por\" \/>\n\t<meta name=\"twitter:data1\" content=\"Ana Teixeira\" \/>\n\t<meta name=\"twitter:label2\" content=\"Est. tempo de leitura\" \/>\n\t<meta name=\"twitter:data2\" content=\"3 minutos\" \/>\n<script type=\"application\/ld+json\" class=\"yoast-schema-graph\">{\"@context\":\"https:\/\/schema.org\",\"@graph\":[{\"@type\":\"NewsArticle\",\"@id\":\"https:\/\/www.gaveanews.com\/index.php\/2025\/05\/02\/ele-chamou-atencao-na-vitoria-do-flamengo-na-copa-do-brasil\/#article\",\"isPartOf\":{\"@id\":\"https:\/\/www.gaveanews.com\/index.php\/2025\/05\/02\/ele-chamou-atencao-na-vitoria-do-flamengo-na-copa-do-brasil\/\"},\"author\":{\"name\":\"Ana Teixeira\",\"@id\":\"https:\/\/www.gaveanews.com\/#\/schema\/person\/3b19f7288b0ce20372991275e4f2e6c2\"},\"headline\":\"Ele chamou aten\u00e7\u00e3o na vit\u00f3ria do Flamengo na Copa do Brasil\",\"datePublished\":\"2025-05-02T22:35:00+00:00\",\"mainEntityOfPage\":{\"@id\":\"https:\/\/www.gaveanews.com\/index.php\/2025\/05\/02\/ele-chamou-atencao-na-vitoria-do-flamengo-na-copa-do-brasil\/\"},\"wordCount\":475,\"commentCount\":0,\"image\":{\"@id\":\"https:\/\/www.gaveanews.com\/index.php\/2025\/05\/02\/ele-chamou-atencao-na-vitoria-do-flamengo-na-copa-do-brasil\/#primaryimage\"},\"thumbnailUrl\":\"https:\/\/www.gaveanews.com\/wp-content\/uploads\/Foto-oficial-do-time-titular-do-Flamengo-diante-do-Botafogo-PB-pela-Copa-do-Brasil.webp\",\"articleSection\":[\"Flamengo\"],\"inLanguage\":\"pt-BR\",\"potentialAction\":[{\"@type\":\"CommentAction\",\"name\":\"Comment\",\"target\":[\"https:\/\/www.gaveanews.com\/index.php\/2025\/05\/02\/ele-chamou-atencao-na-vitoria-do-flamengo-na-copa-do-brasil\/#respond\"]}],\"copyrightYear\":\"2025\",\"copyrightHolder\":{\"@id\":\"https:\/\/www.gaveanews.com\/#organization\"}},{\"@type\":\"WebPage\",\"@id\":\"https:\/\/www.gaveanews.com\/index.php\/2025\/05\/02\/ele-chamou-atencao-na-vitoria-do-flamengo-na-copa-do-brasil\/\",\"url\":\"https:\/\/www.gaveanews.com\/index.php\/2025\/05\/02\/ele-chamou-atencao-na-vitoria-do-flamengo-na-copa-do-brasil\/\",\"name\":\"Ele chamou aten\u00e7\u00e3o na vit\u00f3ria do Flamengo na Copa do Brasil\",\"isPartOf\":{\"@id\":\"https:\/\/www.gaveanews.com\/#website\"},\"primaryImageOfPage\":{\"@id\":\"https:\/\/www.gaveanews.com\/index.php\/2025\/05\/02\/ele-chamou-atencao-na-vitoria-do-flamengo-na-copa-do-brasil\/#primaryimage\"},\"image\":{\"@id\":\"https:\/\/www.gaveanews.com\/index.php\/2025\/05\/02\/ele-chamou-atencao-na-vitoria-do-flamengo-na-copa-do-brasil\/#primaryimage\"},\"thumbnailUrl\":\"https:\/\/www.gaveanews.com\/wp-content\/uploads\/Foto-oficial-do-time-titular-do-Flamengo-diante-do-Botafogo-PB-pela-Copa-do-Brasil.webp\",\"datePublished\":\"2025-05-02T22:35:00+00:00\",\"author\":{\"@id\":\"https:\/\/www.gaveanews.com\/#\/schema\/person\/3b19f7288b0ce20372991275e4f2e6c2\"},\"breadcrumb\":{\"@id\":\"https:\/\/www.gaveanews.com\/index.php\/2025\/05\/02\/ele-chamou-atencao-na-vitoria-do-flamengo-na-copa-do-brasil\/#breadcrumb\"},\"inLanguage\":\"pt-BR\",\"potentialAction\":[{\"@type\":\"ReadAction\",\"target\":[\"https:\/\/www.gaveanews.com\/index.php\/2025\/05\/02\/ele-chamou-atencao-na-vitoria-do-flamengo-na-copa-do-brasil\/\"]}]},{\"@type\":\"ImageObject\",\"inLanguage\":\"pt-BR\",\"@id\":\"https:\/\/www.gaveanews.com\/index.php\/2025\/05\/02\/ele-chamou-atencao-na-vitoria-do-flamengo-na-copa-do-brasil\/#primaryimage\",\"url\":\"https:\/\/www.gaveanews.com\/wp-content\/uploads\/Foto-oficial-do-time-titular-do-Flamengo-diante-do-Botafogo-PB-pela-Copa-do-Brasil.webp\",\"contentUrl\":\"https:\/\/www.gaveanews.com\/wp-content\/uploads\/Foto-oficial-do-time-titular-do-Flamengo-diante-do-Botafogo-PB-pela-Copa-do-Brasil.webp\",\"width\":1200,\"height\":900,\"caption\":\"Foto oficial do time titular do Flamengo diante do Botafogo-PB, pela Copa do Brasil - Foto: Gilvan de Souza\/CRF\"},{\"@type\":\"BreadcrumbList\",\"@id\":\"https:\/\/www.gaveanews.com\/index.php\/2025\/05\/02\/ele-chamou-atencao-na-vitoria-do-flamengo-na-copa-do-brasil\/#breadcrumb\",\"itemListElement\":[{\"@type\":\"ListItem\",\"position\":1,\"name\":\"Home\",\"item\":\"https:\/\/www.gaveanews.com\/\"},{\"@type\":\"ListItem\",\"position\":2,\"name\":\"Ele chamou aten\u00e7\u00e3o na vit\u00f3ria do Flamengo na Copa do Brasil\"}]},{\"@type\":\"WebSite\",\"@id\":\"https:\/\/www.gaveanews.com\/#website\",\"url\":\"https:\/\/www.gaveanews.com\/\",\"name\":\"G\u00e1vea News\",\"description\":\"Veja todas as not\u00edcias sobre o Flamengo: Contrata\u00e7\u00f5es, categorias de base, resultados das partidas, tabela de classifica\u00e7\u00e3o, pr\u00f3ximos jogos!\",\"potentialAction\":[{\"@type\":\"SearchAction\",\"target\":{\"@type\":\"EntryPoint\",\"urlTemplate\":\"https:\/\/www.gaveanews.com\/?s={search_term_string}\"},\"query-input\":{\"@type\":\"PropertyValueSpecification\",\"valueRequired\":true,\"valueName\":\"search_term_string\"}}],\"inLanguage\":\"pt-BR\"},{\"@type\":\"Person\",\"@id\":\"https:\/\/www.gaveanews.com\/#\/schema\/person\/3b19f7288b0ce20372991275e4f2e6c2\",\"name\":\"Ana Teixeira\",\"image\":{\"@type\":\"ImageObject\",\"inLanguage\":\"pt-BR\",\"@id\":\"https:\/\/www.gaveanews.com\/#\/schema\/person\/image\/\",\"url\":\"https:\/\/secure.gravatar.com\/avatar\/0a73f5a5258f3fed37fc2fa641892f3f7a4748456d4d4792f9bc550e6c19e06c?s=96&d=mm&r=g\",\"contentUrl\":\"https:\/\/secure.gravatar.com\/avatar\/0a73f5a5258f3fed37fc2fa641892f3f7a4748456d4d4792f9bc550e6c19e06c?s=96&d=mm&r=g\",\"caption\":\"Ana Teixeira\"}}]}<\/script>\n<!-- \/ Yoast SEO Premium plugin. -->","yoast_head_json":{"title":"Ele chamou aten\u00e7\u00e3o na vit\u00f3ria do Flamengo na Copa do Brasil","robots":{"index":"index","follow":"follow","max-snippet":"max-snippet:-1","max-image-preview":"max-image-preview:large","max-video-preview":"max-video-preview:-1"},"canonical":"https:\/\/www.gaveanews.com\/index.php\/2025\/05\/02\/ele-chamou-atencao-na-vitoria-do-flamengo-na-copa-do-brasil\/","og_locale":"pt_BR","og_type":"article","og_title":"Ele chamou aten\u00e7\u00e3o na vit\u00f3ria do Flamengo na Copa do Brasil","og_description":"Mesmo com uma equipe alternativa e diante de um gramado irregular, o Flamengo superou o Botafogo-PB por 1 a 0, na noite de quinta-feira (01), no Castel\u00e3o, pelo jogo de ida da terceira fase da Copa do Brasil. Embora o gol tenha sido marcado por Joshua, a exibi\u00e7\u00e3o de Guillermo Varela foi prec\u00edpua para garantir [&hellip;]","og_url":"https:\/\/www.gaveanews.com\/index.php\/2025\/05\/02\/ele-chamou-atencao-na-vitoria-do-flamengo-na-copa-do-brasil\/","og_site_name":"G\u00e1vea News","article_publisher":"https:\/\/facebook.com\/gaveaNews\/","article_published_time":"2025-05-02T22:35:00+00:00","og_image":[{"width":1200,"height":900,"url":"https:\/\/www.gaveanews.com\/wp-content\/uploads\/Foto-oficial-do-time-titular-do-Flamengo-diante-do-Botafogo-PB-pela-Copa-do-Brasil.webp","type":"image\/webp"}],"author":"Ana Teixeira","twitter_card":"summary_large_image","twitter_misc":{"Escrito por":"Ana Teixeira","Est. tempo de leitura":"3 minutos"},"schema":{"@context":"https:\/\/schema.org","@graph":[{"@type":"NewsArticle","@id":"https:\/\/www.gaveanews.com\/index.php\/2025\/05\/02\/ele-chamou-atencao-na-vitoria-do-flamengo-na-copa-do-brasil\/#article","isPartOf":{"@id":"https:\/\/www.gaveanews.com\/index.php\/2025\/05\/02\/ele-chamou-atencao-na-vitoria-do-flamengo-na-copa-do-brasil\/"},"author":{"name":"Ana Teixeira","@id":"https:\/\/www.gaveanews.com\/#\/schema\/person\/3b19f7288b0ce20372991275e4f2e6c2"},"headline":"Ele chamou aten\u00e7\u00e3o na vit\u00f3ria do Flamengo na Copa do Brasil","datePublished":"2025-05-02T22:35:00+00:00","mainEntityOfPage":{"@id":"https:\/\/www.gaveanews.com\/index.php\/2025\/05\/02\/ele-chamou-atencao-na-vitoria-do-flamengo-na-copa-do-brasil\/"},"wordCount":475,"commentCount":0,"image":{"@id":"https:\/\/www.gaveanews.com\/index.php\/2025\/05\/02\/ele-chamou-atencao-na-vitoria-do-flamengo-na-copa-do-brasil\/#primaryimage"},"thumbnailUrl":"https:\/\/www.gaveanews.com\/wp-content\/uploads\/Foto-oficial-do-time-titular-do-Flamengo-diante-do-Botafogo-PB-pela-Copa-do-Brasil.webp","articleSection":["Flamengo"],"inLanguage":"pt-BR","potentialAction":[{"@type":"CommentAction","name":"Comment","target":["https:\/\/www.gaveanews.com\/index.php\/2025\/05\/02\/ele-chamou-atencao-na-vitoria-do-flamengo-na-copa-do-brasil\/#respond"]}],"copyrightYear":"2025","copyrightHolder":{"@id":"https:\/\/www.gaveanews.com\/#organization"}},{"@type":"WebPage","@id":"https:\/\/www.gaveanews.com\/index.php\/2025\/05\/02\/ele-chamou-atencao-na-vitoria-do-flamengo-na-copa-do-brasil\/","url":"https:\/\/www.gaveanews.com\/index.php\/2025\/05\/02\/ele-chamou-atencao-na-vitoria-do-flamengo-na-copa-do-brasil\/","name":"Ele chamou aten\u00e7\u00e3o na vit\u00f3ria do Flamengo na Copa do Brasil","isPartOf":{"@id":"https:\/\/www.gaveanews.com\/#website"},"primaryImageOfPage":{"@id":"https:\/\/www.gaveanews.com\/index.php\/2025\/05\/02\/ele-chamou-atencao-na-vitoria-do-flamengo-na-copa-do-brasil\/#primaryimage"},"image":{"@id":"https:\/\/www.gaveanews.com\/index.php\/2025\/05\/02\/ele-chamou-atencao-na-vitoria-do-flamengo-na-copa-do-brasil\/#primaryimage"},"thumbnailUrl":"https:\/\/www.gaveanews.com\/wp-content\/uploads\/Foto-oficial-do-time-titular-do-Flamengo-diante-do-Botafogo-PB-pela-Copa-do-Brasil.webp","datePublished":"2025-05-02T22:35:00+00:00","author":{"@id":"https:\/\/www.gaveanews.com\/#\/schema\/person\/3b19f7288b0ce20372991275e4f2e6c2"},"breadcrumb":{"@id":"https:\/\/www.gaveanews.com\/index.php\/2025\/05\/02\/ele-chamou-atencao-na-vitoria-do-flamengo-na-copa-do-brasil\/#breadcrumb"},"inLanguage":"pt-BR","potentialAction":[{"@type":"ReadAction","target":["https:\/\/www.gaveanews.com\/index.php\/2025\/05\/02\/ele-chamou-atencao-na-vitoria-do-flamengo-na-copa-do-brasil\/"]}]},{"@type":"ImageObject","inLanguage":"pt-BR","@id":"https:\/\/www.gaveanews.com\/index.php\/2025\/05\/02\/ele-chamou-atencao-na-vitoria-do-flamengo-na-copa-do-brasil\/#primaryimage","url":"https:\/\/www.gaveanews.com\/wp-content\/uploads\/Foto-oficial-do-time-titular-do-Flamengo-diante-do-Botafogo-PB-pela-Copa-do-Brasil.webp","contentUrl":"https:\/\/www.gaveanews.com\/wp-content\/uploads\/Foto-oficial-do-time-titular-do-Flamengo-diante-do-Botafogo-PB-pela-Copa-do-Brasil.webp","width":1200,"height":900,"caption":"Foto oficial do time titular do Flamengo diante do Botafogo-PB, pela Copa do Brasil - Foto: Gilvan de Souza\/CRF"},{"@type":"BreadcrumbList","@id":"https:\/\/www.gaveanews.com\/index.php\/2025\/05\/02\/ele-chamou-atencao-na-vitoria-do-flamengo-na-copa-do-brasil\/#breadcrumb","itemListElement":[{"@type":"ListItem","position":1,"name":"Home","item":"https:\/\/www.gaveanews.com\/"},{"@type":"ListItem","position":2,"name":"Ele chamou aten\u00e7\u00e3o na vit\u00f3ria do Flamengo na Copa do Brasil"}]},{"@type":"WebSite","@id":"https:\/\/www.gaveanews.com\/#website","url":"https:\/\/www.gaveanews.com\/","name":"G\u00e1vea News","description":"Veja todas as not\u00edcias sobre o Flamengo: Contrata\u00e7\u00f5es, categorias de base, resultados das partidas, tabela de classifica\u00e7\u00e3o, pr\u00f3ximos jogos!","potentialAction":[{"@type":"SearchAction","target":{"@type":"EntryPoint","urlTemplate":"https:\/\/www.gaveanews.com\/?s={search_term_string}"},"query-input":{"@type":"PropertyValueSpecification","valueRequired":true,"valueName":"search_term_string"}}],"inLanguage":"pt-BR"},{"@type":"Person","@id":"https:\/\/www.gaveanews.com\/#\/schema\/person\/3b19f7288b0ce20372991275e4f2e6c2","name":"Ana Teixeira","image":{"@type":"ImageObject","inLanguage":"pt-BR","@id":"https:\/\/www.gaveanews.com\/#\/schema\/person\/image\/","url":"https:\/\/secure.gravatar.com\/avatar\/0a73f5a5258f3fed37fc2fa641892f3f7a4748456d4d4792f9bc550e6c19e06c?s=96&d=mm&r=g","contentUrl":"https:\/\/secure.gravatar.com\/avatar\/0a73f5a5258f3fed37fc2fa641892f3f7a4748456d4d4792f9bc550e6c19e06c?s=96&d=mm&r=g","caption":"Ana Teixeira"}}]}},"_links":{"self":[{"href":"https:\/\/www.gaveanews.com\/index.php\/wp-json\/wp\/v2\/posts\/260295","targetHints":{"allow":["GET"]}}],"collection":[{"href":"https:\/\/www.gaveanews.com\/index.php\/wp-json\/wp\/v2\/posts"}],"about":[{"href":"https:\/\/www.gaveanews.com\/index.php\/wp-json\/wp\/v2\/types\/post"}],"author":[{"embeddable":true,"href":"https:\/\/www.gaveanews.com\/index.php\/wp-json\/wp\/v2\/users\/30"}],"replies":[{"embeddable":true,"href":"https:\/\/www.gaveanews.com\/index.php\/wp-json\/wp\/v2\/comments?post=260295"}],"version-history":[{"count":1,"href":"https:\/\/www.gaveanews.com\/index.php\/wp-json\/wp\/v2\/posts\/260295\/revisions"}],"predecessor-version":[{"id":260300,"href":"https:\/\/www.gaveanews.com\/index.php\/wp-json\/wp\/v2\/posts\/260295\/revisions\/260300"}],"wp:featuredmedia":[{"embeddable":true,"href":"https:\/\/www.gaveanews.com\/index.php\/wp-json\/wp\/v2\/media\/260299"}],"wp:attachment":[{"href":"https:\/\/www.gaveanews.com\/index.php\/wp-json\/wp\/v2\/media?parent=260295"}],"wp:term":[{"taxonomy":"category","embeddable":true,"href":"https:\/\/www.gaveanews.com\/index.php\/wp-json\/wp\/v2\/categories?post=260295"},{"taxonomy":"post_tag","embeddable":true,"href":"https:\/\/www.gaveanews.com\/index.php\/wp-json\/wp\/v2\/tags?post=260295"}],"curies":[{"name":"wp","href":"https:\/\/api.w.org\/{rel}","templated":true}]}}