{"id":260296,"date":"2025-05-02T19:25:00","date_gmt":"2025-05-02T22:25:00","guid":{"rendered":"https:\/\/www.gaveanews.com\/?p=260296"},"modified":"2025-05-02T18:27:20","modified_gmt":"2025-05-02T21:27:20","slug":"cria-do-flamengo-cai-nas-gracas-da-torcida-apos-vitoria-na-copa-do-brasil-craque","status":"publish","type":"post","link":"https:\/\/www.gaveanews.com\/index.php\/2025\/05\/02\/cria-do-flamengo-cai-nas-gracas-da-torcida-apos-vitoria-na-copa-do-brasil-craque\/","title":{"rendered":"Cria do Flamengo cai nas gra\u00e7as da torcida ap\u00f3s vit\u00f3ria na Copa do Brasil: &#8220;Craque\u2026&#8221;"},"content":{"rendered":"\n<p>A vit\u00f3ria do Flamengo por 1 a 0 sobre o Botafogo-PB, nessa quinta-feira (1\u00ba), pela ida da terceira fase da Copa do Brasil, foi marcada n\u00e3o apenas pelo gol de Joshua. O jogo, realizado com uma escala\u00e7\u00e3o alternativa, revelou tamb\u00e9m uma atua\u00e7\u00e3o bastante consistente do jovem zagueiro Jo\u00e3o Victor &#8211; promessa da base rubro-negra. Aos 18 anos, o defensor demonstrou maturidade, precis\u00e3o e leitura de jogo, o que vem despertando aten\u00e7\u00e3o crescente entre os torcedores rubro-negros.<\/p>\n\n\n\n<p>Apesar da pouca idade, Jo\u00e3o Victor foi um dos pilares defensivos da equipe durante os 90 minutos no Maranh\u00e3o. Em n\u00fameros, sua performance impressiona: completou 81 de 85 passes tentados, atingindo 95% de acerto. Ainda assim, n\u00e3o se limitou \u00e0s trocas curtas. Tamb\u00e9m executou com sucesso tr\u00eas dos quatro lan\u00e7amentos longos que tentou, sinalizando versatilidade e vis\u00e3o de jogo.<\/p>\n\n\n\n<p>Defensivamente, sua atua\u00e7\u00e3o foi igualmente s\u00f3lida. Ganhou o \u00fanico duelo a\u00e9reo que disputou, interceptou dois lances perigosos do advers\u00e1rio e ainda foi respons\u00e1vel por dois cortes importantes e tr\u00eas desarmes. Com 98 a\u00e7\u00f5es com a bola ao longo da partida, Jo\u00e3o demonstrou seguran\u00e7a e efici\u00eancia, seja na constru\u00e7\u00e3o de jogadas ou na conten\u00e7\u00e3o das investidas do Botafogo-PB.<\/p>\n\n\n\n<figure class=\"wp-block-embed is-type-rich is-provider-twitter wp-block-embed-twitter\"><div class=\"wp-block-embed__wrapper\">\n<blockquote class=\"twitter-tweet\" data-width=\"550\" data-dnt=\"true\"><p lang=\"pt\" dir=\"ltr\">CRAQUE DO FUTEBOL <a href=\"https:\/\/t.co\/3a1KM05vW0\">https:\/\/t.co\/3a1KM05vW0<\/a><\/p>&mdash; Henry \u1d9c\u02b3\u1da0\ud83c\udde6\ud83c\uddf4\ud83d\udcc0 (@thiudoricush) <a href=\"https:\/\/twitter.com\/thiudoricush\/status\/1918111849280610718?ref_src=twsrc%5Etfw\">May 2, 2025<\/a><\/blockquote><script async src=\"https:\/\/platform.twitter.com\/widgets.js\" charset=\"utf-8\"><\/script>\n<\/div><\/figure>\n\n\n\n<p>Enquanto Joshua garantiu o triunfo com um gol aos 85 minutos, aproveitando rebote ap\u00f3s cabe\u00e7ada de Juninho, foi a performance discreta e eficiente de Jo\u00e3o Victor que sustentou o dom\u00ednio territorial e o controle rubro-negro ao longo da maior parte do jogo. <\/p>\n\n\n\n<p>Em entrevista anterior, o treinador havia reiterado que as oportunidades s\u00e3o dadas com base em meritocracia e rendimento nos treinamentos. Assim sendo, a titularidade eventual de jovens como Jo\u00e3o Victor e Joshua reflete, segundo ele, a dedica\u00e7\u00e3o demonstrada no dia a dia.<\/p>\n\n\n\n<figure class=\"wp-block-embed is-type-rich is-provider-twitter wp-block-embed-twitter\"><div class=\"wp-block-embed__wrapper\">\n<blockquote class=\"twitter-tweet\" data-width=\"550\" data-dnt=\"true\"><p lang=\"pt\" dir=\"ltr\">Que moleque bom de bola. Pelo estilo de jogo, dava p testar ele como volante&#8230; <a href=\"https:\/\/t.co\/yDIFlgJdjk\">https:\/\/t.co\/yDIFlgJdjk<\/a><\/p>&mdash; Cristiano Oliveira (@uecristiano) <a href=\"https:\/\/twitter.com\/uecristiano\/status\/1918111254381470046?ref_src=twsrc%5Etfw\">May 2, 2025<\/a><\/blockquote><script async src=\"https:\/\/platform.twitter.com\/widgets.js\" charset=\"utf-8\"><\/script>\n<\/div><\/figure>\n\n\n\n<h2 class=\"wp-block-heading\" id=\"h-ausencias-sentidas\">Aus\u00eancias sentidas<\/h2>\n\n\n\n<p>A aus\u00eancia de minutagem a jovens como Lorran e Wallace Yan chamou aten\u00e7\u00e3o e se tornou um ponto de questionamento ao trabalho de Filipe Lu\u00eds. Contudo, o pr\u00f3prio t\u00e9cnico j\u00e1 havia deixado claro que jogadores como Pedro, Juninho e Plata est\u00e3o \u00e0 frente na hierarquia ofensiva, o que justifica a aus\u00eancia de Wallace. <\/p>\n\n\n\n<p>O clube avalia o caso de Lorran, que chegou ao profissional sob muita expectativa de torcedores. Contudo, a comiss\u00e3o de Filipe entende que o atleta precisa de mais tempo no sub-20 para alcan\u00e7ar a regularidade necess\u00e1ria.<\/p>\n\n\n\n<p>Portanto, diante de um cen\u00e1rio em que a comiss\u00e3o t\u00e9cnica opta por mesclar jovens promissores com jogadores experientes em partidas de menor risco, Jo\u00e3o Victor conseguiu n\u00e3o apenas corresponder, mas se destacar. A partida de volta contra o Botafogo-PB est\u00e1 marcada para 21 de maio, \u00e0s 21h30, no Maracan\u00e3. <\/p>\n","protected":false},"excerpt":{"rendered":"<p>A vit\u00f3ria do Flamengo por 1 a 0 sobre o Botafogo-PB, nessa quinta-feira (1\u00ba), pela ida da terceira fase da Copa do Brasil, foi marcada n\u00e3o apenas pelo gol de Joshua. O jogo, realizado com uma escala\u00e7\u00e3o alternativa, revelou tamb\u00e9m uma atua\u00e7\u00e3o bastante consistente do jovem zagueiro Jo\u00e3o Victor &#8211; promessa da base rubro-negra. Aos [&hellip;]<\/p>\n","protected":false},"author":30,"featured_media":127354,"comment_status":"open","ping_status":"closed","sticky":false,"template":"","format":"standard","meta":{"footnotes":""},"categories":[1],"tags":[],"class_list":["post-260296","post","type-post","status-publish","format-standard","has-post-thumbnail","hentry","category-flamengo"],"yoast_head":"<!-- This site is optimized with the Yoast SEO Premium plugin v24.2 (Yoast SEO v26.9) - https:\/\/yoast.com\/product\/yoast-seo-premium-wordpress\/ -->\n<title>Cria do Flamengo cai nas gra\u00e7as da torcida ap\u00f3s vit\u00f3ria na Copa do Brasil: &quot;Craque\u2026&quot;<\/title>\n<meta name=\"robots\" content=\"index, follow, max-snippet:-1, max-image-preview:large, max-video-preview:-1\" \/>\n<link rel=\"canonical\" href=\"https:\/\/www.gaveanews.com\/index.php\/2025\/05\/02\/cria-do-flamengo-cai-nas-gracas-da-torcida-apos-vitoria-na-copa-do-brasil-craque\/\" \/>\n<meta property=\"og:locale\" content=\"pt_BR\" \/>\n<meta property=\"og:type\" content=\"article\" \/>\n<meta property=\"og:title\" content=\"Cria do Flamengo cai nas gra\u00e7as da torcida ap\u00f3s vit\u00f3ria na Copa do Brasil: &quot;Craque\u2026&quot;\" \/>\n<meta property=\"og:description\" content=\"A vit\u00f3ria do Flamengo por 1 a 0 sobre o Botafogo-PB, nessa quinta-feira (1\u00ba), pela ida da terceira fase da Copa do Brasil, foi marcada n\u00e3o apenas pelo gol de Joshua. O jogo, realizado com uma escala\u00e7\u00e3o alternativa, revelou tamb\u00e9m uma atua\u00e7\u00e3o bastante consistente do jovem zagueiro Jo\u00e3o Victor &#8211; promessa da base rubro-negra. Aos [&hellip;]\" \/>\n<meta property=\"og:url\" content=\"https:\/\/www.gaveanews.com\/index.php\/2025\/05\/02\/cria-do-flamengo-cai-nas-gracas-da-torcida-apos-vitoria-na-copa-do-brasil-craque\/\" \/>\n<meta property=\"og:site_name\" content=\"G\u00e1vea News\" \/>\n<meta property=\"article:publisher\" content=\"https:\/\/facebook.com\/gaveaNews\/\" \/>\n<meta property=\"article:published_time\" content=\"2025-05-02T22:25:00+00:00\" \/>\n<meta property=\"og:image\" content=\"https:\/\/www.gaveanews.com\/wp-content\/uploads\/camisa-flamengo.webp\" \/>\n\t<meta property=\"og:image:width\" content=\"483\" \/>\n\t<meta property=\"og:image:height\" content=\"322\" \/>\n\t<meta property=\"og:image:type\" content=\"image\/webp\" \/>\n<meta name=\"author\" content=\"Ana Teixeira\" \/>\n<meta name=\"twitter:card\" content=\"summary_large_image\" \/>\n<meta name=\"twitter:label1\" content=\"Escrito por\" \/>\n\t<meta name=\"twitter:data1\" content=\"Ana Teixeira\" \/>\n\t<meta name=\"twitter:label2\" content=\"Est. tempo de leitura\" \/>\n\t<meta name=\"twitter:data2\" content=\"3 minutos\" \/>\n<script type=\"application\/ld+json\" class=\"yoast-schema-graph\">{\"@context\":\"https:\/\/schema.org\",\"@graph\":[{\"@type\":\"NewsArticle\",\"@id\":\"https:\/\/www.gaveanews.com\/index.php\/2025\/05\/02\/cria-do-flamengo-cai-nas-gracas-da-torcida-apos-vitoria-na-copa-do-brasil-craque\/#article\",\"isPartOf\":{\"@id\":\"https:\/\/www.gaveanews.com\/index.php\/2025\/05\/02\/cria-do-flamengo-cai-nas-gracas-da-torcida-apos-vitoria-na-copa-do-brasil-craque\/\"},\"author\":{\"name\":\"Ana Teixeira\",\"@id\":\"https:\/\/www.gaveanews.com\/#\/schema\/person\/3b19f7288b0ce20372991275e4f2e6c2\"},\"headline\":\"Cria do Flamengo cai nas gra\u00e7as da torcida ap\u00f3s vit\u00f3ria na Copa do Brasil: &#8220;Craque\u2026&#8221;\",\"datePublished\":\"2025-05-02T22:25:00+00:00\",\"mainEntityOfPage\":{\"@id\":\"https:\/\/www.gaveanews.com\/index.php\/2025\/05\/02\/cria-do-flamengo-cai-nas-gracas-da-torcida-apos-vitoria-na-copa-do-brasil-craque\/\"},\"wordCount\":483,\"commentCount\":0,\"image\":{\"@id\":\"https:\/\/www.gaveanews.com\/index.php\/2025\/05\/02\/cria-do-flamengo-cai-nas-gracas-da-torcida-apos-vitoria-na-copa-do-brasil-craque\/#primaryimage\"},\"thumbnailUrl\":\"https:\/\/www.gaveanews.com\/wp-content\/uploads\/camisa-flamengo.webp\",\"articleSection\":[\"Flamengo\"],\"inLanguage\":\"pt-BR\",\"potentialAction\":[{\"@type\":\"CommentAction\",\"name\":\"Comment\",\"target\":[\"https:\/\/www.gaveanews.com\/index.php\/2025\/05\/02\/cria-do-flamengo-cai-nas-gracas-da-torcida-apos-vitoria-na-copa-do-brasil-craque\/#respond\"]}],\"copyrightYear\":\"2025\",\"copyrightHolder\":{\"@id\":\"https:\/\/www.gaveanews.com\/#organization\"}},{\"@type\":\"WebPage\",\"@id\":\"https:\/\/www.gaveanews.com\/index.php\/2025\/05\/02\/cria-do-flamengo-cai-nas-gracas-da-torcida-apos-vitoria-na-copa-do-brasil-craque\/\",\"url\":\"https:\/\/www.gaveanews.com\/index.php\/2025\/05\/02\/cria-do-flamengo-cai-nas-gracas-da-torcida-apos-vitoria-na-copa-do-brasil-craque\/\",\"name\":\"Cria do Flamengo cai nas gra\u00e7as da torcida ap\u00f3s vit\u00f3ria na Copa do Brasil: \\\"Craque\u2026\\\"\",\"isPartOf\":{\"@id\":\"https:\/\/www.gaveanews.com\/#website\"},\"primaryImageOfPage\":{\"@id\":\"https:\/\/www.gaveanews.com\/index.php\/2025\/05\/02\/cria-do-flamengo-cai-nas-gracas-da-torcida-apos-vitoria-na-copa-do-brasil-craque\/#primaryimage\"},\"image\":{\"@id\":\"https:\/\/www.gaveanews.com\/index.php\/2025\/05\/02\/cria-do-flamengo-cai-nas-gracas-da-torcida-apos-vitoria-na-copa-do-brasil-craque\/#primaryimage\"},\"thumbnailUrl\":\"https:\/\/www.gaveanews.com\/wp-content\/uploads\/camisa-flamengo.webp\",\"datePublished\":\"2025-05-02T22:25:00+00:00\",\"author\":{\"@id\":\"https:\/\/www.gaveanews.com\/#\/schema\/person\/3b19f7288b0ce20372991275e4f2e6c2\"},\"breadcrumb\":{\"@id\":\"https:\/\/www.gaveanews.com\/index.php\/2025\/05\/02\/cria-do-flamengo-cai-nas-gracas-da-torcida-apos-vitoria-na-copa-do-brasil-craque\/#breadcrumb\"},\"inLanguage\":\"pt-BR\",\"potentialAction\":[{\"@type\":\"ReadAction\",\"target\":[\"https:\/\/www.gaveanews.com\/index.php\/2025\/05\/02\/cria-do-flamengo-cai-nas-gracas-da-torcida-apos-vitoria-na-copa-do-brasil-craque\/\"]}]},{\"@type\":\"ImageObject\",\"inLanguage\":\"pt-BR\",\"@id\":\"https:\/\/www.gaveanews.com\/index.php\/2025\/05\/02\/cria-do-flamengo-cai-nas-gracas-da-torcida-apos-vitoria-na-copa-do-brasil-craque\/#primaryimage\",\"url\":\"https:\/\/www.gaveanews.com\/wp-content\/uploads\/camisa-flamengo.webp\",\"contentUrl\":\"https:\/\/www.gaveanews.com\/wp-content\/uploads\/camisa-flamengo.webp\",\"width\":483,\"height\":322,\"caption\":\"Escudo do Flamengo (Foto: Reprodu\u00e7\u00e3o)\"},{\"@type\":\"BreadcrumbList\",\"@id\":\"https:\/\/www.gaveanews.com\/index.php\/2025\/05\/02\/cria-do-flamengo-cai-nas-gracas-da-torcida-apos-vitoria-na-copa-do-brasil-craque\/#breadcrumb\",\"itemListElement\":[{\"@type\":\"ListItem\",\"position\":1,\"name\":\"Home\",\"item\":\"https:\/\/www.gaveanews.com\/\"},{\"@type\":\"ListItem\",\"position\":2,\"name\":\"Cria do Flamengo cai nas gra\u00e7as da torcida ap\u00f3s vit\u00f3ria na Copa do Brasil: &#8220;Craque\u2026&#8221;\"}]},{\"@type\":\"WebSite\",\"@id\":\"https:\/\/www.gaveanews.com\/#website\",\"url\":\"https:\/\/www.gaveanews.com\/\",\"name\":\"G\u00e1vea News\",\"description\":\"Veja todas as not\u00edcias sobre o Flamengo: Contrata\u00e7\u00f5es, categorias de base, resultados das partidas, tabela de classifica\u00e7\u00e3o, pr\u00f3ximos jogos!\",\"potentialAction\":[{\"@type\":\"SearchAction\",\"target\":{\"@type\":\"EntryPoint\",\"urlTemplate\":\"https:\/\/www.gaveanews.com\/?s={search_term_string}\"},\"query-input\":{\"@type\":\"PropertyValueSpecification\",\"valueRequired\":true,\"valueName\":\"search_term_string\"}}],\"inLanguage\":\"pt-BR\"},{\"@type\":\"Person\",\"@id\":\"https:\/\/www.gaveanews.com\/#\/schema\/person\/3b19f7288b0ce20372991275e4f2e6c2\",\"name\":\"Ana Teixeira\",\"image\":{\"@type\":\"ImageObject\",\"inLanguage\":\"pt-BR\",\"@id\":\"https:\/\/www.gaveanews.com\/#\/schema\/person\/image\/\",\"url\":\"https:\/\/secure.gravatar.com\/avatar\/0a73f5a5258f3fed37fc2fa641892f3f7a4748456d4d4792f9bc550e6c19e06c?s=96&d=mm&r=g\",\"contentUrl\":\"https:\/\/secure.gravatar.com\/avatar\/0a73f5a5258f3fed37fc2fa641892f3f7a4748456d4d4792f9bc550e6c19e06c?s=96&d=mm&r=g\",\"caption\":\"Ana Teixeira\"}}]}<\/script>\n<!-- \/ Yoast SEO Premium plugin. -->","yoast_head_json":{"title":"Cria do Flamengo cai nas gra\u00e7as da torcida ap\u00f3s vit\u00f3ria na Copa do Brasil: \"Craque\u2026\"","robots":{"index":"index","follow":"follow","max-snippet":"max-snippet:-1","max-image-preview":"max-image-preview:large","max-video-preview":"max-video-preview:-1"},"canonical":"https:\/\/www.gaveanews.com\/index.php\/2025\/05\/02\/cria-do-flamengo-cai-nas-gracas-da-torcida-apos-vitoria-na-copa-do-brasil-craque\/","og_locale":"pt_BR","og_type":"article","og_title":"Cria do Flamengo cai nas gra\u00e7as da torcida ap\u00f3s vit\u00f3ria na Copa do Brasil: \"Craque\u2026\"","og_description":"A vit\u00f3ria do Flamengo por 1 a 0 sobre o Botafogo-PB, nessa quinta-feira (1\u00ba), pela ida da terceira fase da Copa do Brasil, foi marcada n\u00e3o apenas pelo gol de Joshua. O jogo, realizado com uma escala\u00e7\u00e3o alternativa, revelou tamb\u00e9m uma atua\u00e7\u00e3o bastante consistente do jovem zagueiro Jo\u00e3o Victor &#8211; promessa da base rubro-negra. Aos [&hellip;]","og_url":"https:\/\/www.gaveanews.com\/index.php\/2025\/05\/02\/cria-do-flamengo-cai-nas-gracas-da-torcida-apos-vitoria-na-copa-do-brasil-craque\/","og_site_name":"G\u00e1vea News","article_publisher":"https:\/\/facebook.com\/gaveaNews\/","article_published_time":"2025-05-02T22:25:00+00:00","og_image":[{"width":483,"height":322,"url":"https:\/\/www.gaveanews.com\/wp-content\/uploads\/camisa-flamengo.webp","type":"image\/webp"}],"author":"Ana Teixeira","twitter_card":"summary_large_image","twitter_misc":{"Escrito por":"Ana Teixeira","Est. tempo de leitura":"3 minutos"},"schema":{"@context":"https:\/\/schema.org","@graph":[{"@type":"NewsArticle","@id":"https:\/\/www.gaveanews.com\/index.php\/2025\/05\/02\/cria-do-flamengo-cai-nas-gracas-da-torcida-apos-vitoria-na-copa-do-brasil-craque\/#article","isPartOf":{"@id":"https:\/\/www.gaveanews.com\/index.php\/2025\/05\/02\/cria-do-flamengo-cai-nas-gracas-da-torcida-apos-vitoria-na-copa-do-brasil-craque\/"},"author":{"name":"Ana Teixeira","@id":"https:\/\/www.gaveanews.com\/#\/schema\/person\/3b19f7288b0ce20372991275e4f2e6c2"},"headline":"Cria do Flamengo cai nas gra\u00e7as da torcida ap\u00f3s vit\u00f3ria na Copa do Brasil: &#8220;Craque\u2026&#8221;","datePublished":"2025-05-02T22:25:00+00:00","mainEntityOfPage":{"@id":"https:\/\/www.gaveanews.com\/index.php\/2025\/05\/02\/cria-do-flamengo-cai-nas-gracas-da-torcida-apos-vitoria-na-copa-do-brasil-craque\/"},"wordCount":483,"commentCount":0,"image":{"@id":"https:\/\/www.gaveanews.com\/index.php\/2025\/05\/02\/cria-do-flamengo-cai-nas-gracas-da-torcida-apos-vitoria-na-copa-do-brasil-craque\/#primaryimage"},"thumbnailUrl":"https:\/\/www.gaveanews.com\/wp-content\/uploads\/camisa-flamengo.webp","articleSection":["Flamengo"],"inLanguage":"pt-BR","potentialAction":[{"@type":"CommentAction","name":"Comment","target":["https:\/\/www.gaveanews.com\/index.php\/2025\/05\/02\/cria-do-flamengo-cai-nas-gracas-da-torcida-apos-vitoria-na-copa-do-brasil-craque\/#respond"]}],"copyrightYear":"2025","copyrightHolder":{"@id":"https:\/\/www.gaveanews.com\/#organization"}},{"@type":"WebPage","@id":"https:\/\/www.gaveanews.com\/index.php\/2025\/05\/02\/cria-do-flamengo-cai-nas-gracas-da-torcida-apos-vitoria-na-copa-do-brasil-craque\/","url":"https:\/\/www.gaveanews.com\/index.php\/2025\/05\/02\/cria-do-flamengo-cai-nas-gracas-da-torcida-apos-vitoria-na-copa-do-brasil-craque\/","name":"Cria do Flamengo cai nas gra\u00e7as da torcida ap\u00f3s vit\u00f3ria na Copa do Brasil: \"Craque\u2026\"","isPartOf":{"@id":"https:\/\/www.gaveanews.com\/#website"},"primaryImageOfPage":{"@id":"https:\/\/www.gaveanews.com\/index.php\/2025\/05\/02\/cria-do-flamengo-cai-nas-gracas-da-torcida-apos-vitoria-na-copa-do-brasil-craque\/#primaryimage"},"image":{"@id":"https:\/\/www.gaveanews.com\/index.php\/2025\/05\/02\/cria-do-flamengo-cai-nas-gracas-da-torcida-apos-vitoria-na-copa-do-brasil-craque\/#primaryimage"},"thumbnailUrl":"https:\/\/www.gaveanews.com\/wp-content\/uploads\/camisa-flamengo.webp","datePublished":"2025-05-02T22:25:00+00:00","author":{"@id":"https:\/\/www.gaveanews.com\/#\/schema\/person\/3b19f7288b0ce20372991275e4f2e6c2"},"breadcrumb":{"@id":"https:\/\/www.gaveanews.com\/index.php\/2025\/05\/02\/cria-do-flamengo-cai-nas-gracas-da-torcida-apos-vitoria-na-copa-do-brasil-craque\/#breadcrumb"},"inLanguage":"pt-BR","potentialAction":[{"@type":"ReadAction","target":["https:\/\/www.gaveanews.com\/index.php\/2025\/05\/02\/cria-do-flamengo-cai-nas-gracas-da-torcida-apos-vitoria-na-copa-do-brasil-craque\/"]}]},{"@type":"ImageObject","inLanguage":"pt-BR","@id":"https:\/\/www.gaveanews.com\/index.php\/2025\/05\/02\/cria-do-flamengo-cai-nas-gracas-da-torcida-apos-vitoria-na-copa-do-brasil-craque\/#primaryimage","url":"https:\/\/www.gaveanews.com\/wp-content\/uploads\/camisa-flamengo.webp","contentUrl":"https:\/\/www.gaveanews.com\/wp-content\/uploads\/camisa-flamengo.webp","width":483,"height":322,"caption":"Escudo do Flamengo (Foto: Reprodu\u00e7\u00e3o)"},{"@type":"BreadcrumbList","@id":"https:\/\/www.gaveanews.com\/index.php\/2025\/05\/02\/cria-do-flamengo-cai-nas-gracas-da-torcida-apos-vitoria-na-copa-do-brasil-craque\/#breadcrumb","itemListElement":[{"@type":"ListItem","position":1,"name":"Home","item":"https:\/\/www.gaveanews.com\/"},{"@type":"ListItem","position":2,"name":"Cria do Flamengo cai nas gra\u00e7as da torcida ap\u00f3s vit\u00f3ria na Copa do Brasil: &#8220;Craque\u2026&#8221;"}]},{"@type":"WebSite","@id":"https:\/\/www.gaveanews.com\/#website","url":"https:\/\/www.gaveanews.com\/","name":"G\u00e1vea News","description":"Veja todas as not\u00edcias sobre o Flamengo: Contrata\u00e7\u00f5es, categorias de base, resultados das partidas, tabela de classifica\u00e7\u00e3o, pr\u00f3ximos jogos!","potentialAction":[{"@type":"SearchAction","target":{"@type":"EntryPoint","urlTemplate":"https:\/\/www.gaveanews.com\/?s={search_term_string}"},"query-input":{"@type":"PropertyValueSpecification","valueRequired":true,"valueName":"search_term_string"}}],"inLanguage":"pt-BR"},{"@type":"Person","@id":"https:\/\/www.gaveanews.com\/#\/schema\/person\/3b19f7288b0ce20372991275e4f2e6c2","name":"Ana Teixeira","image":{"@type":"ImageObject","inLanguage":"pt-BR","@id":"https:\/\/www.gaveanews.com\/#\/schema\/person\/image\/","url":"https:\/\/secure.gravatar.com\/avatar\/0a73f5a5258f3fed37fc2fa641892f3f7a4748456d4d4792f9bc550e6c19e06c?s=96&d=mm&r=g","contentUrl":"https:\/\/secure.gravatar.com\/avatar\/0a73f5a5258f3fed37fc2fa641892f3f7a4748456d4d4792f9bc550e6c19e06c?s=96&d=mm&r=g","caption":"Ana Teixeira"}}]}},"_links":{"self":[{"href":"https:\/\/www.gaveanews.com\/index.php\/wp-json\/wp\/v2\/posts\/260296","targetHints":{"allow":["GET"]}}],"collection":[{"href":"https:\/\/www.gaveanews.com\/index.php\/wp-json\/wp\/v2\/posts"}],"about":[{"href":"https:\/\/www.gaveanews.com\/index.php\/wp-json\/wp\/v2\/types\/post"}],"author":[{"embeddable":true,"href":"https:\/\/www.gaveanews.com\/index.php\/wp-json\/wp\/v2\/users\/30"}],"replies":[{"embeddable":true,"href":"https:\/\/www.gaveanews.com\/index.php\/wp-json\/wp\/v2\/comments?post=260296"}],"version-history":[{"count":1,"href":"https:\/\/www.gaveanews.com\/index.php\/wp-json\/wp\/v2\/posts\/260296\/revisions"}],"predecessor-version":[{"id":260297,"href":"https:\/\/www.gaveanews.com\/index.php\/wp-json\/wp\/v2\/posts\/260296\/revisions\/260297"}],"wp:featuredmedia":[{"embeddable":true,"href":"https:\/\/www.gaveanews.com\/index.php\/wp-json\/wp\/v2\/media\/127354"}],"wp:attachment":[{"href":"https:\/\/www.gaveanews.com\/index.php\/wp-json\/wp\/v2\/media?parent=260296"}],"wp:term":[{"taxonomy":"category","embeddable":true,"href":"https:\/\/www.gaveanews.com\/index.php\/wp-json\/wp\/v2\/categories?post=260296"},{"taxonomy":"post_tag","embeddable":true,"href":"https:\/\/www.gaveanews.com\/index.php\/wp-json\/wp\/v2\/tags?post=260296"}],"curies":[{"name":"wp","href":"https:\/\/api.w.org\/{rel}","templated":true}]}}