{"id":260302,"date":"2025-05-02T19:40:00","date_gmt":"2025-05-02T22:40:00","guid":{"rendered":"https:\/\/www.gaveanews.com\/?p=260302"},"modified":"2025-05-02T19:15:45","modified_gmt":"2025-05-02T22:15:45","slug":"dudu-toma-atitude-surpreendente-e-torcedores-do-cruzeiro-ligam-alerta","status":"publish","type":"post","link":"https:\/\/www.gaveanews.com\/index.php\/2025\/05\/02\/dudu-toma-atitude-surpreendente-e-torcedores-do-cruzeiro-ligam-alerta\/","title":{"rendered":"Dudu toma atitude surpreendente, e torcedores do Cruzeiro ligam alerta"},"content":{"rendered":"\n<p>Ap\u00f3s oficializar sua sa\u00edda do Cruzeiro, o atacante Dudu tomou uma atitude que chamou a aten\u00e7\u00e3o dos torcedores: apagou de suas redes sociais todas as imagens em que aparecia com a camisa celeste. A decis\u00e3o ocorreu poucos minutos depois do an\u00fancio da rescis\u00e3o contratual, firmada nesta sexta-feira (02). O jogador, que agora est\u00e1 livre no mercado, passa a ser especulado no Atl\u00e9tico-MG para a janela de transfer\u00eancias do meio do ano.<\/p>\n\n\n\n<p>Dudu chegou ao Cruzeiro em dezembro de 2024 e, \u00e0 \u00e9poca, publicou fotos vestindo a camisa do clube com mensagens de carinho e gratid\u00e3o. Entre as postagens exclu\u00eddas estavam registros da apresenta\u00e7\u00e3o oficial na Toca da Raposa e no Mineir\u00e3o, onde segurava um cartaz com a frase \u201cO bom filho \u00e0 casa torna\u201d, em refer\u00eancia \u00e0 sua origem nas categorias de base do clube.<\/p>\n\n\n\n<p>O v\u00ednculo entre Dudu e Cruzeiro iria at\u00e9 2027, mas a rela\u00e7\u00e3o se deteriorou rapidamente. O estopim foi a insatisfa\u00e7\u00e3o do atacante ao ser colocado no banco no duelo contra o Vasco. A partir daquele momento, o jogador foi afastado pela comiss\u00e3o t\u00e9cnica, que n\u00e3o aprovou seu comportamento em treinos e jogos. O caso teve o aval da diretoria de futebol.<\/p>\n\n\n\n<p>Nos bastidores, houve reuni\u00f5es entre o estafe de Dudu e a dire\u00e7\u00e3o do Cruzeiro a fim de resolver a situa\u00e7\u00e3o. Inicialmente, ficou definido que ele voltaria a treinar com o elenco, mas acabou n\u00e3o sendo relacionado para o jogo seguinte contra o Vila Nova. O encerramento do v\u00ednculo foi formalizado com um acordo no valor de aproximadamente R$ 15 milh\u00f5es.<\/p>\n\n\n\n<p>Mesmo ap\u00f3s apagar os registros com o Cruzeiro, Dudu manteve fotos de sua passagem pelo Palmeiras, onde tamb\u00e9m saiu de forma conturbada. Inclusive, o atacante ainda trava uma disputa judicial contra a presidente Leila Pereira, refletindo outro epis\u00f3dio turbulento em sua carreira.<\/p>\n\n\n\n<p>O Atl\u00e9tico-MG surge como poss\u00edvel destino, e j\u00e1 houve movimenta\u00e7\u00f5es nos bastidores. O t\u00e9cnico Cuca teria feito contato direto com o jogador, e o empres\u00e1rio de Dudu se reuniu com um dirigente do clube alvinegro. Apesar do interesse, qualquer negocia\u00e7\u00e3o depende de ajustes financeiros e poss\u00edveis compensa\u00e7\u00f5es.<\/p>\n","protected":false},"excerpt":{"rendered":"<p>Ap\u00f3s oficializar sua sa\u00edda do Cruzeiro, o atacante Dudu tomou uma atitude que chamou a aten\u00e7\u00e3o dos torcedores: apagou de suas redes sociais todas as imagens em que aparecia com a camisa celeste. A decis\u00e3o ocorreu poucos minutos depois do an\u00fancio da rescis\u00e3o contratual, firmada nesta sexta-feira (02). O jogador, que agora est\u00e1 livre no [&hellip;]<\/p>\n","protected":false},"author":18,"featured_media":225511,"comment_status":"open","ping_status":"closed","sticky":false,"template":"","format":"standard","meta":{"footnotes":""},"categories":[143],"tags":[],"class_list":["post-260302","post","type-post","status-publish","format-standard","has-post-thumbnail","hentry","category-cruzeiro"],"yoast_head":"<!-- This site is optimized with the Yoast SEO Premium plugin v24.2 (Yoast SEO v26.9) - https:\/\/yoast.com\/product\/yoast-seo-premium-wordpress\/ -->\n<title>Dudu toma atitude surpreendente, e torcedores do Cruzeiro ligam alerta<\/title>\n<meta name=\"robots\" content=\"index, follow, max-snippet:-1, max-image-preview:large, max-video-preview:-1\" \/>\n<link rel=\"canonical\" href=\"https:\/\/www.gaveanews.com\/index.php\/2025\/05\/02\/dudu-toma-atitude-surpreendente-e-torcedores-do-cruzeiro-ligam-alerta\/\" \/>\n<meta property=\"og:locale\" content=\"pt_BR\" \/>\n<meta property=\"og:type\" content=\"article\" \/>\n<meta property=\"og:title\" content=\"Dudu toma atitude surpreendente, e torcedores do Cruzeiro ligam alerta\" \/>\n<meta property=\"og:description\" content=\"Ap\u00f3s oficializar sua sa\u00edda do Cruzeiro, o atacante Dudu tomou uma atitude que chamou a aten\u00e7\u00e3o dos torcedores: apagou de suas redes sociais todas as imagens em que aparecia com a camisa celeste. A decis\u00e3o ocorreu poucos minutos depois do an\u00fancio da rescis\u00e3o contratual, firmada nesta sexta-feira (02). O jogador, que agora est\u00e1 livre no [&hellip;]\" \/>\n<meta property=\"og:url\" content=\"https:\/\/www.gaveanews.com\/index.php\/2025\/05\/02\/dudu-toma-atitude-surpreendente-e-torcedores-do-cruzeiro-ligam-alerta\/\" \/>\n<meta property=\"og:site_name\" content=\"G\u00e1vea News\" \/>\n<meta property=\"article:publisher\" content=\"https:\/\/facebook.com\/gaveaNews\/\" \/>\n<meta property=\"article:published_time\" content=\"2025-05-02T22:40:00+00:00\" \/>\n<meta property=\"og:image\" content=\"https:\/\/www.gaveanews.com\/wp-content\/uploads\/dudu-cruzeiro.webp\" \/>\n\t<meta property=\"og:image:width\" content=\"688\" \/>\n\t<meta property=\"og:image:height\" content=\"379\" \/>\n\t<meta property=\"og:image:type\" content=\"image\/png\" \/>\n<meta name=\"author\" content=\"Paula Silva\" \/>\n<meta name=\"twitter:card\" content=\"summary_large_image\" \/>\n<meta name=\"twitter:label1\" content=\"Escrito por\" \/>\n\t<meta name=\"twitter:data1\" content=\"Paula Silva\" \/>\n\t<meta name=\"twitter:label2\" content=\"Est. tempo de leitura\" \/>\n\t<meta name=\"twitter:data2\" content=\"3 minutos\" \/>\n<script type=\"application\/ld+json\" class=\"yoast-schema-graph\">{\"@context\":\"https:\/\/schema.org\",\"@graph\":[{\"@type\":\"NewsArticle\",\"@id\":\"https:\/\/www.gaveanews.com\/index.php\/2025\/05\/02\/dudu-toma-atitude-surpreendente-e-torcedores-do-cruzeiro-ligam-alerta\/#article\",\"isPartOf\":{\"@id\":\"https:\/\/www.gaveanews.com\/index.php\/2025\/05\/02\/dudu-toma-atitude-surpreendente-e-torcedores-do-cruzeiro-ligam-alerta\/\"},\"author\":{\"name\":\"Paula Silva\",\"@id\":\"https:\/\/www.gaveanews.com\/#\/schema\/person\/daf63eec72e1164eb13dc35096c2b8da\"},\"headline\":\"Dudu toma atitude surpreendente, e torcedores do Cruzeiro ligam alerta\",\"datePublished\":\"2025-05-02T22:40:00+00:00\",\"mainEntityOfPage\":{\"@id\":\"https:\/\/www.gaveanews.com\/index.php\/2025\/05\/02\/dudu-toma-atitude-surpreendente-e-torcedores-do-cruzeiro-ligam-alerta\/\"},\"wordCount\":384,\"commentCount\":0,\"image\":{\"@id\":\"https:\/\/www.gaveanews.com\/index.php\/2025\/05\/02\/dudu-toma-atitude-surpreendente-e-torcedores-do-cruzeiro-ligam-alerta\/#primaryimage\"},\"thumbnailUrl\":\"https:\/\/www.gaveanews.com\/wp-content\/uploads\/dudu-cruzeiro.webp\",\"articleSection\":[\"Cruzeiro\"],\"inLanguage\":\"pt-BR\",\"potentialAction\":[{\"@type\":\"CommentAction\",\"name\":\"Comment\",\"target\":[\"https:\/\/www.gaveanews.com\/index.php\/2025\/05\/02\/dudu-toma-atitude-surpreendente-e-torcedores-do-cruzeiro-ligam-alerta\/#respond\"]}],\"copyrightYear\":\"2025\",\"copyrightHolder\":{\"@id\":\"https:\/\/www.gaveanews.com\/#organization\"}},{\"@type\":\"WebPage\",\"@id\":\"https:\/\/www.gaveanews.com\/index.php\/2025\/05\/02\/dudu-toma-atitude-surpreendente-e-torcedores-do-cruzeiro-ligam-alerta\/\",\"url\":\"https:\/\/www.gaveanews.com\/index.php\/2025\/05\/02\/dudu-toma-atitude-surpreendente-e-torcedores-do-cruzeiro-ligam-alerta\/\",\"name\":\"Dudu toma atitude surpreendente, e torcedores do Cruzeiro ligam alerta\",\"isPartOf\":{\"@id\":\"https:\/\/www.gaveanews.com\/#website\"},\"primaryImageOfPage\":{\"@id\":\"https:\/\/www.gaveanews.com\/index.php\/2025\/05\/02\/dudu-toma-atitude-surpreendente-e-torcedores-do-cruzeiro-ligam-alerta\/#primaryimage\"},\"image\":{\"@id\":\"https:\/\/www.gaveanews.com\/index.php\/2025\/05\/02\/dudu-toma-atitude-surpreendente-e-torcedores-do-cruzeiro-ligam-alerta\/#primaryimage\"},\"thumbnailUrl\":\"https:\/\/www.gaveanews.com\/wp-content\/uploads\/dudu-cruzeiro.webp\",\"datePublished\":\"2025-05-02T22:40:00+00:00\",\"author\":{\"@id\":\"https:\/\/www.gaveanews.com\/#\/schema\/person\/daf63eec72e1164eb13dc35096c2b8da\"},\"breadcrumb\":{\"@id\":\"https:\/\/www.gaveanews.com\/index.php\/2025\/05\/02\/dudu-toma-atitude-surpreendente-e-torcedores-do-cruzeiro-ligam-alerta\/#breadcrumb\"},\"inLanguage\":\"pt-BR\",\"potentialAction\":[{\"@type\":\"ReadAction\",\"target\":[\"https:\/\/www.gaveanews.com\/index.php\/2025\/05\/02\/dudu-toma-atitude-surpreendente-e-torcedores-do-cruzeiro-ligam-alerta\/\"]}]},{\"@type\":\"ImageObject\",\"inLanguage\":\"pt-BR\",\"@id\":\"https:\/\/www.gaveanews.com\/index.php\/2025\/05\/02\/dudu-toma-atitude-surpreendente-e-torcedores-do-cruzeiro-ligam-alerta\/#primaryimage\",\"url\":\"https:\/\/www.gaveanews.com\/wp-content\/uploads\/dudu-cruzeiro.webp\",\"contentUrl\":\"https:\/\/www.gaveanews.com\/wp-content\/uploads\/dudu-cruzeiro.webp\",\"width\":688,\"height\":379,\"caption\":\"Dudu, jogador do Cruzeiro - Foto: Reprodu\u00e7\u00e3o\"},{\"@type\":\"BreadcrumbList\",\"@id\":\"https:\/\/www.gaveanews.com\/index.php\/2025\/05\/02\/dudu-toma-atitude-surpreendente-e-torcedores-do-cruzeiro-ligam-alerta\/#breadcrumb\",\"itemListElement\":[{\"@type\":\"ListItem\",\"position\":1,\"name\":\"Home\",\"item\":\"https:\/\/www.gaveanews.com\/\"},{\"@type\":\"ListItem\",\"position\":2,\"name\":\"Dudu toma atitude surpreendente, e torcedores do Cruzeiro ligam alerta\"}]},{\"@type\":\"WebSite\",\"@id\":\"https:\/\/www.gaveanews.com\/#website\",\"url\":\"https:\/\/www.gaveanews.com\/\",\"name\":\"G\u00e1vea News\",\"description\":\"Veja todas as not\u00edcias sobre o Flamengo: Contrata\u00e7\u00f5es, categorias de base, resultados das partidas, tabela de classifica\u00e7\u00e3o, pr\u00f3ximos jogos!\",\"potentialAction\":[{\"@type\":\"SearchAction\",\"target\":{\"@type\":\"EntryPoint\",\"urlTemplate\":\"https:\/\/www.gaveanews.com\/?s={search_term_string}\"},\"query-input\":{\"@type\":\"PropertyValueSpecification\",\"valueRequired\":true,\"valueName\":\"search_term_string\"}}],\"inLanguage\":\"pt-BR\"},{\"@type\":\"Person\",\"@id\":\"https:\/\/www.gaveanews.com\/#\/schema\/person\/daf63eec72e1164eb13dc35096c2b8da\",\"name\":\"Paula Silva\",\"image\":{\"@type\":\"ImageObject\",\"inLanguage\":\"pt-BR\",\"@id\":\"https:\/\/www.gaveanews.com\/#\/schema\/person\/image\/\",\"url\":\"https:\/\/secure.gravatar.com\/avatar\/eda381c845527cc5d64c13b901833cda29d97500ba040d3e6461f76f51d163bb?s=96&d=mm&r=g\",\"contentUrl\":\"https:\/\/secure.gravatar.com\/avatar\/eda381c845527cc5d64c13b901833cda29d97500ba040d3e6461f76f51d163bb?s=96&d=mm&r=g\",\"caption\":\"Paula Silva\"}}]}<\/script>\n<!-- \/ Yoast SEO Premium plugin. -->","yoast_head_json":{"title":"Dudu toma atitude surpreendente, e torcedores do Cruzeiro ligam alerta","robots":{"index":"index","follow":"follow","max-snippet":"max-snippet:-1","max-image-preview":"max-image-preview:large","max-video-preview":"max-video-preview:-1"},"canonical":"https:\/\/www.gaveanews.com\/index.php\/2025\/05\/02\/dudu-toma-atitude-surpreendente-e-torcedores-do-cruzeiro-ligam-alerta\/","og_locale":"pt_BR","og_type":"article","og_title":"Dudu toma atitude surpreendente, e torcedores do Cruzeiro ligam alerta","og_description":"Ap\u00f3s oficializar sua sa\u00edda do Cruzeiro, o atacante Dudu tomou uma atitude que chamou a aten\u00e7\u00e3o dos torcedores: apagou de suas redes sociais todas as imagens em que aparecia com a camisa celeste. A decis\u00e3o ocorreu poucos minutos depois do an\u00fancio da rescis\u00e3o contratual, firmada nesta sexta-feira (02). O jogador, que agora est\u00e1 livre no [&hellip;]","og_url":"https:\/\/www.gaveanews.com\/index.php\/2025\/05\/02\/dudu-toma-atitude-surpreendente-e-torcedores-do-cruzeiro-ligam-alerta\/","og_site_name":"G\u00e1vea News","article_publisher":"https:\/\/facebook.com\/gaveaNews\/","article_published_time":"2025-05-02T22:40:00+00:00","og_image":[{"width":688,"height":379,"url":"https:\/\/www.gaveanews.com\/wp-content\/uploads\/dudu-cruzeiro.webp","type":"image\/png"}],"author":"Paula Silva","twitter_card":"summary_large_image","twitter_misc":{"Escrito por":"Paula Silva","Est. tempo de leitura":"3 minutos"},"schema":{"@context":"https:\/\/schema.org","@graph":[{"@type":"NewsArticle","@id":"https:\/\/www.gaveanews.com\/index.php\/2025\/05\/02\/dudu-toma-atitude-surpreendente-e-torcedores-do-cruzeiro-ligam-alerta\/#article","isPartOf":{"@id":"https:\/\/www.gaveanews.com\/index.php\/2025\/05\/02\/dudu-toma-atitude-surpreendente-e-torcedores-do-cruzeiro-ligam-alerta\/"},"author":{"name":"Paula Silva","@id":"https:\/\/www.gaveanews.com\/#\/schema\/person\/daf63eec72e1164eb13dc35096c2b8da"},"headline":"Dudu toma atitude surpreendente, e torcedores do Cruzeiro ligam alerta","datePublished":"2025-05-02T22:40:00+00:00","mainEntityOfPage":{"@id":"https:\/\/www.gaveanews.com\/index.php\/2025\/05\/02\/dudu-toma-atitude-surpreendente-e-torcedores-do-cruzeiro-ligam-alerta\/"},"wordCount":384,"commentCount":0,"image":{"@id":"https:\/\/www.gaveanews.com\/index.php\/2025\/05\/02\/dudu-toma-atitude-surpreendente-e-torcedores-do-cruzeiro-ligam-alerta\/#primaryimage"},"thumbnailUrl":"https:\/\/www.gaveanews.com\/wp-content\/uploads\/dudu-cruzeiro.webp","articleSection":["Cruzeiro"],"inLanguage":"pt-BR","potentialAction":[{"@type":"CommentAction","name":"Comment","target":["https:\/\/www.gaveanews.com\/index.php\/2025\/05\/02\/dudu-toma-atitude-surpreendente-e-torcedores-do-cruzeiro-ligam-alerta\/#respond"]}],"copyrightYear":"2025","copyrightHolder":{"@id":"https:\/\/www.gaveanews.com\/#organization"}},{"@type":"WebPage","@id":"https:\/\/www.gaveanews.com\/index.php\/2025\/05\/02\/dudu-toma-atitude-surpreendente-e-torcedores-do-cruzeiro-ligam-alerta\/","url":"https:\/\/www.gaveanews.com\/index.php\/2025\/05\/02\/dudu-toma-atitude-surpreendente-e-torcedores-do-cruzeiro-ligam-alerta\/","name":"Dudu toma atitude surpreendente, e torcedores do Cruzeiro ligam alerta","isPartOf":{"@id":"https:\/\/www.gaveanews.com\/#website"},"primaryImageOfPage":{"@id":"https:\/\/www.gaveanews.com\/index.php\/2025\/05\/02\/dudu-toma-atitude-surpreendente-e-torcedores-do-cruzeiro-ligam-alerta\/#primaryimage"},"image":{"@id":"https:\/\/www.gaveanews.com\/index.php\/2025\/05\/02\/dudu-toma-atitude-surpreendente-e-torcedores-do-cruzeiro-ligam-alerta\/#primaryimage"},"thumbnailUrl":"https:\/\/www.gaveanews.com\/wp-content\/uploads\/dudu-cruzeiro.webp","datePublished":"2025-05-02T22:40:00+00:00","author":{"@id":"https:\/\/www.gaveanews.com\/#\/schema\/person\/daf63eec72e1164eb13dc35096c2b8da"},"breadcrumb":{"@id":"https:\/\/www.gaveanews.com\/index.php\/2025\/05\/02\/dudu-toma-atitude-surpreendente-e-torcedores-do-cruzeiro-ligam-alerta\/#breadcrumb"},"inLanguage":"pt-BR","potentialAction":[{"@type":"ReadAction","target":["https:\/\/www.gaveanews.com\/index.php\/2025\/05\/02\/dudu-toma-atitude-surpreendente-e-torcedores-do-cruzeiro-ligam-alerta\/"]}]},{"@type":"ImageObject","inLanguage":"pt-BR","@id":"https:\/\/www.gaveanews.com\/index.php\/2025\/05\/02\/dudu-toma-atitude-surpreendente-e-torcedores-do-cruzeiro-ligam-alerta\/#primaryimage","url":"https:\/\/www.gaveanews.com\/wp-content\/uploads\/dudu-cruzeiro.webp","contentUrl":"https:\/\/www.gaveanews.com\/wp-content\/uploads\/dudu-cruzeiro.webp","width":688,"height":379,"caption":"Dudu, jogador do Cruzeiro - Foto: Reprodu\u00e7\u00e3o"},{"@type":"BreadcrumbList","@id":"https:\/\/www.gaveanews.com\/index.php\/2025\/05\/02\/dudu-toma-atitude-surpreendente-e-torcedores-do-cruzeiro-ligam-alerta\/#breadcrumb","itemListElement":[{"@type":"ListItem","position":1,"name":"Home","item":"https:\/\/www.gaveanews.com\/"},{"@type":"ListItem","position":2,"name":"Dudu toma atitude surpreendente, e torcedores do Cruzeiro ligam alerta"}]},{"@type":"WebSite","@id":"https:\/\/www.gaveanews.com\/#website","url":"https:\/\/www.gaveanews.com\/","name":"G\u00e1vea News","description":"Veja todas as not\u00edcias sobre o Flamengo: Contrata\u00e7\u00f5es, categorias de base, resultados das partidas, tabela de classifica\u00e7\u00e3o, pr\u00f3ximos jogos!","potentialAction":[{"@type":"SearchAction","target":{"@type":"EntryPoint","urlTemplate":"https:\/\/www.gaveanews.com\/?s={search_term_string}"},"query-input":{"@type":"PropertyValueSpecification","valueRequired":true,"valueName":"search_term_string"}}],"inLanguage":"pt-BR"},{"@type":"Person","@id":"https:\/\/www.gaveanews.com\/#\/schema\/person\/daf63eec72e1164eb13dc35096c2b8da","name":"Paula Silva","image":{"@type":"ImageObject","inLanguage":"pt-BR","@id":"https:\/\/www.gaveanews.com\/#\/schema\/person\/image\/","url":"https:\/\/secure.gravatar.com\/avatar\/eda381c845527cc5d64c13b901833cda29d97500ba040d3e6461f76f51d163bb?s=96&d=mm&r=g","contentUrl":"https:\/\/secure.gravatar.com\/avatar\/eda381c845527cc5d64c13b901833cda29d97500ba040d3e6461f76f51d163bb?s=96&d=mm&r=g","caption":"Paula Silva"}}]}},"_links":{"self":[{"href":"https:\/\/www.gaveanews.com\/index.php\/wp-json\/wp\/v2\/posts\/260302","targetHints":{"allow":["GET"]}}],"collection":[{"href":"https:\/\/www.gaveanews.com\/index.php\/wp-json\/wp\/v2\/posts"}],"about":[{"href":"https:\/\/www.gaveanews.com\/index.php\/wp-json\/wp\/v2\/types\/post"}],"author":[{"embeddable":true,"href":"https:\/\/www.gaveanews.com\/index.php\/wp-json\/wp\/v2\/users\/18"}],"replies":[{"embeddable":true,"href":"https:\/\/www.gaveanews.com\/index.php\/wp-json\/wp\/v2\/comments?post=260302"}],"version-history":[{"count":1,"href":"https:\/\/www.gaveanews.com\/index.php\/wp-json\/wp\/v2\/posts\/260302\/revisions"}],"predecessor-version":[{"id":260303,"href":"https:\/\/www.gaveanews.com\/index.php\/wp-json\/wp\/v2\/posts\/260302\/revisions\/260303"}],"wp:featuredmedia":[{"embeddable":true,"href":"https:\/\/www.gaveanews.com\/index.php\/wp-json\/wp\/v2\/media\/225511"}],"wp:attachment":[{"href":"https:\/\/www.gaveanews.com\/index.php\/wp-json\/wp\/v2\/media?parent=260302"}],"wp:term":[{"taxonomy":"category","embeddable":true,"href":"https:\/\/www.gaveanews.com\/index.php\/wp-json\/wp\/v2\/categories?post=260302"},{"taxonomy":"post_tag","embeddable":true,"href":"https:\/\/www.gaveanews.com\/index.php\/wp-json\/wp\/v2\/tags?post=260302"}],"curies":[{"name":"wp","href":"https:\/\/api.w.org\/{rel}","templated":true}]}}