{"id":260306,"date":"2025-05-02T19:50:00","date_gmt":"2025-05-02T22:50:00","guid":{"rendered":"https:\/\/www.gaveanews.com\/?p=260306"},"modified":"2025-05-02T19:25:27","modified_gmt":"2025-05-02T22:25:27","slug":"a-declaracao-de-ramos-mingo-sobre-a-defesa-do-bahia","status":"publish","type":"post","link":"https:\/\/www.gaveanews.com\/index.php\/2025\/05\/02\/a-declaracao-de-ramos-mingo-sobre-a-defesa-do-bahia\/","title":{"rendered":"A declara\u00e7\u00e3o de Ramos Mingo sobre a defesa do Bahia"},"content":{"rendered":"\n<p>O zagueiro Santiago Ramos Mingo concedeu entrevista nesta sexta-feira (02), na qual destacou o bom momento defensivo vivido pelo Bahia. O Tricolor chega ao confronto contra o Botafogo, neste s\u00e1bado (03), \u00e0s 21 horas (hor\u00e1rio de Bras\u00edlia), com quatro vit\u00f3rias consecutivas, todas sem sofrer gols. Tr\u00eas desses triunfos tiveram a dupla de zaga formada por Mingo e David Duarte, que vem se consolidando no setor.<\/p>\n\n\n\n<p>Durante a entrevista, Mingo valorizou o desempenho coletivo da equipe, destacando a consist\u00eancia defensiva como resultado do trabalho conjunto. \u201cDefendemos num bloco s\u00f3lido, e estamos mantendo bem as coisas para ganhar os jogos\u201d, afirmou o jogador. Ele tamb\u00e9m elogiou seu parceiro de zaga: \u201cAl\u00e9m de ser um grande jogador, David \u00e9 uma grande pessoa. Me dou muito bem com ele e estou feliz com o n\u00edvel que estamos apresentando\u201d.<\/p>\n\n\n\n<p>Contratado no in\u00edcio da temporada, o defensor argentino come\u00e7ou tendo Kanu e Gabriel Xavier como parceiros. Contudo, as les\u00f5es desses atletas abriram espa\u00e7o para David Duarte se firmar no time titular. A nova forma\u00e7\u00e3o defensiva mostrou-se eficiente, com atua\u00e7\u00f5es seguras contra Cear\u00e1, Atl\u00e9tico Nacional e Palmeiras, todos vencidos por 1 a 0. Contra o Paysandu, Mingo e Duarte foram poupados, mas a equipe tamb\u00e9m saiu de campo sem ser vazada.<\/p>\n\n\n\n<p>Mingo comentou tamb\u00e9m sobre sua adapta\u00e7\u00e3o ao clube. \u201cO grupo me apoiou desde o in\u00edcio. Me senti em casa desde os primeiros dias, gra\u00e7as aos companheiros, dirigentes e comiss\u00e3o t\u00e9cnica\u201d, disse. Ele ainda ressaltou a import\u00e2ncia de se manter competitivo no Brasileir\u00e3o e valorizou a oportunidade de disputar torneios relevantes como a Libertadores.<\/p>\n\n\n\n<p>Apesar do retorno de Gabriel Xavier, que pode at\u00e9 ser improvisado na lateral direita, a expectativa \u00e9 de que Mingo e David Duarte sigam como titulares diante do Botafogo. A equipe t\u00e9cnica aguarda a defini\u00e7\u00e3o sobre a condi\u00e7\u00e3o f\u00edsica de Gilberto, que \u00e9 d\u00favida.<\/p>\n\n\n\n<p>Por fim, o zagueiro comentou sobre o ritmo intenso de jogos. \u201cEstamos preparados para jogar a cada tr\u00eas ou quatro dias. Todos est\u00e3o tendo minutos, e vamos manter esse n\u00edvel at\u00e9 o fim do ano\u201d, concluiu.<\/p>\n","protected":false},"excerpt":{"rendered":"<p>O zagueiro Santiago Ramos Mingo concedeu entrevista nesta sexta-feira (02), na qual destacou o bom momento defensivo vivido pelo Bahia. O Tricolor chega ao confronto contra o Botafogo, neste s\u00e1bado (03), \u00e0s 21 horas (hor\u00e1rio de Bras\u00edlia), com quatro vit\u00f3rias consecutivas, todas sem sofrer gols. Tr\u00eas desses triunfos tiveram a dupla de zaga formada por [&hellip;]<\/p>\n","protected":false},"author":18,"featured_media":260309,"comment_status":"open","ping_status":"closed","sticky":false,"template":"","format":"standard","meta":{"footnotes":""},"categories":[137],"tags":[],"class_list":["post-260306","post","type-post","status-publish","format-standard","has-post-thumbnail","hentry","category-bahia"],"yoast_head":"<!-- This site is optimized with the Yoast SEO Premium plugin v24.2 (Yoast SEO v26.9) - https:\/\/yoast.com\/product\/yoast-seo-premium-wordpress\/ -->\n<title>A declara\u00e7\u00e3o de Ramos Mingo sobre a defesa do Bahia<\/title>\n<meta name=\"robots\" content=\"index, follow, max-snippet:-1, max-image-preview:large, max-video-preview:-1\" \/>\n<link rel=\"canonical\" href=\"https:\/\/www.gaveanews.com\/index.php\/2025\/05\/02\/a-declaracao-de-ramos-mingo-sobre-a-defesa-do-bahia\/\" \/>\n<meta property=\"og:locale\" content=\"pt_BR\" \/>\n<meta property=\"og:type\" content=\"article\" \/>\n<meta property=\"og:title\" content=\"A declara\u00e7\u00e3o de Ramos Mingo sobre a defesa do Bahia\" \/>\n<meta property=\"og:description\" content=\"O zagueiro Santiago Ramos Mingo concedeu entrevista nesta sexta-feira (02), na qual destacou o bom momento defensivo vivido pelo Bahia. O Tricolor chega ao confronto contra o Botafogo, neste s\u00e1bado (03), \u00e0s 21 horas (hor\u00e1rio de Bras\u00edlia), com quatro vit\u00f3rias consecutivas, todas sem sofrer gols. Tr\u00eas desses triunfos tiveram a dupla de zaga formada por [&hellip;]\" \/>\n<meta property=\"og:url\" content=\"https:\/\/www.gaveanews.com\/index.php\/2025\/05\/02\/a-declaracao-de-ramos-mingo-sobre-a-defesa-do-bahia\/\" \/>\n<meta property=\"og:site_name\" content=\"G\u00e1vea News\" \/>\n<meta property=\"article:publisher\" content=\"https:\/\/facebook.com\/gaveaNews\/\" \/>\n<meta property=\"article:published_time\" content=\"2025-05-02T22:50:00+00:00\" \/>\n<meta property=\"og:image\" content=\"https:\/\/www.gaveanews.com\/wp-content\/uploads\/Ramos-Mingo-pelo-Bahia.webp\" \/>\n\t<meta property=\"og:image:width\" content=\"1200\" \/>\n\t<meta property=\"og:image:height\" content=\"900\" \/>\n\t<meta property=\"og:image:type\" content=\"image\/webp\" \/>\n<meta name=\"author\" content=\"Paula Silva\" \/>\n<meta name=\"twitter:card\" content=\"summary_large_image\" \/>\n<meta name=\"twitter:label1\" content=\"Escrito por\" \/>\n\t<meta name=\"twitter:data1\" content=\"Paula Silva\" \/>\n\t<meta name=\"twitter:label2\" content=\"Est. tempo de leitura\" \/>\n\t<meta name=\"twitter:data2\" content=\"3 minutos\" \/>\n<script type=\"application\/ld+json\" class=\"yoast-schema-graph\">{\"@context\":\"https:\/\/schema.org\",\"@graph\":[{\"@type\":\"NewsArticle\",\"@id\":\"https:\/\/www.gaveanews.com\/index.php\/2025\/05\/02\/a-declaracao-de-ramos-mingo-sobre-a-defesa-do-bahia\/#article\",\"isPartOf\":{\"@id\":\"https:\/\/www.gaveanews.com\/index.php\/2025\/05\/02\/a-declaracao-de-ramos-mingo-sobre-a-defesa-do-bahia\/\"},\"author\":{\"name\":\"Paula Silva\",\"@id\":\"https:\/\/www.gaveanews.com\/#\/schema\/person\/daf63eec72e1164eb13dc35096c2b8da\"},\"headline\":\"A declara\u00e7\u00e3o de Ramos Mingo sobre a defesa do Bahia\",\"datePublished\":\"2025-05-02T22:50:00+00:00\",\"mainEntityOfPage\":{\"@id\":\"https:\/\/www.gaveanews.com\/index.php\/2025\/05\/02\/a-declaracao-de-ramos-mingo-sobre-a-defesa-do-bahia\/\"},\"wordCount\":374,\"commentCount\":0,\"image\":{\"@id\":\"https:\/\/www.gaveanews.com\/index.php\/2025\/05\/02\/a-declaracao-de-ramos-mingo-sobre-a-defesa-do-bahia\/#primaryimage\"},\"thumbnailUrl\":\"https:\/\/www.gaveanews.com\/wp-content\/uploads\/Ramos-Mingo-pelo-Bahia.webp\",\"articleSection\":[\"Bahia\"],\"inLanguage\":\"pt-BR\",\"potentialAction\":[{\"@type\":\"CommentAction\",\"name\":\"Comment\",\"target\":[\"https:\/\/www.gaveanews.com\/index.php\/2025\/05\/02\/a-declaracao-de-ramos-mingo-sobre-a-defesa-do-bahia\/#respond\"]}],\"copyrightYear\":\"2025\",\"copyrightHolder\":{\"@id\":\"https:\/\/www.gaveanews.com\/#organization\"}},{\"@type\":\"WebPage\",\"@id\":\"https:\/\/www.gaveanews.com\/index.php\/2025\/05\/02\/a-declaracao-de-ramos-mingo-sobre-a-defesa-do-bahia\/\",\"url\":\"https:\/\/www.gaveanews.com\/index.php\/2025\/05\/02\/a-declaracao-de-ramos-mingo-sobre-a-defesa-do-bahia\/\",\"name\":\"A declara\u00e7\u00e3o de Ramos Mingo sobre a defesa do Bahia\",\"isPartOf\":{\"@id\":\"https:\/\/www.gaveanews.com\/#website\"},\"primaryImageOfPage\":{\"@id\":\"https:\/\/www.gaveanews.com\/index.php\/2025\/05\/02\/a-declaracao-de-ramos-mingo-sobre-a-defesa-do-bahia\/#primaryimage\"},\"image\":{\"@id\":\"https:\/\/www.gaveanews.com\/index.php\/2025\/05\/02\/a-declaracao-de-ramos-mingo-sobre-a-defesa-do-bahia\/#primaryimage\"},\"thumbnailUrl\":\"https:\/\/www.gaveanews.com\/wp-content\/uploads\/Ramos-Mingo-pelo-Bahia.webp\",\"datePublished\":\"2025-05-02T22:50:00+00:00\",\"author\":{\"@id\":\"https:\/\/www.gaveanews.com\/#\/schema\/person\/daf63eec72e1164eb13dc35096c2b8da\"},\"breadcrumb\":{\"@id\":\"https:\/\/www.gaveanews.com\/index.php\/2025\/05\/02\/a-declaracao-de-ramos-mingo-sobre-a-defesa-do-bahia\/#breadcrumb\"},\"inLanguage\":\"pt-BR\",\"potentialAction\":[{\"@type\":\"ReadAction\",\"target\":[\"https:\/\/www.gaveanews.com\/index.php\/2025\/05\/02\/a-declaracao-de-ramos-mingo-sobre-a-defesa-do-bahia\/\"]}]},{\"@type\":\"ImageObject\",\"inLanguage\":\"pt-BR\",\"@id\":\"https:\/\/www.gaveanews.com\/index.php\/2025\/05\/02\/a-declaracao-de-ramos-mingo-sobre-a-defesa-do-bahia\/#primaryimage\",\"url\":\"https:\/\/www.gaveanews.com\/wp-content\/uploads\/Ramos-Mingo-pelo-Bahia.webp\",\"contentUrl\":\"https:\/\/www.gaveanews.com\/wp-content\/uploads\/Ramos-Mingo-pelo-Bahia.webp\",\"width\":1200,\"height\":900,\"caption\":\"Ramos Mingo pelo Bahia (Foto: Rafael Rodrigues\/EC Bahia)\"},{\"@type\":\"BreadcrumbList\",\"@id\":\"https:\/\/www.gaveanews.com\/index.php\/2025\/05\/02\/a-declaracao-de-ramos-mingo-sobre-a-defesa-do-bahia\/#breadcrumb\",\"itemListElement\":[{\"@type\":\"ListItem\",\"position\":1,\"name\":\"Home\",\"item\":\"https:\/\/www.gaveanews.com\/\"},{\"@type\":\"ListItem\",\"position\":2,\"name\":\"A declara\u00e7\u00e3o de Ramos Mingo sobre a defesa do Bahia\"}]},{\"@type\":\"WebSite\",\"@id\":\"https:\/\/www.gaveanews.com\/#website\",\"url\":\"https:\/\/www.gaveanews.com\/\",\"name\":\"G\u00e1vea News\",\"description\":\"Veja todas as not\u00edcias sobre o Flamengo: Contrata\u00e7\u00f5es, categorias de base, resultados das partidas, tabela de classifica\u00e7\u00e3o, pr\u00f3ximos jogos!\",\"potentialAction\":[{\"@type\":\"SearchAction\",\"target\":{\"@type\":\"EntryPoint\",\"urlTemplate\":\"https:\/\/www.gaveanews.com\/?s={search_term_string}\"},\"query-input\":{\"@type\":\"PropertyValueSpecification\",\"valueRequired\":true,\"valueName\":\"search_term_string\"}}],\"inLanguage\":\"pt-BR\"},{\"@type\":\"Person\",\"@id\":\"https:\/\/www.gaveanews.com\/#\/schema\/person\/daf63eec72e1164eb13dc35096c2b8da\",\"name\":\"Paula Silva\",\"image\":{\"@type\":\"ImageObject\",\"inLanguage\":\"pt-BR\",\"@id\":\"https:\/\/www.gaveanews.com\/#\/schema\/person\/image\/\",\"url\":\"https:\/\/secure.gravatar.com\/avatar\/eda381c845527cc5d64c13b901833cda29d97500ba040d3e6461f76f51d163bb?s=96&d=mm&r=g\",\"contentUrl\":\"https:\/\/secure.gravatar.com\/avatar\/eda381c845527cc5d64c13b901833cda29d97500ba040d3e6461f76f51d163bb?s=96&d=mm&r=g\",\"caption\":\"Paula Silva\"}}]}<\/script>\n<!-- \/ Yoast SEO Premium plugin. -->","yoast_head_json":{"title":"A declara\u00e7\u00e3o de Ramos Mingo sobre a defesa do Bahia","robots":{"index":"index","follow":"follow","max-snippet":"max-snippet:-1","max-image-preview":"max-image-preview:large","max-video-preview":"max-video-preview:-1"},"canonical":"https:\/\/www.gaveanews.com\/index.php\/2025\/05\/02\/a-declaracao-de-ramos-mingo-sobre-a-defesa-do-bahia\/","og_locale":"pt_BR","og_type":"article","og_title":"A declara\u00e7\u00e3o de Ramos Mingo sobre a defesa do Bahia","og_description":"O zagueiro Santiago Ramos Mingo concedeu entrevista nesta sexta-feira (02), na qual destacou o bom momento defensivo vivido pelo Bahia. O Tricolor chega ao confronto contra o Botafogo, neste s\u00e1bado (03), \u00e0s 21 horas (hor\u00e1rio de Bras\u00edlia), com quatro vit\u00f3rias consecutivas, todas sem sofrer gols. Tr\u00eas desses triunfos tiveram a dupla de zaga formada por [&hellip;]","og_url":"https:\/\/www.gaveanews.com\/index.php\/2025\/05\/02\/a-declaracao-de-ramos-mingo-sobre-a-defesa-do-bahia\/","og_site_name":"G\u00e1vea News","article_publisher":"https:\/\/facebook.com\/gaveaNews\/","article_published_time":"2025-05-02T22:50:00+00:00","og_image":[{"width":1200,"height":900,"url":"https:\/\/www.gaveanews.com\/wp-content\/uploads\/Ramos-Mingo-pelo-Bahia.webp","type":"image\/webp"}],"author":"Paula Silva","twitter_card":"summary_large_image","twitter_misc":{"Escrito por":"Paula Silva","Est. tempo de leitura":"3 minutos"},"schema":{"@context":"https:\/\/schema.org","@graph":[{"@type":"NewsArticle","@id":"https:\/\/www.gaveanews.com\/index.php\/2025\/05\/02\/a-declaracao-de-ramos-mingo-sobre-a-defesa-do-bahia\/#article","isPartOf":{"@id":"https:\/\/www.gaveanews.com\/index.php\/2025\/05\/02\/a-declaracao-de-ramos-mingo-sobre-a-defesa-do-bahia\/"},"author":{"name":"Paula Silva","@id":"https:\/\/www.gaveanews.com\/#\/schema\/person\/daf63eec72e1164eb13dc35096c2b8da"},"headline":"A declara\u00e7\u00e3o de Ramos Mingo sobre a defesa do Bahia","datePublished":"2025-05-02T22:50:00+00:00","mainEntityOfPage":{"@id":"https:\/\/www.gaveanews.com\/index.php\/2025\/05\/02\/a-declaracao-de-ramos-mingo-sobre-a-defesa-do-bahia\/"},"wordCount":374,"commentCount":0,"image":{"@id":"https:\/\/www.gaveanews.com\/index.php\/2025\/05\/02\/a-declaracao-de-ramos-mingo-sobre-a-defesa-do-bahia\/#primaryimage"},"thumbnailUrl":"https:\/\/www.gaveanews.com\/wp-content\/uploads\/Ramos-Mingo-pelo-Bahia.webp","articleSection":["Bahia"],"inLanguage":"pt-BR","potentialAction":[{"@type":"CommentAction","name":"Comment","target":["https:\/\/www.gaveanews.com\/index.php\/2025\/05\/02\/a-declaracao-de-ramos-mingo-sobre-a-defesa-do-bahia\/#respond"]}],"copyrightYear":"2025","copyrightHolder":{"@id":"https:\/\/www.gaveanews.com\/#organization"}},{"@type":"WebPage","@id":"https:\/\/www.gaveanews.com\/index.php\/2025\/05\/02\/a-declaracao-de-ramos-mingo-sobre-a-defesa-do-bahia\/","url":"https:\/\/www.gaveanews.com\/index.php\/2025\/05\/02\/a-declaracao-de-ramos-mingo-sobre-a-defesa-do-bahia\/","name":"A declara\u00e7\u00e3o de Ramos Mingo sobre a defesa do Bahia","isPartOf":{"@id":"https:\/\/www.gaveanews.com\/#website"},"primaryImageOfPage":{"@id":"https:\/\/www.gaveanews.com\/index.php\/2025\/05\/02\/a-declaracao-de-ramos-mingo-sobre-a-defesa-do-bahia\/#primaryimage"},"image":{"@id":"https:\/\/www.gaveanews.com\/index.php\/2025\/05\/02\/a-declaracao-de-ramos-mingo-sobre-a-defesa-do-bahia\/#primaryimage"},"thumbnailUrl":"https:\/\/www.gaveanews.com\/wp-content\/uploads\/Ramos-Mingo-pelo-Bahia.webp","datePublished":"2025-05-02T22:50:00+00:00","author":{"@id":"https:\/\/www.gaveanews.com\/#\/schema\/person\/daf63eec72e1164eb13dc35096c2b8da"},"breadcrumb":{"@id":"https:\/\/www.gaveanews.com\/index.php\/2025\/05\/02\/a-declaracao-de-ramos-mingo-sobre-a-defesa-do-bahia\/#breadcrumb"},"inLanguage":"pt-BR","potentialAction":[{"@type":"ReadAction","target":["https:\/\/www.gaveanews.com\/index.php\/2025\/05\/02\/a-declaracao-de-ramos-mingo-sobre-a-defesa-do-bahia\/"]}]},{"@type":"ImageObject","inLanguage":"pt-BR","@id":"https:\/\/www.gaveanews.com\/index.php\/2025\/05\/02\/a-declaracao-de-ramos-mingo-sobre-a-defesa-do-bahia\/#primaryimage","url":"https:\/\/www.gaveanews.com\/wp-content\/uploads\/Ramos-Mingo-pelo-Bahia.webp","contentUrl":"https:\/\/www.gaveanews.com\/wp-content\/uploads\/Ramos-Mingo-pelo-Bahia.webp","width":1200,"height":900,"caption":"Ramos Mingo pelo Bahia (Foto: Rafael Rodrigues\/EC Bahia)"},{"@type":"BreadcrumbList","@id":"https:\/\/www.gaveanews.com\/index.php\/2025\/05\/02\/a-declaracao-de-ramos-mingo-sobre-a-defesa-do-bahia\/#breadcrumb","itemListElement":[{"@type":"ListItem","position":1,"name":"Home","item":"https:\/\/www.gaveanews.com\/"},{"@type":"ListItem","position":2,"name":"A declara\u00e7\u00e3o de Ramos Mingo sobre a defesa do Bahia"}]},{"@type":"WebSite","@id":"https:\/\/www.gaveanews.com\/#website","url":"https:\/\/www.gaveanews.com\/","name":"G\u00e1vea News","description":"Veja todas as not\u00edcias sobre o Flamengo: Contrata\u00e7\u00f5es, categorias de base, resultados das partidas, tabela de classifica\u00e7\u00e3o, pr\u00f3ximos jogos!","potentialAction":[{"@type":"SearchAction","target":{"@type":"EntryPoint","urlTemplate":"https:\/\/www.gaveanews.com\/?s={search_term_string}"},"query-input":{"@type":"PropertyValueSpecification","valueRequired":true,"valueName":"search_term_string"}}],"inLanguage":"pt-BR"},{"@type":"Person","@id":"https:\/\/www.gaveanews.com\/#\/schema\/person\/daf63eec72e1164eb13dc35096c2b8da","name":"Paula Silva","image":{"@type":"ImageObject","inLanguage":"pt-BR","@id":"https:\/\/www.gaveanews.com\/#\/schema\/person\/image\/","url":"https:\/\/secure.gravatar.com\/avatar\/eda381c845527cc5d64c13b901833cda29d97500ba040d3e6461f76f51d163bb?s=96&d=mm&r=g","contentUrl":"https:\/\/secure.gravatar.com\/avatar\/eda381c845527cc5d64c13b901833cda29d97500ba040d3e6461f76f51d163bb?s=96&d=mm&r=g","caption":"Paula Silva"}}]}},"_links":{"self":[{"href":"https:\/\/www.gaveanews.com\/index.php\/wp-json\/wp\/v2\/posts\/260306","targetHints":{"allow":["GET"]}}],"collection":[{"href":"https:\/\/www.gaveanews.com\/index.php\/wp-json\/wp\/v2\/posts"}],"about":[{"href":"https:\/\/www.gaveanews.com\/index.php\/wp-json\/wp\/v2\/types\/post"}],"author":[{"embeddable":true,"href":"https:\/\/www.gaveanews.com\/index.php\/wp-json\/wp\/v2\/users\/18"}],"replies":[{"embeddable":true,"href":"https:\/\/www.gaveanews.com\/index.php\/wp-json\/wp\/v2\/comments?post=260306"}],"version-history":[{"count":1,"href":"https:\/\/www.gaveanews.com\/index.php\/wp-json\/wp\/v2\/posts\/260306\/revisions"}],"predecessor-version":[{"id":260310,"href":"https:\/\/www.gaveanews.com\/index.php\/wp-json\/wp\/v2\/posts\/260306\/revisions\/260310"}],"wp:featuredmedia":[{"embeddable":true,"href":"https:\/\/www.gaveanews.com\/index.php\/wp-json\/wp\/v2\/media\/260309"}],"wp:attachment":[{"href":"https:\/\/www.gaveanews.com\/index.php\/wp-json\/wp\/v2\/media?parent=260306"}],"wp:term":[{"taxonomy":"category","embeddable":true,"href":"https:\/\/www.gaveanews.com\/index.php\/wp-json\/wp\/v2\/categories?post=260306"},{"taxonomy":"post_tag","embeddable":true,"href":"https:\/\/www.gaveanews.com\/index.php\/wp-json\/wp\/v2\/tags?post=260306"}],"curies":[{"name":"wp","href":"https:\/\/api.w.org\/{rel}","templated":true}]}}