{"id":260308,"date":"2025-05-02T19:55:00","date_gmt":"2025-05-02T22:55:00","guid":{"rendered":"https:\/\/www.gaveanews.com\/?p=260308"},"modified":"2025-05-02T19:27:22","modified_gmt":"2025-05-02T22:27:22","slug":"renato-paiva-do-botafogo-se-prepara-para-reencontrar-o-bahia","status":"publish","type":"post","link":"https:\/\/www.gaveanews.com\/index.php\/2025\/05\/02\/renato-paiva-do-botafogo-se-prepara-para-reencontrar-o-bahia\/","title":{"rendered":"Renato Paiva, do Botafogo, se prepara para reencontrar o Bahia"},"content":{"rendered":"\n<p>O reencontro entre Renato Paiva e o Bahia est\u00e1 marcado para este s\u00e1bado (03), \u00e0s 21 horas (hor\u00e1rio de Bras\u00edlia), na Fonte Nova. Atual t\u00e9cnico do Botafogo, o portugu\u00eas retorna ao est\u00e1dio onde viveu momentos turbulentos em sua curta passagem pelo clube baiano. Contratado em dezembro de 2022 como o primeiro t\u00e9cnico da era Grupo City, Paiva chegou cercado de expectativas, mas deixou o comando ap\u00f3s nove meses, em meio a protestos da torcida e resultados inconsistentes.<\/p>\n\n\n\n<p>Durante sua trajet\u00f3ria no Bahia, Paiva enfrentou dificuldades desde o in\u00edcio. As goleadas sofridas para Fortaleza e Sport pela Copa do Nordeste marcaram negativamente seu come\u00e7o. Ali\u00e1s, a derrota de 6 a 0 para o time pernambucano se tornou a mais el\u00e1stica da hist\u00f3ria do confronto. O treinador n\u00e3o apenas enfrentou cr\u00edticas pelo desempenho em campo, como tamb\u00e9m se desgastou com declara\u00e7\u00f5es em coletivas, incluindo a pol\u00eamica frase: \u201cquem manda no clube \u00e9 o grupo que o comprou\u201d.<\/p>\n\n\n\n<p>Apesar de conquistar o Campeonato Baiano, o ambiente com a torcida permaneceu hostil. Em julho de 2023, uma organizada cobrou sua demiss\u00e3o em protesto no CT. Posteriormente, em setembro, Paiva pediu desligamento ap\u00f3s sofrer ataques pessoais, incluindo ofensas direcionadas \u00e0 sua filha e montagens ofensivas nas redes sociais. \u201cO est\u00e1dio inteiro estar a insultar-te causa mais impacto que um cartaz\u201d, afirmou o t\u00e9cnico em entrevista recente.<\/p>\n\n\n\n<p>No total, Paiva dirigiu o Bahia por 49 jogos, com aproveitamento de 49%. Atualmente, tenta reescrever sua hist\u00f3ria no Botafogo, onde soma quatro vit\u00f3rias, dois empates e quatro derrotas desde mar\u00e7o. Ainda que pressionado pela torcida, conta com respaldo da diretoria e vem de dois resultados positivos, incluindo a vit\u00f3ria no cl\u00e1ssico contra o Fluminense.<\/p>\n\n\n\n<p>Ao comentar o reencontro com o ex-clube, Paiva declarou: \u201cTenho muito orgulho daquele escudo, do grupo de jogadores, da torcida. Se pudesse, nunca jogaria contra minha hist\u00f3ria\u201d. Contudo, afirmou que entrar\u00e1 em campo com foco total no Botafogo. Afinal, a busca por estabilidade continua sendo prioridade no novo desafio.<\/p>\n","protected":false},"excerpt":{"rendered":"<p>O reencontro entre Renato Paiva e o Bahia est\u00e1 marcado para este s\u00e1bado (03), \u00e0s 21 horas (hor\u00e1rio de Bras\u00edlia), na Fonte Nova. Atual t\u00e9cnico do Botafogo, o portugu\u00eas retorna ao est\u00e1dio onde viveu momentos turbulentos em sua curta passagem pelo clube baiano. Contratado em dezembro de 2022 como o primeiro t\u00e9cnico da era Grupo [&hellip;]<\/p>\n","protected":false},"author":18,"featured_media":244411,"comment_status":"open","ping_status":"closed","sticky":false,"template":"","format":"standard","meta":{"footnotes":""},"categories":[138],"tags":[],"class_list":["post-260308","post","type-post","status-publish","format-standard","has-post-thumbnail","hentry","category-botafogo"],"yoast_head":"<!-- This site is optimized with the Yoast SEO Premium plugin v24.2 (Yoast SEO v26.9) - https:\/\/yoast.com\/product\/yoast-seo-premium-wordpress\/ -->\n<title>Renato Paiva, do Botafogo, se prepara para reencontrar o Bahia<\/title>\n<meta name=\"robots\" content=\"index, follow, max-snippet:-1, max-image-preview:large, max-video-preview:-1\" \/>\n<link rel=\"canonical\" href=\"https:\/\/www.gaveanews.com\/index.php\/2025\/05\/02\/renato-paiva-do-botafogo-se-prepara-para-reencontrar-o-bahia\/\" \/>\n<meta property=\"og:locale\" content=\"pt_BR\" \/>\n<meta property=\"og:type\" content=\"article\" \/>\n<meta property=\"og:title\" content=\"Renato Paiva, do Botafogo, se prepara para reencontrar o Bahia\" \/>\n<meta property=\"og:description\" content=\"O reencontro entre Renato Paiva e o Bahia est\u00e1 marcado para este s\u00e1bado (03), \u00e0s 21 horas (hor\u00e1rio de Bras\u00edlia), na Fonte Nova. Atual t\u00e9cnico do Botafogo, o portugu\u00eas retorna ao est\u00e1dio onde viveu momentos turbulentos em sua curta passagem pelo clube baiano. Contratado em dezembro de 2022 como o primeiro t\u00e9cnico da era Grupo [&hellip;]\" \/>\n<meta property=\"og:url\" content=\"https:\/\/www.gaveanews.com\/index.php\/2025\/05\/02\/renato-paiva-do-botafogo-se-prepara-para-reencontrar-o-bahia\/\" \/>\n<meta property=\"og:site_name\" content=\"G\u00e1vea News\" \/>\n<meta property=\"article:publisher\" content=\"https:\/\/facebook.com\/gaveaNews\/\" \/>\n<meta property=\"article:published_time\" content=\"2025-05-02T22:55:00+00:00\" \/>\n<meta property=\"og:image\" content=\"https:\/\/www.gaveanews.com\/wp-content\/uploads\/Renato-Paiva-em-acao-pelo-Botafogo-em-2025.webp\" \/>\n\t<meta property=\"og:image:width\" content=\"900\" \/>\n\t<meta property=\"og:image:height\" content=\"600\" \/>\n\t<meta property=\"og:image:type\" content=\"image\/jpeg\" \/>\n<meta name=\"author\" content=\"Paula Silva\" \/>\n<meta name=\"twitter:card\" content=\"summary_large_image\" \/>\n<meta name=\"twitter:label1\" content=\"Escrito por\" \/>\n\t<meta name=\"twitter:data1\" content=\"Paula Silva\" \/>\n\t<meta name=\"twitter:label2\" content=\"Est. tempo de leitura\" \/>\n\t<meta name=\"twitter:data2\" content=\"2 minutos\" \/>\n<script type=\"application\/ld+json\" class=\"yoast-schema-graph\">{\"@context\":\"https:\/\/schema.org\",\"@graph\":[{\"@type\":\"NewsArticle\",\"@id\":\"https:\/\/www.gaveanews.com\/index.php\/2025\/05\/02\/renato-paiva-do-botafogo-se-prepara-para-reencontrar-o-bahia\/#article\",\"isPartOf\":{\"@id\":\"https:\/\/www.gaveanews.com\/index.php\/2025\/05\/02\/renato-paiva-do-botafogo-se-prepara-para-reencontrar-o-bahia\/\"},\"author\":{\"name\":\"Paula Silva\",\"@id\":\"https:\/\/www.gaveanews.com\/#\/schema\/person\/daf63eec72e1164eb13dc35096c2b8da\"},\"headline\":\"Renato Paiva, do Botafogo, se prepara para reencontrar o Bahia\",\"datePublished\":\"2025-05-02T22:55:00+00:00\",\"mainEntityOfPage\":{\"@id\":\"https:\/\/www.gaveanews.com\/index.php\/2025\/05\/02\/renato-paiva-do-botafogo-se-prepara-para-reencontrar-o-bahia\/\"},\"wordCount\":354,\"commentCount\":0,\"image\":{\"@id\":\"https:\/\/www.gaveanews.com\/index.php\/2025\/05\/02\/renato-paiva-do-botafogo-se-prepara-para-reencontrar-o-bahia\/#primaryimage\"},\"thumbnailUrl\":\"https:\/\/www.gaveanews.com\/wp-content\/uploads\/Renato-Paiva-em-acao-pelo-Botafogo-em-2025.webp\",\"articleSection\":[\"Botafogo\"],\"inLanguage\":\"pt-BR\",\"potentialAction\":[{\"@type\":\"CommentAction\",\"name\":\"Comment\",\"target\":[\"https:\/\/www.gaveanews.com\/index.php\/2025\/05\/02\/renato-paiva-do-botafogo-se-prepara-para-reencontrar-o-bahia\/#respond\"]}],\"copyrightYear\":\"2025\",\"copyrightHolder\":{\"@id\":\"https:\/\/www.gaveanews.com\/#organization\"}},{\"@type\":\"WebPage\",\"@id\":\"https:\/\/www.gaveanews.com\/index.php\/2025\/05\/02\/renato-paiva-do-botafogo-se-prepara-para-reencontrar-o-bahia\/\",\"url\":\"https:\/\/www.gaveanews.com\/index.php\/2025\/05\/02\/renato-paiva-do-botafogo-se-prepara-para-reencontrar-o-bahia\/\",\"name\":\"Renato Paiva, do Botafogo, se prepara para reencontrar o Bahia\",\"isPartOf\":{\"@id\":\"https:\/\/www.gaveanews.com\/#website\"},\"primaryImageOfPage\":{\"@id\":\"https:\/\/www.gaveanews.com\/index.php\/2025\/05\/02\/renato-paiva-do-botafogo-se-prepara-para-reencontrar-o-bahia\/#primaryimage\"},\"image\":{\"@id\":\"https:\/\/www.gaveanews.com\/index.php\/2025\/05\/02\/renato-paiva-do-botafogo-se-prepara-para-reencontrar-o-bahia\/#primaryimage\"},\"thumbnailUrl\":\"https:\/\/www.gaveanews.com\/wp-content\/uploads\/Renato-Paiva-em-acao-pelo-Botafogo-em-2025.webp\",\"datePublished\":\"2025-05-02T22:55:00+00:00\",\"author\":{\"@id\":\"https:\/\/www.gaveanews.com\/#\/schema\/person\/daf63eec72e1164eb13dc35096c2b8da\"},\"breadcrumb\":{\"@id\":\"https:\/\/www.gaveanews.com\/index.php\/2025\/05\/02\/renato-paiva-do-botafogo-se-prepara-para-reencontrar-o-bahia\/#breadcrumb\"},\"inLanguage\":\"pt-BR\",\"potentialAction\":[{\"@type\":\"ReadAction\",\"target\":[\"https:\/\/www.gaveanews.com\/index.php\/2025\/05\/02\/renato-paiva-do-botafogo-se-prepara-para-reencontrar-o-bahia\/\"]}]},{\"@type\":\"ImageObject\",\"inLanguage\":\"pt-BR\",\"@id\":\"https:\/\/www.gaveanews.com\/index.php\/2025\/05\/02\/renato-paiva-do-botafogo-se-prepara-para-reencontrar-o-bahia\/#primaryimage\",\"url\":\"https:\/\/www.gaveanews.com\/wp-content\/uploads\/Renato-Paiva-em-acao-pelo-Botafogo-em-2025.webp\",\"contentUrl\":\"https:\/\/www.gaveanews.com\/wp-content\/uploads\/Renato-Paiva-em-acao-pelo-Botafogo-em-2025.webp\",\"width\":900,\"height\":600,\"caption\":\"Renato Paiva em a\u00e7\u00e3o pelo Botafogo em 2025 (Foto: Vitor Silva\/Botafogo)\"},{\"@type\":\"BreadcrumbList\",\"@id\":\"https:\/\/www.gaveanews.com\/index.php\/2025\/05\/02\/renato-paiva-do-botafogo-se-prepara-para-reencontrar-o-bahia\/#breadcrumb\",\"itemListElement\":[{\"@type\":\"ListItem\",\"position\":1,\"name\":\"Home\",\"item\":\"https:\/\/www.gaveanews.com\/\"},{\"@type\":\"ListItem\",\"position\":2,\"name\":\"Renato Paiva, do Botafogo, se prepara para reencontrar o Bahia\"}]},{\"@type\":\"WebSite\",\"@id\":\"https:\/\/www.gaveanews.com\/#website\",\"url\":\"https:\/\/www.gaveanews.com\/\",\"name\":\"G\u00e1vea News\",\"description\":\"Veja todas as not\u00edcias sobre o Flamengo: Contrata\u00e7\u00f5es, categorias de base, resultados das partidas, tabela de classifica\u00e7\u00e3o, pr\u00f3ximos jogos!\",\"potentialAction\":[{\"@type\":\"SearchAction\",\"target\":{\"@type\":\"EntryPoint\",\"urlTemplate\":\"https:\/\/www.gaveanews.com\/?s={search_term_string}\"},\"query-input\":{\"@type\":\"PropertyValueSpecification\",\"valueRequired\":true,\"valueName\":\"search_term_string\"}}],\"inLanguage\":\"pt-BR\"},{\"@type\":\"Person\",\"@id\":\"https:\/\/www.gaveanews.com\/#\/schema\/person\/daf63eec72e1164eb13dc35096c2b8da\",\"name\":\"Paula Silva\",\"image\":{\"@type\":\"ImageObject\",\"inLanguage\":\"pt-BR\",\"@id\":\"https:\/\/www.gaveanews.com\/#\/schema\/person\/image\/\",\"url\":\"https:\/\/secure.gravatar.com\/avatar\/eda381c845527cc5d64c13b901833cda29d97500ba040d3e6461f76f51d163bb?s=96&d=mm&r=g\",\"contentUrl\":\"https:\/\/secure.gravatar.com\/avatar\/eda381c845527cc5d64c13b901833cda29d97500ba040d3e6461f76f51d163bb?s=96&d=mm&r=g\",\"caption\":\"Paula Silva\"}}]}<\/script>\n<!-- \/ Yoast SEO Premium plugin. -->","yoast_head_json":{"title":"Renato Paiva, do Botafogo, se prepara para reencontrar o Bahia","robots":{"index":"index","follow":"follow","max-snippet":"max-snippet:-1","max-image-preview":"max-image-preview:large","max-video-preview":"max-video-preview:-1"},"canonical":"https:\/\/www.gaveanews.com\/index.php\/2025\/05\/02\/renato-paiva-do-botafogo-se-prepara-para-reencontrar-o-bahia\/","og_locale":"pt_BR","og_type":"article","og_title":"Renato Paiva, do Botafogo, se prepara para reencontrar o Bahia","og_description":"O reencontro entre Renato Paiva e o Bahia est\u00e1 marcado para este s\u00e1bado (03), \u00e0s 21 horas (hor\u00e1rio de Bras\u00edlia), na Fonte Nova. Atual t\u00e9cnico do Botafogo, o portugu\u00eas retorna ao est\u00e1dio onde viveu momentos turbulentos em sua curta passagem pelo clube baiano. Contratado em dezembro de 2022 como o primeiro t\u00e9cnico da era Grupo [&hellip;]","og_url":"https:\/\/www.gaveanews.com\/index.php\/2025\/05\/02\/renato-paiva-do-botafogo-se-prepara-para-reencontrar-o-bahia\/","og_site_name":"G\u00e1vea News","article_publisher":"https:\/\/facebook.com\/gaveaNews\/","article_published_time":"2025-05-02T22:55:00+00:00","og_image":[{"width":900,"height":600,"url":"https:\/\/www.gaveanews.com\/wp-content\/uploads\/Renato-Paiva-em-acao-pelo-Botafogo-em-2025.webp","type":"image\/jpeg"}],"author":"Paula Silva","twitter_card":"summary_large_image","twitter_misc":{"Escrito por":"Paula Silva","Est. tempo de leitura":"2 minutos"},"schema":{"@context":"https:\/\/schema.org","@graph":[{"@type":"NewsArticle","@id":"https:\/\/www.gaveanews.com\/index.php\/2025\/05\/02\/renato-paiva-do-botafogo-se-prepara-para-reencontrar-o-bahia\/#article","isPartOf":{"@id":"https:\/\/www.gaveanews.com\/index.php\/2025\/05\/02\/renato-paiva-do-botafogo-se-prepara-para-reencontrar-o-bahia\/"},"author":{"name":"Paula Silva","@id":"https:\/\/www.gaveanews.com\/#\/schema\/person\/daf63eec72e1164eb13dc35096c2b8da"},"headline":"Renato Paiva, do Botafogo, se prepara para reencontrar o Bahia","datePublished":"2025-05-02T22:55:00+00:00","mainEntityOfPage":{"@id":"https:\/\/www.gaveanews.com\/index.php\/2025\/05\/02\/renato-paiva-do-botafogo-se-prepara-para-reencontrar-o-bahia\/"},"wordCount":354,"commentCount":0,"image":{"@id":"https:\/\/www.gaveanews.com\/index.php\/2025\/05\/02\/renato-paiva-do-botafogo-se-prepara-para-reencontrar-o-bahia\/#primaryimage"},"thumbnailUrl":"https:\/\/www.gaveanews.com\/wp-content\/uploads\/Renato-Paiva-em-acao-pelo-Botafogo-em-2025.webp","articleSection":["Botafogo"],"inLanguage":"pt-BR","potentialAction":[{"@type":"CommentAction","name":"Comment","target":["https:\/\/www.gaveanews.com\/index.php\/2025\/05\/02\/renato-paiva-do-botafogo-se-prepara-para-reencontrar-o-bahia\/#respond"]}],"copyrightYear":"2025","copyrightHolder":{"@id":"https:\/\/www.gaveanews.com\/#organization"}},{"@type":"WebPage","@id":"https:\/\/www.gaveanews.com\/index.php\/2025\/05\/02\/renato-paiva-do-botafogo-se-prepara-para-reencontrar-o-bahia\/","url":"https:\/\/www.gaveanews.com\/index.php\/2025\/05\/02\/renato-paiva-do-botafogo-se-prepara-para-reencontrar-o-bahia\/","name":"Renato Paiva, do Botafogo, se prepara para reencontrar o Bahia","isPartOf":{"@id":"https:\/\/www.gaveanews.com\/#website"},"primaryImageOfPage":{"@id":"https:\/\/www.gaveanews.com\/index.php\/2025\/05\/02\/renato-paiva-do-botafogo-se-prepara-para-reencontrar-o-bahia\/#primaryimage"},"image":{"@id":"https:\/\/www.gaveanews.com\/index.php\/2025\/05\/02\/renato-paiva-do-botafogo-se-prepara-para-reencontrar-o-bahia\/#primaryimage"},"thumbnailUrl":"https:\/\/www.gaveanews.com\/wp-content\/uploads\/Renato-Paiva-em-acao-pelo-Botafogo-em-2025.webp","datePublished":"2025-05-02T22:55:00+00:00","author":{"@id":"https:\/\/www.gaveanews.com\/#\/schema\/person\/daf63eec72e1164eb13dc35096c2b8da"},"breadcrumb":{"@id":"https:\/\/www.gaveanews.com\/index.php\/2025\/05\/02\/renato-paiva-do-botafogo-se-prepara-para-reencontrar-o-bahia\/#breadcrumb"},"inLanguage":"pt-BR","potentialAction":[{"@type":"ReadAction","target":["https:\/\/www.gaveanews.com\/index.php\/2025\/05\/02\/renato-paiva-do-botafogo-se-prepara-para-reencontrar-o-bahia\/"]}]},{"@type":"ImageObject","inLanguage":"pt-BR","@id":"https:\/\/www.gaveanews.com\/index.php\/2025\/05\/02\/renato-paiva-do-botafogo-se-prepara-para-reencontrar-o-bahia\/#primaryimage","url":"https:\/\/www.gaveanews.com\/wp-content\/uploads\/Renato-Paiva-em-acao-pelo-Botafogo-em-2025.webp","contentUrl":"https:\/\/www.gaveanews.com\/wp-content\/uploads\/Renato-Paiva-em-acao-pelo-Botafogo-em-2025.webp","width":900,"height":600,"caption":"Renato Paiva em a\u00e7\u00e3o pelo Botafogo em 2025 (Foto: Vitor Silva\/Botafogo)"},{"@type":"BreadcrumbList","@id":"https:\/\/www.gaveanews.com\/index.php\/2025\/05\/02\/renato-paiva-do-botafogo-se-prepara-para-reencontrar-o-bahia\/#breadcrumb","itemListElement":[{"@type":"ListItem","position":1,"name":"Home","item":"https:\/\/www.gaveanews.com\/"},{"@type":"ListItem","position":2,"name":"Renato Paiva, do Botafogo, se prepara para reencontrar o Bahia"}]},{"@type":"WebSite","@id":"https:\/\/www.gaveanews.com\/#website","url":"https:\/\/www.gaveanews.com\/","name":"G\u00e1vea News","description":"Veja todas as not\u00edcias sobre o Flamengo: Contrata\u00e7\u00f5es, categorias de base, resultados das partidas, tabela de classifica\u00e7\u00e3o, pr\u00f3ximos jogos!","potentialAction":[{"@type":"SearchAction","target":{"@type":"EntryPoint","urlTemplate":"https:\/\/www.gaveanews.com\/?s={search_term_string}"},"query-input":{"@type":"PropertyValueSpecification","valueRequired":true,"valueName":"search_term_string"}}],"inLanguage":"pt-BR"},{"@type":"Person","@id":"https:\/\/www.gaveanews.com\/#\/schema\/person\/daf63eec72e1164eb13dc35096c2b8da","name":"Paula Silva","image":{"@type":"ImageObject","inLanguage":"pt-BR","@id":"https:\/\/www.gaveanews.com\/#\/schema\/person\/image\/","url":"https:\/\/secure.gravatar.com\/avatar\/eda381c845527cc5d64c13b901833cda29d97500ba040d3e6461f76f51d163bb?s=96&d=mm&r=g","contentUrl":"https:\/\/secure.gravatar.com\/avatar\/eda381c845527cc5d64c13b901833cda29d97500ba040d3e6461f76f51d163bb?s=96&d=mm&r=g","caption":"Paula Silva"}}]}},"_links":{"self":[{"href":"https:\/\/www.gaveanews.com\/index.php\/wp-json\/wp\/v2\/posts\/260308","targetHints":{"allow":["GET"]}}],"collection":[{"href":"https:\/\/www.gaveanews.com\/index.php\/wp-json\/wp\/v2\/posts"}],"about":[{"href":"https:\/\/www.gaveanews.com\/index.php\/wp-json\/wp\/v2\/types\/post"}],"author":[{"embeddable":true,"href":"https:\/\/www.gaveanews.com\/index.php\/wp-json\/wp\/v2\/users\/18"}],"replies":[{"embeddable":true,"href":"https:\/\/www.gaveanews.com\/index.php\/wp-json\/wp\/v2\/comments?post=260308"}],"version-history":[{"count":1,"href":"https:\/\/www.gaveanews.com\/index.php\/wp-json\/wp\/v2\/posts\/260308\/revisions"}],"predecessor-version":[{"id":260311,"href":"https:\/\/www.gaveanews.com\/index.php\/wp-json\/wp\/v2\/posts\/260308\/revisions\/260311"}],"wp:featuredmedia":[{"embeddable":true,"href":"https:\/\/www.gaveanews.com\/index.php\/wp-json\/wp\/v2\/media\/244411"}],"wp:attachment":[{"href":"https:\/\/www.gaveanews.com\/index.php\/wp-json\/wp\/v2\/media?parent=260308"}],"wp:term":[{"taxonomy":"category","embeddable":true,"href":"https:\/\/www.gaveanews.com\/index.php\/wp-json\/wp\/v2\/categories?post=260308"},{"taxonomy":"post_tag","embeddable":true,"href":"https:\/\/www.gaveanews.com\/index.php\/wp-json\/wp\/v2\/tags?post=260308"}],"curies":[{"name":"wp","href":"https:\/\/api.w.org\/{rel}","templated":true}]}}