{"id":260313,"date":"2025-05-02T20:05:00","date_gmt":"2025-05-02T23:05:00","guid":{"rendered":"https:\/\/www.gaveanews.com\/?p=260313"},"modified":"2025-05-02T19:39:18","modified_gmt":"2025-05-02T22:39:18","slug":"bastidores-saiba-por-que-capasso-foi-escanteado-no-vasco","status":"publish","type":"post","link":"https:\/\/www.gaveanews.com\/index.php\/2025\/05\/02\/bastidores-saiba-por-que-capasso-foi-escanteado-no-vasco\/","title":{"rendered":"Bastidores: saiba por que Capasso foi escanteado no Vasco"},"content":{"rendered":"\n<p>A situa\u00e7\u00e3o do zagueiro Manuel Capasso no Vasco ganhou novos contornos ap\u00f3s declara\u00e7\u00f5es contundentes de Felipe, que acumula as fun\u00e7\u00f5es de diretor t\u00e9cnico e treinador interino. Ap\u00f3s o empate contra o Oper\u00e1rio, na quinta-feira (1), em Ponta Grossa, Felipe foi enf\u00e1tico ao afirmar que o defensor argentino est\u00e1 fora dos planos do clube. \u201cEu n\u00e3o gosto\u201d, resumiu ele, ao comentar sobre a aus\u00eancia do jogador.<\/p>\n\n\n\n<p>Capasso retornou ao Vasco no in\u00edcio de 2025, depois de se destacar no futebol paraguaio com o t\u00edtulo conquistado pelo Olimpia. Entretanto, desde sua volta, j\u00e1 n\u00e3o era cogitado como pe\u00e7a \u00fatil no elenco. O departamento de futebol buscava negoci\u00e1-lo j\u00e1 na janela de transfer\u00eancias do in\u00edcio do ano, com o objetivo de recuperar parte dos R$ 10 milh\u00f5es investidos em 2023.<\/p>\n\n\n\n<p>Tr\u00eas propostas formais chegaram ao clube \u2014 vindas de Pe\u00f1arol, Sochi e Platense \u2014 e todas foram recusadas pelo pr\u00f3prio jogador. A recusa surpreendeu a diretoria, principalmente porque o atleta j\u00e1 havia sido informado de que n\u00e3o fazia parte do planejamento. \u201cEle teve a oportunidade de sair, mas escolheu ficar. S\u00e3o decis\u00f5es que cabem ao jogador\u201d, declarou Felipe, refor\u00e7ando o desligamento do zagueiro do grupo principal.<\/p>\n\n\n\n<p>Al\u00e9m dos aspectos t\u00e9cnicos e financeiros, quest\u00f5es comportamentais contribu\u00edram para o afastamento. Capasso utilizou redes sociais para publicar fotos com a ta\u00e7a do Campeonato Paraguaio e imagens antigas em campo, sempre ap\u00f3s resultados ruins do Vasco, o que foi interpretado como provoca\u00e7\u00e3o. Internamente, acredita-se que o jogador estaria apenas \u201ccumprindo contrato\u201d at\u00e9 o fim do v\u00ednculo.<\/p>\n\n\n\n<p>O t\u00e9cnico Carille, que comandava a equipe anteriormente, chegou a relacion\u00e1-lo uma \u00fanica vez em 2025, diante do Botafogo, apenas para cumprir exig\u00eancias da janela internacional. \u201cSe n\u00e3o fosse relacionado, n\u00e3o poderia mais ser negociado no Brasil at\u00e9 o meio do ano\u201d, explicou o treinador. Apesar disso, o zagueiro sequer entrou em campo.<\/p>\n\n\n\n<p>Atualmente, o Vasco conta com outras op\u00e7\u00f5es para a defesa, como Jo\u00e3o Victor, Mauricio Lemos, Lucas Freitas e Lucas Oliveira, al\u00e9m dos jovens Luiz Gustavo e Lyncon, revelados pelas categorias de base. Com isso, Capasso permanece afastado e fora dos planos, \u00e0 espera do encerramento de seu contrato, que vai at\u00e9 dezembro.<\/p>\n","protected":false},"excerpt":{"rendered":"<p>A situa\u00e7\u00e3o do zagueiro Manuel Capasso no Vasco ganhou novos contornos ap\u00f3s declara\u00e7\u00f5es contundentes de Felipe, que acumula as fun\u00e7\u00f5es de diretor t\u00e9cnico e treinador interino. Ap\u00f3s o empate contra o Oper\u00e1rio, na quinta-feira (1), em Ponta Grossa, Felipe foi enf\u00e1tico ao afirmar que o defensor argentino est\u00e1 fora dos planos do clube. \u201cEu n\u00e3o [&hellip;]<\/p>\n","protected":false},"author":18,"featured_media":260317,"comment_status":"open","ping_status":"closed","sticky":false,"template":"","format":"standard","meta":{"footnotes":""},"categories":[152],"tags":[],"class_list":["post-260313","post","type-post","status-publish","format-standard","has-post-thumbnail","hentry","category-vasco"],"yoast_head":"<!-- This site is optimized with the Yoast SEO Premium plugin v24.2 (Yoast SEO v26.9) - https:\/\/yoast.com\/product\/yoast-seo-premium-wordpress\/ -->\n<title>Bastidores: saiba por que Capasso foi escanteado no Vasco<\/title>\n<meta name=\"robots\" content=\"index, follow, max-snippet:-1, max-image-preview:large, max-video-preview:-1\" \/>\n<link rel=\"canonical\" href=\"https:\/\/www.gaveanews.com\/index.php\/2025\/05\/02\/bastidores-saiba-por-que-capasso-foi-escanteado-no-vasco\/\" \/>\n<meta property=\"og:locale\" content=\"pt_BR\" \/>\n<meta property=\"og:type\" content=\"article\" \/>\n<meta property=\"og:title\" content=\"Bastidores: saiba por que Capasso foi escanteado no Vasco\" \/>\n<meta property=\"og:description\" content=\"A situa\u00e7\u00e3o do zagueiro Manuel Capasso no Vasco ganhou novos contornos ap\u00f3s declara\u00e7\u00f5es contundentes de Felipe, que acumula as fun\u00e7\u00f5es de diretor t\u00e9cnico e treinador interino. Ap\u00f3s o empate contra o Oper\u00e1rio, na quinta-feira (1), em Ponta Grossa, Felipe foi enf\u00e1tico ao afirmar que o defensor argentino est\u00e1 fora dos planos do clube. \u201cEu n\u00e3o [&hellip;]\" \/>\n<meta property=\"og:url\" content=\"https:\/\/www.gaveanews.com\/index.php\/2025\/05\/02\/bastidores-saiba-por-que-capasso-foi-escanteado-no-vasco\/\" \/>\n<meta property=\"og:site_name\" content=\"G\u00e1vea News\" \/>\n<meta property=\"article:publisher\" content=\"https:\/\/facebook.com\/gaveaNews\/\" \/>\n<meta property=\"article:published_time\" content=\"2025-05-02T23:05:00+00:00\" \/>\n<meta property=\"og:image\" content=\"https:\/\/www.gaveanews.com\/wp-content\/uploads\/Capasso-pelo-Vasco.webp\" \/>\n\t<meta property=\"og:image:width\" content=\"1200\" \/>\n\t<meta property=\"og:image:height\" content=\"900\" \/>\n\t<meta property=\"og:image:type\" content=\"image\/webp\" \/>\n<meta name=\"author\" content=\"Paula Silva\" \/>\n<meta name=\"twitter:card\" content=\"summary_large_image\" \/>\n<meta name=\"twitter:label1\" content=\"Escrito por\" \/>\n\t<meta name=\"twitter:data1\" content=\"Paula Silva\" \/>\n\t<meta name=\"twitter:label2\" content=\"Est. tempo de leitura\" \/>\n\t<meta name=\"twitter:data2\" content=\"3 minutos\" \/>\n<script type=\"application\/ld+json\" class=\"yoast-schema-graph\">{\"@context\":\"https:\/\/schema.org\",\"@graph\":[{\"@type\":\"NewsArticle\",\"@id\":\"https:\/\/www.gaveanews.com\/index.php\/2025\/05\/02\/bastidores-saiba-por-que-capasso-foi-escanteado-no-vasco\/#article\",\"isPartOf\":{\"@id\":\"https:\/\/www.gaveanews.com\/index.php\/2025\/05\/02\/bastidores-saiba-por-que-capasso-foi-escanteado-no-vasco\/\"},\"author\":{\"name\":\"Paula Silva\",\"@id\":\"https:\/\/www.gaveanews.com\/#\/schema\/person\/daf63eec72e1164eb13dc35096c2b8da\"},\"headline\":\"Bastidores: saiba por que Capasso foi escanteado no Vasco\",\"datePublished\":\"2025-05-02T23:05:00+00:00\",\"mainEntityOfPage\":{\"@id\":\"https:\/\/www.gaveanews.com\/index.php\/2025\/05\/02\/bastidores-saiba-por-que-capasso-foi-escanteado-no-vasco\/\"},\"wordCount\":396,\"commentCount\":0,\"image\":{\"@id\":\"https:\/\/www.gaveanews.com\/index.php\/2025\/05\/02\/bastidores-saiba-por-que-capasso-foi-escanteado-no-vasco\/#primaryimage\"},\"thumbnailUrl\":\"https:\/\/www.gaveanews.com\/wp-content\/uploads\/Capasso-pelo-Vasco.webp\",\"articleSection\":[\"Vasco\"],\"inLanguage\":\"pt-BR\",\"potentialAction\":[{\"@type\":\"CommentAction\",\"name\":\"Comment\",\"target\":[\"https:\/\/www.gaveanews.com\/index.php\/2025\/05\/02\/bastidores-saiba-por-que-capasso-foi-escanteado-no-vasco\/#respond\"]}],\"copyrightYear\":\"2025\",\"copyrightHolder\":{\"@id\":\"https:\/\/www.gaveanews.com\/#organization\"}},{\"@type\":\"WebPage\",\"@id\":\"https:\/\/www.gaveanews.com\/index.php\/2025\/05\/02\/bastidores-saiba-por-que-capasso-foi-escanteado-no-vasco\/\",\"url\":\"https:\/\/www.gaveanews.com\/index.php\/2025\/05\/02\/bastidores-saiba-por-que-capasso-foi-escanteado-no-vasco\/\",\"name\":\"Bastidores: saiba por que Capasso foi escanteado no Vasco\",\"isPartOf\":{\"@id\":\"https:\/\/www.gaveanews.com\/#website\"},\"primaryImageOfPage\":{\"@id\":\"https:\/\/www.gaveanews.com\/index.php\/2025\/05\/02\/bastidores-saiba-por-que-capasso-foi-escanteado-no-vasco\/#primaryimage\"},\"image\":{\"@id\":\"https:\/\/www.gaveanews.com\/index.php\/2025\/05\/02\/bastidores-saiba-por-que-capasso-foi-escanteado-no-vasco\/#primaryimage\"},\"thumbnailUrl\":\"https:\/\/www.gaveanews.com\/wp-content\/uploads\/Capasso-pelo-Vasco.webp\",\"datePublished\":\"2025-05-02T23:05:00+00:00\",\"author\":{\"@id\":\"https:\/\/www.gaveanews.com\/#\/schema\/person\/daf63eec72e1164eb13dc35096c2b8da\"},\"breadcrumb\":{\"@id\":\"https:\/\/www.gaveanews.com\/index.php\/2025\/05\/02\/bastidores-saiba-por-que-capasso-foi-escanteado-no-vasco\/#breadcrumb\"},\"inLanguage\":\"pt-BR\",\"potentialAction\":[{\"@type\":\"ReadAction\",\"target\":[\"https:\/\/www.gaveanews.com\/index.php\/2025\/05\/02\/bastidores-saiba-por-que-capasso-foi-escanteado-no-vasco\/\"]}]},{\"@type\":\"ImageObject\",\"inLanguage\":\"pt-BR\",\"@id\":\"https:\/\/www.gaveanews.com\/index.php\/2025\/05\/02\/bastidores-saiba-por-que-capasso-foi-escanteado-no-vasco\/#primaryimage\",\"url\":\"https:\/\/www.gaveanews.com\/wp-content\/uploads\/Capasso-pelo-Vasco.webp\",\"contentUrl\":\"https:\/\/www.gaveanews.com\/wp-content\/uploads\/Capasso-pelo-Vasco.webp\",\"width\":1200,\"height\":900,\"caption\":\"Capasso pelo Vasco (Foto: Daniel Ramalho\/Vasco)\"},{\"@type\":\"BreadcrumbList\",\"@id\":\"https:\/\/www.gaveanews.com\/index.php\/2025\/05\/02\/bastidores-saiba-por-que-capasso-foi-escanteado-no-vasco\/#breadcrumb\",\"itemListElement\":[{\"@type\":\"ListItem\",\"position\":1,\"name\":\"Home\",\"item\":\"https:\/\/www.gaveanews.com\/\"},{\"@type\":\"ListItem\",\"position\":2,\"name\":\"Bastidores: saiba por que Capasso foi escanteado no Vasco\"}]},{\"@type\":\"WebSite\",\"@id\":\"https:\/\/www.gaveanews.com\/#website\",\"url\":\"https:\/\/www.gaveanews.com\/\",\"name\":\"G\u00e1vea News\",\"description\":\"Veja todas as not\u00edcias sobre o Flamengo: Contrata\u00e7\u00f5es, categorias de base, resultados das partidas, tabela de classifica\u00e7\u00e3o, pr\u00f3ximos jogos!\",\"potentialAction\":[{\"@type\":\"SearchAction\",\"target\":{\"@type\":\"EntryPoint\",\"urlTemplate\":\"https:\/\/www.gaveanews.com\/?s={search_term_string}\"},\"query-input\":{\"@type\":\"PropertyValueSpecification\",\"valueRequired\":true,\"valueName\":\"search_term_string\"}}],\"inLanguage\":\"pt-BR\"},{\"@type\":\"Person\",\"@id\":\"https:\/\/www.gaveanews.com\/#\/schema\/person\/daf63eec72e1164eb13dc35096c2b8da\",\"name\":\"Paula Silva\",\"image\":{\"@type\":\"ImageObject\",\"inLanguage\":\"pt-BR\",\"@id\":\"https:\/\/www.gaveanews.com\/#\/schema\/person\/image\/\",\"url\":\"https:\/\/secure.gravatar.com\/avatar\/eda381c845527cc5d64c13b901833cda29d97500ba040d3e6461f76f51d163bb?s=96&d=mm&r=g\",\"contentUrl\":\"https:\/\/secure.gravatar.com\/avatar\/eda381c845527cc5d64c13b901833cda29d97500ba040d3e6461f76f51d163bb?s=96&d=mm&r=g\",\"caption\":\"Paula Silva\"}}]}<\/script>\n<!-- \/ Yoast SEO Premium plugin. -->","yoast_head_json":{"title":"Bastidores: saiba por que Capasso foi escanteado no Vasco","robots":{"index":"index","follow":"follow","max-snippet":"max-snippet:-1","max-image-preview":"max-image-preview:large","max-video-preview":"max-video-preview:-1"},"canonical":"https:\/\/www.gaveanews.com\/index.php\/2025\/05\/02\/bastidores-saiba-por-que-capasso-foi-escanteado-no-vasco\/","og_locale":"pt_BR","og_type":"article","og_title":"Bastidores: saiba por que Capasso foi escanteado no Vasco","og_description":"A situa\u00e7\u00e3o do zagueiro Manuel Capasso no Vasco ganhou novos contornos ap\u00f3s declara\u00e7\u00f5es contundentes de Felipe, que acumula as fun\u00e7\u00f5es de diretor t\u00e9cnico e treinador interino. Ap\u00f3s o empate contra o Oper\u00e1rio, na quinta-feira (1), em Ponta Grossa, Felipe foi enf\u00e1tico ao afirmar que o defensor argentino est\u00e1 fora dos planos do clube. \u201cEu n\u00e3o [&hellip;]","og_url":"https:\/\/www.gaveanews.com\/index.php\/2025\/05\/02\/bastidores-saiba-por-que-capasso-foi-escanteado-no-vasco\/","og_site_name":"G\u00e1vea News","article_publisher":"https:\/\/facebook.com\/gaveaNews\/","article_published_time":"2025-05-02T23:05:00+00:00","og_image":[{"width":1200,"height":900,"url":"https:\/\/www.gaveanews.com\/wp-content\/uploads\/Capasso-pelo-Vasco.webp","type":"image\/webp"}],"author":"Paula Silva","twitter_card":"summary_large_image","twitter_misc":{"Escrito por":"Paula Silva","Est. tempo de leitura":"3 minutos"},"schema":{"@context":"https:\/\/schema.org","@graph":[{"@type":"NewsArticle","@id":"https:\/\/www.gaveanews.com\/index.php\/2025\/05\/02\/bastidores-saiba-por-que-capasso-foi-escanteado-no-vasco\/#article","isPartOf":{"@id":"https:\/\/www.gaveanews.com\/index.php\/2025\/05\/02\/bastidores-saiba-por-que-capasso-foi-escanteado-no-vasco\/"},"author":{"name":"Paula Silva","@id":"https:\/\/www.gaveanews.com\/#\/schema\/person\/daf63eec72e1164eb13dc35096c2b8da"},"headline":"Bastidores: saiba por que Capasso foi escanteado no Vasco","datePublished":"2025-05-02T23:05:00+00:00","mainEntityOfPage":{"@id":"https:\/\/www.gaveanews.com\/index.php\/2025\/05\/02\/bastidores-saiba-por-que-capasso-foi-escanteado-no-vasco\/"},"wordCount":396,"commentCount":0,"image":{"@id":"https:\/\/www.gaveanews.com\/index.php\/2025\/05\/02\/bastidores-saiba-por-que-capasso-foi-escanteado-no-vasco\/#primaryimage"},"thumbnailUrl":"https:\/\/www.gaveanews.com\/wp-content\/uploads\/Capasso-pelo-Vasco.webp","articleSection":["Vasco"],"inLanguage":"pt-BR","potentialAction":[{"@type":"CommentAction","name":"Comment","target":["https:\/\/www.gaveanews.com\/index.php\/2025\/05\/02\/bastidores-saiba-por-que-capasso-foi-escanteado-no-vasco\/#respond"]}],"copyrightYear":"2025","copyrightHolder":{"@id":"https:\/\/www.gaveanews.com\/#organization"}},{"@type":"WebPage","@id":"https:\/\/www.gaveanews.com\/index.php\/2025\/05\/02\/bastidores-saiba-por-que-capasso-foi-escanteado-no-vasco\/","url":"https:\/\/www.gaveanews.com\/index.php\/2025\/05\/02\/bastidores-saiba-por-que-capasso-foi-escanteado-no-vasco\/","name":"Bastidores: saiba por que Capasso foi escanteado no Vasco","isPartOf":{"@id":"https:\/\/www.gaveanews.com\/#website"},"primaryImageOfPage":{"@id":"https:\/\/www.gaveanews.com\/index.php\/2025\/05\/02\/bastidores-saiba-por-que-capasso-foi-escanteado-no-vasco\/#primaryimage"},"image":{"@id":"https:\/\/www.gaveanews.com\/index.php\/2025\/05\/02\/bastidores-saiba-por-que-capasso-foi-escanteado-no-vasco\/#primaryimage"},"thumbnailUrl":"https:\/\/www.gaveanews.com\/wp-content\/uploads\/Capasso-pelo-Vasco.webp","datePublished":"2025-05-02T23:05:00+00:00","author":{"@id":"https:\/\/www.gaveanews.com\/#\/schema\/person\/daf63eec72e1164eb13dc35096c2b8da"},"breadcrumb":{"@id":"https:\/\/www.gaveanews.com\/index.php\/2025\/05\/02\/bastidores-saiba-por-que-capasso-foi-escanteado-no-vasco\/#breadcrumb"},"inLanguage":"pt-BR","potentialAction":[{"@type":"ReadAction","target":["https:\/\/www.gaveanews.com\/index.php\/2025\/05\/02\/bastidores-saiba-por-que-capasso-foi-escanteado-no-vasco\/"]}]},{"@type":"ImageObject","inLanguage":"pt-BR","@id":"https:\/\/www.gaveanews.com\/index.php\/2025\/05\/02\/bastidores-saiba-por-que-capasso-foi-escanteado-no-vasco\/#primaryimage","url":"https:\/\/www.gaveanews.com\/wp-content\/uploads\/Capasso-pelo-Vasco.webp","contentUrl":"https:\/\/www.gaveanews.com\/wp-content\/uploads\/Capasso-pelo-Vasco.webp","width":1200,"height":900,"caption":"Capasso pelo Vasco (Foto: Daniel Ramalho\/Vasco)"},{"@type":"BreadcrumbList","@id":"https:\/\/www.gaveanews.com\/index.php\/2025\/05\/02\/bastidores-saiba-por-que-capasso-foi-escanteado-no-vasco\/#breadcrumb","itemListElement":[{"@type":"ListItem","position":1,"name":"Home","item":"https:\/\/www.gaveanews.com\/"},{"@type":"ListItem","position":2,"name":"Bastidores: saiba por que Capasso foi escanteado no Vasco"}]},{"@type":"WebSite","@id":"https:\/\/www.gaveanews.com\/#website","url":"https:\/\/www.gaveanews.com\/","name":"G\u00e1vea News","description":"Veja todas as not\u00edcias sobre o Flamengo: Contrata\u00e7\u00f5es, categorias de base, resultados das partidas, tabela de classifica\u00e7\u00e3o, pr\u00f3ximos jogos!","potentialAction":[{"@type":"SearchAction","target":{"@type":"EntryPoint","urlTemplate":"https:\/\/www.gaveanews.com\/?s={search_term_string}"},"query-input":{"@type":"PropertyValueSpecification","valueRequired":true,"valueName":"search_term_string"}}],"inLanguage":"pt-BR"},{"@type":"Person","@id":"https:\/\/www.gaveanews.com\/#\/schema\/person\/daf63eec72e1164eb13dc35096c2b8da","name":"Paula Silva","image":{"@type":"ImageObject","inLanguage":"pt-BR","@id":"https:\/\/www.gaveanews.com\/#\/schema\/person\/image\/","url":"https:\/\/secure.gravatar.com\/avatar\/eda381c845527cc5d64c13b901833cda29d97500ba040d3e6461f76f51d163bb?s=96&d=mm&r=g","contentUrl":"https:\/\/secure.gravatar.com\/avatar\/eda381c845527cc5d64c13b901833cda29d97500ba040d3e6461f76f51d163bb?s=96&d=mm&r=g","caption":"Paula Silva"}}]}},"_links":{"self":[{"href":"https:\/\/www.gaveanews.com\/index.php\/wp-json\/wp\/v2\/posts\/260313","targetHints":{"allow":["GET"]}}],"collection":[{"href":"https:\/\/www.gaveanews.com\/index.php\/wp-json\/wp\/v2\/posts"}],"about":[{"href":"https:\/\/www.gaveanews.com\/index.php\/wp-json\/wp\/v2\/types\/post"}],"author":[{"embeddable":true,"href":"https:\/\/www.gaveanews.com\/index.php\/wp-json\/wp\/v2\/users\/18"}],"replies":[{"embeddable":true,"href":"https:\/\/www.gaveanews.com\/index.php\/wp-json\/wp\/v2\/comments?post=260313"}],"version-history":[{"count":1,"href":"https:\/\/www.gaveanews.com\/index.php\/wp-json\/wp\/v2\/posts\/260313\/revisions"}],"predecessor-version":[{"id":260318,"href":"https:\/\/www.gaveanews.com\/index.php\/wp-json\/wp\/v2\/posts\/260313\/revisions\/260318"}],"wp:featuredmedia":[{"embeddable":true,"href":"https:\/\/www.gaveanews.com\/index.php\/wp-json\/wp\/v2\/media\/260317"}],"wp:attachment":[{"href":"https:\/\/www.gaveanews.com\/index.php\/wp-json\/wp\/v2\/media?parent=260313"}],"wp:term":[{"taxonomy":"category","embeddable":true,"href":"https:\/\/www.gaveanews.com\/index.php\/wp-json\/wp\/v2\/categories?post=260313"},{"taxonomy":"post_tag","embeddable":true,"href":"https:\/\/www.gaveanews.com\/index.php\/wp-json\/wp\/v2\/tags?post=260313"}],"curies":[{"name":"wp","href":"https:\/\/api.w.org\/{rel}","templated":true}]}}