{"id":260332,"date":"2025-05-02T20:35:00","date_gmt":"2025-05-02T23:35:00","guid":{"rendered":"https:\/\/www.gaveanews.com\/?p=260332"},"modified":"2025-05-02T20:19:56","modified_gmt":"2025-05-02T23:19:56","slug":"bastidores-veja-por-que-o-sao-paulo-renovou-com-cedric","status":"publish","type":"post","link":"https:\/\/www.gaveanews.com\/index.php\/2025\/05\/02\/bastidores-veja-por-que-o-sao-paulo-renovou-com-cedric\/","title":{"rendered":"Bastidores: veja por que o S\u00e3o Paulo renovou com C\u00e9dric"},"content":{"rendered":"\n<p>O S\u00e3o Paulo oficializou a renova\u00e7\u00e3o de contrato do lateral-direito C\u00e9dric Soares at\u00e9 o final de 2027. Inicialmente contratado com um v\u00ednculo curto de tr\u00eas meses e sal\u00e1rio modesto, o portugu\u00eas conquistou espa\u00e7o no elenco e passou a ser visto como pe\u00e7a fundamental dentro do planejamento do clube. A decis\u00e3o foi respaldada tanto pela diretoria quanto pela comiss\u00e3o t\u00e9cnica, que identificaram no atleta atributos importantes para o momento do time.<\/p>\n\n\n\n<p>Conforme apurado, um dos principais fatores que pesaram para a renova\u00e7\u00e3o foi a postura exemplar do jogador. Sua dedica\u00e7\u00e3o nos treinos e a disponibilidade para todas as partidas desde a estreia chamaram a aten\u00e7\u00e3o internamente. Apenas em um jogo ele n\u00e3o foi utilizado, o que refor\u00e7a sua condi\u00e7\u00e3o f\u00edsica e comprometimento. Isso, aliado ao bom desempenho em campo, fez com que o t\u00e9cnico Luis Zubeld\u00eda passasse a consider\u00e1-lo um nome confi\u00e1vel.<\/p>\n\n\n\n<p>Ali\u00e1s, C\u00e9dric passou de uma aposta a uma refer\u00eancia para os jovens do elenco. O S\u00e3o Paulo entende que jogadores como Maik e Igor Felisberto se beneficiam da conviv\u00eancia com o experiente lateral, que serve como espelho e inspira\u00e7\u00e3o. A presen\u00e7a de um atleta com viv\u00eancia internacional contribui tamb\u00e9m para o amadurecimento desses jovens talentos.<\/p>\n\n\n\n<p>Al\u00e9m do aspecto t\u00e9cnico e disciplinar, a diretoria tamb\u00e9m levou em conta o mercado escasso para a posi\u00e7\u00e3o. A lateral-direita \u00e9 considerada carente, e a possibilidade de sa\u00edda de Igor Vinicius no fim do ano poderia deixar o setor desguarnecido. Nesse sentido, manter C\u00e9dric foi uma decis\u00e3o estrat\u00e9gica, a fim de evitar a necessidade de buscar uma reposi\u00e7\u00e3o \u00e0s pressas.<\/p>\n\n\n\n<p>Anteriormente, o contrato previa uma renova\u00e7\u00e3o autom\u00e1tica at\u00e9 dezembro caso metas fossem alcan\u00e7adas, o que de fato ocorreu. Entretanto, ambas as partes decidiram por um novo acordo mais duradouro, com validade de dois anos e meio. Tal extens\u00e3o reflete a estabilidade conquistada pelo jogador no elenco tricolor.<\/p>\n\n\n\n<p>Com 16 partidas e uma assist\u00eancia registradas, C\u00e9dric tem contribu\u00eddo n\u00e3o s\u00f3 na lateral, mas tamb\u00e9m atuando em posi\u00e7\u00f5es mais adiantadas, quando necess\u00e1rio. Sua versatilidade e experi\u00eancia europeia tornam sua perman\u00eancia relevante para o atual contexto do S\u00e3o Paulo, sobretudo enquanto o clube busca equil\u00edbrio competitivo na temporada.<\/p>\n","protected":false},"excerpt":{"rendered":"<p>O S\u00e3o Paulo oficializou a renova\u00e7\u00e3o de contrato do lateral-direito C\u00e9dric Soares at\u00e9 o final de 2027. Inicialmente contratado com um v\u00ednculo curto de tr\u00eas meses e sal\u00e1rio modesto, o portugu\u00eas conquistou espa\u00e7o no elenco e passou a ser visto como pe\u00e7a fundamental dentro do planejamento do clube. A decis\u00e3o foi respaldada tanto pela diretoria [&hellip;]<\/p>\n","protected":false},"author":18,"featured_media":253072,"comment_status":"open","ping_status":"closed","sticky":false,"template":"","format":"standard","meta":{"footnotes":""},"categories":[151],"tags":[],"class_list":["post-260332","post","type-post","status-publish","format-standard","has-post-thumbnail","hentry","category-sao-paulo"],"yoast_head":"<!-- This site is optimized with the Yoast SEO Premium plugin v24.2 (Yoast SEO v26.9) - https:\/\/yoast.com\/product\/yoast-seo-premium-wordpress\/ -->\n<title>Bastidores: veja por que o S\u00e3o Paulo renovou com C\u00e9dric<\/title>\n<meta name=\"robots\" content=\"index, follow, max-snippet:-1, max-image-preview:large, max-video-preview:-1\" \/>\n<link rel=\"canonical\" href=\"https:\/\/www.gaveanews.com\/index.php\/2025\/05\/02\/bastidores-veja-por-que-o-sao-paulo-renovou-com-cedric\/\" \/>\n<meta property=\"og:locale\" content=\"pt_BR\" \/>\n<meta property=\"og:type\" content=\"article\" \/>\n<meta property=\"og:title\" content=\"Bastidores: veja por que o S\u00e3o Paulo renovou com C\u00e9dric\" \/>\n<meta property=\"og:description\" content=\"O S\u00e3o Paulo oficializou a renova\u00e7\u00e3o de contrato do lateral-direito C\u00e9dric Soares at\u00e9 o final de 2027. Inicialmente contratado com um v\u00ednculo curto de tr\u00eas meses e sal\u00e1rio modesto, o portugu\u00eas conquistou espa\u00e7o no elenco e passou a ser visto como pe\u00e7a fundamental dentro do planejamento do clube. A decis\u00e3o foi respaldada tanto pela diretoria [&hellip;]\" \/>\n<meta property=\"og:url\" content=\"https:\/\/www.gaveanews.com\/index.php\/2025\/05\/02\/bastidores-veja-por-que-o-sao-paulo-renovou-com-cedric\/\" \/>\n<meta property=\"og:site_name\" content=\"G\u00e1vea News\" \/>\n<meta property=\"article:publisher\" content=\"https:\/\/facebook.com\/gaveaNews\/\" \/>\n<meta property=\"article:published_time\" content=\"2025-05-02T23:35:00+00:00\" \/>\n<meta property=\"og:image\" content=\"https:\/\/www.gaveanews.com\/wp-content\/uploads\/Cedric-Sao-Paulo.webp\" \/>\n\t<meta property=\"og:image:width\" content=\"538\" \/>\n\t<meta property=\"og:image:height\" content=\"415\" \/>\n\t<meta property=\"og:image:type\" content=\"image\/jpeg\" \/>\n<meta name=\"author\" content=\"Paula Silva\" \/>\n<meta name=\"twitter:card\" content=\"summary_large_image\" \/>\n<meta name=\"twitter:label1\" content=\"Escrito por\" \/>\n\t<meta name=\"twitter:data1\" content=\"Paula Silva\" \/>\n\t<meta name=\"twitter:label2\" content=\"Est. tempo de leitura\" \/>\n\t<meta name=\"twitter:data2\" content=\"3 minutos\" \/>\n<script type=\"application\/ld+json\" class=\"yoast-schema-graph\">{\"@context\":\"https:\/\/schema.org\",\"@graph\":[{\"@type\":\"NewsArticle\",\"@id\":\"https:\/\/www.gaveanews.com\/index.php\/2025\/05\/02\/bastidores-veja-por-que-o-sao-paulo-renovou-com-cedric\/#article\",\"isPartOf\":{\"@id\":\"https:\/\/www.gaveanews.com\/index.php\/2025\/05\/02\/bastidores-veja-por-que-o-sao-paulo-renovou-com-cedric\/\"},\"author\":{\"name\":\"Paula Silva\",\"@id\":\"https:\/\/www.gaveanews.com\/#\/schema\/person\/daf63eec72e1164eb13dc35096c2b8da\"},\"headline\":\"Bastidores: veja por que o S\u00e3o Paulo renovou com C\u00e9dric\",\"datePublished\":\"2025-05-02T23:35:00+00:00\",\"mainEntityOfPage\":{\"@id\":\"https:\/\/www.gaveanews.com\/index.php\/2025\/05\/02\/bastidores-veja-por-que-o-sao-paulo-renovou-com-cedric\/\"},\"wordCount\":416,\"commentCount\":0,\"image\":{\"@id\":\"https:\/\/www.gaveanews.com\/index.php\/2025\/05\/02\/bastidores-veja-por-que-o-sao-paulo-renovou-com-cedric\/#primaryimage\"},\"thumbnailUrl\":\"https:\/\/www.gaveanews.com\/wp-content\/uploads\/Cedric-Sao-Paulo.webp\",\"articleSection\":[\"S\u00e3o Paulo\"],\"inLanguage\":\"pt-BR\",\"potentialAction\":[{\"@type\":\"CommentAction\",\"name\":\"Comment\",\"target\":[\"https:\/\/www.gaveanews.com\/index.php\/2025\/05\/02\/bastidores-veja-por-que-o-sao-paulo-renovou-com-cedric\/#respond\"]}],\"copyrightYear\":\"2025\",\"copyrightHolder\":{\"@id\":\"https:\/\/www.gaveanews.com\/#organization\"}},{\"@type\":\"WebPage\",\"@id\":\"https:\/\/www.gaveanews.com\/index.php\/2025\/05\/02\/bastidores-veja-por-que-o-sao-paulo-renovou-com-cedric\/\",\"url\":\"https:\/\/www.gaveanews.com\/index.php\/2025\/05\/02\/bastidores-veja-por-que-o-sao-paulo-renovou-com-cedric\/\",\"name\":\"Bastidores: veja por que o S\u00e3o Paulo renovou com C\u00e9dric\",\"isPartOf\":{\"@id\":\"https:\/\/www.gaveanews.com\/#website\"},\"primaryImageOfPage\":{\"@id\":\"https:\/\/www.gaveanews.com\/index.php\/2025\/05\/02\/bastidores-veja-por-que-o-sao-paulo-renovou-com-cedric\/#primaryimage\"},\"image\":{\"@id\":\"https:\/\/www.gaveanews.com\/index.php\/2025\/05\/02\/bastidores-veja-por-que-o-sao-paulo-renovou-com-cedric\/#primaryimage\"},\"thumbnailUrl\":\"https:\/\/www.gaveanews.com\/wp-content\/uploads\/Cedric-Sao-Paulo.webp\",\"datePublished\":\"2025-05-02T23:35:00+00:00\",\"author\":{\"@id\":\"https:\/\/www.gaveanews.com\/#\/schema\/person\/daf63eec72e1164eb13dc35096c2b8da\"},\"breadcrumb\":{\"@id\":\"https:\/\/www.gaveanews.com\/index.php\/2025\/05\/02\/bastidores-veja-por-que-o-sao-paulo-renovou-com-cedric\/#breadcrumb\"},\"inLanguage\":\"pt-BR\",\"potentialAction\":[{\"@type\":\"ReadAction\",\"target\":[\"https:\/\/www.gaveanews.com\/index.php\/2025\/05\/02\/bastidores-veja-por-que-o-sao-paulo-renovou-com-cedric\/\"]}]},{\"@type\":\"ImageObject\",\"inLanguage\":\"pt-BR\",\"@id\":\"https:\/\/www.gaveanews.com\/index.php\/2025\/05\/02\/bastidores-veja-por-que-o-sao-paulo-renovou-com-cedric\/#primaryimage\",\"url\":\"https:\/\/www.gaveanews.com\/wp-content\/uploads\/Cedric-Sao-Paulo.webp\",\"contentUrl\":\"https:\/\/www.gaveanews.com\/wp-content\/uploads\/Cedric-Sao-Paulo.webp\",\"width\":538,\"height\":415,\"caption\":\"C\u00e9dric S\u00e3o Paulo (Foto: Rubens Chiri\/S\u00e3o Paulo)\"},{\"@type\":\"BreadcrumbList\",\"@id\":\"https:\/\/www.gaveanews.com\/index.php\/2025\/05\/02\/bastidores-veja-por-que-o-sao-paulo-renovou-com-cedric\/#breadcrumb\",\"itemListElement\":[{\"@type\":\"ListItem\",\"position\":1,\"name\":\"Home\",\"item\":\"https:\/\/www.gaveanews.com\/\"},{\"@type\":\"ListItem\",\"position\":2,\"name\":\"Bastidores: veja por que o S\u00e3o Paulo renovou com C\u00e9dric\"}]},{\"@type\":\"WebSite\",\"@id\":\"https:\/\/www.gaveanews.com\/#website\",\"url\":\"https:\/\/www.gaveanews.com\/\",\"name\":\"G\u00e1vea News\",\"description\":\"Veja todas as not\u00edcias sobre o Flamengo: Contrata\u00e7\u00f5es, categorias de base, resultados das partidas, tabela de classifica\u00e7\u00e3o, pr\u00f3ximos jogos!\",\"potentialAction\":[{\"@type\":\"SearchAction\",\"target\":{\"@type\":\"EntryPoint\",\"urlTemplate\":\"https:\/\/www.gaveanews.com\/?s={search_term_string}\"},\"query-input\":{\"@type\":\"PropertyValueSpecification\",\"valueRequired\":true,\"valueName\":\"search_term_string\"}}],\"inLanguage\":\"pt-BR\"},{\"@type\":\"Person\",\"@id\":\"https:\/\/www.gaveanews.com\/#\/schema\/person\/daf63eec72e1164eb13dc35096c2b8da\",\"name\":\"Paula Silva\",\"image\":{\"@type\":\"ImageObject\",\"inLanguage\":\"pt-BR\",\"@id\":\"https:\/\/www.gaveanews.com\/#\/schema\/person\/image\/\",\"url\":\"https:\/\/secure.gravatar.com\/avatar\/eda381c845527cc5d64c13b901833cda29d97500ba040d3e6461f76f51d163bb?s=96&d=mm&r=g\",\"contentUrl\":\"https:\/\/secure.gravatar.com\/avatar\/eda381c845527cc5d64c13b901833cda29d97500ba040d3e6461f76f51d163bb?s=96&d=mm&r=g\",\"caption\":\"Paula Silva\"}}]}<\/script>\n<!-- \/ Yoast SEO Premium plugin. -->","yoast_head_json":{"title":"Bastidores: veja por que o S\u00e3o Paulo renovou com C\u00e9dric","robots":{"index":"index","follow":"follow","max-snippet":"max-snippet:-1","max-image-preview":"max-image-preview:large","max-video-preview":"max-video-preview:-1"},"canonical":"https:\/\/www.gaveanews.com\/index.php\/2025\/05\/02\/bastidores-veja-por-que-o-sao-paulo-renovou-com-cedric\/","og_locale":"pt_BR","og_type":"article","og_title":"Bastidores: veja por que o S\u00e3o Paulo renovou com C\u00e9dric","og_description":"O S\u00e3o Paulo oficializou a renova\u00e7\u00e3o de contrato do lateral-direito C\u00e9dric Soares at\u00e9 o final de 2027. Inicialmente contratado com um v\u00ednculo curto de tr\u00eas meses e sal\u00e1rio modesto, o portugu\u00eas conquistou espa\u00e7o no elenco e passou a ser visto como pe\u00e7a fundamental dentro do planejamento do clube. A decis\u00e3o foi respaldada tanto pela diretoria [&hellip;]","og_url":"https:\/\/www.gaveanews.com\/index.php\/2025\/05\/02\/bastidores-veja-por-que-o-sao-paulo-renovou-com-cedric\/","og_site_name":"G\u00e1vea News","article_publisher":"https:\/\/facebook.com\/gaveaNews\/","article_published_time":"2025-05-02T23:35:00+00:00","og_image":[{"width":538,"height":415,"url":"https:\/\/www.gaveanews.com\/wp-content\/uploads\/Cedric-Sao-Paulo.webp","type":"image\/jpeg"}],"author":"Paula Silva","twitter_card":"summary_large_image","twitter_misc":{"Escrito por":"Paula Silva","Est. tempo de leitura":"3 minutos"},"schema":{"@context":"https:\/\/schema.org","@graph":[{"@type":"NewsArticle","@id":"https:\/\/www.gaveanews.com\/index.php\/2025\/05\/02\/bastidores-veja-por-que-o-sao-paulo-renovou-com-cedric\/#article","isPartOf":{"@id":"https:\/\/www.gaveanews.com\/index.php\/2025\/05\/02\/bastidores-veja-por-que-o-sao-paulo-renovou-com-cedric\/"},"author":{"name":"Paula Silva","@id":"https:\/\/www.gaveanews.com\/#\/schema\/person\/daf63eec72e1164eb13dc35096c2b8da"},"headline":"Bastidores: veja por que o S\u00e3o Paulo renovou com C\u00e9dric","datePublished":"2025-05-02T23:35:00+00:00","mainEntityOfPage":{"@id":"https:\/\/www.gaveanews.com\/index.php\/2025\/05\/02\/bastidores-veja-por-que-o-sao-paulo-renovou-com-cedric\/"},"wordCount":416,"commentCount":0,"image":{"@id":"https:\/\/www.gaveanews.com\/index.php\/2025\/05\/02\/bastidores-veja-por-que-o-sao-paulo-renovou-com-cedric\/#primaryimage"},"thumbnailUrl":"https:\/\/www.gaveanews.com\/wp-content\/uploads\/Cedric-Sao-Paulo.webp","articleSection":["S\u00e3o Paulo"],"inLanguage":"pt-BR","potentialAction":[{"@type":"CommentAction","name":"Comment","target":["https:\/\/www.gaveanews.com\/index.php\/2025\/05\/02\/bastidores-veja-por-que-o-sao-paulo-renovou-com-cedric\/#respond"]}],"copyrightYear":"2025","copyrightHolder":{"@id":"https:\/\/www.gaveanews.com\/#organization"}},{"@type":"WebPage","@id":"https:\/\/www.gaveanews.com\/index.php\/2025\/05\/02\/bastidores-veja-por-que-o-sao-paulo-renovou-com-cedric\/","url":"https:\/\/www.gaveanews.com\/index.php\/2025\/05\/02\/bastidores-veja-por-que-o-sao-paulo-renovou-com-cedric\/","name":"Bastidores: veja por que o S\u00e3o Paulo renovou com C\u00e9dric","isPartOf":{"@id":"https:\/\/www.gaveanews.com\/#website"},"primaryImageOfPage":{"@id":"https:\/\/www.gaveanews.com\/index.php\/2025\/05\/02\/bastidores-veja-por-que-o-sao-paulo-renovou-com-cedric\/#primaryimage"},"image":{"@id":"https:\/\/www.gaveanews.com\/index.php\/2025\/05\/02\/bastidores-veja-por-que-o-sao-paulo-renovou-com-cedric\/#primaryimage"},"thumbnailUrl":"https:\/\/www.gaveanews.com\/wp-content\/uploads\/Cedric-Sao-Paulo.webp","datePublished":"2025-05-02T23:35:00+00:00","author":{"@id":"https:\/\/www.gaveanews.com\/#\/schema\/person\/daf63eec72e1164eb13dc35096c2b8da"},"breadcrumb":{"@id":"https:\/\/www.gaveanews.com\/index.php\/2025\/05\/02\/bastidores-veja-por-que-o-sao-paulo-renovou-com-cedric\/#breadcrumb"},"inLanguage":"pt-BR","potentialAction":[{"@type":"ReadAction","target":["https:\/\/www.gaveanews.com\/index.php\/2025\/05\/02\/bastidores-veja-por-que-o-sao-paulo-renovou-com-cedric\/"]}]},{"@type":"ImageObject","inLanguage":"pt-BR","@id":"https:\/\/www.gaveanews.com\/index.php\/2025\/05\/02\/bastidores-veja-por-que-o-sao-paulo-renovou-com-cedric\/#primaryimage","url":"https:\/\/www.gaveanews.com\/wp-content\/uploads\/Cedric-Sao-Paulo.webp","contentUrl":"https:\/\/www.gaveanews.com\/wp-content\/uploads\/Cedric-Sao-Paulo.webp","width":538,"height":415,"caption":"C\u00e9dric S\u00e3o Paulo (Foto: Rubens Chiri\/S\u00e3o Paulo)"},{"@type":"BreadcrumbList","@id":"https:\/\/www.gaveanews.com\/index.php\/2025\/05\/02\/bastidores-veja-por-que-o-sao-paulo-renovou-com-cedric\/#breadcrumb","itemListElement":[{"@type":"ListItem","position":1,"name":"Home","item":"https:\/\/www.gaveanews.com\/"},{"@type":"ListItem","position":2,"name":"Bastidores: veja por que o S\u00e3o Paulo renovou com C\u00e9dric"}]},{"@type":"WebSite","@id":"https:\/\/www.gaveanews.com\/#website","url":"https:\/\/www.gaveanews.com\/","name":"G\u00e1vea News","description":"Veja todas as not\u00edcias sobre o Flamengo: Contrata\u00e7\u00f5es, categorias de base, resultados das partidas, tabela de classifica\u00e7\u00e3o, pr\u00f3ximos jogos!","potentialAction":[{"@type":"SearchAction","target":{"@type":"EntryPoint","urlTemplate":"https:\/\/www.gaveanews.com\/?s={search_term_string}"},"query-input":{"@type":"PropertyValueSpecification","valueRequired":true,"valueName":"search_term_string"}}],"inLanguage":"pt-BR"},{"@type":"Person","@id":"https:\/\/www.gaveanews.com\/#\/schema\/person\/daf63eec72e1164eb13dc35096c2b8da","name":"Paula Silva","image":{"@type":"ImageObject","inLanguage":"pt-BR","@id":"https:\/\/www.gaveanews.com\/#\/schema\/person\/image\/","url":"https:\/\/secure.gravatar.com\/avatar\/eda381c845527cc5d64c13b901833cda29d97500ba040d3e6461f76f51d163bb?s=96&d=mm&r=g","contentUrl":"https:\/\/secure.gravatar.com\/avatar\/eda381c845527cc5d64c13b901833cda29d97500ba040d3e6461f76f51d163bb?s=96&d=mm&r=g","caption":"Paula Silva"}}]}},"_links":{"self":[{"href":"https:\/\/www.gaveanews.com\/index.php\/wp-json\/wp\/v2\/posts\/260332","targetHints":{"allow":["GET"]}}],"collection":[{"href":"https:\/\/www.gaveanews.com\/index.php\/wp-json\/wp\/v2\/posts"}],"about":[{"href":"https:\/\/www.gaveanews.com\/index.php\/wp-json\/wp\/v2\/types\/post"}],"author":[{"embeddable":true,"href":"https:\/\/www.gaveanews.com\/index.php\/wp-json\/wp\/v2\/users\/18"}],"replies":[{"embeddable":true,"href":"https:\/\/www.gaveanews.com\/index.php\/wp-json\/wp\/v2\/comments?post=260332"}],"version-history":[{"count":1,"href":"https:\/\/www.gaveanews.com\/index.php\/wp-json\/wp\/v2\/posts\/260332\/revisions"}],"predecessor-version":[{"id":260335,"href":"https:\/\/www.gaveanews.com\/index.php\/wp-json\/wp\/v2\/posts\/260332\/revisions\/260335"}],"wp:featuredmedia":[{"embeddable":true,"href":"https:\/\/www.gaveanews.com\/index.php\/wp-json\/wp\/v2\/media\/253072"}],"wp:attachment":[{"href":"https:\/\/www.gaveanews.com\/index.php\/wp-json\/wp\/v2\/media?parent=260332"}],"wp:term":[{"taxonomy":"category","embeddable":true,"href":"https:\/\/www.gaveanews.com\/index.php\/wp-json\/wp\/v2\/categories?post=260332"},{"taxonomy":"post_tag","embeddable":true,"href":"https:\/\/www.gaveanews.com\/index.php\/wp-json\/wp\/v2\/tags?post=260332"}],"curies":[{"name":"wp","href":"https:\/\/api.w.org\/{rel}","templated":true}]}}