{"id":260333,"date":"2025-05-02T20:30:00","date_gmt":"2025-05-02T23:30:00","guid":{"rendered":"https:\/\/www.gaveanews.com\/?p=260333"},"modified":"2025-05-02T20:19:22","modified_gmt":"2025-05-02T23:19:22","slug":"saiba-quanto-o-flamengo-pagou-por-50-dos-direitos-de-plata","status":"publish","type":"post","link":"https:\/\/www.gaveanews.com\/index.php\/2025\/05\/02\/saiba-quanto-o-flamengo-pagou-por-50-dos-direitos-de-plata\/","title":{"rendered":"Saiba quanto o Flamengo pagou por 50% dos direitos de Plata"},"content":{"rendered":"\n<p>O Flamengo divulgou seu balan\u00e7o financeiro referente ao primeiro trimestre de 2025, revelando um investimento total de R$ 99,6 milh\u00f5es em contrata\u00e7\u00f5es de atletas. Deste montante, R$ 29 milh\u00f5es foram direcionados especificamente \u00e0 aquisi\u00e7\u00e3o de 50% dos direitos econ\u00f4micos do atacante Gonzalo Plata, junto ao Al-Sadd, do Catar. A quantia foi desembolsada em raz\u00e3o de uma cl\u00e1usula contratual previamente acordada, ativada ap\u00f3s o jogador atingir 1.500 minutos em campo.<\/p>\n\n\n\n<p>Anteriormente, o clube havia desembolsado US$ 4,25 milh\u00f5es (cerca de R$ 24 milh\u00f5es na \u00e9poca) pela libera\u00e7\u00e3o imediata do equatoriano. O valor restante, de US$ 3,9 milh\u00f5es, tornou-se exig\u00edvel ap\u00f3s o cumprimento da meta estipulada. Com isso, a contrata\u00e7\u00e3o de Plata, conclu\u00edda em agosto do ano passado, alcan\u00e7a cifras ainda mais significativas, refletindo o planejamento financeiro detalhado da diretoria rubro-negra.<\/p>\n\n\n\n<p>Al\u00e9m da opera\u00e7\u00e3o envolvendo Plata, o relat\u00f3rio tamb\u00e9m menciona os investimentos feitos nas contrata\u00e7\u00f5es de Danilo e Juninho, que totalizaram R$ 52,7 milh\u00f5es. Outros R$ 18 milh\u00f5es foram destinados \u00e0 capitaliza\u00e7\u00e3o de custos referentes a contratos anteriores, como impostos e b\u00f4nus contratuais relacionados a negocia\u00e7\u00f5es internacionais. Esses dados, ali\u00e1s, refor\u00e7am o volume de recursos mobilizado pelo clube no mercado da bola neste in\u00edcio de temporada.<\/p>\n\n\n\n<p>Conforme o documento, o Flamengo atingiu uma receita bruta de R$ 236,3 milh\u00f5es entre janeiro e mar\u00e7o, representando o maior faturamento operacional da hist\u00f3ria do clube para um primeiro trimestre, desconsiderando transfer\u00eancias. Ainda assim, o clube encerrou o per\u00edodo com um d\u00e9ficit de R$ 9,2 milh\u00f5es, o que foi justificado pela diretoria como uma consequ\u00eancia da sazonalidade das competi\u00e7\u00f5es.<\/p>\n\n\n\n<p>No entanto, o clube teve crescimento no caixa, encerrando o trimestre com R$ 79 milh\u00f5es dispon\u00edveis \u2014 um aumento de R$ 30 milh\u00f5es em rela\u00e7\u00e3o ao final de 2024. Tal avan\u00e7o se deve, principalmente, \u00e0 venda de atletas, como a negocia\u00e7\u00e3o de Fabr\u00edcio Bruno, que gerou R$ 46,4 milh\u00f5es em receita com transfer\u00eancias.<\/p>\n\n\n\n<p>Por fim, o Flamengo projeta para 2025 uma receita de R$ 1,33 bilh\u00e3o, valor 9,2% superior ao or\u00e7amento de 2024. Para refor\u00e7os, o clube reservou R$ 160 milh\u00f5es, ao passo que a meta para vendas \u00e9 de R$ 224 milh\u00f5es. Esses n\u00fameros evidenciam um planejamento ambicioso, embora condicionado \u00e0s movimenta\u00e7\u00f5es do mercado e ao desempenho esportivo ao longo da temporada.<\/p>\n","protected":false},"excerpt":{"rendered":"<p>O Flamengo divulgou seu balan\u00e7o financeiro referente ao primeiro trimestre de 2025, revelando um investimento total de R$ 99,6 milh\u00f5es em contrata\u00e7\u00f5es de atletas. Deste montante, R$ 29 milh\u00f5es foram direcionados especificamente \u00e0 aquisi\u00e7\u00e3o de 50% dos direitos econ\u00f4micos do atacante Gonzalo Plata, junto ao Al-Sadd, do Catar. A quantia foi desembolsada em raz\u00e3o de [&hellip;]<\/p>\n","protected":false},"author":18,"featured_media":254993,"comment_status":"open","ping_status":"closed","sticky":false,"template":"","format":"standard","meta":{"footnotes":""},"categories":[1],"tags":[],"class_list":["post-260333","post","type-post","status-publish","format-standard","has-post-thumbnail","hentry","category-flamengo"],"yoast_head":"<!-- This site is optimized with the Yoast SEO Premium plugin v24.2 (Yoast SEO v26.9) - https:\/\/yoast.com\/product\/yoast-seo-premium-wordpress\/ -->\n<title>Saiba quanto o Flamengo pagou por 50% dos direitos de Plata<\/title>\n<meta name=\"robots\" content=\"index, follow, max-snippet:-1, max-image-preview:large, max-video-preview:-1\" \/>\n<link rel=\"canonical\" href=\"https:\/\/www.gaveanews.com\/index.php\/2025\/05\/02\/saiba-quanto-o-flamengo-pagou-por-50-dos-direitos-de-plata\/\" \/>\n<meta property=\"og:locale\" content=\"pt_BR\" \/>\n<meta property=\"og:type\" content=\"article\" \/>\n<meta property=\"og:title\" content=\"Saiba quanto o Flamengo pagou por 50% dos direitos de Plata\" \/>\n<meta property=\"og:description\" content=\"O Flamengo divulgou seu balan\u00e7o financeiro referente ao primeiro trimestre de 2025, revelando um investimento total de R$ 99,6 milh\u00f5es em contrata\u00e7\u00f5es de atletas. Deste montante, R$ 29 milh\u00f5es foram direcionados especificamente \u00e0 aquisi\u00e7\u00e3o de 50% dos direitos econ\u00f4micos do atacante Gonzalo Plata, junto ao Al-Sadd, do Catar. A quantia foi desembolsada em raz\u00e3o de [&hellip;]\" \/>\n<meta property=\"og:url\" content=\"https:\/\/www.gaveanews.com\/index.php\/2025\/05\/02\/saiba-quanto-o-flamengo-pagou-por-50-dos-direitos-de-plata\/\" \/>\n<meta property=\"og:site_name\" content=\"G\u00e1vea News\" \/>\n<meta property=\"article:publisher\" content=\"https:\/\/facebook.com\/gaveaNews\/\" \/>\n<meta property=\"article:published_time\" content=\"2025-05-02T23:30:00+00:00\" \/>\n<meta property=\"og:image\" content=\"https:\/\/www.gaveanews.com\/wp-content\/uploads\/Gonzalo-Plata-em-atuacao-pelo-Flamengo-no-Maracana.webp\" \/>\n\t<meta property=\"og:image:width\" content=\"1200\" \/>\n\t<meta property=\"og:image:height\" content=\"800\" \/>\n\t<meta property=\"og:image:type\" content=\"image\/png\" \/>\n<meta name=\"author\" content=\"Paula Silva\" \/>\n<meta name=\"twitter:card\" content=\"summary_large_image\" \/>\n<meta name=\"twitter:label1\" content=\"Escrito por\" \/>\n\t<meta name=\"twitter:data1\" content=\"Paula Silva\" \/>\n\t<meta name=\"twitter:label2\" content=\"Est. tempo de leitura\" \/>\n\t<meta name=\"twitter:data2\" content=\"3 minutos\" \/>\n<script type=\"application\/ld+json\" class=\"yoast-schema-graph\">{\"@context\":\"https:\/\/schema.org\",\"@graph\":[{\"@type\":\"NewsArticle\",\"@id\":\"https:\/\/www.gaveanews.com\/index.php\/2025\/05\/02\/saiba-quanto-o-flamengo-pagou-por-50-dos-direitos-de-plata\/#article\",\"isPartOf\":{\"@id\":\"https:\/\/www.gaveanews.com\/index.php\/2025\/05\/02\/saiba-quanto-o-flamengo-pagou-por-50-dos-direitos-de-plata\/\"},\"author\":{\"name\":\"Paula Silva\",\"@id\":\"https:\/\/www.gaveanews.com\/#\/schema\/person\/daf63eec72e1164eb13dc35096c2b8da\"},\"headline\":\"Saiba quanto o Flamengo pagou por 50% dos direitos de Plata\",\"datePublished\":\"2025-05-02T23:30:00+00:00\",\"mainEntityOfPage\":{\"@id\":\"https:\/\/www.gaveanews.com\/index.php\/2025\/05\/02\/saiba-quanto-o-flamengo-pagou-por-50-dos-direitos-de-plata\/\"},\"wordCount\":405,\"commentCount\":0,\"image\":{\"@id\":\"https:\/\/www.gaveanews.com\/index.php\/2025\/05\/02\/saiba-quanto-o-flamengo-pagou-por-50-dos-direitos-de-plata\/#primaryimage\"},\"thumbnailUrl\":\"https:\/\/www.gaveanews.com\/wp-content\/uploads\/Gonzalo-Plata-em-atuacao-pelo-Flamengo-no-Maracana.webp\",\"articleSection\":[\"Flamengo\"],\"inLanguage\":\"pt-BR\",\"potentialAction\":[{\"@type\":\"CommentAction\",\"name\":\"Comment\",\"target\":[\"https:\/\/www.gaveanews.com\/index.php\/2025\/05\/02\/saiba-quanto-o-flamengo-pagou-por-50-dos-direitos-de-plata\/#respond\"]}],\"copyrightYear\":\"2025\",\"copyrightHolder\":{\"@id\":\"https:\/\/www.gaveanews.com\/#organization\"}},{\"@type\":\"WebPage\",\"@id\":\"https:\/\/www.gaveanews.com\/index.php\/2025\/05\/02\/saiba-quanto-o-flamengo-pagou-por-50-dos-direitos-de-plata\/\",\"url\":\"https:\/\/www.gaveanews.com\/index.php\/2025\/05\/02\/saiba-quanto-o-flamengo-pagou-por-50-dos-direitos-de-plata\/\",\"name\":\"Saiba quanto o Flamengo pagou por 50% dos direitos de Plata\",\"isPartOf\":{\"@id\":\"https:\/\/www.gaveanews.com\/#website\"},\"primaryImageOfPage\":{\"@id\":\"https:\/\/www.gaveanews.com\/index.php\/2025\/05\/02\/saiba-quanto-o-flamengo-pagou-por-50-dos-direitos-de-plata\/#primaryimage\"},\"image\":{\"@id\":\"https:\/\/www.gaveanews.com\/index.php\/2025\/05\/02\/saiba-quanto-o-flamengo-pagou-por-50-dos-direitos-de-plata\/#primaryimage\"},\"thumbnailUrl\":\"https:\/\/www.gaveanews.com\/wp-content\/uploads\/Gonzalo-Plata-em-atuacao-pelo-Flamengo-no-Maracana.webp\",\"datePublished\":\"2025-05-02T23:30:00+00:00\",\"author\":{\"@id\":\"https:\/\/www.gaveanews.com\/#\/schema\/person\/daf63eec72e1164eb13dc35096c2b8da\"},\"breadcrumb\":{\"@id\":\"https:\/\/www.gaveanews.com\/index.php\/2025\/05\/02\/saiba-quanto-o-flamengo-pagou-por-50-dos-direitos-de-plata\/#breadcrumb\"},\"inLanguage\":\"pt-BR\",\"potentialAction\":[{\"@type\":\"ReadAction\",\"target\":[\"https:\/\/www.gaveanews.com\/index.php\/2025\/05\/02\/saiba-quanto-o-flamengo-pagou-por-50-dos-direitos-de-plata\/\"]}]},{\"@type\":\"ImageObject\",\"inLanguage\":\"pt-BR\",\"@id\":\"https:\/\/www.gaveanews.com\/index.php\/2025\/05\/02\/saiba-quanto-o-flamengo-pagou-por-50-dos-direitos-de-plata\/#primaryimage\",\"url\":\"https:\/\/www.gaveanews.com\/wp-content\/uploads\/Gonzalo-Plata-em-atuacao-pelo-Flamengo-no-Maracana.webp\",\"contentUrl\":\"https:\/\/www.gaveanews.com\/wp-content\/uploads\/Gonzalo-Plata-em-atuacao-pelo-Flamengo-no-Maracana.webp\",\"width\":1200,\"height\":800,\"caption\":\"Gonzalo Plata em atua\u00e7\u00e3o pelo Flamengo, no Maracan\u00e3 - Foto: Gilvan de Souza\/Flamengo\"},{\"@type\":\"BreadcrumbList\",\"@id\":\"https:\/\/www.gaveanews.com\/index.php\/2025\/05\/02\/saiba-quanto-o-flamengo-pagou-por-50-dos-direitos-de-plata\/#breadcrumb\",\"itemListElement\":[{\"@type\":\"ListItem\",\"position\":1,\"name\":\"Home\",\"item\":\"https:\/\/www.gaveanews.com\/\"},{\"@type\":\"ListItem\",\"position\":2,\"name\":\"Saiba quanto o Flamengo pagou por 50% dos direitos de Plata\"}]},{\"@type\":\"WebSite\",\"@id\":\"https:\/\/www.gaveanews.com\/#website\",\"url\":\"https:\/\/www.gaveanews.com\/\",\"name\":\"G\u00e1vea News\",\"description\":\"Veja todas as not\u00edcias sobre o Flamengo: Contrata\u00e7\u00f5es, categorias de base, resultados das partidas, tabela de classifica\u00e7\u00e3o, pr\u00f3ximos jogos!\",\"potentialAction\":[{\"@type\":\"SearchAction\",\"target\":{\"@type\":\"EntryPoint\",\"urlTemplate\":\"https:\/\/www.gaveanews.com\/?s={search_term_string}\"},\"query-input\":{\"@type\":\"PropertyValueSpecification\",\"valueRequired\":true,\"valueName\":\"search_term_string\"}}],\"inLanguage\":\"pt-BR\"},{\"@type\":\"Person\",\"@id\":\"https:\/\/www.gaveanews.com\/#\/schema\/person\/daf63eec72e1164eb13dc35096c2b8da\",\"name\":\"Paula Silva\",\"image\":{\"@type\":\"ImageObject\",\"inLanguage\":\"pt-BR\",\"@id\":\"https:\/\/www.gaveanews.com\/#\/schema\/person\/image\/\",\"url\":\"https:\/\/secure.gravatar.com\/avatar\/eda381c845527cc5d64c13b901833cda29d97500ba040d3e6461f76f51d163bb?s=96&d=mm&r=g\",\"contentUrl\":\"https:\/\/secure.gravatar.com\/avatar\/eda381c845527cc5d64c13b901833cda29d97500ba040d3e6461f76f51d163bb?s=96&d=mm&r=g\",\"caption\":\"Paula Silva\"}}]}<\/script>\n<!-- \/ Yoast SEO Premium plugin. -->","yoast_head_json":{"title":"Saiba quanto o Flamengo pagou por 50% dos direitos de Plata","robots":{"index":"index","follow":"follow","max-snippet":"max-snippet:-1","max-image-preview":"max-image-preview:large","max-video-preview":"max-video-preview:-1"},"canonical":"https:\/\/www.gaveanews.com\/index.php\/2025\/05\/02\/saiba-quanto-o-flamengo-pagou-por-50-dos-direitos-de-plata\/","og_locale":"pt_BR","og_type":"article","og_title":"Saiba quanto o Flamengo pagou por 50% dos direitos de Plata","og_description":"O Flamengo divulgou seu balan\u00e7o financeiro referente ao primeiro trimestre de 2025, revelando um investimento total de R$ 99,6 milh\u00f5es em contrata\u00e7\u00f5es de atletas. Deste montante, R$ 29 milh\u00f5es foram direcionados especificamente \u00e0 aquisi\u00e7\u00e3o de 50% dos direitos econ\u00f4micos do atacante Gonzalo Plata, junto ao Al-Sadd, do Catar. A quantia foi desembolsada em raz\u00e3o de [&hellip;]","og_url":"https:\/\/www.gaveanews.com\/index.php\/2025\/05\/02\/saiba-quanto-o-flamengo-pagou-por-50-dos-direitos-de-plata\/","og_site_name":"G\u00e1vea News","article_publisher":"https:\/\/facebook.com\/gaveaNews\/","article_published_time":"2025-05-02T23:30:00+00:00","og_image":[{"width":1200,"height":800,"url":"https:\/\/www.gaveanews.com\/wp-content\/uploads\/Gonzalo-Plata-em-atuacao-pelo-Flamengo-no-Maracana.webp","type":"image\/png"}],"author":"Paula Silva","twitter_card":"summary_large_image","twitter_misc":{"Escrito por":"Paula Silva","Est. tempo de leitura":"3 minutos"},"schema":{"@context":"https:\/\/schema.org","@graph":[{"@type":"NewsArticle","@id":"https:\/\/www.gaveanews.com\/index.php\/2025\/05\/02\/saiba-quanto-o-flamengo-pagou-por-50-dos-direitos-de-plata\/#article","isPartOf":{"@id":"https:\/\/www.gaveanews.com\/index.php\/2025\/05\/02\/saiba-quanto-o-flamengo-pagou-por-50-dos-direitos-de-plata\/"},"author":{"name":"Paula Silva","@id":"https:\/\/www.gaveanews.com\/#\/schema\/person\/daf63eec72e1164eb13dc35096c2b8da"},"headline":"Saiba quanto o Flamengo pagou por 50% dos direitos de Plata","datePublished":"2025-05-02T23:30:00+00:00","mainEntityOfPage":{"@id":"https:\/\/www.gaveanews.com\/index.php\/2025\/05\/02\/saiba-quanto-o-flamengo-pagou-por-50-dos-direitos-de-plata\/"},"wordCount":405,"commentCount":0,"image":{"@id":"https:\/\/www.gaveanews.com\/index.php\/2025\/05\/02\/saiba-quanto-o-flamengo-pagou-por-50-dos-direitos-de-plata\/#primaryimage"},"thumbnailUrl":"https:\/\/www.gaveanews.com\/wp-content\/uploads\/Gonzalo-Plata-em-atuacao-pelo-Flamengo-no-Maracana.webp","articleSection":["Flamengo"],"inLanguage":"pt-BR","potentialAction":[{"@type":"CommentAction","name":"Comment","target":["https:\/\/www.gaveanews.com\/index.php\/2025\/05\/02\/saiba-quanto-o-flamengo-pagou-por-50-dos-direitos-de-plata\/#respond"]}],"copyrightYear":"2025","copyrightHolder":{"@id":"https:\/\/www.gaveanews.com\/#organization"}},{"@type":"WebPage","@id":"https:\/\/www.gaveanews.com\/index.php\/2025\/05\/02\/saiba-quanto-o-flamengo-pagou-por-50-dos-direitos-de-plata\/","url":"https:\/\/www.gaveanews.com\/index.php\/2025\/05\/02\/saiba-quanto-o-flamengo-pagou-por-50-dos-direitos-de-plata\/","name":"Saiba quanto o Flamengo pagou por 50% dos direitos de Plata","isPartOf":{"@id":"https:\/\/www.gaveanews.com\/#website"},"primaryImageOfPage":{"@id":"https:\/\/www.gaveanews.com\/index.php\/2025\/05\/02\/saiba-quanto-o-flamengo-pagou-por-50-dos-direitos-de-plata\/#primaryimage"},"image":{"@id":"https:\/\/www.gaveanews.com\/index.php\/2025\/05\/02\/saiba-quanto-o-flamengo-pagou-por-50-dos-direitos-de-plata\/#primaryimage"},"thumbnailUrl":"https:\/\/www.gaveanews.com\/wp-content\/uploads\/Gonzalo-Plata-em-atuacao-pelo-Flamengo-no-Maracana.webp","datePublished":"2025-05-02T23:30:00+00:00","author":{"@id":"https:\/\/www.gaveanews.com\/#\/schema\/person\/daf63eec72e1164eb13dc35096c2b8da"},"breadcrumb":{"@id":"https:\/\/www.gaveanews.com\/index.php\/2025\/05\/02\/saiba-quanto-o-flamengo-pagou-por-50-dos-direitos-de-plata\/#breadcrumb"},"inLanguage":"pt-BR","potentialAction":[{"@type":"ReadAction","target":["https:\/\/www.gaveanews.com\/index.php\/2025\/05\/02\/saiba-quanto-o-flamengo-pagou-por-50-dos-direitos-de-plata\/"]}]},{"@type":"ImageObject","inLanguage":"pt-BR","@id":"https:\/\/www.gaveanews.com\/index.php\/2025\/05\/02\/saiba-quanto-o-flamengo-pagou-por-50-dos-direitos-de-plata\/#primaryimage","url":"https:\/\/www.gaveanews.com\/wp-content\/uploads\/Gonzalo-Plata-em-atuacao-pelo-Flamengo-no-Maracana.webp","contentUrl":"https:\/\/www.gaveanews.com\/wp-content\/uploads\/Gonzalo-Plata-em-atuacao-pelo-Flamengo-no-Maracana.webp","width":1200,"height":800,"caption":"Gonzalo Plata em atua\u00e7\u00e3o pelo Flamengo, no Maracan\u00e3 - Foto: Gilvan de Souza\/Flamengo"},{"@type":"BreadcrumbList","@id":"https:\/\/www.gaveanews.com\/index.php\/2025\/05\/02\/saiba-quanto-o-flamengo-pagou-por-50-dos-direitos-de-plata\/#breadcrumb","itemListElement":[{"@type":"ListItem","position":1,"name":"Home","item":"https:\/\/www.gaveanews.com\/"},{"@type":"ListItem","position":2,"name":"Saiba quanto o Flamengo pagou por 50% dos direitos de Plata"}]},{"@type":"WebSite","@id":"https:\/\/www.gaveanews.com\/#website","url":"https:\/\/www.gaveanews.com\/","name":"G\u00e1vea News","description":"Veja todas as not\u00edcias sobre o Flamengo: Contrata\u00e7\u00f5es, categorias de base, resultados das partidas, tabela de classifica\u00e7\u00e3o, pr\u00f3ximos jogos!","potentialAction":[{"@type":"SearchAction","target":{"@type":"EntryPoint","urlTemplate":"https:\/\/www.gaveanews.com\/?s={search_term_string}"},"query-input":{"@type":"PropertyValueSpecification","valueRequired":true,"valueName":"search_term_string"}}],"inLanguage":"pt-BR"},{"@type":"Person","@id":"https:\/\/www.gaveanews.com\/#\/schema\/person\/daf63eec72e1164eb13dc35096c2b8da","name":"Paula Silva","image":{"@type":"ImageObject","inLanguage":"pt-BR","@id":"https:\/\/www.gaveanews.com\/#\/schema\/person\/image\/","url":"https:\/\/secure.gravatar.com\/avatar\/eda381c845527cc5d64c13b901833cda29d97500ba040d3e6461f76f51d163bb?s=96&d=mm&r=g","contentUrl":"https:\/\/secure.gravatar.com\/avatar\/eda381c845527cc5d64c13b901833cda29d97500ba040d3e6461f76f51d163bb?s=96&d=mm&r=g","caption":"Paula Silva"}}]}},"_links":{"self":[{"href":"https:\/\/www.gaveanews.com\/index.php\/wp-json\/wp\/v2\/posts\/260333","targetHints":{"allow":["GET"]}}],"collection":[{"href":"https:\/\/www.gaveanews.com\/index.php\/wp-json\/wp\/v2\/posts"}],"about":[{"href":"https:\/\/www.gaveanews.com\/index.php\/wp-json\/wp\/v2\/types\/post"}],"author":[{"embeddable":true,"href":"https:\/\/www.gaveanews.com\/index.php\/wp-json\/wp\/v2\/users\/18"}],"replies":[{"embeddable":true,"href":"https:\/\/www.gaveanews.com\/index.php\/wp-json\/wp\/v2\/comments?post=260333"}],"version-history":[{"count":1,"href":"https:\/\/www.gaveanews.com\/index.php\/wp-json\/wp\/v2\/posts\/260333\/revisions"}],"predecessor-version":[{"id":260334,"href":"https:\/\/www.gaveanews.com\/index.php\/wp-json\/wp\/v2\/posts\/260333\/revisions\/260334"}],"wp:featuredmedia":[{"embeddable":true,"href":"https:\/\/www.gaveanews.com\/index.php\/wp-json\/wp\/v2\/media\/254993"}],"wp:attachment":[{"href":"https:\/\/www.gaveanews.com\/index.php\/wp-json\/wp\/v2\/media?parent=260333"}],"wp:term":[{"taxonomy":"category","embeddable":true,"href":"https:\/\/www.gaveanews.com\/index.php\/wp-json\/wp\/v2\/categories?post=260333"},{"taxonomy":"post_tag","embeddable":true,"href":"https:\/\/www.gaveanews.com\/index.php\/wp-json\/wp\/v2\/tags?post=260333"}],"curies":[{"name":"wp","href":"https:\/\/api.w.org\/{rel}","templated":true}]}}