{"id":260338,"date":"2025-05-02T20:40:00","date_gmt":"2025-05-02T23:40:00","guid":{"rendered":"https:\/\/www.gaveanews.com\/?p=260338"},"modified":"2025-05-02T20:24:45","modified_gmt":"2025-05-02T23:24:45","slug":"bahia-pode-ter-desfalque-importante-para-enfrentar-o-botafogo","status":"publish","type":"post","link":"https:\/\/www.gaveanews.com\/index.php\/2025\/05\/02\/bahia-pode-ter-desfalque-importante-para-enfrentar-o-botafogo\/","title":{"rendered":"Bahia pode ter desfalque importante para enfrentar o Botafogo"},"content":{"rendered":"\n<p>O Bahia enfrenta um momento de aten\u00e7\u00e3o redobrada em sua lateral direita, ap\u00f3s o lateral Gilberto relatar um inc\u00f4modo na coxa na partida contra o Paysandu, v\u00e1lida pela terceira fase da Copa do Brasil. O jogador, que iniciou o jogo no banco, entrou no segundo tempo e terminou a partida mesmo lesionado, pois o t\u00e9cnico Rog\u00e9rio Ceni j\u00e1 havia realizado todas as substitui\u00e7\u00f5es poss\u00edveis. A gravidade da les\u00e3o ainda ser\u00e1 avaliada com exames em Salvador.<\/p>\n\n\n\n<p>Durante entrevista coletiva na \u00faltima quinta-feira (01), Rog\u00e9rio Ceni comentou a situa\u00e7\u00e3o com preocupa\u00e7\u00e3o. \u201cSe constatado algo mais grave, a\u00ed preocupa para a gente. Sem o Arias, come\u00e7amos a ficar com uma situa\u00e7\u00e3o mais preocupante at\u00e9 essa parada [de junho]\u201d, afirmou o treinador. Afinal, Santiago Arias, titular da posi\u00e7\u00e3o, est\u00e1 em fase de recupera\u00e7\u00e3o e n\u00e3o ter\u00e1 condi\u00e7\u00f5es de jogo nos pr\u00f3ximos quatro compromissos do clube.<\/p>\n\n\n\n<p>Enquanto isso, Ceni precisou improvisar o volante Erick como lateral-direito diante do Paysandu. \u201cFoi um experimento meu, j\u00e1 contava com esse desgaste do Gilberto\u201d, explicou o treinador. Erick, que j\u00e1 atuou na fun\u00e7\u00e3o no Athletico-PR, demonstrou dificuldades na partida, especialmente por estar fora da posi\u00e7\u00e3o de origem h\u00e1 bastante tempo.<\/p>\n\n\n\n<p>A situa\u00e7\u00e3o se agrava porque o Bahia tem enfrentado uma maratona de jogos desde o in\u00edcio do ano, disputando 32 partidas em menos de cinco meses. Essa sequ\u00eancia curta entre os confrontos tem impactado fisicamente o elenco, provocando desgaste e aumentando a incid\u00eancia de les\u00f5es. Segundo Ceni, isso exige ajustes constantes no planejamento da equipe.<\/p>\n\n\n\n<p>Al\u00e9m do confronto contra o Paysandu, o Tricolor ter\u00e1 pela frente desafios contra Botafogo, Nacional-URU, Flamengo e Atl\u00e9tico Nacional. Todos esses jogos devem ocorrer sem a presen\u00e7a de Arias e possivelmente tamb\u00e9m sem Gilberto, dependendo do resultado dos exames.<\/p>\n\n\n\n<p>O elenco retornar\u00e1 aos treinos nesta sexta-feira (02), visando o duelo contra o Botafogo, que ser\u00e1 disputado no s\u00e1bado (03), \u00e0s 21h (hor\u00e1rio de Bras\u00edlia), pela s\u00e9tima rodada do Campeonato Brasileiro. O clube busca alternativas vi\u00e1veis para suprir a aus\u00eancia dos laterais e manter a consist\u00eancia defensiva.<\/p>\n","protected":false},"excerpt":{"rendered":"<p>O Bahia enfrenta um momento de aten\u00e7\u00e3o redobrada em sua lateral direita, ap\u00f3s o lateral Gilberto relatar um inc\u00f4modo na coxa na partida contra o Paysandu, v\u00e1lida pela terceira fase da Copa do Brasil. O jogador, que iniciou o jogo no banco, entrou no segundo tempo e terminou a partida mesmo lesionado, pois o t\u00e9cnico [&hellip;]<\/p>\n","protected":false},"author":18,"featured_media":148395,"comment_status":"open","ping_status":"closed","sticky":false,"template":"","format":"standard","meta":{"footnotes":""},"categories":[137],"tags":[],"class_list":["post-260338","post","type-post","status-publish","format-standard","has-post-thumbnail","hentry","category-bahia"],"yoast_head":"<!-- This site is optimized with the Yoast SEO Premium plugin v24.2 (Yoast SEO v26.9) - https:\/\/yoast.com\/product\/yoast-seo-premium-wordpress\/ -->\n<title>Bahia pode ter desfalque importante para enfrentar o Botafogo<\/title>\n<meta name=\"robots\" content=\"index, follow, max-snippet:-1, max-image-preview:large, max-video-preview:-1\" \/>\n<link rel=\"canonical\" href=\"https:\/\/www.gaveanews.com\/index.php\/2025\/05\/02\/bahia-pode-ter-desfalque-importante-para-enfrentar-o-botafogo\/\" \/>\n<meta property=\"og:locale\" content=\"pt_BR\" \/>\n<meta property=\"og:type\" content=\"article\" \/>\n<meta property=\"og:title\" content=\"Bahia pode ter desfalque importante para enfrentar o Botafogo\" \/>\n<meta property=\"og:description\" content=\"O Bahia enfrenta um momento de aten\u00e7\u00e3o redobrada em sua lateral direita, ap\u00f3s o lateral Gilberto relatar um inc\u00f4modo na coxa na partida contra o Paysandu, v\u00e1lida pela terceira fase da Copa do Brasil. O jogador, que iniciou o jogo no banco, entrou no segundo tempo e terminou a partida mesmo lesionado, pois o t\u00e9cnico [&hellip;]\" \/>\n<meta property=\"og:url\" content=\"https:\/\/www.gaveanews.com\/index.php\/2025\/05\/02\/bahia-pode-ter-desfalque-importante-para-enfrentar-o-botafogo\/\" \/>\n<meta property=\"og:site_name\" content=\"G\u00e1vea News\" \/>\n<meta property=\"article:publisher\" content=\"https:\/\/facebook.com\/gaveaNews\/\" \/>\n<meta property=\"article:published_time\" content=\"2025-05-02T23:40:00+00:00\" \/>\n<meta property=\"og:image\" content=\"https:\/\/www.gaveanews.com\/wp-content\/uploads\/rogerio-ceni-bahia.webp\" \/>\n\t<meta property=\"og:image:width\" content=\"984\" \/>\n\t<meta property=\"og:image:height\" content=\"656\" \/>\n\t<meta property=\"og:image:type\" content=\"image\/webp\" \/>\n<meta name=\"author\" content=\"Paula Silva\" \/>\n<meta name=\"twitter:card\" content=\"summary_large_image\" \/>\n<meta name=\"twitter:label1\" content=\"Escrito por\" \/>\n\t<meta name=\"twitter:data1\" content=\"Paula Silva\" \/>\n\t<meta name=\"twitter:label2\" content=\"Est. tempo de leitura\" \/>\n\t<meta name=\"twitter:data2\" content=\"3 minutos\" \/>\n<script type=\"application\/ld+json\" class=\"yoast-schema-graph\">{\"@context\":\"https:\/\/schema.org\",\"@graph\":[{\"@type\":\"NewsArticle\",\"@id\":\"https:\/\/www.gaveanews.com\/index.php\/2025\/05\/02\/bahia-pode-ter-desfalque-importante-para-enfrentar-o-botafogo\/#article\",\"isPartOf\":{\"@id\":\"https:\/\/www.gaveanews.com\/index.php\/2025\/05\/02\/bahia-pode-ter-desfalque-importante-para-enfrentar-o-botafogo\/\"},\"author\":{\"name\":\"Paula Silva\",\"@id\":\"https:\/\/www.gaveanews.com\/#\/schema\/person\/daf63eec72e1164eb13dc35096c2b8da\"},\"headline\":\"Bahia pode ter desfalque importante para enfrentar o Botafogo\",\"datePublished\":\"2025-05-02T23:40:00+00:00\",\"mainEntityOfPage\":{\"@id\":\"https:\/\/www.gaveanews.com\/index.php\/2025\/05\/02\/bahia-pode-ter-desfalque-importante-para-enfrentar-o-botafogo\/\"},\"wordCount\":374,\"commentCount\":0,\"image\":{\"@id\":\"https:\/\/www.gaveanews.com\/index.php\/2025\/05\/02\/bahia-pode-ter-desfalque-importante-para-enfrentar-o-botafogo\/#primaryimage\"},\"thumbnailUrl\":\"https:\/\/www.gaveanews.com\/wp-content\/uploads\/rogerio-ceni-bahia.webp\",\"articleSection\":[\"Bahia\"],\"inLanguage\":\"pt-BR\",\"potentialAction\":[{\"@type\":\"CommentAction\",\"name\":\"Comment\",\"target\":[\"https:\/\/www.gaveanews.com\/index.php\/2025\/05\/02\/bahia-pode-ter-desfalque-importante-para-enfrentar-o-botafogo\/#respond\"]}],\"copyrightYear\":\"2025\",\"copyrightHolder\":{\"@id\":\"https:\/\/www.gaveanews.com\/#organization\"}},{\"@type\":\"WebPage\",\"@id\":\"https:\/\/www.gaveanews.com\/index.php\/2025\/05\/02\/bahia-pode-ter-desfalque-importante-para-enfrentar-o-botafogo\/\",\"url\":\"https:\/\/www.gaveanews.com\/index.php\/2025\/05\/02\/bahia-pode-ter-desfalque-importante-para-enfrentar-o-botafogo\/\",\"name\":\"Bahia pode ter desfalque importante para enfrentar o Botafogo\",\"isPartOf\":{\"@id\":\"https:\/\/www.gaveanews.com\/#website\"},\"primaryImageOfPage\":{\"@id\":\"https:\/\/www.gaveanews.com\/index.php\/2025\/05\/02\/bahia-pode-ter-desfalque-importante-para-enfrentar-o-botafogo\/#primaryimage\"},\"image\":{\"@id\":\"https:\/\/www.gaveanews.com\/index.php\/2025\/05\/02\/bahia-pode-ter-desfalque-importante-para-enfrentar-o-botafogo\/#primaryimage\"},\"thumbnailUrl\":\"https:\/\/www.gaveanews.com\/wp-content\/uploads\/rogerio-ceni-bahia.webp\",\"datePublished\":\"2025-05-02T23:40:00+00:00\",\"author\":{\"@id\":\"https:\/\/www.gaveanews.com\/#\/schema\/person\/daf63eec72e1164eb13dc35096c2b8da\"},\"breadcrumb\":{\"@id\":\"https:\/\/www.gaveanews.com\/index.php\/2025\/05\/02\/bahia-pode-ter-desfalque-importante-para-enfrentar-o-botafogo\/#breadcrumb\"},\"inLanguage\":\"pt-BR\",\"potentialAction\":[{\"@type\":\"ReadAction\",\"target\":[\"https:\/\/www.gaveanews.com\/index.php\/2025\/05\/02\/bahia-pode-ter-desfalque-importante-para-enfrentar-o-botafogo\/\"]}]},{\"@type\":\"ImageObject\",\"inLanguage\":\"pt-BR\",\"@id\":\"https:\/\/www.gaveanews.com\/index.php\/2025\/05\/02\/bahia-pode-ter-desfalque-importante-para-enfrentar-o-botafogo\/#primaryimage\",\"url\":\"https:\/\/www.gaveanews.com\/wp-content\/uploads\/rogerio-ceni-bahia.webp\",\"contentUrl\":\"https:\/\/www.gaveanews.com\/wp-content\/uploads\/rogerio-ceni-bahia.webp\",\"width\":984,\"height\":656,\"caption\":\"Rog\u00e9rio Ceni comanda treino do Bahia (Foto: Felipe Oliveira\/EC Bahia)\"},{\"@type\":\"BreadcrumbList\",\"@id\":\"https:\/\/www.gaveanews.com\/index.php\/2025\/05\/02\/bahia-pode-ter-desfalque-importante-para-enfrentar-o-botafogo\/#breadcrumb\",\"itemListElement\":[{\"@type\":\"ListItem\",\"position\":1,\"name\":\"Home\",\"item\":\"https:\/\/www.gaveanews.com\/\"},{\"@type\":\"ListItem\",\"position\":2,\"name\":\"Bahia pode ter desfalque importante para enfrentar o Botafogo\"}]},{\"@type\":\"WebSite\",\"@id\":\"https:\/\/www.gaveanews.com\/#website\",\"url\":\"https:\/\/www.gaveanews.com\/\",\"name\":\"G\u00e1vea News\",\"description\":\"Veja todas as not\u00edcias sobre o Flamengo: Contrata\u00e7\u00f5es, categorias de base, resultados das partidas, tabela de classifica\u00e7\u00e3o, pr\u00f3ximos jogos!\",\"potentialAction\":[{\"@type\":\"SearchAction\",\"target\":{\"@type\":\"EntryPoint\",\"urlTemplate\":\"https:\/\/www.gaveanews.com\/?s={search_term_string}\"},\"query-input\":{\"@type\":\"PropertyValueSpecification\",\"valueRequired\":true,\"valueName\":\"search_term_string\"}}],\"inLanguage\":\"pt-BR\"},{\"@type\":\"Person\",\"@id\":\"https:\/\/www.gaveanews.com\/#\/schema\/person\/daf63eec72e1164eb13dc35096c2b8da\",\"name\":\"Paula Silva\",\"image\":{\"@type\":\"ImageObject\",\"inLanguage\":\"pt-BR\",\"@id\":\"https:\/\/www.gaveanews.com\/#\/schema\/person\/image\/\",\"url\":\"https:\/\/secure.gravatar.com\/avatar\/eda381c845527cc5d64c13b901833cda29d97500ba040d3e6461f76f51d163bb?s=96&d=mm&r=g\",\"contentUrl\":\"https:\/\/secure.gravatar.com\/avatar\/eda381c845527cc5d64c13b901833cda29d97500ba040d3e6461f76f51d163bb?s=96&d=mm&r=g\",\"caption\":\"Paula Silva\"}}]}<\/script>\n<!-- \/ Yoast SEO Premium plugin. -->","yoast_head_json":{"title":"Bahia pode ter desfalque importante para enfrentar o Botafogo","robots":{"index":"index","follow":"follow","max-snippet":"max-snippet:-1","max-image-preview":"max-image-preview:large","max-video-preview":"max-video-preview:-1"},"canonical":"https:\/\/www.gaveanews.com\/index.php\/2025\/05\/02\/bahia-pode-ter-desfalque-importante-para-enfrentar-o-botafogo\/","og_locale":"pt_BR","og_type":"article","og_title":"Bahia pode ter desfalque importante para enfrentar o Botafogo","og_description":"O Bahia enfrenta um momento de aten\u00e7\u00e3o redobrada em sua lateral direita, ap\u00f3s o lateral Gilberto relatar um inc\u00f4modo na coxa na partida contra o Paysandu, v\u00e1lida pela terceira fase da Copa do Brasil. O jogador, que iniciou o jogo no banco, entrou no segundo tempo e terminou a partida mesmo lesionado, pois o t\u00e9cnico [&hellip;]","og_url":"https:\/\/www.gaveanews.com\/index.php\/2025\/05\/02\/bahia-pode-ter-desfalque-importante-para-enfrentar-o-botafogo\/","og_site_name":"G\u00e1vea News","article_publisher":"https:\/\/facebook.com\/gaveaNews\/","article_published_time":"2025-05-02T23:40:00+00:00","og_image":[{"width":984,"height":656,"url":"https:\/\/www.gaveanews.com\/wp-content\/uploads\/rogerio-ceni-bahia.webp","type":"image\/webp"}],"author":"Paula Silva","twitter_card":"summary_large_image","twitter_misc":{"Escrito por":"Paula Silva","Est. tempo de leitura":"3 minutos"},"schema":{"@context":"https:\/\/schema.org","@graph":[{"@type":"NewsArticle","@id":"https:\/\/www.gaveanews.com\/index.php\/2025\/05\/02\/bahia-pode-ter-desfalque-importante-para-enfrentar-o-botafogo\/#article","isPartOf":{"@id":"https:\/\/www.gaveanews.com\/index.php\/2025\/05\/02\/bahia-pode-ter-desfalque-importante-para-enfrentar-o-botafogo\/"},"author":{"name":"Paula Silva","@id":"https:\/\/www.gaveanews.com\/#\/schema\/person\/daf63eec72e1164eb13dc35096c2b8da"},"headline":"Bahia pode ter desfalque importante para enfrentar o Botafogo","datePublished":"2025-05-02T23:40:00+00:00","mainEntityOfPage":{"@id":"https:\/\/www.gaveanews.com\/index.php\/2025\/05\/02\/bahia-pode-ter-desfalque-importante-para-enfrentar-o-botafogo\/"},"wordCount":374,"commentCount":0,"image":{"@id":"https:\/\/www.gaveanews.com\/index.php\/2025\/05\/02\/bahia-pode-ter-desfalque-importante-para-enfrentar-o-botafogo\/#primaryimage"},"thumbnailUrl":"https:\/\/www.gaveanews.com\/wp-content\/uploads\/rogerio-ceni-bahia.webp","articleSection":["Bahia"],"inLanguage":"pt-BR","potentialAction":[{"@type":"CommentAction","name":"Comment","target":["https:\/\/www.gaveanews.com\/index.php\/2025\/05\/02\/bahia-pode-ter-desfalque-importante-para-enfrentar-o-botafogo\/#respond"]}],"copyrightYear":"2025","copyrightHolder":{"@id":"https:\/\/www.gaveanews.com\/#organization"}},{"@type":"WebPage","@id":"https:\/\/www.gaveanews.com\/index.php\/2025\/05\/02\/bahia-pode-ter-desfalque-importante-para-enfrentar-o-botafogo\/","url":"https:\/\/www.gaveanews.com\/index.php\/2025\/05\/02\/bahia-pode-ter-desfalque-importante-para-enfrentar-o-botafogo\/","name":"Bahia pode ter desfalque importante para enfrentar o Botafogo","isPartOf":{"@id":"https:\/\/www.gaveanews.com\/#website"},"primaryImageOfPage":{"@id":"https:\/\/www.gaveanews.com\/index.php\/2025\/05\/02\/bahia-pode-ter-desfalque-importante-para-enfrentar-o-botafogo\/#primaryimage"},"image":{"@id":"https:\/\/www.gaveanews.com\/index.php\/2025\/05\/02\/bahia-pode-ter-desfalque-importante-para-enfrentar-o-botafogo\/#primaryimage"},"thumbnailUrl":"https:\/\/www.gaveanews.com\/wp-content\/uploads\/rogerio-ceni-bahia.webp","datePublished":"2025-05-02T23:40:00+00:00","author":{"@id":"https:\/\/www.gaveanews.com\/#\/schema\/person\/daf63eec72e1164eb13dc35096c2b8da"},"breadcrumb":{"@id":"https:\/\/www.gaveanews.com\/index.php\/2025\/05\/02\/bahia-pode-ter-desfalque-importante-para-enfrentar-o-botafogo\/#breadcrumb"},"inLanguage":"pt-BR","potentialAction":[{"@type":"ReadAction","target":["https:\/\/www.gaveanews.com\/index.php\/2025\/05\/02\/bahia-pode-ter-desfalque-importante-para-enfrentar-o-botafogo\/"]}]},{"@type":"ImageObject","inLanguage":"pt-BR","@id":"https:\/\/www.gaveanews.com\/index.php\/2025\/05\/02\/bahia-pode-ter-desfalque-importante-para-enfrentar-o-botafogo\/#primaryimage","url":"https:\/\/www.gaveanews.com\/wp-content\/uploads\/rogerio-ceni-bahia.webp","contentUrl":"https:\/\/www.gaveanews.com\/wp-content\/uploads\/rogerio-ceni-bahia.webp","width":984,"height":656,"caption":"Rog\u00e9rio Ceni comanda treino do Bahia (Foto: Felipe Oliveira\/EC Bahia)"},{"@type":"BreadcrumbList","@id":"https:\/\/www.gaveanews.com\/index.php\/2025\/05\/02\/bahia-pode-ter-desfalque-importante-para-enfrentar-o-botafogo\/#breadcrumb","itemListElement":[{"@type":"ListItem","position":1,"name":"Home","item":"https:\/\/www.gaveanews.com\/"},{"@type":"ListItem","position":2,"name":"Bahia pode ter desfalque importante para enfrentar o Botafogo"}]},{"@type":"WebSite","@id":"https:\/\/www.gaveanews.com\/#website","url":"https:\/\/www.gaveanews.com\/","name":"G\u00e1vea News","description":"Veja todas as not\u00edcias sobre o Flamengo: Contrata\u00e7\u00f5es, categorias de base, resultados das partidas, tabela de classifica\u00e7\u00e3o, pr\u00f3ximos jogos!","potentialAction":[{"@type":"SearchAction","target":{"@type":"EntryPoint","urlTemplate":"https:\/\/www.gaveanews.com\/?s={search_term_string}"},"query-input":{"@type":"PropertyValueSpecification","valueRequired":true,"valueName":"search_term_string"}}],"inLanguage":"pt-BR"},{"@type":"Person","@id":"https:\/\/www.gaveanews.com\/#\/schema\/person\/daf63eec72e1164eb13dc35096c2b8da","name":"Paula Silva","image":{"@type":"ImageObject","inLanguage":"pt-BR","@id":"https:\/\/www.gaveanews.com\/#\/schema\/person\/image\/","url":"https:\/\/secure.gravatar.com\/avatar\/eda381c845527cc5d64c13b901833cda29d97500ba040d3e6461f76f51d163bb?s=96&d=mm&r=g","contentUrl":"https:\/\/secure.gravatar.com\/avatar\/eda381c845527cc5d64c13b901833cda29d97500ba040d3e6461f76f51d163bb?s=96&d=mm&r=g","caption":"Paula Silva"}}]}},"_links":{"self":[{"href":"https:\/\/www.gaveanews.com\/index.php\/wp-json\/wp\/v2\/posts\/260338","targetHints":{"allow":["GET"]}}],"collection":[{"href":"https:\/\/www.gaveanews.com\/index.php\/wp-json\/wp\/v2\/posts"}],"about":[{"href":"https:\/\/www.gaveanews.com\/index.php\/wp-json\/wp\/v2\/types\/post"}],"author":[{"embeddable":true,"href":"https:\/\/www.gaveanews.com\/index.php\/wp-json\/wp\/v2\/users\/18"}],"replies":[{"embeddable":true,"href":"https:\/\/www.gaveanews.com\/index.php\/wp-json\/wp\/v2\/comments?post=260338"}],"version-history":[{"count":1,"href":"https:\/\/www.gaveanews.com\/index.php\/wp-json\/wp\/v2\/posts\/260338\/revisions"}],"predecessor-version":[{"id":260339,"href":"https:\/\/www.gaveanews.com\/index.php\/wp-json\/wp\/v2\/posts\/260338\/revisions\/260339"}],"wp:featuredmedia":[{"embeddable":true,"href":"https:\/\/www.gaveanews.com\/index.php\/wp-json\/wp\/v2\/media\/148395"}],"wp:attachment":[{"href":"https:\/\/www.gaveanews.com\/index.php\/wp-json\/wp\/v2\/media?parent=260338"}],"wp:term":[{"taxonomy":"category","embeddable":true,"href":"https:\/\/www.gaveanews.com\/index.php\/wp-json\/wp\/v2\/categories?post=260338"},{"taxonomy":"post_tag","embeddable":true,"href":"https:\/\/www.gaveanews.com\/index.php\/wp-json\/wp\/v2\/tags?post=260338"}],"curies":[{"name":"wp","href":"https:\/\/api.w.org\/{rel}","templated":true}]}}