{"id":260439,"date":"2025-05-04T19:00:00","date_gmt":"2025-05-04T22:00:00","guid":{"rendered":"https:\/\/www.gaveanews.com\/?p=260439"},"modified":"2025-05-04T18:43:35","modified_gmt":"2025-05-04T21:43:35","slug":"entenda-estrategia-de-abel-ferreira-faz-comandar-o-palmeiras","status":"publish","type":"post","link":"https:\/\/www.gaveanews.com\/index.php\/2025\/05\/04\/entenda-estrategia-de-abel-ferreira-faz-comandar-o-palmeiras\/","title":{"rendered":"Entenda estrat\u00e9gia de Abel Ferreira faz comandar o Palmeiras"},"content":{"rendered":"\n<p>A gest\u00e3o de elenco promovida por Abel Ferreira no Palmeiras, em 2025, tem como base o lema \u201csem protagonismo ou vaidade\u201d. A filosofia do treinador portugu\u00eas valoriza o coletivo e se traduz em um rod\u00edzio pontual de jogadores, implementado como forma de minimizar o desgaste f\u00edsico causado pelo calend\u00e1rio intenso. Conforme o pr\u00f3prio t\u00e9cnico sinalizou internamente, o foco precisa estar no sucesso do grupo, e n\u00e3o em ambi\u00e7\u00f5es individuais.<\/p>\n\n\n\n<p>Lucas Evangelista, por exemplo, comentou que a fala de Abel marcou os jogadores. \u201cN\u00e3o podemos focar em ser protagonistas, temos que pensar em prol da equipe. Aqui n\u00e3o tem vaidade\u201d, afirmou o meio-campista, que vem revezando na titularidade com Richard R\u00edos. Esse rod\u00edzio se estende tamb\u00e9m para outras posi\u00e7\u00f5es, como as disputas entre Piquerez e Vanderlan na lateral esquerda, e entre Flaco L\u00f3pez e Vitor Roque no ataque.<\/p>\n\n\n\n<p>Ali\u00e1s, o colombiano Richard R\u00edos refor\u00e7ou essa postura ao ser questionado ap\u00f3s come\u00e7ar no banco contra o Sporting Cristal, pela Libertadores. \u201cAcho que j\u00e1 falei que n\u00e3o tinha titular. Abel \u00e9 nosso treinador e estaremos com ele at\u00e9 o final. Somos uma equipe unida\u201d, destacou, reafirmando a unidade do elenco mesmo diante de mudan\u00e7as frequentes.<\/p>\n\n\n\n<p>Anteriormente, no in\u00edcio do Campeonato Paulista, Abel chegou a utilizar duas forma\u00e7\u00f5es distintas. Essa abordagem mais radical quase custou a classifica\u00e7\u00e3o, mas tamb\u00e9m permitiu ritmo de jogo a atletas menos utilizados, como Allan e Benedetti, e reduziu o risco de les\u00f5es musculares. O saldo foi considerado positivo pela comiss\u00e3o t\u00e9cnica.<\/p>\n\n\n\n<p>Atualmente, com mudan\u00e7as pontuais a cada rodada, o treinador consegue preservar o padr\u00e3o t\u00e9cnico da equipe. \u201cO ano \u00e9 muito longo, \u00e9 imposs\u00edvel jogar os 75 ou 80 jogos. O importante \u00e9 o coletivo se destacar e atingirmos nossos objetivos\u201d, completou Evangelista. Essa rota\u00e7\u00e3o equilibrada vem sendo um dos pilares do bom momento do Palmeiras.<\/p>\n\n\n\n<p>Neste domingo (4), o Verd\u00e3o disputou o \u00faltimo desafio e enfrentou o Vasco, no est\u00e1dio Man\u00e9 Garrincha, pela s\u00e9tima rodada do Campeonato Brasileiro. O Alviverde venceu por 1 a 0, com gol de Vitor Roque.<\/p>\n","protected":false},"excerpt":{"rendered":"<p>A gest\u00e3o de elenco promovida por Abel Ferreira no Palmeiras, em 2025, tem como base o lema \u201csem protagonismo ou vaidade\u201d. A filosofia do treinador portugu\u00eas valoriza o coletivo e se traduz em um rod\u00edzio pontual de jogadores, implementado como forma de minimizar o desgaste f\u00edsico causado pelo calend\u00e1rio intenso. Conforme o pr\u00f3prio t\u00e9cnico sinalizou [&hellip;]<\/p>\n","protected":false},"author":18,"featured_media":157843,"comment_status":"open","ping_status":"closed","sticky":false,"template":"","format":"standard","meta":{"footnotes":""},"categories":[150],"tags":[],"class_list":["post-260439","post","type-post","status-publish","format-standard","has-post-thumbnail","hentry","category-palmeiras"],"yoast_head":"<!-- This site is optimized with the Yoast SEO Premium plugin v24.2 (Yoast SEO v26.9) - https:\/\/yoast.com\/product\/yoast-seo-premium-wordpress\/ -->\n<title>Entenda estrat\u00e9gia de Abel Ferreira faz comandar o Palmeiras<\/title>\n<meta name=\"robots\" content=\"index, follow, max-snippet:-1, max-image-preview:large, max-video-preview:-1\" \/>\n<link rel=\"canonical\" href=\"https:\/\/www.gaveanews.com\/index.php\/2025\/05\/04\/entenda-estrategia-de-abel-ferreira-faz-comandar-o-palmeiras\/\" \/>\n<meta property=\"og:locale\" content=\"pt_BR\" \/>\n<meta property=\"og:type\" content=\"article\" \/>\n<meta property=\"og:title\" content=\"Entenda estrat\u00e9gia de Abel Ferreira faz comandar o Palmeiras\" \/>\n<meta property=\"og:description\" content=\"A gest\u00e3o de elenco promovida por Abel Ferreira no Palmeiras, em 2025, tem como base o lema \u201csem protagonismo ou vaidade\u201d. A filosofia do treinador portugu\u00eas valoriza o coletivo e se traduz em um rod\u00edzio pontual de jogadores, implementado como forma de minimizar o desgaste f\u00edsico causado pelo calend\u00e1rio intenso. Conforme o pr\u00f3prio t\u00e9cnico sinalizou [&hellip;]\" \/>\n<meta property=\"og:url\" content=\"https:\/\/www.gaveanews.com\/index.php\/2025\/05\/04\/entenda-estrategia-de-abel-ferreira-faz-comandar-o-palmeiras\/\" \/>\n<meta property=\"og:site_name\" content=\"G\u00e1vea News\" \/>\n<meta property=\"article:publisher\" content=\"https:\/\/facebook.com\/gaveaNews\/\" \/>\n<meta property=\"article:published_time\" content=\"2025-05-04T22:00:00+00:00\" \/>\n<meta property=\"og:image\" content=\"https:\/\/www.gaveanews.com\/wp-content\/uploads\/Abel-Ferreira-e-fotografado-durante-um-jogo-do-Palmeiras-no-Allianz.webp\" \/>\n\t<meta property=\"og:image:width\" content=\"1349\" \/>\n\t<meta property=\"og:image:height\" content=\"1500\" \/>\n\t<meta property=\"og:image:type\" content=\"image\/jpeg\" \/>\n<meta name=\"author\" content=\"Paula Silva\" \/>\n<meta name=\"twitter:card\" content=\"summary_large_image\" \/>\n<meta name=\"twitter:label1\" content=\"Escrito por\" \/>\n\t<meta name=\"twitter:data1\" content=\"Paula Silva\" \/>\n\t<meta name=\"twitter:label2\" content=\"Est. tempo de leitura\" \/>\n\t<meta name=\"twitter:data2\" content=\"3 minutos\" \/>\n<script type=\"application\/ld+json\" class=\"yoast-schema-graph\">{\"@context\":\"https:\/\/schema.org\",\"@graph\":[{\"@type\":\"NewsArticle\",\"@id\":\"https:\/\/www.gaveanews.com\/index.php\/2025\/05\/04\/entenda-estrategia-de-abel-ferreira-faz-comandar-o-palmeiras\/#article\",\"isPartOf\":{\"@id\":\"https:\/\/www.gaveanews.com\/index.php\/2025\/05\/04\/entenda-estrategia-de-abel-ferreira-faz-comandar-o-palmeiras\/\"},\"author\":{\"name\":\"Paula Silva\",\"@id\":\"https:\/\/www.gaveanews.com\/#\/schema\/person\/daf63eec72e1164eb13dc35096c2b8da\"},\"headline\":\"Entenda estrat\u00e9gia de Abel Ferreira faz comandar o Palmeiras\",\"datePublished\":\"2025-05-04T22:00:00+00:00\",\"mainEntityOfPage\":{\"@id\":\"https:\/\/www.gaveanews.com\/index.php\/2025\/05\/04\/entenda-estrategia-de-abel-ferreira-faz-comandar-o-palmeiras\/\"},\"wordCount\":370,\"commentCount\":0,\"image\":{\"@id\":\"https:\/\/www.gaveanews.com\/index.php\/2025\/05\/04\/entenda-estrategia-de-abel-ferreira-faz-comandar-o-palmeiras\/#primaryimage\"},\"thumbnailUrl\":\"https:\/\/www.gaveanews.com\/wp-content\/uploads\/Abel-Ferreira-e-fotografado-durante-um-jogo-do-Palmeiras-no-Allianz.webp\",\"articleSection\":[\"Palmeiras\"],\"inLanguage\":\"pt-BR\",\"potentialAction\":[{\"@type\":\"CommentAction\",\"name\":\"Comment\",\"target\":[\"https:\/\/www.gaveanews.com\/index.php\/2025\/05\/04\/entenda-estrategia-de-abel-ferreira-faz-comandar-o-palmeiras\/#respond\"]}],\"copyrightYear\":\"2025\",\"copyrightHolder\":{\"@id\":\"https:\/\/www.gaveanews.com\/#organization\"}},{\"@type\":\"WebPage\",\"@id\":\"https:\/\/www.gaveanews.com\/index.php\/2025\/05\/04\/entenda-estrategia-de-abel-ferreira-faz-comandar-o-palmeiras\/\",\"url\":\"https:\/\/www.gaveanews.com\/index.php\/2025\/05\/04\/entenda-estrategia-de-abel-ferreira-faz-comandar-o-palmeiras\/\",\"name\":\"Entenda estrat\u00e9gia de Abel Ferreira faz comandar o Palmeiras\",\"isPartOf\":{\"@id\":\"https:\/\/www.gaveanews.com\/#website\"},\"primaryImageOfPage\":{\"@id\":\"https:\/\/www.gaveanews.com\/index.php\/2025\/05\/04\/entenda-estrategia-de-abel-ferreira-faz-comandar-o-palmeiras\/#primaryimage\"},\"image\":{\"@id\":\"https:\/\/www.gaveanews.com\/index.php\/2025\/05\/04\/entenda-estrategia-de-abel-ferreira-faz-comandar-o-palmeiras\/#primaryimage\"},\"thumbnailUrl\":\"https:\/\/www.gaveanews.com\/wp-content\/uploads\/Abel-Ferreira-e-fotografado-durante-um-jogo-do-Palmeiras-no-Allianz.webp\",\"datePublished\":\"2025-05-04T22:00:00+00:00\",\"author\":{\"@id\":\"https:\/\/www.gaveanews.com\/#\/schema\/person\/daf63eec72e1164eb13dc35096c2b8da\"},\"breadcrumb\":{\"@id\":\"https:\/\/www.gaveanews.com\/index.php\/2025\/05\/04\/entenda-estrategia-de-abel-ferreira-faz-comandar-o-palmeiras\/#breadcrumb\"},\"inLanguage\":\"pt-BR\",\"potentialAction\":[{\"@type\":\"ReadAction\",\"target\":[\"https:\/\/www.gaveanews.com\/index.php\/2025\/05\/04\/entenda-estrategia-de-abel-ferreira-faz-comandar-o-palmeiras\/\"]}]},{\"@type\":\"ImageObject\",\"inLanguage\":\"pt-BR\",\"@id\":\"https:\/\/www.gaveanews.com\/index.php\/2025\/05\/04\/entenda-estrategia-de-abel-ferreira-faz-comandar-o-palmeiras\/#primaryimage\",\"url\":\"https:\/\/www.gaveanews.com\/wp-content\/uploads\/Abel-Ferreira-e-fotografado-durante-um-jogo-do-Palmeiras-no-Allianz.webp\",\"contentUrl\":\"https:\/\/www.gaveanews.com\/wp-content\/uploads\/Abel-Ferreira-e-fotografado-durante-um-jogo-do-Palmeiras-no-Allianz.webp\",\"width\":1349,\"height\":1500,\"caption\":\"Abel Ferreira \u00e9 fotografado durante um jogo do Palmeiras no Allianz (Foto: Cesar Greco\/Palmeiras)\"},{\"@type\":\"BreadcrumbList\",\"@id\":\"https:\/\/www.gaveanews.com\/index.php\/2025\/05\/04\/entenda-estrategia-de-abel-ferreira-faz-comandar-o-palmeiras\/#breadcrumb\",\"itemListElement\":[{\"@type\":\"ListItem\",\"position\":1,\"name\":\"Home\",\"item\":\"https:\/\/www.gaveanews.com\/\"},{\"@type\":\"ListItem\",\"position\":2,\"name\":\"Entenda estrat\u00e9gia de Abel Ferreira faz comandar o Palmeiras\"}]},{\"@type\":\"WebSite\",\"@id\":\"https:\/\/www.gaveanews.com\/#website\",\"url\":\"https:\/\/www.gaveanews.com\/\",\"name\":\"G\u00e1vea News\",\"description\":\"Veja todas as not\u00edcias sobre o Flamengo: Contrata\u00e7\u00f5es, categorias de base, resultados das partidas, tabela de classifica\u00e7\u00e3o, pr\u00f3ximos jogos!\",\"potentialAction\":[{\"@type\":\"SearchAction\",\"target\":{\"@type\":\"EntryPoint\",\"urlTemplate\":\"https:\/\/www.gaveanews.com\/?s={search_term_string}\"},\"query-input\":{\"@type\":\"PropertyValueSpecification\",\"valueRequired\":true,\"valueName\":\"search_term_string\"}}],\"inLanguage\":\"pt-BR\"},{\"@type\":\"Person\",\"@id\":\"https:\/\/www.gaveanews.com\/#\/schema\/person\/daf63eec72e1164eb13dc35096c2b8da\",\"name\":\"Paula Silva\",\"image\":{\"@type\":\"ImageObject\",\"inLanguage\":\"pt-BR\",\"@id\":\"https:\/\/www.gaveanews.com\/#\/schema\/person\/image\/\",\"url\":\"https:\/\/secure.gravatar.com\/avatar\/eda381c845527cc5d64c13b901833cda29d97500ba040d3e6461f76f51d163bb?s=96&d=mm&r=g\",\"contentUrl\":\"https:\/\/secure.gravatar.com\/avatar\/eda381c845527cc5d64c13b901833cda29d97500ba040d3e6461f76f51d163bb?s=96&d=mm&r=g\",\"caption\":\"Paula Silva\"}}]}<\/script>\n<!-- \/ Yoast SEO Premium plugin. -->","yoast_head_json":{"title":"Entenda estrat\u00e9gia de Abel Ferreira faz comandar o Palmeiras","robots":{"index":"index","follow":"follow","max-snippet":"max-snippet:-1","max-image-preview":"max-image-preview:large","max-video-preview":"max-video-preview:-1"},"canonical":"https:\/\/www.gaveanews.com\/index.php\/2025\/05\/04\/entenda-estrategia-de-abel-ferreira-faz-comandar-o-palmeiras\/","og_locale":"pt_BR","og_type":"article","og_title":"Entenda estrat\u00e9gia de Abel Ferreira faz comandar o Palmeiras","og_description":"A gest\u00e3o de elenco promovida por Abel Ferreira no Palmeiras, em 2025, tem como base o lema \u201csem protagonismo ou vaidade\u201d. A filosofia do treinador portugu\u00eas valoriza o coletivo e se traduz em um rod\u00edzio pontual de jogadores, implementado como forma de minimizar o desgaste f\u00edsico causado pelo calend\u00e1rio intenso. Conforme o pr\u00f3prio t\u00e9cnico sinalizou [&hellip;]","og_url":"https:\/\/www.gaveanews.com\/index.php\/2025\/05\/04\/entenda-estrategia-de-abel-ferreira-faz-comandar-o-palmeiras\/","og_site_name":"G\u00e1vea News","article_publisher":"https:\/\/facebook.com\/gaveaNews\/","article_published_time":"2025-05-04T22:00:00+00:00","og_image":[{"width":1349,"height":1500,"url":"https:\/\/www.gaveanews.com\/wp-content\/uploads\/Abel-Ferreira-e-fotografado-durante-um-jogo-do-Palmeiras-no-Allianz.webp","type":"image\/jpeg"}],"author":"Paula Silva","twitter_card":"summary_large_image","twitter_misc":{"Escrito por":"Paula Silva","Est. tempo de leitura":"3 minutos"},"schema":{"@context":"https:\/\/schema.org","@graph":[{"@type":"NewsArticle","@id":"https:\/\/www.gaveanews.com\/index.php\/2025\/05\/04\/entenda-estrategia-de-abel-ferreira-faz-comandar-o-palmeiras\/#article","isPartOf":{"@id":"https:\/\/www.gaveanews.com\/index.php\/2025\/05\/04\/entenda-estrategia-de-abel-ferreira-faz-comandar-o-palmeiras\/"},"author":{"name":"Paula Silva","@id":"https:\/\/www.gaveanews.com\/#\/schema\/person\/daf63eec72e1164eb13dc35096c2b8da"},"headline":"Entenda estrat\u00e9gia de Abel Ferreira faz comandar o Palmeiras","datePublished":"2025-05-04T22:00:00+00:00","mainEntityOfPage":{"@id":"https:\/\/www.gaveanews.com\/index.php\/2025\/05\/04\/entenda-estrategia-de-abel-ferreira-faz-comandar-o-palmeiras\/"},"wordCount":370,"commentCount":0,"image":{"@id":"https:\/\/www.gaveanews.com\/index.php\/2025\/05\/04\/entenda-estrategia-de-abel-ferreira-faz-comandar-o-palmeiras\/#primaryimage"},"thumbnailUrl":"https:\/\/www.gaveanews.com\/wp-content\/uploads\/Abel-Ferreira-e-fotografado-durante-um-jogo-do-Palmeiras-no-Allianz.webp","articleSection":["Palmeiras"],"inLanguage":"pt-BR","potentialAction":[{"@type":"CommentAction","name":"Comment","target":["https:\/\/www.gaveanews.com\/index.php\/2025\/05\/04\/entenda-estrategia-de-abel-ferreira-faz-comandar-o-palmeiras\/#respond"]}],"copyrightYear":"2025","copyrightHolder":{"@id":"https:\/\/www.gaveanews.com\/#organization"}},{"@type":"WebPage","@id":"https:\/\/www.gaveanews.com\/index.php\/2025\/05\/04\/entenda-estrategia-de-abel-ferreira-faz-comandar-o-palmeiras\/","url":"https:\/\/www.gaveanews.com\/index.php\/2025\/05\/04\/entenda-estrategia-de-abel-ferreira-faz-comandar-o-palmeiras\/","name":"Entenda estrat\u00e9gia de Abel Ferreira faz comandar o Palmeiras","isPartOf":{"@id":"https:\/\/www.gaveanews.com\/#website"},"primaryImageOfPage":{"@id":"https:\/\/www.gaveanews.com\/index.php\/2025\/05\/04\/entenda-estrategia-de-abel-ferreira-faz-comandar-o-palmeiras\/#primaryimage"},"image":{"@id":"https:\/\/www.gaveanews.com\/index.php\/2025\/05\/04\/entenda-estrategia-de-abel-ferreira-faz-comandar-o-palmeiras\/#primaryimage"},"thumbnailUrl":"https:\/\/www.gaveanews.com\/wp-content\/uploads\/Abel-Ferreira-e-fotografado-durante-um-jogo-do-Palmeiras-no-Allianz.webp","datePublished":"2025-05-04T22:00:00+00:00","author":{"@id":"https:\/\/www.gaveanews.com\/#\/schema\/person\/daf63eec72e1164eb13dc35096c2b8da"},"breadcrumb":{"@id":"https:\/\/www.gaveanews.com\/index.php\/2025\/05\/04\/entenda-estrategia-de-abel-ferreira-faz-comandar-o-palmeiras\/#breadcrumb"},"inLanguage":"pt-BR","potentialAction":[{"@type":"ReadAction","target":["https:\/\/www.gaveanews.com\/index.php\/2025\/05\/04\/entenda-estrategia-de-abel-ferreira-faz-comandar-o-palmeiras\/"]}]},{"@type":"ImageObject","inLanguage":"pt-BR","@id":"https:\/\/www.gaveanews.com\/index.php\/2025\/05\/04\/entenda-estrategia-de-abel-ferreira-faz-comandar-o-palmeiras\/#primaryimage","url":"https:\/\/www.gaveanews.com\/wp-content\/uploads\/Abel-Ferreira-e-fotografado-durante-um-jogo-do-Palmeiras-no-Allianz.webp","contentUrl":"https:\/\/www.gaveanews.com\/wp-content\/uploads\/Abel-Ferreira-e-fotografado-durante-um-jogo-do-Palmeiras-no-Allianz.webp","width":1349,"height":1500,"caption":"Abel Ferreira \u00e9 fotografado durante um jogo do Palmeiras no Allianz (Foto: Cesar Greco\/Palmeiras)"},{"@type":"BreadcrumbList","@id":"https:\/\/www.gaveanews.com\/index.php\/2025\/05\/04\/entenda-estrategia-de-abel-ferreira-faz-comandar-o-palmeiras\/#breadcrumb","itemListElement":[{"@type":"ListItem","position":1,"name":"Home","item":"https:\/\/www.gaveanews.com\/"},{"@type":"ListItem","position":2,"name":"Entenda estrat\u00e9gia de Abel Ferreira faz comandar o Palmeiras"}]},{"@type":"WebSite","@id":"https:\/\/www.gaveanews.com\/#website","url":"https:\/\/www.gaveanews.com\/","name":"G\u00e1vea News","description":"Veja todas as not\u00edcias sobre o Flamengo: Contrata\u00e7\u00f5es, categorias de base, resultados das partidas, tabela de classifica\u00e7\u00e3o, pr\u00f3ximos jogos!","potentialAction":[{"@type":"SearchAction","target":{"@type":"EntryPoint","urlTemplate":"https:\/\/www.gaveanews.com\/?s={search_term_string}"},"query-input":{"@type":"PropertyValueSpecification","valueRequired":true,"valueName":"search_term_string"}}],"inLanguage":"pt-BR"},{"@type":"Person","@id":"https:\/\/www.gaveanews.com\/#\/schema\/person\/daf63eec72e1164eb13dc35096c2b8da","name":"Paula Silva","image":{"@type":"ImageObject","inLanguage":"pt-BR","@id":"https:\/\/www.gaveanews.com\/#\/schema\/person\/image\/","url":"https:\/\/secure.gravatar.com\/avatar\/eda381c845527cc5d64c13b901833cda29d97500ba040d3e6461f76f51d163bb?s=96&d=mm&r=g","contentUrl":"https:\/\/secure.gravatar.com\/avatar\/eda381c845527cc5d64c13b901833cda29d97500ba040d3e6461f76f51d163bb?s=96&d=mm&r=g","caption":"Paula Silva"}}]}},"_links":{"self":[{"href":"https:\/\/www.gaveanews.com\/index.php\/wp-json\/wp\/v2\/posts\/260439","targetHints":{"allow":["GET"]}}],"collection":[{"href":"https:\/\/www.gaveanews.com\/index.php\/wp-json\/wp\/v2\/posts"}],"about":[{"href":"https:\/\/www.gaveanews.com\/index.php\/wp-json\/wp\/v2\/types\/post"}],"author":[{"embeddable":true,"href":"https:\/\/www.gaveanews.com\/index.php\/wp-json\/wp\/v2\/users\/18"}],"replies":[{"embeddable":true,"href":"https:\/\/www.gaveanews.com\/index.php\/wp-json\/wp\/v2\/comments?post=260439"}],"version-history":[{"count":1,"href":"https:\/\/www.gaveanews.com\/index.php\/wp-json\/wp\/v2\/posts\/260439\/revisions"}],"predecessor-version":[{"id":260442,"href":"https:\/\/www.gaveanews.com\/index.php\/wp-json\/wp\/v2\/posts\/260439\/revisions\/260442"}],"wp:featuredmedia":[{"embeddable":true,"href":"https:\/\/www.gaveanews.com\/index.php\/wp-json\/wp\/v2\/media\/157843"}],"wp:attachment":[{"href":"https:\/\/www.gaveanews.com\/index.php\/wp-json\/wp\/v2\/media?parent=260439"}],"wp:term":[{"taxonomy":"category","embeddable":true,"href":"https:\/\/www.gaveanews.com\/index.php\/wp-json\/wp\/v2\/categories?post=260439"},{"taxonomy":"post_tag","embeddable":true,"href":"https:\/\/www.gaveanews.com\/index.php\/wp-json\/wp\/v2\/tags?post=260439"}],"curies":[{"name":"wp","href":"https:\/\/api.w.org\/{rel}","templated":true}]}}