{"id":260505,"date":"2025-05-04T20:25:00","date_gmt":"2025-05-04T23:25:00","guid":{"rendered":"https:\/\/www.gaveanews.com\/?p=260505"},"modified":"2025-05-04T20:05:45","modified_gmt":"2025-05-04T23:05:45","slug":"a-declaracao-de-dorival-jr-apos-vitoria-do-corinthians-sobre-o-internacional","status":"publish","type":"post","link":"https:\/\/www.gaveanews.com\/index.php\/2025\/05\/04\/a-declaracao-de-dorival-jr-apos-vitoria-do-corinthians-sobre-o-internacional\/","title":{"rendered":"A declara\u00e7\u00e3o de Dorival Jr ap\u00f3s vit\u00f3ria do Corinthians sobre o Internacional"},"content":{"rendered":"\n<p>Na noite de s\u00e1bado (03), o Corinthians superou o Internacional por 4 a 2, na Neo Qu\u00edmica Arena, em duelo v\u00e1lido pela 7\u00aa rodada do Brasileir\u00e3o. A vit\u00f3ria foi marcada por uma atua\u00e7\u00e3o decisiva de Yuri Alberto, autor de tr\u00eas gols, e pela resili\u00eancia da equipe comandada por Dorival J\u00fanior, que destacou a postura do time ap\u00f3s sofrer a virada ainda no primeiro tempo.<\/p>\n\n\n\n<p>Durante a coletiva, Dorival ressaltou o controle do jogo no in\u00edcio e lamentou os minutos de instabilidade que permitiram a virada do advers\u00e1rio. \u201cUm desequil\u00edbrio de sete ou oito minutos acabou tirando o nosso jogo\u201d, afirmou. Contudo, celebrou a organiza\u00e7\u00e3o da equipe na etapa final, pontuando que, mesmo com um a mais, o time manteve o padr\u00e3o e criou boas oportunidades.<\/p>\n\n\n\n<p>O t\u00e9cnico elogiou a capacidade do elenco em n\u00e3o se desestabilizar emocionalmente e manter o foco t\u00e1tico. \u201cPerceberam a for\u00e7a que t\u00eam, n\u00e3o se desequilibraram, se fortaleceram como grupo\u201d, comentou. Dorival pediu p\u00e9s no ch\u00e3o para a sequ\u00eancia da temporada e valorizou o esfor\u00e7o nos treinamentos, mesmo com pouco tempo de prepara\u00e7\u00e3o.<\/p>\n\n\n\n<p>Ali\u00e1s, a escolha por Hugo na lateral foi explicada pelo treinador como uma busca por maior fixa\u00e7\u00e3o defensiva. \u201cAs caracter\u00edsticas dele batiam muito com isso\u201d, disse. Ele ainda enfatizou o apoio da torcida e o peso de jogar na Neo Qu\u00edmica Arena: \u201cN\u00e3o se joga contra o Corinthians, se joga tamb\u00e9m contra o torcedor\u201d.<\/p>\n\n\n\n<p>Sobre a sequ\u00eancia de jogos, o comandante destacou a import\u00e2ncia do controle de carga f\u00edsica. Conforme explicou, a equipe deve manter uma rota\u00e7\u00e3o de atletas para evitar les\u00f5es. Por fim, projetou a partida contra o Am\u00e9rica de Cali, pela Sul-Americana, ressaltando a necessidade de recupera\u00e7\u00e3o do grupo para enfrentar um advers\u00e1rio exigente.<\/p>\n","protected":false},"excerpt":{"rendered":"<p>Na noite de s\u00e1bado (03), o Corinthians superou o Internacional por 4 a 2, na Neo Qu\u00edmica Arena, em duelo v\u00e1lido pela 7\u00aa rodada do Brasileir\u00e3o. A vit\u00f3ria foi marcada por uma atua\u00e7\u00e3o decisiva de Yuri Alberto, autor de tr\u00eas gols, e pela resili\u00eancia da equipe comandada por Dorival J\u00fanior, que destacou a postura do [&hellip;]<\/p>\n","protected":false},"author":18,"featured_media":258834,"comment_status":"open","ping_status":"closed","sticky":false,"template":"","format":"standard","meta":{"footnotes":""},"categories":[141],"tags":[],"class_list":["post-260505","post","type-post","status-publish","format-standard","has-post-thumbnail","hentry","category-corinthians"],"yoast_head":"<!-- This site is optimized with the Yoast SEO Premium plugin v24.2 (Yoast SEO v26.9) - https:\/\/yoast.com\/product\/yoast-seo-premium-wordpress\/ -->\n<title>A declara\u00e7\u00e3o de Dorival Jr ap\u00f3s vit\u00f3ria do Corinthians sobre o Internacional<\/title>\n<meta name=\"robots\" content=\"index, follow, max-snippet:-1, max-image-preview:large, max-video-preview:-1\" \/>\n<link rel=\"canonical\" href=\"https:\/\/www.gaveanews.com\/index.php\/2025\/05\/04\/a-declaracao-de-dorival-jr-apos-vitoria-do-corinthians-sobre-o-internacional\/\" \/>\n<meta property=\"og:locale\" content=\"pt_BR\" \/>\n<meta property=\"og:type\" content=\"article\" \/>\n<meta property=\"og:title\" content=\"A declara\u00e7\u00e3o de Dorival Jr ap\u00f3s vit\u00f3ria do Corinthians sobre o Internacional\" \/>\n<meta property=\"og:description\" content=\"Na noite de s\u00e1bado (03), o Corinthians superou o Internacional por 4 a 2, na Neo Qu\u00edmica Arena, em duelo v\u00e1lido pela 7\u00aa rodada do Brasileir\u00e3o. A vit\u00f3ria foi marcada por uma atua\u00e7\u00e3o decisiva de Yuri Alberto, autor de tr\u00eas gols, e pela resili\u00eancia da equipe comandada por Dorival J\u00fanior, que destacou a postura do [&hellip;]\" \/>\n<meta property=\"og:url\" content=\"https:\/\/www.gaveanews.com\/index.php\/2025\/05\/04\/a-declaracao-de-dorival-jr-apos-vitoria-do-corinthians-sobre-o-internacional\/\" \/>\n<meta property=\"og:site_name\" content=\"G\u00e1vea News\" \/>\n<meta property=\"article:publisher\" content=\"https:\/\/facebook.com\/gaveaNews\/\" \/>\n<meta property=\"article:published_time\" content=\"2025-05-04T23:25:00+00:00\" \/>\n<meta property=\"og:image\" content=\"https:\/\/www.gaveanews.com\/wp-content\/uploads\/Dorival-Jr.-em-sua-primeira-coletiva-como-tecnico-do-Corinthians.webp\" \/>\n\t<meta property=\"og:image:width\" content=\"1200\" \/>\n\t<meta property=\"og:image:height\" content=\"900\" \/>\n\t<meta property=\"og:image:type\" content=\"image\/webp\" \/>\n<meta name=\"author\" content=\"Paula Silva\" \/>\n<meta name=\"twitter:card\" content=\"summary_large_image\" \/>\n<meta name=\"twitter:label1\" content=\"Escrito por\" \/>\n\t<meta name=\"twitter:data1\" content=\"Paula Silva\" \/>\n\t<meta name=\"twitter:label2\" content=\"Est. tempo de leitura\" \/>\n\t<meta name=\"twitter:data2\" content=\"2 minutos\" \/>\n<script type=\"application\/ld+json\" class=\"yoast-schema-graph\">{\"@context\":\"https:\/\/schema.org\",\"@graph\":[{\"@type\":\"NewsArticle\",\"@id\":\"https:\/\/www.gaveanews.com\/index.php\/2025\/05\/04\/a-declaracao-de-dorival-jr-apos-vitoria-do-corinthians-sobre-o-internacional\/#article\",\"isPartOf\":{\"@id\":\"https:\/\/www.gaveanews.com\/index.php\/2025\/05\/04\/a-declaracao-de-dorival-jr-apos-vitoria-do-corinthians-sobre-o-internacional\/\"},\"author\":{\"name\":\"Paula Silva\",\"@id\":\"https:\/\/www.gaveanews.com\/#\/schema\/person\/daf63eec72e1164eb13dc35096c2b8da\"},\"headline\":\"A declara\u00e7\u00e3o de Dorival Jr ap\u00f3s vit\u00f3ria do Corinthians sobre o Internacional\",\"datePublished\":\"2025-05-04T23:25:00+00:00\",\"mainEntityOfPage\":{\"@id\":\"https:\/\/www.gaveanews.com\/index.php\/2025\/05\/04\/a-declaracao-de-dorival-jr-apos-vitoria-do-corinthians-sobre-o-internacional\/\"},\"wordCount\":334,\"commentCount\":0,\"image\":{\"@id\":\"https:\/\/www.gaveanews.com\/index.php\/2025\/05\/04\/a-declaracao-de-dorival-jr-apos-vitoria-do-corinthians-sobre-o-internacional\/#primaryimage\"},\"thumbnailUrl\":\"https:\/\/www.gaveanews.com\/wp-content\/uploads\/Dorival-Jr.-em-sua-primeira-coletiva-como-tecnico-do-Corinthians.webp\",\"articleSection\":[\"Corinthians\"],\"inLanguage\":\"pt-BR\",\"potentialAction\":[{\"@type\":\"CommentAction\",\"name\":\"Comment\",\"target\":[\"https:\/\/www.gaveanews.com\/index.php\/2025\/05\/04\/a-declaracao-de-dorival-jr-apos-vitoria-do-corinthians-sobre-o-internacional\/#respond\"]}],\"copyrightYear\":\"2025\",\"copyrightHolder\":{\"@id\":\"https:\/\/www.gaveanews.com\/#organization\"}},{\"@type\":\"WebPage\",\"@id\":\"https:\/\/www.gaveanews.com\/index.php\/2025\/05\/04\/a-declaracao-de-dorival-jr-apos-vitoria-do-corinthians-sobre-o-internacional\/\",\"url\":\"https:\/\/www.gaveanews.com\/index.php\/2025\/05\/04\/a-declaracao-de-dorival-jr-apos-vitoria-do-corinthians-sobre-o-internacional\/\",\"name\":\"A declara\u00e7\u00e3o de Dorival Jr ap\u00f3s vit\u00f3ria do Corinthians sobre o Internacional\",\"isPartOf\":{\"@id\":\"https:\/\/www.gaveanews.com\/#website\"},\"primaryImageOfPage\":{\"@id\":\"https:\/\/www.gaveanews.com\/index.php\/2025\/05\/04\/a-declaracao-de-dorival-jr-apos-vitoria-do-corinthians-sobre-o-internacional\/#primaryimage\"},\"image\":{\"@id\":\"https:\/\/www.gaveanews.com\/index.php\/2025\/05\/04\/a-declaracao-de-dorival-jr-apos-vitoria-do-corinthians-sobre-o-internacional\/#primaryimage\"},\"thumbnailUrl\":\"https:\/\/www.gaveanews.com\/wp-content\/uploads\/Dorival-Jr.-em-sua-primeira-coletiva-como-tecnico-do-Corinthians.webp\",\"datePublished\":\"2025-05-04T23:25:00+00:00\",\"author\":{\"@id\":\"https:\/\/www.gaveanews.com\/#\/schema\/person\/daf63eec72e1164eb13dc35096c2b8da\"},\"breadcrumb\":{\"@id\":\"https:\/\/www.gaveanews.com\/index.php\/2025\/05\/04\/a-declaracao-de-dorival-jr-apos-vitoria-do-corinthians-sobre-o-internacional\/#breadcrumb\"},\"inLanguage\":\"pt-BR\",\"potentialAction\":[{\"@type\":\"ReadAction\",\"target\":[\"https:\/\/www.gaveanews.com\/index.php\/2025\/05\/04\/a-declaracao-de-dorival-jr-apos-vitoria-do-corinthians-sobre-o-internacional\/\"]}]},{\"@type\":\"ImageObject\",\"inLanguage\":\"pt-BR\",\"@id\":\"https:\/\/www.gaveanews.com\/index.php\/2025\/05\/04\/a-declaracao-de-dorival-jr-apos-vitoria-do-corinthians-sobre-o-internacional\/#primaryimage\",\"url\":\"https:\/\/www.gaveanews.com\/wp-content\/uploads\/Dorival-Jr.-em-sua-primeira-coletiva-como-tecnico-do-Corinthians.webp\",\"contentUrl\":\"https:\/\/www.gaveanews.com\/wp-content\/uploads\/Dorival-Jr.-em-sua-primeira-coletiva-como-tecnico-do-Corinthians.webp\",\"width\":1200,\"height\":900,\"caption\":\"Dorival Jr. em sua primeira coletiva como t\u00e9cnico do Corinthians - Foto: Rodrigo Coca\/Ag\u00eancia SCCP\"},{\"@type\":\"BreadcrumbList\",\"@id\":\"https:\/\/www.gaveanews.com\/index.php\/2025\/05\/04\/a-declaracao-de-dorival-jr-apos-vitoria-do-corinthians-sobre-o-internacional\/#breadcrumb\",\"itemListElement\":[{\"@type\":\"ListItem\",\"position\":1,\"name\":\"Home\",\"item\":\"https:\/\/www.gaveanews.com\/\"},{\"@type\":\"ListItem\",\"position\":2,\"name\":\"A declara\u00e7\u00e3o de Dorival Jr ap\u00f3s vit\u00f3ria do Corinthians sobre o Internacional\"}]},{\"@type\":\"WebSite\",\"@id\":\"https:\/\/www.gaveanews.com\/#website\",\"url\":\"https:\/\/www.gaveanews.com\/\",\"name\":\"G\u00e1vea News\",\"description\":\"Veja todas as not\u00edcias sobre o Flamengo: Contrata\u00e7\u00f5es, categorias de base, resultados das partidas, tabela de classifica\u00e7\u00e3o, pr\u00f3ximos jogos!\",\"potentialAction\":[{\"@type\":\"SearchAction\",\"target\":{\"@type\":\"EntryPoint\",\"urlTemplate\":\"https:\/\/www.gaveanews.com\/?s={search_term_string}\"},\"query-input\":{\"@type\":\"PropertyValueSpecification\",\"valueRequired\":true,\"valueName\":\"search_term_string\"}}],\"inLanguage\":\"pt-BR\"},{\"@type\":\"Person\",\"@id\":\"https:\/\/www.gaveanews.com\/#\/schema\/person\/daf63eec72e1164eb13dc35096c2b8da\",\"name\":\"Paula Silva\",\"image\":{\"@type\":\"ImageObject\",\"inLanguage\":\"pt-BR\",\"@id\":\"https:\/\/www.gaveanews.com\/#\/schema\/person\/image\/\",\"url\":\"https:\/\/secure.gravatar.com\/avatar\/eda381c845527cc5d64c13b901833cda29d97500ba040d3e6461f76f51d163bb?s=96&d=mm&r=g\",\"contentUrl\":\"https:\/\/secure.gravatar.com\/avatar\/eda381c845527cc5d64c13b901833cda29d97500ba040d3e6461f76f51d163bb?s=96&d=mm&r=g\",\"caption\":\"Paula Silva\"}}]}<\/script>\n<!-- \/ Yoast SEO Premium plugin. -->","yoast_head_json":{"title":"A declara\u00e7\u00e3o de Dorival Jr ap\u00f3s vit\u00f3ria do Corinthians sobre o Internacional","robots":{"index":"index","follow":"follow","max-snippet":"max-snippet:-1","max-image-preview":"max-image-preview:large","max-video-preview":"max-video-preview:-1"},"canonical":"https:\/\/www.gaveanews.com\/index.php\/2025\/05\/04\/a-declaracao-de-dorival-jr-apos-vitoria-do-corinthians-sobre-o-internacional\/","og_locale":"pt_BR","og_type":"article","og_title":"A declara\u00e7\u00e3o de Dorival Jr ap\u00f3s vit\u00f3ria do Corinthians sobre o Internacional","og_description":"Na noite de s\u00e1bado (03), o Corinthians superou o Internacional por 4 a 2, na Neo Qu\u00edmica Arena, em duelo v\u00e1lido pela 7\u00aa rodada do Brasileir\u00e3o. A vit\u00f3ria foi marcada por uma atua\u00e7\u00e3o decisiva de Yuri Alberto, autor de tr\u00eas gols, e pela resili\u00eancia da equipe comandada por Dorival J\u00fanior, que destacou a postura do [&hellip;]","og_url":"https:\/\/www.gaveanews.com\/index.php\/2025\/05\/04\/a-declaracao-de-dorival-jr-apos-vitoria-do-corinthians-sobre-o-internacional\/","og_site_name":"G\u00e1vea News","article_publisher":"https:\/\/facebook.com\/gaveaNews\/","article_published_time":"2025-05-04T23:25:00+00:00","og_image":[{"width":1200,"height":900,"url":"https:\/\/www.gaveanews.com\/wp-content\/uploads\/Dorival-Jr.-em-sua-primeira-coletiva-como-tecnico-do-Corinthians.webp","type":"image\/webp"}],"author":"Paula Silva","twitter_card":"summary_large_image","twitter_misc":{"Escrito por":"Paula Silva","Est. tempo de leitura":"2 minutos"},"schema":{"@context":"https:\/\/schema.org","@graph":[{"@type":"NewsArticle","@id":"https:\/\/www.gaveanews.com\/index.php\/2025\/05\/04\/a-declaracao-de-dorival-jr-apos-vitoria-do-corinthians-sobre-o-internacional\/#article","isPartOf":{"@id":"https:\/\/www.gaveanews.com\/index.php\/2025\/05\/04\/a-declaracao-de-dorival-jr-apos-vitoria-do-corinthians-sobre-o-internacional\/"},"author":{"name":"Paula Silva","@id":"https:\/\/www.gaveanews.com\/#\/schema\/person\/daf63eec72e1164eb13dc35096c2b8da"},"headline":"A declara\u00e7\u00e3o de Dorival Jr ap\u00f3s vit\u00f3ria do Corinthians sobre o Internacional","datePublished":"2025-05-04T23:25:00+00:00","mainEntityOfPage":{"@id":"https:\/\/www.gaveanews.com\/index.php\/2025\/05\/04\/a-declaracao-de-dorival-jr-apos-vitoria-do-corinthians-sobre-o-internacional\/"},"wordCount":334,"commentCount":0,"image":{"@id":"https:\/\/www.gaveanews.com\/index.php\/2025\/05\/04\/a-declaracao-de-dorival-jr-apos-vitoria-do-corinthians-sobre-o-internacional\/#primaryimage"},"thumbnailUrl":"https:\/\/www.gaveanews.com\/wp-content\/uploads\/Dorival-Jr.-em-sua-primeira-coletiva-como-tecnico-do-Corinthians.webp","articleSection":["Corinthians"],"inLanguage":"pt-BR","potentialAction":[{"@type":"CommentAction","name":"Comment","target":["https:\/\/www.gaveanews.com\/index.php\/2025\/05\/04\/a-declaracao-de-dorival-jr-apos-vitoria-do-corinthians-sobre-o-internacional\/#respond"]}],"copyrightYear":"2025","copyrightHolder":{"@id":"https:\/\/www.gaveanews.com\/#organization"}},{"@type":"WebPage","@id":"https:\/\/www.gaveanews.com\/index.php\/2025\/05\/04\/a-declaracao-de-dorival-jr-apos-vitoria-do-corinthians-sobre-o-internacional\/","url":"https:\/\/www.gaveanews.com\/index.php\/2025\/05\/04\/a-declaracao-de-dorival-jr-apos-vitoria-do-corinthians-sobre-o-internacional\/","name":"A declara\u00e7\u00e3o de Dorival Jr ap\u00f3s vit\u00f3ria do Corinthians sobre o Internacional","isPartOf":{"@id":"https:\/\/www.gaveanews.com\/#website"},"primaryImageOfPage":{"@id":"https:\/\/www.gaveanews.com\/index.php\/2025\/05\/04\/a-declaracao-de-dorival-jr-apos-vitoria-do-corinthians-sobre-o-internacional\/#primaryimage"},"image":{"@id":"https:\/\/www.gaveanews.com\/index.php\/2025\/05\/04\/a-declaracao-de-dorival-jr-apos-vitoria-do-corinthians-sobre-o-internacional\/#primaryimage"},"thumbnailUrl":"https:\/\/www.gaveanews.com\/wp-content\/uploads\/Dorival-Jr.-em-sua-primeira-coletiva-como-tecnico-do-Corinthians.webp","datePublished":"2025-05-04T23:25:00+00:00","author":{"@id":"https:\/\/www.gaveanews.com\/#\/schema\/person\/daf63eec72e1164eb13dc35096c2b8da"},"breadcrumb":{"@id":"https:\/\/www.gaveanews.com\/index.php\/2025\/05\/04\/a-declaracao-de-dorival-jr-apos-vitoria-do-corinthians-sobre-o-internacional\/#breadcrumb"},"inLanguage":"pt-BR","potentialAction":[{"@type":"ReadAction","target":["https:\/\/www.gaveanews.com\/index.php\/2025\/05\/04\/a-declaracao-de-dorival-jr-apos-vitoria-do-corinthians-sobre-o-internacional\/"]}]},{"@type":"ImageObject","inLanguage":"pt-BR","@id":"https:\/\/www.gaveanews.com\/index.php\/2025\/05\/04\/a-declaracao-de-dorival-jr-apos-vitoria-do-corinthians-sobre-o-internacional\/#primaryimage","url":"https:\/\/www.gaveanews.com\/wp-content\/uploads\/Dorival-Jr.-em-sua-primeira-coletiva-como-tecnico-do-Corinthians.webp","contentUrl":"https:\/\/www.gaveanews.com\/wp-content\/uploads\/Dorival-Jr.-em-sua-primeira-coletiva-como-tecnico-do-Corinthians.webp","width":1200,"height":900,"caption":"Dorival Jr. em sua primeira coletiva como t\u00e9cnico do Corinthians - Foto: Rodrigo Coca\/Ag\u00eancia SCCP"},{"@type":"BreadcrumbList","@id":"https:\/\/www.gaveanews.com\/index.php\/2025\/05\/04\/a-declaracao-de-dorival-jr-apos-vitoria-do-corinthians-sobre-o-internacional\/#breadcrumb","itemListElement":[{"@type":"ListItem","position":1,"name":"Home","item":"https:\/\/www.gaveanews.com\/"},{"@type":"ListItem","position":2,"name":"A declara\u00e7\u00e3o de Dorival Jr ap\u00f3s vit\u00f3ria do Corinthians sobre o Internacional"}]},{"@type":"WebSite","@id":"https:\/\/www.gaveanews.com\/#website","url":"https:\/\/www.gaveanews.com\/","name":"G\u00e1vea News","description":"Veja todas as not\u00edcias sobre o Flamengo: Contrata\u00e7\u00f5es, categorias de base, resultados das partidas, tabela de classifica\u00e7\u00e3o, pr\u00f3ximos jogos!","potentialAction":[{"@type":"SearchAction","target":{"@type":"EntryPoint","urlTemplate":"https:\/\/www.gaveanews.com\/?s={search_term_string}"},"query-input":{"@type":"PropertyValueSpecification","valueRequired":true,"valueName":"search_term_string"}}],"inLanguage":"pt-BR"},{"@type":"Person","@id":"https:\/\/www.gaveanews.com\/#\/schema\/person\/daf63eec72e1164eb13dc35096c2b8da","name":"Paula Silva","image":{"@type":"ImageObject","inLanguage":"pt-BR","@id":"https:\/\/www.gaveanews.com\/#\/schema\/person\/image\/","url":"https:\/\/secure.gravatar.com\/avatar\/eda381c845527cc5d64c13b901833cda29d97500ba040d3e6461f76f51d163bb?s=96&d=mm&r=g","contentUrl":"https:\/\/secure.gravatar.com\/avatar\/eda381c845527cc5d64c13b901833cda29d97500ba040d3e6461f76f51d163bb?s=96&d=mm&r=g","caption":"Paula Silva"}}]}},"_links":{"self":[{"href":"https:\/\/www.gaveanews.com\/index.php\/wp-json\/wp\/v2\/posts\/260505","targetHints":{"allow":["GET"]}}],"collection":[{"href":"https:\/\/www.gaveanews.com\/index.php\/wp-json\/wp\/v2\/posts"}],"about":[{"href":"https:\/\/www.gaveanews.com\/index.php\/wp-json\/wp\/v2\/types\/post"}],"author":[{"embeddable":true,"href":"https:\/\/www.gaveanews.com\/index.php\/wp-json\/wp\/v2\/users\/18"}],"replies":[{"embeddable":true,"href":"https:\/\/www.gaveanews.com\/index.php\/wp-json\/wp\/v2\/comments?post=260505"}],"version-history":[{"count":1,"href":"https:\/\/www.gaveanews.com\/index.php\/wp-json\/wp\/v2\/posts\/260505\/revisions"}],"predecessor-version":[{"id":260508,"href":"https:\/\/www.gaveanews.com\/index.php\/wp-json\/wp\/v2\/posts\/260505\/revisions\/260508"}],"wp:featuredmedia":[{"embeddable":true,"href":"https:\/\/www.gaveanews.com\/index.php\/wp-json\/wp\/v2\/media\/258834"}],"wp:attachment":[{"href":"https:\/\/www.gaveanews.com\/index.php\/wp-json\/wp\/v2\/media?parent=260505"}],"wp:term":[{"taxonomy":"category","embeddable":true,"href":"https:\/\/www.gaveanews.com\/index.php\/wp-json\/wp\/v2\/categories?post=260505"},{"taxonomy":"post_tag","embeddable":true,"href":"https:\/\/www.gaveanews.com\/index.php\/wp-json\/wp\/v2\/tags?post=260505"}],"curies":[{"name":"wp","href":"https:\/\/api.w.org\/{rel}","templated":true}]}}