{"id":260513,"date":"2025-05-04T20:40:00","date_gmt":"2025-05-04T23:40:00","guid":{"rendered":"https:\/\/www.gaveanews.com\/?p=260513"},"modified":"2025-05-04T20:13:37","modified_gmt":"2025-05-04T23:13:37","slug":"gabigol-e-leonardo-jardim-se-alinham-no-cruzeiro","status":"publish","type":"post","link":"https:\/\/www.gaveanews.com\/index.php\/2025\/05\/04\/gabigol-e-leonardo-jardim-se-alinham-no-cruzeiro\/","title":{"rendered":"Gabigol e Leonardo Jardim se alinham no Cruzeiro"},"content":{"rendered":"\n<p>Gabigol vive um momento de readequa\u00e7\u00e3o no Cruzeiro, mas, diferentemente de outros atletas, como Dudu, tem demonstrado disposi\u00e7\u00e3o para se alinhar ao planejamento de Leonardo Jardim. Embora atualmente esteja entre os reservas, o atacante tem adotado postura profissional e se aproximado do treinador e da comiss\u00e3o t\u00e9cnica, com quem mant\u00e9m boa rela\u00e7\u00e3o. Recentemente, o camisa 9 disse: &#8220;tenho me sentido muito acolhido nos treinos, com a comiss\u00e3o, com a diretoria. Eu estou muito feliz&#8221;.<\/p>\n\n\n\n<p>Essa postura tem sido refletida em campo. Na vit\u00f3ria contra o Vila Nova, pela Copa do Brasil, Gabigol teve papel decisivo ao dar uma assist\u00eancia para Kaio Jorge. A sintonia entre os dois jogadores, inclusive, vem desde os tempos de Santos. \u201c\u00c9 muito bom jogar com ele, conversamos bastante, j\u00e1 nos encontr\u00e1vamos no Santos, enquanto pequenos\u201d, comentou o camisa 9, em tom descontra\u00eddo.<\/p>\n\n\n\n<p>O entendimento com Leonardo Jardim, ali\u00e1s, \u00e9 destacado como fator determinante para que Gabigol siga tendo oportunidades, ainda que de forma pontual. Ap\u00f3s a partida contra o Vila Nova, o t\u00e9cnico destacou a evolu\u00e7\u00e3o do atacante: \u201cApesar de n\u00e3o estar jogando sempre, ele tem mostrado uma atitude muito importante com o grupo, sempre bem integrado, muito comunicativo. Isso nos satisfaz\u201d.<\/p>\n\n\n\n<p>Embora tenha perdido espa\u00e7o ap\u00f3s a derrota para o Mushuc Runa, pela Sul-Americana, Gabigol segue como artilheiro da temporada, com sete gols, e lidera o n\u00famero de participa\u00e7\u00f5es diretas em gols no time. Contra o Flamengo, neste domingo (04), a iniciou novamente no banco, com Matheus Pereira reassumindo a titularidade.<\/p>\n\n\n\n<p>Enquanto isso, sua movimenta\u00e7\u00e3o em campo tem chamado aten\u00e7\u00e3o. Recentemente, ele atuou mais recuado, como meia-armador, e quase deu uma assist\u00eancia a Lautaro D\u00edaz. Essa versatilidade pode ser um trunfo para recuperar espa\u00e7o no elenco.<\/p>\n\n\n\n<p>Inegavelmente, a rela\u00e7\u00e3o constru\u00edda entre Gabigol e Leonardo Jardim contrasta com a sa\u00edda conturbada de Dudu. Ao inv\u00e9s de confrontos, o ex-jogador do Flamengo optou por se adaptar e buscar novas formas de contribuir, com o objetivo de reencontrar o protagonismo.Gabigol e Leonardo Jardim se alinham no Cruzeiro<\/p>\n","protected":false},"excerpt":{"rendered":"<p>Gabigol vive um momento de readequa\u00e7\u00e3o no Cruzeiro, mas, diferentemente de outros atletas, como Dudu, tem demonstrado disposi\u00e7\u00e3o para se alinhar ao planejamento de Leonardo Jardim. Embora atualmente esteja entre os reservas, o atacante tem adotado postura profissional e se aproximado do treinador e da comiss\u00e3o t\u00e9cnica, com quem mant\u00e9m boa rela\u00e7\u00e3o. Recentemente, o camisa [&hellip;]<\/p>\n","protected":false},"author":18,"featured_media":254345,"comment_status":"open","ping_status":"closed","sticky":false,"template":"","format":"standard","meta":{"footnotes":""},"categories":[143],"tags":[],"class_list":["post-260513","post","type-post","status-publish","format-standard","has-post-thumbnail","hentry","category-cruzeiro"],"yoast_head":"<!-- This site is optimized with the Yoast SEO Premium plugin v24.2 (Yoast SEO v26.9) - https:\/\/yoast.com\/product\/yoast-seo-premium-wordpress\/ -->\n<title>Gabigol e Leonardo Jardim se alinham no Cruzeiro<\/title>\n<meta name=\"robots\" content=\"index, follow, max-snippet:-1, max-image-preview:large, max-video-preview:-1\" \/>\n<link rel=\"canonical\" href=\"https:\/\/www.gaveanews.com\/index.php\/2025\/05\/04\/gabigol-e-leonardo-jardim-se-alinham-no-cruzeiro\/\" \/>\n<meta property=\"og:locale\" content=\"pt_BR\" \/>\n<meta property=\"og:type\" content=\"article\" \/>\n<meta property=\"og:title\" content=\"Gabigol e Leonardo Jardim se alinham no Cruzeiro\" \/>\n<meta property=\"og:description\" content=\"Gabigol vive um momento de readequa\u00e7\u00e3o no Cruzeiro, mas, diferentemente de outros atletas, como Dudu, tem demonstrado disposi\u00e7\u00e3o para se alinhar ao planejamento de Leonardo Jardim. Embora atualmente esteja entre os reservas, o atacante tem adotado postura profissional e se aproximado do treinador e da comiss\u00e3o t\u00e9cnica, com quem mant\u00e9m boa rela\u00e7\u00e3o. Recentemente, o camisa [&hellip;]\" \/>\n<meta property=\"og:url\" content=\"https:\/\/www.gaveanews.com\/index.php\/2025\/05\/04\/gabigol-e-leonardo-jardim-se-alinham-no-cruzeiro\/\" \/>\n<meta property=\"og:site_name\" content=\"G\u00e1vea News\" \/>\n<meta property=\"article:publisher\" content=\"https:\/\/facebook.com\/gaveaNews\/\" \/>\n<meta property=\"article:published_time\" content=\"2025-05-04T23:40:00+00:00\" \/>\n<meta property=\"og:image\" content=\"https:\/\/www.gaveanews.com\/wp-content\/uploads\/DivulgacaoAlhilal_EN-6.webp\" \/>\n\t<meta property=\"og:image:width\" content=\"1200\" \/>\n\t<meta property=\"og:image:height\" content=\"800\" \/>\n\t<meta property=\"og:image:type\" content=\"image\/png\" \/>\n<meta name=\"author\" content=\"Paula Silva\" \/>\n<meta name=\"twitter:card\" content=\"summary_large_image\" \/>\n<meta name=\"twitter:label1\" content=\"Escrito por\" \/>\n\t<meta name=\"twitter:data1\" content=\"Paula Silva\" \/>\n\t<meta name=\"twitter:label2\" content=\"Est. tempo de leitura\" \/>\n\t<meta name=\"twitter:data2\" content=\"3 minutos\" \/>\n<script type=\"application\/ld+json\" class=\"yoast-schema-graph\">{\"@context\":\"https:\/\/schema.org\",\"@graph\":[{\"@type\":\"NewsArticle\",\"@id\":\"https:\/\/www.gaveanews.com\/index.php\/2025\/05\/04\/gabigol-e-leonardo-jardim-se-alinham-no-cruzeiro\/#article\",\"isPartOf\":{\"@id\":\"https:\/\/www.gaveanews.com\/index.php\/2025\/05\/04\/gabigol-e-leonardo-jardim-se-alinham-no-cruzeiro\/\"},\"author\":{\"name\":\"Paula Silva\",\"@id\":\"https:\/\/www.gaveanews.com\/#\/schema\/person\/daf63eec72e1164eb13dc35096c2b8da\"},\"headline\":\"Gabigol e Leonardo Jardim se alinham no Cruzeiro\",\"datePublished\":\"2025-05-04T23:40:00+00:00\",\"mainEntityOfPage\":{\"@id\":\"https:\/\/www.gaveanews.com\/index.php\/2025\/05\/04\/gabigol-e-leonardo-jardim-se-alinham-no-cruzeiro\/\"},\"wordCount\":363,\"commentCount\":0,\"image\":{\"@id\":\"https:\/\/www.gaveanews.com\/index.php\/2025\/05\/04\/gabigol-e-leonardo-jardim-se-alinham-no-cruzeiro\/#primaryimage\"},\"thumbnailUrl\":\"https:\/\/www.gaveanews.com\/wp-content\/uploads\/DivulgacaoAlhilal_EN-6.webp\",\"articleSection\":[\"Cruzeiro\"],\"inLanguage\":\"pt-BR\",\"potentialAction\":[{\"@type\":\"CommentAction\",\"name\":\"Comment\",\"target\":[\"https:\/\/www.gaveanews.com\/index.php\/2025\/05\/04\/gabigol-e-leonardo-jardim-se-alinham-no-cruzeiro\/#respond\"]}],\"copyrightYear\":\"2025\",\"copyrightHolder\":{\"@id\":\"https:\/\/www.gaveanews.com\/#organization\"}},{\"@type\":\"WebPage\",\"@id\":\"https:\/\/www.gaveanews.com\/index.php\/2025\/05\/04\/gabigol-e-leonardo-jardim-se-alinham-no-cruzeiro\/\",\"url\":\"https:\/\/www.gaveanews.com\/index.php\/2025\/05\/04\/gabigol-e-leonardo-jardim-se-alinham-no-cruzeiro\/\",\"name\":\"Gabigol e Leonardo Jardim se alinham no Cruzeiro\",\"isPartOf\":{\"@id\":\"https:\/\/www.gaveanews.com\/#website\"},\"primaryImageOfPage\":{\"@id\":\"https:\/\/www.gaveanews.com\/index.php\/2025\/05\/04\/gabigol-e-leonardo-jardim-se-alinham-no-cruzeiro\/#primaryimage\"},\"image\":{\"@id\":\"https:\/\/www.gaveanews.com\/index.php\/2025\/05\/04\/gabigol-e-leonardo-jardim-se-alinham-no-cruzeiro\/#primaryimage\"},\"thumbnailUrl\":\"https:\/\/www.gaveanews.com\/wp-content\/uploads\/DivulgacaoAlhilal_EN-6.webp\",\"datePublished\":\"2025-05-04T23:40:00+00:00\",\"author\":{\"@id\":\"https:\/\/www.gaveanews.com\/#\/schema\/person\/daf63eec72e1164eb13dc35096c2b8da\"},\"breadcrumb\":{\"@id\":\"https:\/\/www.gaveanews.com\/index.php\/2025\/05\/04\/gabigol-e-leonardo-jardim-se-alinham-no-cruzeiro\/#breadcrumb\"},\"inLanguage\":\"pt-BR\",\"potentialAction\":[{\"@type\":\"ReadAction\",\"target\":[\"https:\/\/www.gaveanews.com\/index.php\/2025\/05\/04\/gabigol-e-leonardo-jardim-se-alinham-no-cruzeiro\/\"]}]},{\"@type\":\"ImageObject\",\"inLanguage\":\"pt-BR\",\"@id\":\"https:\/\/www.gaveanews.com\/index.php\/2025\/05\/04\/gabigol-e-leonardo-jardim-se-alinham-no-cruzeiro\/#primaryimage\",\"url\":\"https:\/\/www.gaveanews.com\/wp-content\/uploads\/DivulgacaoAlhilal_EN-6.webp\",\"contentUrl\":\"https:\/\/www.gaveanews.com\/wp-content\/uploads\/DivulgacaoAlhilal_EN-6.webp\",\"width\":1200,\"height\":800,\"caption\":\"Gabigol no treino do Cruzeiro na Toca da Raposa - Foto: Gustavo Aleixo\/Cruzeiro\"},{\"@type\":\"BreadcrumbList\",\"@id\":\"https:\/\/www.gaveanews.com\/index.php\/2025\/05\/04\/gabigol-e-leonardo-jardim-se-alinham-no-cruzeiro\/#breadcrumb\",\"itemListElement\":[{\"@type\":\"ListItem\",\"position\":1,\"name\":\"Home\",\"item\":\"https:\/\/www.gaveanews.com\/\"},{\"@type\":\"ListItem\",\"position\":2,\"name\":\"Gabigol e Leonardo Jardim se alinham no Cruzeiro\"}]},{\"@type\":\"WebSite\",\"@id\":\"https:\/\/www.gaveanews.com\/#website\",\"url\":\"https:\/\/www.gaveanews.com\/\",\"name\":\"G\u00e1vea News\",\"description\":\"Veja todas as not\u00edcias sobre o Flamengo: Contrata\u00e7\u00f5es, categorias de base, resultados das partidas, tabela de classifica\u00e7\u00e3o, pr\u00f3ximos jogos!\",\"potentialAction\":[{\"@type\":\"SearchAction\",\"target\":{\"@type\":\"EntryPoint\",\"urlTemplate\":\"https:\/\/www.gaveanews.com\/?s={search_term_string}\"},\"query-input\":{\"@type\":\"PropertyValueSpecification\",\"valueRequired\":true,\"valueName\":\"search_term_string\"}}],\"inLanguage\":\"pt-BR\"},{\"@type\":\"Person\",\"@id\":\"https:\/\/www.gaveanews.com\/#\/schema\/person\/daf63eec72e1164eb13dc35096c2b8da\",\"name\":\"Paula Silva\",\"image\":{\"@type\":\"ImageObject\",\"inLanguage\":\"pt-BR\",\"@id\":\"https:\/\/www.gaveanews.com\/#\/schema\/person\/image\/\",\"url\":\"https:\/\/secure.gravatar.com\/avatar\/eda381c845527cc5d64c13b901833cda29d97500ba040d3e6461f76f51d163bb?s=96&d=mm&r=g\",\"contentUrl\":\"https:\/\/secure.gravatar.com\/avatar\/eda381c845527cc5d64c13b901833cda29d97500ba040d3e6461f76f51d163bb?s=96&d=mm&r=g\",\"caption\":\"Paula Silva\"}}]}<\/script>\n<!-- \/ Yoast SEO Premium plugin. -->","yoast_head_json":{"title":"Gabigol e Leonardo Jardim se alinham no Cruzeiro","robots":{"index":"index","follow":"follow","max-snippet":"max-snippet:-1","max-image-preview":"max-image-preview:large","max-video-preview":"max-video-preview:-1"},"canonical":"https:\/\/www.gaveanews.com\/index.php\/2025\/05\/04\/gabigol-e-leonardo-jardim-se-alinham-no-cruzeiro\/","og_locale":"pt_BR","og_type":"article","og_title":"Gabigol e Leonardo Jardim se alinham no Cruzeiro","og_description":"Gabigol vive um momento de readequa\u00e7\u00e3o no Cruzeiro, mas, diferentemente de outros atletas, como Dudu, tem demonstrado disposi\u00e7\u00e3o para se alinhar ao planejamento de Leonardo Jardim. Embora atualmente esteja entre os reservas, o atacante tem adotado postura profissional e se aproximado do treinador e da comiss\u00e3o t\u00e9cnica, com quem mant\u00e9m boa rela\u00e7\u00e3o. Recentemente, o camisa [&hellip;]","og_url":"https:\/\/www.gaveanews.com\/index.php\/2025\/05\/04\/gabigol-e-leonardo-jardim-se-alinham-no-cruzeiro\/","og_site_name":"G\u00e1vea News","article_publisher":"https:\/\/facebook.com\/gaveaNews\/","article_published_time":"2025-05-04T23:40:00+00:00","og_image":[{"width":1200,"height":800,"url":"https:\/\/www.gaveanews.com\/wp-content\/uploads\/DivulgacaoAlhilal_EN-6.webp","type":"image\/png"}],"author":"Paula Silva","twitter_card":"summary_large_image","twitter_misc":{"Escrito por":"Paula Silva","Est. tempo de leitura":"3 minutos"},"schema":{"@context":"https:\/\/schema.org","@graph":[{"@type":"NewsArticle","@id":"https:\/\/www.gaveanews.com\/index.php\/2025\/05\/04\/gabigol-e-leonardo-jardim-se-alinham-no-cruzeiro\/#article","isPartOf":{"@id":"https:\/\/www.gaveanews.com\/index.php\/2025\/05\/04\/gabigol-e-leonardo-jardim-se-alinham-no-cruzeiro\/"},"author":{"name":"Paula Silva","@id":"https:\/\/www.gaveanews.com\/#\/schema\/person\/daf63eec72e1164eb13dc35096c2b8da"},"headline":"Gabigol e Leonardo Jardim se alinham no Cruzeiro","datePublished":"2025-05-04T23:40:00+00:00","mainEntityOfPage":{"@id":"https:\/\/www.gaveanews.com\/index.php\/2025\/05\/04\/gabigol-e-leonardo-jardim-se-alinham-no-cruzeiro\/"},"wordCount":363,"commentCount":0,"image":{"@id":"https:\/\/www.gaveanews.com\/index.php\/2025\/05\/04\/gabigol-e-leonardo-jardim-se-alinham-no-cruzeiro\/#primaryimage"},"thumbnailUrl":"https:\/\/www.gaveanews.com\/wp-content\/uploads\/DivulgacaoAlhilal_EN-6.webp","articleSection":["Cruzeiro"],"inLanguage":"pt-BR","potentialAction":[{"@type":"CommentAction","name":"Comment","target":["https:\/\/www.gaveanews.com\/index.php\/2025\/05\/04\/gabigol-e-leonardo-jardim-se-alinham-no-cruzeiro\/#respond"]}],"copyrightYear":"2025","copyrightHolder":{"@id":"https:\/\/www.gaveanews.com\/#organization"}},{"@type":"WebPage","@id":"https:\/\/www.gaveanews.com\/index.php\/2025\/05\/04\/gabigol-e-leonardo-jardim-se-alinham-no-cruzeiro\/","url":"https:\/\/www.gaveanews.com\/index.php\/2025\/05\/04\/gabigol-e-leonardo-jardim-se-alinham-no-cruzeiro\/","name":"Gabigol e Leonardo Jardim se alinham no Cruzeiro","isPartOf":{"@id":"https:\/\/www.gaveanews.com\/#website"},"primaryImageOfPage":{"@id":"https:\/\/www.gaveanews.com\/index.php\/2025\/05\/04\/gabigol-e-leonardo-jardim-se-alinham-no-cruzeiro\/#primaryimage"},"image":{"@id":"https:\/\/www.gaveanews.com\/index.php\/2025\/05\/04\/gabigol-e-leonardo-jardim-se-alinham-no-cruzeiro\/#primaryimage"},"thumbnailUrl":"https:\/\/www.gaveanews.com\/wp-content\/uploads\/DivulgacaoAlhilal_EN-6.webp","datePublished":"2025-05-04T23:40:00+00:00","author":{"@id":"https:\/\/www.gaveanews.com\/#\/schema\/person\/daf63eec72e1164eb13dc35096c2b8da"},"breadcrumb":{"@id":"https:\/\/www.gaveanews.com\/index.php\/2025\/05\/04\/gabigol-e-leonardo-jardim-se-alinham-no-cruzeiro\/#breadcrumb"},"inLanguage":"pt-BR","potentialAction":[{"@type":"ReadAction","target":["https:\/\/www.gaveanews.com\/index.php\/2025\/05\/04\/gabigol-e-leonardo-jardim-se-alinham-no-cruzeiro\/"]}]},{"@type":"ImageObject","inLanguage":"pt-BR","@id":"https:\/\/www.gaveanews.com\/index.php\/2025\/05\/04\/gabigol-e-leonardo-jardim-se-alinham-no-cruzeiro\/#primaryimage","url":"https:\/\/www.gaveanews.com\/wp-content\/uploads\/DivulgacaoAlhilal_EN-6.webp","contentUrl":"https:\/\/www.gaveanews.com\/wp-content\/uploads\/DivulgacaoAlhilal_EN-6.webp","width":1200,"height":800,"caption":"Gabigol no treino do Cruzeiro na Toca da Raposa - Foto: Gustavo Aleixo\/Cruzeiro"},{"@type":"BreadcrumbList","@id":"https:\/\/www.gaveanews.com\/index.php\/2025\/05\/04\/gabigol-e-leonardo-jardim-se-alinham-no-cruzeiro\/#breadcrumb","itemListElement":[{"@type":"ListItem","position":1,"name":"Home","item":"https:\/\/www.gaveanews.com\/"},{"@type":"ListItem","position":2,"name":"Gabigol e Leonardo Jardim se alinham no Cruzeiro"}]},{"@type":"WebSite","@id":"https:\/\/www.gaveanews.com\/#website","url":"https:\/\/www.gaveanews.com\/","name":"G\u00e1vea News","description":"Veja todas as not\u00edcias sobre o Flamengo: Contrata\u00e7\u00f5es, categorias de base, resultados das partidas, tabela de classifica\u00e7\u00e3o, pr\u00f3ximos jogos!","potentialAction":[{"@type":"SearchAction","target":{"@type":"EntryPoint","urlTemplate":"https:\/\/www.gaveanews.com\/?s={search_term_string}"},"query-input":{"@type":"PropertyValueSpecification","valueRequired":true,"valueName":"search_term_string"}}],"inLanguage":"pt-BR"},{"@type":"Person","@id":"https:\/\/www.gaveanews.com\/#\/schema\/person\/daf63eec72e1164eb13dc35096c2b8da","name":"Paula Silva","image":{"@type":"ImageObject","inLanguage":"pt-BR","@id":"https:\/\/www.gaveanews.com\/#\/schema\/person\/image\/","url":"https:\/\/secure.gravatar.com\/avatar\/eda381c845527cc5d64c13b901833cda29d97500ba040d3e6461f76f51d163bb?s=96&d=mm&r=g","contentUrl":"https:\/\/secure.gravatar.com\/avatar\/eda381c845527cc5d64c13b901833cda29d97500ba040d3e6461f76f51d163bb?s=96&d=mm&r=g","caption":"Paula Silva"}}]}},"_links":{"self":[{"href":"https:\/\/www.gaveanews.com\/index.php\/wp-json\/wp\/v2\/posts\/260513","targetHints":{"allow":["GET"]}}],"collection":[{"href":"https:\/\/www.gaveanews.com\/index.php\/wp-json\/wp\/v2\/posts"}],"about":[{"href":"https:\/\/www.gaveanews.com\/index.php\/wp-json\/wp\/v2\/types\/post"}],"author":[{"embeddable":true,"href":"https:\/\/www.gaveanews.com\/index.php\/wp-json\/wp\/v2\/users\/18"}],"replies":[{"embeddable":true,"href":"https:\/\/www.gaveanews.com\/index.php\/wp-json\/wp\/v2\/comments?post=260513"}],"version-history":[{"count":1,"href":"https:\/\/www.gaveanews.com\/index.php\/wp-json\/wp\/v2\/posts\/260513\/revisions"}],"predecessor-version":[{"id":260516,"href":"https:\/\/www.gaveanews.com\/index.php\/wp-json\/wp\/v2\/posts\/260513\/revisions\/260516"}],"wp:featuredmedia":[{"embeddable":true,"href":"https:\/\/www.gaveanews.com\/index.php\/wp-json\/wp\/v2\/media\/254345"}],"wp:attachment":[{"href":"https:\/\/www.gaveanews.com\/index.php\/wp-json\/wp\/v2\/media?parent=260513"}],"wp:term":[{"taxonomy":"category","embeddable":true,"href":"https:\/\/www.gaveanews.com\/index.php\/wp-json\/wp\/v2\/categories?post=260513"},{"taxonomy":"post_tag","embeddable":true,"href":"https:\/\/www.gaveanews.com\/index.php\/wp-json\/wp\/v2\/tags?post=260513"}],"curies":[{"name":"wp","href":"https:\/\/api.w.org\/{rel}","templated":true}]}}