{"id":260525,"date":"2025-05-04T20:46:14","date_gmt":"2025-05-04T23:46:14","guid":{"rendered":"https:\/\/www.gaveanews.com\/?p=260525"},"modified":"2025-05-04T20:52:31","modified_gmt":"2025-05-04T23:52:31","slug":"cruzeiro-x-flamengo-a-declaracao-de-arrascaeta","status":"publish","type":"post","link":"https:\/\/www.gaveanews.com\/index.php\/2025\/05\/04\/cruzeiro-x-flamengo-a-declaracao-de-arrascaeta\/","title":{"rendered":"Cruzeiro x Flamengo: a declara\u00e7\u00e3o de Arrascaeta"},"content":{"rendered":"\n<p>O Cruzeiro venceu o Flamengo por 2 a 1 neste domingo (4), em jogo v\u00e1lido pela s\u00e9tima rodada do Campeonato Brasileiro. O gol do triunfo foi marcado nos acr\u00e9scimos, por Gabigol, ap\u00f3s cobran\u00e7a de p\u00eanalti. O resultado fez o Fla perder a lideran\u00e7a do torneio nacional.<\/p>\n\n\n\n<p>Ao final do duelo, Arrascaeta concedeu entrevista e analisou a postura do Flamengo no embate. O camisa 10 foi sincero ao afirmar que o Fla cometeu muitas falhas que foram determinantes para o resultado negativo.<\/p>\n\n\n\n<p>&#8220;\u00c9 um jogo que sab\u00edamos que ia ser muito dif\u00edcil, a gente jogou bem por alguns momentos, mas a maior parte do jogo n\u00e3o nos encontramos, cometemos muitos erros. Infelizmente, tomamos a virada no final da partida, mas acontece. \u00c9 levantar a cabe\u00e7a, continuar melhorando porque tem muita coisa pela frente. Eu acredito que foi um jogo bem dif\u00edcil, na maior parte do jogo a gente n\u00e3o conseguiu criar, mas \u00e9 isso. O Brasileir\u00e3o n\u00e3o tem jogo f\u00e1cil e a gente infelizmente n\u00e3o venceu&#8221;, disse.<\/p>\n\n\n\n<p>O Cruzeiro abriu o placar na partida com Kaio Jorge, aos 15 minutos da etapa inicial. O Flamengo correu atr\u00e1s e buscou o resultado, empatando o confronto aos 44&#8242;, com Arrascaeta. O camisa 10 da G\u00e1vea, inclusive n\u00e3o comemorou o tento, em respeito ao ex-clube.<\/p>\n\n\n\n<p>No segundo tempo, a partida continuou bem pegada, mas o Cruzeiro tinha as melhores oportunidades e empilhava chances. Nos acr\u00e9scimos, L\u00e9o Pereira cometeu p\u00eanati em Eduardo, e Gabigol foi pra cobran\u00e7a. O goleiro Rossi defendeu a penalidade, mas Gabi aproveitou o rebote para estufar as redes e, aos 97, garantir a vit\u00f3ria da Raposa.<\/p>\n\n\n\n<p>Assim como Arrascaeta, Gabigol tamb\u00e9m n\u00e3o comemorou o gol no momento, em respeito ao Flamengo. Ap\u00f3s o apito final, depois que todos os jogadores do Fla j\u00e1 tinham deixado o gramado, o atacante cruzeirense celebrou o gol marcado.<\/p>\n\n\n\n<p><\/p>\n","protected":false},"excerpt":{"rendered":"<p>O Cruzeiro venceu o Flamengo por 2 a 1 neste domingo (4), em jogo v\u00e1lido pela s\u00e9tima rodada do Campeonato Brasileiro. O gol do triunfo foi marcado nos acr\u00e9scimos, por Gabigol, ap\u00f3s cobran\u00e7a de p\u00eanalti. O resultado fez o Fla perder a lideran\u00e7a do torneio nacional. Ao final do duelo, Arrascaeta concedeu entrevista e analisou [&hellip;]<\/p>\n","protected":false},"author":18,"featured_media":145520,"comment_status":"open","ping_status":"closed","sticky":false,"template":"","format":"standard","meta":{"footnotes":""},"categories":[1],"tags":[],"class_list":["post-260525","post","type-post","status-publish","format-standard","has-post-thumbnail","hentry","category-flamengo"],"yoast_head":"<!-- This site is optimized with the Yoast SEO Premium plugin v24.2 (Yoast SEO v26.9) - https:\/\/yoast.com\/product\/yoast-seo-premium-wordpress\/ -->\n<title>Cruzeiro x Flamengo: a declara\u00e7\u00e3o de Arrascaeta<\/title>\n<meta name=\"robots\" content=\"index, follow, max-snippet:-1, max-image-preview:large, max-video-preview:-1\" \/>\n<link rel=\"canonical\" href=\"https:\/\/www.gaveanews.com\/index.php\/2025\/05\/04\/cruzeiro-x-flamengo-a-declaracao-de-arrascaeta\/\" \/>\n<meta property=\"og:locale\" content=\"pt_BR\" \/>\n<meta property=\"og:type\" content=\"article\" \/>\n<meta property=\"og:title\" content=\"Cruzeiro x Flamengo: a declara\u00e7\u00e3o de Arrascaeta\" \/>\n<meta property=\"og:description\" content=\"O Cruzeiro venceu o Flamengo por 2 a 1 neste domingo (4), em jogo v\u00e1lido pela s\u00e9tima rodada do Campeonato Brasileiro. O gol do triunfo foi marcado nos acr\u00e9scimos, por Gabigol, ap\u00f3s cobran\u00e7a de p\u00eanalti. O resultado fez o Fla perder a lideran\u00e7a do torneio nacional. Ao final do duelo, Arrascaeta concedeu entrevista e analisou [&hellip;]\" \/>\n<meta property=\"og:url\" content=\"https:\/\/www.gaveanews.com\/index.php\/2025\/05\/04\/cruzeiro-x-flamengo-a-declaracao-de-arrascaeta\/\" \/>\n<meta property=\"og:site_name\" content=\"G\u00e1vea News\" \/>\n<meta property=\"article:publisher\" content=\"https:\/\/facebook.com\/gaveaNews\/\" \/>\n<meta property=\"article:published_time\" content=\"2025-05-04T23:46:14+00:00\" \/>\n<meta property=\"article:modified_time\" content=\"2025-05-04T23:52:31+00:00\" \/>\n<meta property=\"og:image\" content=\"http:\/\/www.gaveanews.com\/wp-content\/uploads\/arrascaeta-flamengo-2.webp\" \/>\n\t<meta property=\"og:image:width\" content=\"900\" \/>\n\t<meta property=\"og:image:height\" content=\"599\" \/>\n\t<meta property=\"og:image:type\" content=\"image\/jpeg\" \/>\n<meta name=\"author\" content=\"Paula Silva\" \/>\n<meta name=\"twitter:card\" content=\"summary_large_image\" \/>\n<meta name=\"twitter:label1\" content=\"Escrito por\" \/>\n\t<meta name=\"twitter:data1\" content=\"Paula Silva\" \/>\n\t<meta name=\"twitter:label2\" content=\"Est. tempo de leitura\" \/>\n\t<meta name=\"twitter:data2\" content=\"2 minutos\" \/>\n<script type=\"application\/ld+json\" class=\"yoast-schema-graph\">{\"@context\":\"https:\/\/schema.org\",\"@graph\":[{\"@type\":\"NewsArticle\",\"@id\":\"https:\/\/www.gaveanews.com\/index.php\/2025\/05\/04\/cruzeiro-x-flamengo-a-declaracao-de-arrascaeta\/#article\",\"isPartOf\":{\"@id\":\"https:\/\/www.gaveanews.com\/index.php\/2025\/05\/04\/cruzeiro-x-flamengo-a-declaracao-de-arrascaeta\/\"},\"author\":{\"name\":\"Paula Silva\",\"@id\":\"https:\/\/www.gaveanews.com\/#\/schema\/person\/daf63eec72e1164eb13dc35096c2b8da\"},\"headline\":\"Cruzeiro x Flamengo: a declara\u00e7\u00e3o de Arrascaeta\",\"datePublished\":\"2025-05-04T23:46:14+00:00\",\"dateModified\":\"2025-05-04T23:52:31+00:00\",\"mainEntityOfPage\":{\"@id\":\"https:\/\/www.gaveanews.com\/index.php\/2025\/05\/04\/cruzeiro-x-flamengo-a-declaracao-de-arrascaeta\/\"},\"wordCount\":328,\"commentCount\":0,\"image\":{\"@id\":\"https:\/\/www.gaveanews.com\/index.php\/2025\/05\/04\/cruzeiro-x-flamengo-a-declaracao-de-arrascaeta\/#primaryimage\"},\"thumbnailUrl\":\"https:\/\/www.gaveanews.com\/wp-content\/uploads\/arrascaeta-flamengo-2.webp\",\"articleSection\":[\"Flamengo\"],\"inLanguage\":\"pt-BR\",\"potentialAction\":[{\"@type\":\"CommentAction\",\"name\":\"Comment\",\"target\":[\"https:\/\/www.gaveanews.com\/index.php\/2025\/05\/04\/cruzeiro-x-flamengo-a-declaracao-de-arrascaeta\/#respond\"]}],\"copyrightYear\":\"2025\",\"copyrightHolder\":{\"@id\":\"https:\/\/www.gaveanews.com\/#organization\"}},{\"@type\":\"WebPage\",\"@id\":\"https:\/\/www.gaveanews.com\/index.php\/2025\/05\/04\/cruzeiro-x-flamengo-a-declaracao-de-arrascaeta\/\",\"url\":\"https:\/\/www.gaveanews.com\/index.php\/2025\/05\/04\/cruzeiro-x-flamengo-a-declaracao-de-arrascaeta\/\",\"name\":\"Cruzeiro x Flamengo: a declara\u00e7\u00e3o de Arrascaeta\",\"isPartOf\":{\"@id\":\"https:\/\/www.gaveanews.com\/#website\"},\"primaryImageOfPage\":{\"@id\":\"https:\/\/www.gaveanews.com\/index.php\/2025\/05\/04\/cruzeiro-x-flamengo-a-declaracao-de-arrascaeta\/#primaryimage\"},\"image\":{\"@id\":\"https:\/\/www.gaveanews.com\/index.php\/2025\/05\/04\/cruzeiro-x-flamengo-a-declaracao-de-arrascaeta\/#primaryimage\"},\"thumbnailUrl\":\"https:\/\/www.gaveanews.com\/wp-content\/uploads\/arrascaeta-flamengo-2.webp\",\"datePublished\":\"2025-05-04T23:46:14+00:00\",\"dateModified\":\"2025-05-04T23:52:31+00:00\",\"author\":{\"@id\":\"https:\/\/www.gaveanews.com\/#\/schema\/person\/daf63eec72e1164eb13dc35096c2b8da\"},\"breadcrumb\":{\"@id\":\"https:\/\/www.gaveanews.com\/index.php\/2025\/05\/04\/cruzeiro-x-flamengo-a-declaracao-de-arrascaeta\/#breadcrumb\"},\"inLanguage\":\"pt-BR\",\"potentialAction\":[{\"@type\":\"ReadAction\",\"target\":[\"https:\/\/www.gaveanews.com\/index.php\/2025\/05\/04\/cruzeiro-x-flamengo-a-declaracao-de-arrascaeta\/\"]}]},{\"@type\":\"ImageObject\",\"inLanguage\":\"pt-BR\",\"@id\":\"https:\/\/www.gaveanews.com\/index.php\/2025\/05\/04\/cruzeiro-x-flamengo-a-declaracao-de-arrascaeta\/#primaryimage\",\"url\":\"https:\/\/www.gaveanews.com\/wp-content\/uploads\/arrascaeta-flamengo-2.webp\",\"contentUrl\":\"https:\/\/www.gaveanews.com\/wp-content\/uploads\/arrascaeta-flamengo-2.webp\",\"width\":900,\"height\":599,\"caption\":\"Arrascaeta em a\u00e7\u00e3o pelo Flamengo (Foto: Marcelo Cortes\/Flamengo)\"},{\"@type\":\"BreadcrumbList\",\"@id\":\"https:\/\/www.gaveanews.com\/index.php\/2025\/05\/04\/cruzeiro-x-flamengo-a-declaracao-de-arrascaeta\/#breadcrumb\",\"itemListElement\":[{\"@type\":\"ListItem\",\"position\":1,\"name\":\"Home\",\"item\":\"https:\/\/www.gaveanews.com\/\"},{\"@type\":\"ListItem\",\"position\":2,\"name\":\"Cruzeiro x Flamengo: a declara\u00e7\u00e3o de Arrascaeta\"}]},{\"@type\":\"WebSite\",\"@id\":\"https:\/\/www.gaveanews.com\/#website\",\"url\":\"https:\/\/www.gaveanews.com\/\",\"name\":\"G\u00e1vea News\",\"description\":\"Veja todas as not\u00edcias sobre o Flamengo: Contrata\u00e7\u00f5es, categorias de base, resultados das partidas, tabela de classifica\u00e7\u00e3o, pr\u00f3ximos jogos!\",\"potentialAction\":[{\"@type\":\"SearchAction\",\"target\":{\"@type\":\"EntryPoint\",\"urlTemplate\":\"https:\/\/www.gaveanews.com\/?s={search_term_string}\"},\"query-input\":{\"@type\":\"PropertyValueSpecification\",\"valueRequired\":true,\"valueName\":\"search_term_string\"}}],\"inLanguage\":\"pt-BR\"},{\"@type\":\"Person\",\"@id\":\"https:\/\/www.gaveanews.com\/#\/schema\/person\/daf63eec72e1164eb13dc35096c2b8da\",\"name\":\"Paula Silva\",\"image\":{\"@type\":\"ImageObject\",\"inLanguage\":\"pt-BR\",\"@id\":\"https:\/\/www.gaveanews.com\/#\/schema\/person\/image\/\",\"url\":\"https:\/\/secure.gravatar.com\/avatar\/eda381c845527cc5d64c13b901833cda29d97500ba040d3e6461f76f51d163bb?s=96&d=mm&r=g\",\"contentUrl\":\"https:\/\/secure.gravatar.com\/avatar\/eda381c845527cc5d64c13b901833cda29d97500ba040d3e6461f76f51d163bb?s=96&d=mm&r=g\",\"caption\":\"Paula Silva\"}}]}<\/script>\n<!-- \/ Yoast SEO Premium plugin. -->","yoast_head_json":{"title":"Cruzeiro x Flamengo: a declara\u00e7\u00e3o de Arrascaeta","robots":{"index":"index","follow":"follow","max-snippet":"max-snippet:-1","max-image-preview":"max-image-preview:large","max-video-preview":"max-video-preview:-1"},"canonical":"https:\/\/www.gaveanews.com\/index.php\/2025\/05\/04\/cruzeiro-x-flamengo-a-declaracao-de-arrascaeta\/","og_locale":"pt_BR","og_type":"article","og_title":"Cruzeiro x Flamengo: a declara\u00e7\u00e3o de Arrascaeta","og_description":"O Cruzeiro venceu o Flamengo por 2 a 1 neste domingo (4), em jogo v\u00e1lido pela s\u00e9tima rodada do Campeonato Brasileiro. O gol do triunfo foi marcado nos acr\u00e9scimos, por Gabigol, ap\u00f3s cobran\u00e7a de p\u00eanalti. O resultado fez o Fla perder a lideran\u00e7a do torneio nacional. Ao final do duelo, Arrascaeta concedeu entrevista e analisou [&hellip;]","og_url":"https:\/\/www.gaveanews.com\/index.php\/2025\/05\/04\/cruzeiro-x-flamengo-a-declaracao-de-arrascaeta\/","og_site_name":"G\u00e1vea News","article_publisher":"https:\/\/facebook.com\/gaveaNews\/","article_published_time":"2025-05-04T23:46:14+00:00","article_modified_time":"2025-05-04T23:52:31+00:00","og_image":[{"width":900,"height":599,"url":"http:\/\/www.gaveanews.com\/wp-content\/uploads\/arrascaeta-flamengo-2.webp","type":"image\/jpeg"}],"author":"Paula Silva","twitter_card":"summary_large_image","twitter_misc":{"Escrito por":"Paula Silva","Est. tempo de leitura":"2 minutos"},"schema":{"@context":"https:\/\/schema.org","@graph":[{"@type":"NewsArticle","@id":"https:\/\/www.gaveanews.com\/index.php\/2025\/05\/04\/cruzeiro-x-flamengo-a-declaracao-de-arrascaeta\/#article","isPartOf":{"@id":"https:\/\/www.gaveanews.com\/index.php\/2025\/05\/04\/cruzeiro-x-flamengo-a-declaracao-de-arrascaeta\/"},"author":{"name":"Paula Silva","@id":"https:\/\/www.gaveanews.com\/#\/schema\/person\/daf63eec72e1164eb13dc35096c2b8da"},"headline":"Cruzeiro x Flamengo: a declara\u00e7\u00e3o de Arrascaeta","datePublished":"2025-05-04T23:46:14+00:00","dateModified":"2025-05-04T23:52:31+00:00","mainEntityOfPage":{"@id":"https:\/\/www.gaveanews.com\/index.php\/2025\/05\/04\/cruzeiro-x-flamengo-a-declaracao-de-arrascaeta\/"},"wordCount":328,"commentCount":0,"image":{"@id":"https:\/\/www.gaveanews.com\/index.php\/2025\/05\/04\/cruzeiro-x-flamengo-a-declaracao-de-arrascaeta\/#primaryimage"},"thumbnailUrl":"https:\/\/www.gaveanews.com\/wp-content\/uploads\/arrascaeta-flamengo-2.webp","articleSection":["Flamengo"],"inLanguage":"pt-BR","potentialAction":[{"@type":"CommentAction","name":"Comment","target":["https:\/\/www.gaveanews.com\/index.php\/2025\/05\/04\/cruzeiro-x-flamengo-a-declaracao-de-arrascaeta\/#respond"]}],"copyrightYear":"2025","copyrightHolder":{"@id":"https:\/\/www.gaveanews.com\/#organization"}},{"@type":"WebPage","@id":"https:\/\/www.gaveanews.com\/index.php\/2025\/05\/04\/cruzeiro-x-flamengo-a-declaracao-de-arrascaeta\/","url":"https:\/\/www.gaveanews.com\/index.php\/2025\/05\/04\/cruzeiro-x-flamengo-a-declaracao-de-arrascaeta\/","name":"Cruzeiro x Flamengo: a declara\u00e7\u00e3o de Arrascaeta","isPartOf":{"@id":"https:\/\/www.gaveanews.com\/#website"},"primaryImageOfPage":{"@id":"https:\/\/www.gaveanews.com\/index.php\/2025\/05\/04\/cruzeiro-x-flamengo-a-declaracao-de-arrascaeta\/#primaryimage"},"image":{"@id":"https:\/\/www.gaveanews.com\/index.php\/2025\/05\/04\/cruzeiro-x-flamengo-a-declaracao-de-arrascaeta\/#primaryimage"},"thumbnailUrl":"https:\/\/www.gaveanews.com\/wp-content\/uploads\/arrascaeta-flamengo-2.webp","datePublished":"2025-05-04T23:46:14+00:00","dateModified":"2025-05-04T23:52:31+00:00","author":{"@id":"https:\/\/www.gaveanews.com\/#\/schema\/person\/daf63eec72e1164eb13dc35096c2b8da"},"breadcrumb":{"@id":"https:\/\/www.gaveanews.com\/index.php\/2025\/05\/04\/cruzeiro-x-flamengo-a-declaracao-de-arrascaeta\/#breadcrumb"},"inLanguage":"pt-BR","potentialAction":[{"@type":"ReadAction","target":["https:\/\/www.gaveanews.com\/index.php\/2025\/05\/04\/cruzeiro-x-flamengo-a-declaracao-de-arrascaeta\/"]}]},{"@type":"ImageObject","inLanguage":"pt-BR","@id":"https:\/\/www.gaveanews.com\/index.php\/2025\/05\/04\/cruzeiro-x-flamengo-a-declaracao-de-arrascaeta\/#primaryimage","url":"https:\/\/www.gaveanews.com\/wp-content\/uploads\/arrascaeta-flamengo-2.webp","contentUrl":"https:\/\/www.gaveanews.com\/wp-content\/uploads\/arrascaeta-flamengo-2.webp","width":900,"height":599,"caption":"Arrascaeta em a\u00e7\u00e3o pelo Flamengo (Foto: Marcelo Cortes\/Flamengo)"},{"@type":"BreadcrumbList","@id":"https:\/\/www.gaveanews.com\/index.php\/2025\/05\/04\/cruzeiro-x-flamengo-a-declaracao-de-arrascaeta\/#breadcrumb","itemListElement":[{"@type":"ListItem","position":1,"name":"Home","item":"https:\/\/www.gaveanews.com\/"},{"@type":"ListItem","position":2,"name":"Cruzeiro x Flamengo: a declara\u00e7\u00e3o de Arrascaeta"}]},{"@type":"WebSite","@id":"https:\/\/www.gaveanews.com\/#website","url":"https:\/\/www.gaveanews.com\/","name":"G\u00e1vea News","description":"Veja todas as not\u00edcias sobre o Flamengo: Contrata\u00e7\u00f5es, categorias de base, resultados das partidas, tabela de classifica\u00e7\u00e3o, pr\u00f3ximos jogos!","potentialAction":[{"@type":"SearchAction","target":{"@type":"EntryPoint","urlTemplate":"https:\/\/www.gaveanews.com\/?s={search_term_string}"},"query-input":{"@type":"PropertyValueSpecification","valueRequired":true,"valueName":"search_term_string"}}],"inLanguage":"pt-BR"},{"@type":"Person","@id":"https:\/\/www.gaveanews.com\/#\/schema\/person\/daf63eec72e1164eb13dc35096c2b8da","name":"Paula Silva","image":{"@type":"ImageObject","inLanguage":"pt-BR","@id":"https:\/\/www.gaveanews.com\/#\/schema\/person\/image\/","url":"https:\/\/secure.gravatar.com\/avatar\/eda381c845527cc5d64c13b901833cda29d97500ba040d3e6461f76f51d163bb?s=96&d=mm&r=g","contentUrl":"https:\/\/secure.gravatar.com\/avatar\/eda381c845527cc5d64c13b901833cda29d97500ba040d3e6461f76f51d163bb?s=96&d=mm&r=g","caption":"Paula Silva"}}]}},"_links":{"self":[{"href":"https:\/\/www.gaveanews.com\/index.php\/wp-json\/wp\/v2\/posts\/260525","targetHints":{"allow":["GET"]}}],"collection":[{"href":"https:\/\/www.gaveanews.com\/index.php\/wp-json\/wp\/v2\/posts"}],"about":[{"href":"https:\/\/www.gaveanews.com\/index.php\/wp-json\/wp\/v2\/types\/post"}],"author":[{"embeddable":true,"href":"https:\/\/www.gaveanews.com\/index.php\/wp-json\/wp\/v2\/users\/18"}],"replies":[{"embeddable":true,"href":"https:\/\/www.gaveanews.com\/index.php\/wp-json\/wp\/v2\/comments?post=260525"}],"version-history":[{"count":3,"href":"https:\/\/www.gaveanews.com\/index.php\/wp-json\/wp\/v2\/posts\/260525\/revisions"}],"predecessor-version":[{"id":260531,"href":"https:\/\/www.gaveanews.com\/index.php\/wp-json\/wp\/v2\/posts\/260525\/revisions\/260531"}],"wp:featuredmedia":[{"embeddable":true,"href":"https:\/\/www.gaveanews.com\/index.php\/wp-json\/wp\/v2\/media\/145520"}],"wp:attachment":[{"href":"https:\/\/www.gaveanews.com\/index.php\/wp-json\/wp\/v2\/media?parent=260525"}],"wp:term":[{"taxonomy":"category","embeddable":true,"href":"https:\/\/www.gaveanews.com\/index.php\/wp-json\/wp\/v2\/categories?post=260525"},{"taxonomy":"post_tag","embeddable":true,"href":"https:\/\/www.gaveanews.com\/index.php\/wp-json\/wp\/v2\/tags?post=260525"}],"curies":[{"name":"wp","href":"https:\/\/api.w.org\/{rel}","templated":true}]}}