{"id":260527,"date":"2025-05-04T20:54:30","date_gmt":"2025-05-04T23:54:30","guid":{"rendered":"https:\/\/www.gaveanews.com\/?p=260527"},"modified":"2025-05-04T20:54:34","modified_gmt":"2025-05-04T23:54:34","slug":"cruzeiro-a-declaracao-de-gabigol-apos-marcar-primeiro-gol-contra-o-flamengo","status":"publish","type":"post","link":"https:\/\/www.gaveanews.com\/index.php\/2025\/05\/04\/cruzeiro-a-declaracao-de-gabigol-apos-marcar-primeiro-gol-contra-o-flamengo\/","title":{"rendered":"Cruzeiro: a declara\u00e7\u00e3o de Gabigol ap\u00f3s marcar primeiro gol contra o Flamengo"},"content":{"rendered":"\n<p>Neste domingo (4), o Cruzeiro venceu o Flamengo por 2 a 1, em partida v\u00e1lida pela s\u00e9tima rodada do Campeonato Brasileiro. O gol do triunfo foi marcado nos acr\u00e9scimos, por Gabigol, ap\u00f3s cobran\u00e7a de p\u00eanalti. O tento foi o primeiro do atacante contra o ex-clube.<\/p>\n\n\n\n<p>Depois da partida, Gabigol concedeu entrevista e falou sobre o gol contra o ex-clube. O atacante reafirmou o amor que sente pelo Flamengo e brincou com o fato de &#8216;ter estrela&#8217; para decidir partidas.<\/p>\n\n\n\n<p>&#8220;\u00c9 dif\u00edcil, \u00e9 dif\u00edcil&#8230; o Flamengo \u00e9 meu time do cora\u00e7\u00e3o como o Santos tamb\u00e9m foi e \u00e9 ainda. Ent\u00e3o, todo mundo sabe do meu amor pelo Flamengo, do meu carinho pelo Flamengo, do quanto eu amava jogar l\u00e1, a torcida tamb\u00e9m. Vou muito ao Rio, me sinto carioca, meus amigos est\u00e3o l\u00e1. Tem um gostinho diferente, mas futebol \u00e9 assim, e \u00e9 inevit\u00e1vel. Eu tenho muita estrela, n\u00e3o \u00e9 poss\u00edvel (risos)&#8221;, iniciou.<\/p>\n\n\n\n<p>&#8220;Eu n\u00e3o comemorei, respeito pelo Flamengo total. \u00c9 o time onde eu mais joguei, mais morei, time que me deu tudo. Vejo todos os jogos, quando \u00e9 campe\u00e3o eu comemoro tamb\u00e9m. Falo com todos os jogadores, comiss\u00e3o t\u00e9cnica&#8230; O que aconeceu comigo foi com o presidente (Landim), n\u00e3o foi com todas as pessoas. E o Cruzeiro tem tomado meu cora\u00e7\u00e3o, que est\u00e1 azul. Tenho recebido muito carinho nas ruas, e quando Deus coloca a m\u00e3o, \u00e9 dif\u00edcil&#8221;.<\/p>\n\n\n\n<p>&#8220;Eu acho que n\u00e3o \u00e9 roteiro (decidir um jogo no final), j\u00e1 aconteceu v\u00e1rias vezes. Acho que voc\u00eas tem que aceitar que eu tenho um pouquinho de estrela, estou sempre pronto, pode ser 3, 4 minutos&#8221;, disse.<\/p>\n\n\n\n<p>O primeiro gol do jogo foi marcado pelo Cruzeiro, aos 15 minutos, com Kaio Jorge. O Flamengo empatou com Arrascaeta, aos 44&#8242;, e a partida foi empatada para o intervalo. O resultado se manteve at\u00e9 os acr\u00e9scimos, quando L\u00e9o Pereira cometeu p\u00eanalti.<\/p>\n\n\n\n<p>Gabigol cobrou, e Rossi defendeu. No entanto, no rebote, o atacante estufou as redes e consagrou a vit\u00f3ria cruzeirense.<\/p>\n","protected":false},"excerpt":{"rendered":"<p>Neste domingo (4), o Cruzeiro venceu o Flamengo por 2 a 1, em partida v\u00e1lida pela s\u00e9tima rodada do Campeonato Brasileiro. O gol do triunfo foi marcado nos acr\u00e9scimos, por Gabigol, ap\u00f3s cobran\u00e7a de p\u00eanalti. O tento foi o primeiro do atacante contra o ex-clube. Depois da partida, Gabigol concedeu entrevista e falou sobre o [&hellip;]<\/p>\n","protected":false},"author":18,"featured_media":206773,"comment_status":"open","ping_status":"closed","sticky":false,"template":"","format":"standard","meta":{"footnotes":""},"categories":[143,1],"tags":[],"class_list":["post-260527","post","type-post","status-publish","format-standard","has-post-thumbnail","hentry","category-cruzeiro","category-flamengo"],"yoast_head":"<!-- This site is optimized with the Yoast SEO Premium plugin v24.2 (Yoast SEO v26.9) - https:\/\/yoast.com\/product\/yoast-seo-premium-wordpress\/ -->\n<title>Cruzeiro: a declara\u00e7\u00e3o de Gabigol ap\u00f3s marcar primeiro gol contra o Flamengo<\/title>\n<meta name=\"robots\" content=\"index, follow, max-snippet:-1, max-image-preview:large, max-video-preview:-1\" \/>\n<link rel=\"canonical\" href=\"https:\/\/www.gaveanews.com\/index.php\/2025\/05\/04\/cruzeiro-a-declaracao-de-gabigol-apos-marcar-primeiro-gol-contra-o-flamengo\/\" \/>\n<meta property=\"og:locale\" content=\"pt_BR\" \/>\n<meta property=\"og:type\" content=\"article\" \/>\n<meta property=\"og:title\" content=\"Cruzeiro: a declara\u00e7\u00e3o de Gabigol ap\u00f3s marcar primeiro gol contra o Flamengo\" \/>\n<meta property=\"og:description\" content=\"Neste domingo (4), o Cruzeiro venceu o Flamengo por 2 a 1, em partida v\u00e1lida pela s\u00e9tima rodada do Campeonato Brasileiro. O gol do triunfo foi marcado nos acr\u00e9scimos, por Gabigol, ap\u00f3s cobran\u00e7a de p\u00eanalti. O tento foi o primeiro do atacante contra o ex-clube. Depois da partida, Gabigol concedeu entrevista e falou sobre o [&hellip;]\" \/>\n<meta property=\"og:url\" content=\"https:\/\/www.gaveanews.com\/index.php\/2025\/05\/04\/cruzeiro-a-declaracao-de-gabigol-apos-marcar-primeiro-gol-contra-o-flamengo\/\" \/>\n<meta property=\"og:site_name\" content=\"G\u00e1vea News\" \/>\n<meta property=\"article:publisher\" content=\"https:\/\/facebook.com\/gaveaNews\/\" \/>\n<meta property=\"article:published_time\" content=\"2025-05-04T23:54:30+00:00\" \/>\n<meta property=\"article:modified_time\" content=\"2025-05-04T23:54:34+00:00\" \/>\n<meta property=\"og:image\" content=\"http:\/\/www.gaveanews.com\/wp-content\/uploads\/Gabigol-com-a-camisa-do-Cruzeiro.webp\" \/>\n\t<meta property=\"og:image:width\" content=\"1350\" \/>\n\t<meta property=\"og:image:height\" content=\"1013\" \/>\n\t<meta property=\"og:image:type\" content=\"image\/webp\" \/>\n<meta name=\"author\" content=\"Paula Silva\" \/>\n<meta name=\"twitter:card\" content=\"summary_large_image\" \/>\n<meta name=\"twitter:label1\" content=\"Escrito por\" \/>\n\t<meta name=\"twitter:data1\" content=\"Paula Silva\" \/>\n\t<meta name=\"twitter:label2\" content=\"Est. tempo de leitura\" \/>\n\t<meta name=\"twitter:data2\" content=\"3 minutos\" \/>\n<script type=\"application\/ld+json\" class=\"yoast-schema-graph\">{\"@context\":\"https:\/\/schema.org\",\"@graph\":[{\"@type\":\"NewsArticle\",\"@id\":\"https:\/\/www.gaveanews.com\/index.php\/2025\/05\/04\/cruzeiro-a-declaracao-de-gabigol-apos-marcar-primeiro-gol-contra-o-flamengo\/#article\",\"isPartOf\":{\"@id\":\"https:\/\/www.gaveanews.com\/index.php\/2025\/05\/04\/cruzeiro-a-declaracao-de-gabigol-apos-marcar-primeiro-gol-contra-o-flamengo\/\"},\"author\":{\"name\":\"Paula Silva\",\"@id\":\"https:\/\/www.gaveanews.com\/#\/schema\/person\/daf63eec72e1164eb13dc35096c2b8da\"},\"headline\":\"Cruzeiro: a declara\u00e7\u00e3o de Gabigol ap\u00f3s marcar primeiro gol contra o Flamengo\",\"datePublished\":\"2025-05-04T23:54:30+00:00\",\"dateModified\":\"2025-05-04T23:54:34+00:00\",\"mainEntityOfPage\":{\"@id\":\"https:\/\/www.gaveanews.com\/index.php\/2025\/05\/04\/cruzeiro-a-declaracao-de-gabigol-apos-marcar-primeiro-gol-contra-o-flamengo\/\"},\"wordCount\":355,\"commentCount\":0,\"image\":{\"@id\":\"https:\/\/www.gaveanews.com\/index.php\/2025\/05\/04\/cruzeiro-a-declaracao-de-gabigol-apos-marcar-primeiro-gol-contra-o-flamengo\/#primaryimage\"},\"thumbnailUrl\":\"https:\/\/www.gaveanews.com\/wp-content\/uploads\/Gabigol-com-a-camisa-do-Cruzeiro.webp\",\"articleSection\":[\"Cruzeiro\",\"Flamengo\"],\"inLanguage\":\"pt-BR\",\"potentialAction\":[{\"@type\":\"CommentAction\",\"name\":\"Comment\",\"target\":[\"https:\/\/www.gaveanews.com\/index.php\/2025\/05\/04\/cruzeiro-a-declaracao-de-gabigol-apos-marcar-primeiro-gol-contra-o-flamengo\/#respond\"]}],\"copyrightYear\":\"2025\",\"copyrightHolder\":{\"@id\":\"https:\/\/www.gaveanews.com\/#organization\"}},{\"@type\":\"WebPage\",\"@id\":\"https:\/\/www.gaveanews.com\/index.php\/2025\/05\/04\/cruzeiro-a-declaracao-de-gabigol-apos-marcar-primeiro-gol-contra-o-flamengo\/\",\"url\":\"https:\/\/www.gaveanews.com\/index.php\/2025\/05\/04\/cruzeiro-a-declaracao-de-gabigol-apos-marcar-primeiro-gol-contra-o-flamengo\/\",\"name\":\"Cruzeiro: a declara\u00e7\u00e3o de Gabigol ap\u00f3s marcar primeiro gol contra o Flamengo\",\"isPartOf\":{\"@id\":\"https:\/\/www.gaveanews.com\/#website\"},\"primaryImageOfPage\":{\"@id\":\"https:\/\/www.gaveanews.com\/index.php\/2025\/05\/04\/cruzeiro-a-declaracao-de-gabigol-apos-marcar-primeiro-gol-contra-o-flamengo\/#primaryimage\"},\"image\":{\"@id\":\"https:\/\/www.gaveanews.com\/index.php\/2025\/05\/04\/cruzeiro-a-declaracao-de-gabigol-apos-marcar-primeiro-gol-contra-o-flamengo\/#primaryimage\"},\"thumbnailUrl\":\"https:\/\/www.gaveanews.com\/wp-content\/uploads\/Gabigol-com-a-camisa-do-Cruzeiro.webp\",\"datePublished\":\"2025-05-04T23:54:30+00:00\",\"dateModified\":\"2025-05-04T23:54:34+00:00\",\"author\":{\"@id\":\"https:\/\/www.gaveanews.com\/#\/schema\/person\/daf63eec72e1164eb13dc35096c2b8da\"},\"breadcrumb\":{\"@id\":\"https:\/\/www.gaveanews.com\/index.php\/2025\/05\/04\/cruzeiro-a-declaracao-de-gabigol-apos-marcar-primeiro-gol-contra-o-flamengo\/#breadcrumb\"},\"inLanguage\":\"pt-BR\",\"potentialAction\":[{\"@type\":\"ReadAction\",\"target\":[\"https:\/\/www.gaveanews.com\/index.php\/2025\/05\/04\/cruzeiro-a-declaracao-de-gabigol-apos-marcar-primeiro-gol-contra-o-flamengo\/\"]}]},{\"@type\":\"ImageObject\",\"inLanguage\":\"pt-BR\",\"@id\":\"https:\/\/www.gaveanews.com\/index.php\/2025\/05\/04\/cruzeiro-a-declaracao-de-gabigol-apos-marcar-primeiro-gol-contra-o-flamengo\/#primaryimage\",\"url\":\"https:\/\/www.gaveanews.com\/wp-content\/uploads\/Gabigol-com-a-camisa-do-Cruzeiro.webp\",\"contentUrl\":\"https:\/\/www.gaveanews.com\/wp-content\/uploads\/Gabigol-com-a-camisa-do-Cruzeiro.webp\",\"width\":1350,\"height\":1013,\"caption\":\"Gabigol com a camisa do Cruzeiro (Foto: Reprodu\u00e7\u00e3o\/Instagram)\"},{\"@type\":\"BreadcrumbList\",\"@id\":\"https:\/\/www.gaveanews.com\/index.php\/2025\/05\/04\/cruzeiro-a-declaracao-de-gabigol-apos-marcar-primeiro-gol-contra-o-flamengo\/#breadcrumb\",\"itemListElement\":[{\"@type\":\"ListItem\",\"position\":1,\"name\":\"Home\",\"item\":\"https:\/\/www.gaveanews.com\/\"},{\"@type\":\"ListItem\",\"position\":2,\"name\":\"Cruzeiro: a declara\u00e7\u00e3o de Gabigol ap\u00f3s marcar primeiro gol contra o Flamengo\"}]},{\"@type\":\"WebSite\",\"@id\":\"https:\/\/www.gaveanews.com\/#website\",\"url\":\"https:\/\/www.gaveanews.com\/\",\"name\":\"G\u00e1vea News\",\"description\":\"Veja todas as not\u00edcias sobre o Flamengo: Contrata\u00e7\u00f5es, categorias de base, resultados das partidas, tabela de classifica\u00e7\u00e3o, pr\u00f3ximos jogos!\",\"potentialAction\":[{\"@type\":\"SearchAction\",\"target\":{\"@type\":\"EntryPoint\",\"urlTemplate\":\"https:\/\/www.gaveanews.com\/?s={search_term_string}\"},\"query-input\":{\"@type\":\"PropertyValueSpecification\",\"valueRequired\":true,\"valueName\":\"search_term_string\"}}],\"inLanguage\":\"pt-BR\"},{\"@type\":\"Person\",\"@id\":\"https:\/\/www.gaveanews.com\/#\/schema\/person\/daf63eec72e1164eb13dc35096c2b8da\",\"name\":\"Paula Silva\",\"image\":{\"@type\":\"ImageObject\",\"inLanguage\":\"pt-BR\",\"@id\":\"https:\/\/www.gaveanews.com\/#\/schema\/person\/image\/\",\"url\":\"https:\/\/secure.gravatar.com\/avatar\/eda381c845527cc5d64c13b901833cda29d97500ba040d3e6461f76f51d163bb?s=96&d=mm&r=g\",\"contentUrl\":\"https:\/\/secure.gravatar.com\/avatar\/eda381c845527cc5d64c13b901833cda29d97500ba040d3e6461f76f51d163bb?s=96&d=mm&r=g\",\"caption\":\"Paula Silva\"}}]}<\/script>\n<!-- \/ Yoast SEO Premium plugin. -->","yoast_head_json":{"title":"Cruzeiro: a declara\u00e7\u00e3o de Gabigol ap\u00f3s marcar primeiro gol contra o Flamengo","robots":{"index":"index","follow":"follow","max-snippet":"max-snippet:-1","max-image-preview":"max-image-preview:large","max-video-preview":"max-video-preview:-1"},"canonical":"https:\/\/www.gaveanews.com\/index.php\/2025\/05\/04\/cruzeiro-a-declaracao-de-gabigol-apos-marcar-primeiro-gol-contra-o-flamengo\/","og_locale":"pt_BR","og_type":"article","og_title":"Cruzeiro: a declara\u00e7\u00e3o de Gabigol ap\u00f3s marcar primeiro gol contra o Flamengo","og_description":"Neste domingo (4), o Cruzeiro venceu o Flamengo por 2 a 1, em partida v\u00e1lida pela s\u00e9tima rodada do Campeonato Brasileiro. O gol do triunfo foi marcado nos acr\u00e9scimos, por Gabigol, ap\u00f3s cobran\u00e7a de p\u00eanalti. O tento foi o primeiro do atacante contra o ex-clube. Depois da partida, Gabigol concedeu entrevista e falou sobre o [&hellip;]","og_url":"https:\/\/www.gaveanews.com\/index.php\/2025\/05\/04\/cruzeiro-a-declaracao-de-gabigol-apos-marcar-primeiro-gol-contra-o-flamengo\/","og_site_name":"G\u00e1vea News","article_publisher":"https:\/\/facebook.com\/gaveaNews\/","article_published_time":"2025-05-04T23:54:30+00:00","article_modified_time":"2025-05-04T23:54:34+00:00","og_image":[{"width":1350,"height":1013,"url":"http:\/\/www.gaveanews.com\/wp-content\/uploads\/Gabigol-com-a-camisa-do-Cruzeiro.webp","type":"image\/webp"}],"author":"Paula Silva","twitter_card":"summary_large_image","twitter_misc":{"Escrito por":"Paula Silva","Est. tempo de leitura":"3 minutos"},"schema":{"@context":"https:\/\/schema.org","@graph":[{"@type":"NewsArticle","@id":"https:\/\/www.gaveanews.com\/index.php\/2025\/05\/04\/cruzeiro-a-declaracao-de-gabigol-apos-marcar-primeiro-gol-contra-o-flamengo\/#article","isPartOf":{"@id":"https:\/\/www.gaveanews.com\/index.php\/2025\/05\/04\/cruzeiro-a-declaracao-de-gabigol-apos-marcar-primeiro-gol-contra-o-flamengo\/"},"author":{"name":"Paula Silva","@id":"https:\/\/www.gaveanews.com\/#\/schema\/person\/daf63eec72e1164eb13dc35096c2b8da"},"headline":"Cruzeiro: a declara\u00e7\u00e3o de Gabigol ap\u00f3s marcar primeiro gol contra o Flamengo","datePublished":"2025-05-04T23:54:30+00:00","dateModified":"2025-05-04T23:54:34+00:00","mainEntityOfPage":{"@id":"https:\/\/www.gaveanews.com\/index.php\/2025\/05\/04\/cruzeiro-a-declaracao-de-gabigol-apos-marcar-primeiro-gol-contra-o-flamengo\/"},"wordCount":355,"commentCount":0,"image":{"@id":"https:\/\/www.gaveanews.com\/index.php\/2025\/05\/04\/cruzeiro-a-declaracao-de-gabigol-apos-marcar-primeiro-gol-contra-o-flamengo\/#primaryimage"},"thumbnailUrl":"https:\/\/www.gaveanews.com\/wp-content\/uploads\/Gabigol-com-a-camisa-do-Cruzeiro.webp","articleSection":["Cruzeiro","Flamengo"],"inLanguage":"pt-BR","potentialAction":[{"@type":"CommentAction","name":"Comment","target":["https:\/\/www.gaveanews.com\/index.php\/2025\/05\/04\/cruzeiro-a-declaracao-de-gabigol-apos-marcar-primeiro-gol-contra-o-flamengo\/#respond"]}],"copyrightYear":"2025","copyrightHolder":{"@id":"https:\/\/www.gaveanews.com\/#organization"}},{"@type":"WebPage","@id":"https:\/\/www.gaveanews.com\/index.php\/2025\/05\/04\/cruzeiro-a-declaracao-de-gabigol-apos-marcar-primeiro-gol-contra-o-flamengo\/","url":"https:\/\/www.gaveanews.com\/index.php\/2025\/05\/04\/cruzeiro-a-declaracao-de-gabigol-apos-marcar-primeiro-gol-contra-o-flamengo\/","name":"Cruzeiro: a declara\u00e7\u00e3o de Gabigol ap\u00f3s marcar primeiro gol contra o Flamengo","isPartOf":{"@id":"https:\/\/www.gaveanews.com\/#website"},"primaryImageOfPage":{"@id":"https:\/\/www.gaveanews.com\/index.php\/2025\/05\/04\/cruzeiro-a-declaracao-de-gabigol-apos-marcar-primeiro-gol-contra-o-flamengo\/#primaryimage"},"image":{"@id":"https:\/\/www.gaveanews.com\/index.php\/2025\/05\/04\/cruzeiro-a-declaracao-de-gabigol-apos-marcar-primeiro-gol-contra-o-flamengo\/#primaryimage"},"thumbnailUrl":"https:\/\/www.gaveanews.com\/wp-content\/uploads\/Gabigol-com-a-camisa-do-Cruzeiro.webp","datePublished":"2025-05-04T23:54:30+00:00","dateModified":"2025-05-04T23:54:34+00:00","author":{"@id":"https:\/\/www.gaveanews.com\/#\/schema\/person\/daf63eec72e1164eb13dc35096c2b8da"},"breadcrumb":{"@id":"https:\/\/www.gaveanews.com\/index.php\/2025\/05\/04\/cruzeiro-a-declaracao-de-gabigol-apos-marcar-primeiro-gol-contra-o-flamengo\/#breadcrumb"},"inLanguage":"pt-BR","potentialAction":[{"@type":"ReadAction","target":["https:\/\/www.gaveanews.com\/index.php\/2025\/05\/04\/cruzeiro-a-declaracao-de-gabigol-apos-marcar-primeiro-gol-contra-o-flamengo\/"]}]},{"@type":"ImageObject","inLanguage":"pt-BR","@id":"https:\/\/www.gaveanews.com\/index.php\/2025\/05\/04\/cruzeiro-a-declaracao-de-gabigol-apos-marcar-primeiro-gol-contra-o-flamengo\/#primaryimage","url":"https:\/\/www.gaveanews.com\/wp-content\/uploads\/Gabigol-com-a-camisa-do-Cruzeiro.webp","contentUrl":"https:\/\/www.gaveanews.com\/wp-content\/uploads\/Gabigol-com-a-camisa-do-Cruzeiro.webp","width":1350,"height":1013,"caption":"Gabigol com a camisa do Cruzeiro (Foto: Reprodu\u00e7\u00e3o\/Instagram)"},{"@type":"BreadcrumbList","@id":"https:\/\/www.gaveanews.com\/index.php\/2025\/05\/04\/cruzeiro-a-declaracao-de-gabigol-apos-marcar-primeiro-gol-contra-o-flamengo\/#breadcrumb","itemListElement":[{"@type":"ListItem","position":1,"name":"Home","item":"https:\/\/www.gaveanews.com\/"},{"@type":"ListItem","position":2,"name":"Cruzeiro: a declara\u00e7\u00e3o de Gabigol ap\u00f3s marcar primeiro gol contra o Flamengo"}]},{"@type":"WebSite","@id":"https:\/\/www.gaveanews.com\/#website","url":"https:\/\/www.gaveanews.com\/","name":"G\u00e1vea News","description":"Veja todas as not\u00edcias sobre o Flamengo: Contrata\u00e7\u00f5es, categorias de base, resultados das partidas, tabela de classifica\u00e7\u00e3o, pr\u00f3ximos jogos!","potentialAction":[{"@type":"SearchAction","target":{"@type":"EntryPoint","urlTemplate":"https:\/\/www.gaveanews.com\/?s={search_term_string}"},"query-input":{"@type":"PropertyValueSpecification","valueRequired":true,"valueName":"search_term_string"}}],"inLanguage":"pt-BR"},{"@type":"Person","@id":"https:\/\/www.gaveanews.com\/#\/schema\/person\/daf63eec72e1164eb13dc35096c2b8da","name":"Paula Silva","image":{"@type":"ImageObject","inLanguage":"pt-BR","@id":"https:\/\/www.gaveanews.com\/#\/schema\/person\/image\/","url":"https:\/\/secure.gravatar.com\/avatar\/eda381c845527cc5d64c13b901833cda29d97500ba040d3e6461f76f51d163bb?s=96&d=mm&r=g","contentUrl":"https:\/\/secure.gravatar.com\/avatar\/eda381c845527cc5d64c13b901833cda29d97500ba040d3e6461f76f51d163bb?s=96&d=mm&r=g","caption":"Paula Silva"}}]}},"_links":{"self":[{"href":"https:\/\/www.gaveanews.com\/index.php\/wp-json\/wp\/v2\/posts\/260527","targetHints":{"allow":["GET"]}}],"collection":[{"href":"https:\/\/www.gaveanews.com\/index.php\/wp-json\/wp\/v2\/posts"}],"about":[{"href":"https:\/\/www.gaveanews.com\/index.php\/wp-json\/wp\/v2\/types\/post"}],"author":[{"embeddable":true,"href":"https:\/\/www.gaveanews.com\/index.php\/wp-json\/wp\/v2\/users\/18"}],"replies":[{"embeddable":true,"href":"https:\/\/www.gaveanews.com\/index.php\/wp-json\/wp\/v2\/comments?post=260527"}],"version-history":[{"count":1,"href":"https:\/\/www.gaveanews.com\/index.php\/wp-json\/wp\/v2\/posts\/260527\/revisions"}],"predecessor-version":[{"id":260532,"href":"https:\/\/www.gaveanews.com\/index.php\/wp-json\/wp\/v2\/posts\/260527\/revisions\/260532"}],"wp:featuredmedia":[{"embeddable":true,"href":"https:\/\/www.gaveanews.com\/index.php\/wp-json\/wp\/v2\/media\/206773"}],"wp:attachment":[{"href":"https:\/\/www.gaveanews.com\/index.php\/wp-json\/wp\/v2\/media?parent=260527"}],"wp:term":[{"taxonomy":"category","embeddable":true,"href":"https:\/\/www.gaveanews.com\/index.php\/wp-json\/wp\/v2\/categories?post=260527"},{"taxonomy":"post_tag","embeddable":true,"href":"https:\/\/www.gaveanews.com\/index.php\/wp-json\/wp\/v2\/tags?post=260527"}],"curies":[{"name":"wp","href":"https:\/\/api.w.org\/{rel}","templated":true}]}}