{"id":260567,"date":"2025-05-06T10:05:44","date_gmt":"2025-05-06T13:05:44","guid":{"rendered":"https:\/\/www.gaveanews.com\/?p=260567"},"modified":"2025-05-06T10:39:15","modified_gmt":"2025-05-06T13:39:15","slug":"a-declaracao-de-gabigol-direcionada-a-jorge-jesus-ex-flamengo","status":"publish","type":"post","link":"https:\/\/www.gaveanews.com\/index.php\/2025\/05\/06\/a-declaracao-de-gabigol-direcionada-a-jorge-jesus-ex-flamengo\/","title":{"rendered":"A declara\u00e7\u00e3o de Gabigol direcionada a Jorge Jesus, ex-Flamengo"},"content":{"rendered":"\n<p>No reencontro entre Gabigol e Flamengo, o atacante levou a melhor. Mesmo entrando nos minutos finais, Gabi fez jus \u00e0 lei do ex e foi o autor do gol da vit\u00f3ria do Cruzeiro em cima do Rubro-Negro. Em entrevista \u00e0 Caz\u00e9 TV, o camisa 9 detalhou sua rela\u00e7\u00e3o com o t\u00e9cnico Leonardo Jardim e, inclusive, revelou conversas com Jorge Jesus. Al\u00e9m disso, declarou que espera ter uma maior minutagem.<\/p>\n\n\n\n<p>\u201cMinha rela\u00e7\u00e3o com o Mister (Leonardo Jardim) \u00e9 incr\u00edvel, uma das melhores que eu j\u00e1 tive, a gente conversa muito. At\u00e9 porque o Jorge Jesus \u00e9 muito amigo dele, a gente faz umas liga\u00e7\u00f5es conversando com o Jorge. Nossa rela\u00e7\u00e3o \u00e9 incr\u00edvel, quero jogar sempre, mas respeito a decis\u00e3o dele e espero poder ter mais oportunidades e poder ajudar\u201d, disse Gabigol.<\/p>\n\n\n\n<p>Com a demiss\u00e3o de Dorival J\u00fanior, Jorge Jesus entrou na lista de possibilidades para assumir a sele\u00e7\u00e3o brasileira. Questionado sobre, Gabigol foi s\u00f3 elogios ao portugu\u00eas, com quem trabalhou e teve muito sucesso em 2019, ainda com a camisa do Flamengo. O atacante, inclusive, afirmou torcer pelo acordo.<\/p>\n\n\n\n<p>\u201cEu n\u00e3o sei de nada (sobre Jesus na sele\u00e7\u00e3o). Esse trabalho (de escolher o treinador) n\u00e3o \u00e9 meu. Claro que gostaria que fosse, foi o melhor que eu trabalhei na minha carreira. Mas n\u00e3o posso falar, porque n\u00e3o sei os outros nomes e nunca trabalhei com outros t\u00e9cnicos. Nunca falei com o Ancelotti, nunca gastei meu italiano com ele\u201d, finalizou.<\/p>\n\n\n\n<p>Demitido do Al-Hilal no \u00faltimo fim de semana, Jorge Jesus est\u00e1 livre no mercado e virou primeira op\u00e7\u00e3o para a CBF depois da primeira negativa de Carlo Ancelotti. Entretanto, saiu do topo da fila ap\u00f3s reviravolta nas negocia\u00e7\u00f5es com o italiano do Real Madrid.<\/p>\n\n\n\n<p>De acordo com a imprensa espanhola, Ancelotti e Real Madrid est\u00e3o finalizando um acordo de fim de v\u00ednculo e o treinador ser\u00e1 anunciado em breve pela sele\u00e7\u00e3o brasileira. A expectativa \u00e9 que o italiano j\u00e1 esteja no comando na pr\u00f3xima data-Fifa, no in\u00edcio de junho.<\/p>\n","protected":false},"excerpt":{"rendered":"<p>No reencontro entre Gabigol e Flamengo, o atacante levou a melhor. Mesmo entrando nos minutos finais, Gabi fez jus \u00e0 lei do ex e foi o autor do gol da vit\u00f3ria do Cruzeiro em cima do Rubro-Negro. Em entrevista \u00e0 Caz\u00e9 TV, o camisa 9 detalhou sua rela\u00e7\u00e3o com o t\u00e9cnico Leonardo Jardim e, inclusive, [&hellip;]<\/p>\n","protected":false},"author":32,"featured_media":28884,"comment_status":"open","ping_status":"closed","sticky":false,"template":"","format":"standard","meta":{"footnotes":""},"categories":[143,1],"tags":[],"class_list":["post-260567","post","type-post","status-publish","format-standard","has-post-thumbnail","hentry","category-cruzeiro","category-flamengo"],"yoast_head":"<!-- This site is optimized with the Yoast SEO Premium plugin v24.2 (Yoast SEO v26.9) - https:\/\/yoast.com\/product\/yoast-seo-premium-wordpress\/ -->\n<title>A declara\u00e7\u00e3o de Gabigol direcionada a Jorge Jesus, ex-Flamengo<\/title>\n<meta name=\"robots\" content=\"index, follow, max-snippet:-1, max-image-preview:large, max-video-preview:-1\" \/>\n<link rel=\"canonical\" href=\"https:\/\/www.gaveanews.com\/index.php\/2025\/05\/06\/a-declaracao-de-gabigol-direcionada-a-jorge-jesus-ex-flamengo\/\" \/>\n<meta property=\"og:locale\" content=\"pt_BR\" \/>\n<meta property=\"og:type\" content=\"article\" \/>\n<meta property=\"og:title\" content=\"A declara\u00e7\u00e3o de Gabigol direcionada a Jorge Jesus, ex-Flamengo\" \/>\n<meta property=\"og:description\" content=\"No reencontro entre Gabigol e Flamengo, o atacante levou a melhor. Mesmo entrando nos minutos finais, Gabi fez jus \u00e0 lei do ex e foi o autor do gol da vit\u00f3ria do Cruzeiro em cima do Rubro-Negro. Em entrevista \u00e0 Caz\u00e9 TV, o camisa 9 detalhou sua rela\u00e7\u00e3o com o t\u00e9cnico Leonardo Jardim e, inclusive, [&hellip;]\" \/>\n<meta property=\"og:url\" content=\"https:\/\/www.gaveanews.com\/index.php\/2025\/05\/06\/a-declaracao-de-gabigol-direcionada-a-jorge-jesus-ex-flamengo\/\" \/>\n<meta property=\"og:site_name\" content=\"G\u00e1vea News\" \/>\n<meta property=\"article:publisher\" content=\"https:\/\/facebook.com\/gaveaNews\/\" \/>\n<meta property=\"article:published_time\" content=\"2025-05-06T13:05:44+00:00\" \/>\n<meta property=\"article:modified_time\" content=\"2025-05-06T13:39:15+00:00\" \/>\n<meta property=\"og:image\" content=\"http:\/\/www.gaveanews.com\/wp-content\/uploads\/Treinador-Jorge-Jesus-durante-uma-partida-do-Flamengo.webp\" \/>\n\t<meta property=\"og:image:width\" content=\"900\" \/>\n\t<meta property=\"og:image:height\" content=\"600\" \/>\n\t<meta property=\"og:image:type\" content=\"image\/jpeg\" \/>\n<meta name=\"author\" content=\"Matheus Leal\" \/>\n<meta name=\"twitter:card\" content=\"summary_large_image\" \/>\n<meta name=\"twitter:label1\" content=\"Escrito por\" \/>\n\t<meta name=\"twitter:data1\" content=\"Matheus Leal\" \/>\n\t<meta name=\"twitter:label2\" content=\"Est. tempo de leitura\" \/>\n\t<meta name=\"twitter:data2\" content=\"3 minutos\" \/>\n<script type=\"application\/ld+json\" class=\"yoast-schema-graph\">{\"@context\":\"https:\/\/schema.org\",\"@graph\":[{\"@type\":\"NewsArticle\",\"@id\":\"https:\/\/www.gaveanews.com\/index.php\/2025\/05\/06\/a-declaracao-de-gabigol-direcionada-a-jorge-jesus-ex-flamengo\/#article\",\"isPartOf\":{\"@id\":\"https:\/\/www.gaveanews.com\/index.php\/2025\/05\/06\/a-declaracao-de-gabigol-direcionada-a-jorge-jesus-ex-flamengo\/\"},\"author\":{\"name\":\"Matheus Leal\",\"@id\":\"https:\/\/www.gaveanews.com\/#\/schema\/person\/49ac99b6823a2b8d5087a6ce3aaaa128\"},\"headline\":\"A declara\u00e7\u00e3o de Gabigol direcionada a Jorge Jesus, ex-Flamengo\",\"datePublished\":\"2025-05-06T13:05:44+00:00\",\"dateModified\":\"2025-05-06T13:39:15+00:00\",\"mainEntityOfPage\":{\"@id\":\"https:\/\/www.gaveanews.com\/index.php\/2025\/05\/06\/a-declaracao-de-gabigol-direcionada-a-jorge-jesus-ex-flamengo\/\"},\"wordCount\":356,\"commentCount\":0,\"image\":{\"@id\":\"https:\/\/www.gaveanews.com\/index.php\/2025\/05\/06\/a-declaracao-de-gabigol-direcionada-a-jorge-jesus-ex-flamengo\/#primaryimage\"},\"thumbnailUrl\":\"https:\/\/www.gaveanews.com\/wp-content\/uploads\/Treinador-Jorge-Jesus-durante-uma-partida-do-Flamengo.webp\",\"articleSection\":[\"Cruzeiro\",\"Flamengo\"],\"inLanguage\":\"pt-BR\",\"potentialAction\":[{\"@type\":\"CommentAction\",\"name\":\"Comment\",\"target\":[\"https:\/\/www.gaveanews.com\/index.php\/2025\/05\/06\/a-declaracao-de-gabigol-direcionada-a-jorge-jesus-ex-flamengo\/#respond\"]}],\"copyrightYear\":\"2025\",\"copyrightHolder\":{\"@id\":\"https:\/\/www.gaveanews.com\/#organization\"}},{\"@type\":\"WebPage\",\"@id\":\"https:\/\/www.gaveanews.com\/index.php\/2025\/05\/06\/a-declaracao-de-gabigol-direcionada-a-jorge-jesus-ex-flamengo\/\",\"url\":\"https:\/\/www.gaveanews.com\/index.php\/2025\/05\/06\/a-declaracao-de-gabigol-direcionada-a-jorge-jesus-ex-flamengo\/\",\"name\":\"A declara\u00e7\u00e3o de Gabigol direcionada a Jorge Jesus, ex-Flamengo\",\"isPartOf\":{\"@id\":\"https:\/\/www.gaveanews.com\/#website\"},\"primaryImageOfPage\":{\"@id\":\"https:\/\/www.gaveanews.com\/index.php\/2025\/05\/06\/a-declaracao-de-gabigol-direcionada-a-jorge-jesus-ex-flamengo\/#primaryimage\"},\"image\":{\"@id\":\"https:\/\/www.gaveanews.com\/index.php\/2025\/05\/06\/a-declaracao-de-gabigol-direcionada-a-jorge-jesus-ex-flamengo\/#primaryimage\"},\"thumbnailUrl\":\"https:\/\/www.gaveanews.com\/wp-content\/uploads\/Treinador-Jorge-Jesus-durante-uma-partida-do-Flamengo.webp\",\"datePublished\":\"2025-05-06T13:05:44+00:00\",\"dateModified\":\"2025-05-06T13:39:15+00:00\",\"author\":{\"@id\":\"https:\/\/www.gaveanews.com\/#\/schema\/person\/49ac99b6823a2b8d5087a6ce3aaaa128\"},\"breadcrumb\":{\"@id\":\"https:\/\/www.gaveanews.com\/index.php\/2025\/05\/06\/a-declaracao-de-gabigol-direcionada-a-jorge-jesus-ex-flamengo\/#breadcrumb\"},\"inLanguage\":\"pt-BR\",\"potentialAction\":[{\"@type\":\"ReadAction\",\"target\":[\"https:\/\/www.gaveanews.com\/index.php\/2025\/05\/06\/a-declaracao-de-gabigol-direcionada-a-jorge-jesus-ex-flamengo\/\"]}]},{\"@type\":\"ImageObject\",\"inLanguage\":\"pt-BR\",\"@id\":\"https:\/\/www.gaveanews.com\/index.php\/2025\/05\/06\/a-declaracao-de-gabigol-direcionada-a-jorge-jesus-ex-flamengo\/#primaryimage\",\"url\":\"https:\/\/www.gaveanews.com\/wp-content\/uploads\/Treinador-Jorge-Jesus-durante-uma-partida-do-Flamengo.webp\",\"contentUrl\":\"https:\/\/www.gaveanews.com\/wp-content\/uploads\/Treinador-Jorge-Jesus-durante-uma-partida-do-Flamengo.webp\",\"width\":900,\"height\":600,\"caption\":\"Treinador Jorge Jesus durante uma partida do Flamengo (Foto: Alexandre Vidal\/Flamengo)\"},{\"@type\":\"BreadcrumbList\",\"@id\":\"https:\/\/www.gaveanews.com\/index.php\/2025\/05\/06\/a-declaracao-de-gabigol-direcionada-a-jorge-jesus-ex-flamengo\/#breadcrumb\",\"itemListElement\":[{\"@type\":\"ListItem\",\"position\":1,\"name\":\"Home\",\"item\":\"https:\/\/www.gaveanews.com\/\"},{\"@type\":\"ListItem\",\"position\":2,\"name\":\"A declara\u00e7\u00e3o de Gabigol direcionada a Jorge Jesus, ex-Flamengo\"}]},{\"@type\":\"WebSite\",\"@id\":\"https:\/\/www.gaveanews.com\/#website\",\"url\":\"https:\/\/www.gaveanews.com\/\",\"name\":\"G\u00e1vea News\",\"description\":\"Veja todas as not\u00edcias sobre o Flamengo: Contrata\u00e7\u00f5es, categorias de base, resultados das partidas, tabela de classifica\u00e7\u00e3o, pr\u00f3ximos jogos!\",\"potentialAction\":[{\"@type\":\"SearchAction\",\"target\":{\"@type\":\"EntryPoint\",\"urlTemplate\":\"https:\/\/www.gaveanews.com\/?s={search_term_string}\"},\"query-input\":{\"@type\":\"PropertyValueSpecification\",\"valueRequired\":true,\"valueName\":\"search_term_string\"}}],\"inLanguage\":\"pt-BR\"},{\"@type\":\"Person\",\"@id\":\"https:\/\/www.gaveanews.com\/#\/schema\/person\/49ac99b6823a2b8d5087a6ce3aaaa128\",\"name\":\"Matheus Leal\",\"image\":{\"@type\":\"ImageObject\",\"inLanguage\":\"pt-BR\",\"@id\":\"https:\/\/www.gaveanews.com\/#\/schema\/person\/image\/\",\"url\":\"https:\/\/secure.gravatar.com\/avatar\/21c52300d1234416f9c886f6dadd7452d8b035ac505314a51e4f56731e90c481?s=96&d=mm&r=g\",\"contentUrl\":\"https:\/\/secure.gravatar.com\/avatar\/21c52300d1234416f9c886f6dadd7452d8b035ac505314a51e4f56731e90c481?s=96&d=mm&r=g\",\"caption\":\"Matheus Leal\"}}]}<\/script>\n<!-- \/ Yoast SEO Premium plugin. -->","yoast_head_json":{"title":"A declara\u00e7\u00e3o de Gabigol direcionada a Jorge Jesus, ex-Flamengo","robots":{"index":"index","follow":"follow","max-snippet":"max-snippet:-1","max-image-preview":"max-image-preview:large","max-video-preview":"max-video-preview:-1"},"canonical":"https:\/\/www.gaveanews.com\/index.php\/2025\/05\/06\/a-declaracao-de-gabigol-direcionada-a-jorge-jesus-ex-flamengo\/","og_locale":"pt_BR","og_type":"article","og_title":"A declara\u00e7\u00e3o de Gabigol direcionada a Jorge Jesus, ex-Flamengo","og_description":"No reencontro entre Gabigol e Flamengo, o atacante levou a melhor. Mesmo entrando nos minutos finais, Gabi fez jus \u00e0 lei do ex e foi o autor do gol da vit\u00f3ria do Cruzeiro em cima do Rubro-Negro. Em entrevista \u00e0 Caz\u00e9 TV, o camisa 9 detalhou sua rela\u00e7\u00e3o com o t\u00e9cnico Leonardo Jardim e, inclusive, [&hellip;]","og_url":"https:\/\/www.gaveanews.com\/index.php\/2025\/05\/06\/a-declaracao-de-gabigol-direcionada-a-jorge-jesus-ex-flamengo\/","og_site_name":"G\u00e1vea News","article_publisher":"https:\/\/facebook.com\/gaveaNews\/","article_published_time":"2025-05-06T13:05:44+00:00","article_modified_time":"2025-05-06T13:39:15+00:00","og_image":[{"width":900,"height":600,"url":"http:\/\/www.gaveanews.com\/wp-content\/uploads\/Treinador-Jorge-Jesus-durante-uma-partida-do-Flamengo.webp","type":"image\/jpeg"}],"author":"Matheus Leal","twitter_card":"summary_large_image","twitter_misc":{"Escrito por":"Matheus Leal","Est. tempo de leitura":"3 minutos"},"schema":{"@context":"https:\/\/schema.org","@graph":[{"@type":"NewsArticle","@id":"https:\/\/www.gaveanews.com\/index.php\/2025\/05\/06\/a-declaracao-de-gabigol-direcionada-a-jorge-jesus-ex-flamengo\/#article","isPartOf":{"@id":"https:\/\/www.gaveanews.com\/index.php\/2025\/05\/06\/a-declaracao-de-gabigol-direcionada-a-jorge-jesus-ex-flamengo\/"},"author":{"name":"Matheus Leal","@id":"https:\/\/www.gaveanews.com\/#\/schema\/person\/49ac99b6823a2b8d5087a6ce3aaaa128"},"headline":"A declara\u00e7\u00e3o de Gabigol direcionada a Jorge Jesus, ex-Flamengo","datePublished":"2025-05-06T13:05:44+00:00","dateModified":"2025-05-06T13:39:15+00:00","mainEntityOfPage":{"@id":"https:\/\/www.gaveanews.com\/index.php\/2025\/05\/06\/a-declaracao-de-gabigol-direcionada-a-jorge-jesus-ex-flamengo\/"},"wordCount":356,"commentCount":0,"image":{"@id":"https:\/\/www.gaveanews.com\/index.php\/2025\/05\/06\/a-declaracao-de-gabigol-direcionada-a-jorge-jesus-ex-flamengo\/#primaryimage"},"thumbnailUrl":"https:\/\/www.gaveanews.com\/wp-content\/uploads\/Treinador-Jorge-Jesus-durante-uma-partida-do-Flamengo.webp","articleSection":["Cruzeiro","Flamengo"],"inLanguage":"pt-BR","potentialAction":[{"@type":"CommentAction","name":"Comment","target":["https:\/\/www.gaveanews.com\/index.php\/2025\/05\/06\/a-declaracao-de-gabigol-direcionada-a-jorge-jesus-ex-flamengo\/#respond"]}],"copyrightYear":"2025","copyrightHolder":{"@id":"https:\/\/www.gaveanews.com\/#organization"}},{"@type":"WebPage","@id":"https:\/\/www.gaveanews.com\/index.php\/2025\/05\/06\/a-declaracao-de-gabigol-direcionada-a-jorge-jesus-ex-flamengo\/","url":"https:\/\/www.gaveanews.com\/index.php\/2025\/05\/06\/a-declaracao-de-gabigol-direcionada-a-jorge-jesus-ex-flamengo\/","name":"A declara\u00e7\u00e3o de Gabigol direcionada a Jorge Jesus, ex-Flamengo","isPartOf":{"@id":"https:\/\/www.gaveanews.com\/#website"},"primaryImageOfPage":{"@id":"https:\/\/www.gaveanews.com\/index.php\/2025\/05\/06\/a-declaracao-de-gabigol-direcionada-a-jorge-jesus-ex-flamengo\/#primaryimage"},"image":{"@id":"https:\/\/www.gaveanews.com\/index.php\/2025\/05\/06\/a-declaracao-de-gabigol-direcionada-a-jorge-jesus-ex-flamengo\/#primaryimage"},"thumbnailUrl":"https:\/\/www.gaveanews.com\/wp-content\/uploads\/Treinador-Jorge-Jesus-durante-uma-partida-do-Flamengo.webp","datePublished":"2025-05-06T13:05:44+00:00","dateModified":"2025-05-06T13:39:15+00:00","author":{"@id":"https:\/\/www.gaveanews.com\/#\/schema\/person\/49ac99b6823a2b8d5087a6ce3aaaa128"},"breadcrumb":{"@id":"https:\/\/www.gaveanews.com\/index.php\/2025\/05\/06\/a-declaracao-de-gabigol-direcionada-a-jorge-jesus-ex-flamengo\/#breadcrumb"},"inLanguage":"pt-BR","potentialAction":[{"@type":"ReadAction","target":["https:\/\/www.gaveanews.com\/index.php\/2025\/05\/06\/a-declaracao-de-gabigol-direcionada-a-jorge-jesus-ex-flamengo\/"]}]},{"@type":"ImageObject","inLanguage":"pt-BR","@id":"https:\/\/www.gaveanews.com\/index.php\/2025\/05\/06\/a-declaracao-de-gabigol-direcionada-a-jorge-jesus-ex-flamengo\/#primaryimage","url":"https:\/\/www.gaveanews.com\/wp-content\/uploads\/Treinador-Jorge-Jesus-durante-uma-partida-do-Flamengo.webp","contentUrl":"https:\/\/www.gaveanews.com\/wp-content\/uploads\/Treinador-Jorge-Jesus-durante-uma-partida-do-Flamengo.webp","width":900,"height":600,"caption":"Treinador Jorge Jesus durante uma partida do Flamengo (Foto: Alexandre Vidal\/Flamengo)"},{"@type":"BreadcrumbList","@id":"https:\/\/www.gaveanews.com\/index.php\/2025\/05\/06\/a-declaracao-de-gabigol-direcionada-a-jorge-jesus-ex-flamengo\/#breadcrumb","itemListElement":[{"@type":"ListItem","position":1,"name":"Home","item":"https:\/\/www.gaveanews.com\/"},{"@type":"ListItem","position":2,"name":"A declara\u00e7\u00e3o de Gabigol direcionada a Jorge Jesus, ex-Flamengo"}]},{"@type":"WebSite","@id":"https:\/\/www.gaveanews.com\/#website","url":"https:\/\/www.gaveanews.com\/","name":"G\u00e1vea News","description":"Veja todas as not\u00edcias sobre o Flamengo: Contrata\u00e7\u00f5es, categorias de base, resultados das partidas, tabela de classifica\u00e7\u00e3o, pr\u00f3ximos jogos!","potentialAction":[{"@type":"SearchAction","target":{"@type":"EntryPoint","urlTemplate":"https:\/\/www.gaveanews.com\/?s={search_term_string}"},"query-input":{"@type":"PropertyValueSpecification","valueRequired":true,"valueName":"search_term_string"}}],"inLanguage":"pt-BR"},{"@type":"Person","@id":"https:\/\/www.gaveanews.com\/#\/schema\/person\/49ac99b6823a2b8d5087a6ce3aaaa128","name":"Matheus Leal","image":{"@type":"ImageObject","inLanguage":"pt-BR","@id":"https:\/\/www.gaveanews.com\/#\/schema\/person\/image\/","url":"https:\/\/secure.gravatar.com\/avatar\/21c52300d1234416f9c886f6dadd7452d8b035ac505314a51e4f56731e90c481?s=96&d=mm&r=g","contentUrl":"https:\/\/secure.gravatar.com\/avatar\/21c52300d1234416f9c886f6dadd7452d8b035ac505314a51e4f56731e90c481?s=96&d=mm&r=g","caption":"Matheus Leal"}}]}},"_links":{"self":[{"href":"https:\/\/www.gaveanews.com\/index.php\/wp-json\/wp\/v2\/posts\/260567","targetHints":{"allow":["GET"]}}],"collection":[{"href":"https:\/\/www.gaveanews.com\/index.php\/wp-json\/wp\/v2\/posts"}],"about":[{"href":"https:\/\/www.gaveanews.com\/index.php\/wp-json\/wp\/v2\/types\/post"}],"author":[{"embeddable":true,"href":"https:\/\/www.gaveanews.com\/index.php\/wp-json\/wp\/v2\/users\/32"}],"replies":[{"embeddable":true,"href":"https:\/\/www.gaveanews.com\/index.php\/wp-json\/wp\/v2\/comments?post=260567"}],"version-history":[{"count":1,"href":"https:\/\/www.gaveanews.com\/index.php\/wp-json\/wp\/v2\/posts\/260567\/revisions"}],"predecessor-version":[{"id":260570,"href":"https:\/\/www.gaveanews.com\/index.php\/wp-json\/wp\/v2\/posts\/260567\/revisions\/260570"}],"wp:featuredmedia":[{"embeddable":true,"href":"https:\/\/www.gaveanews.com\/index.php\/wp-json\/wp\/v2\/media\/28884"}],"wp:attachment":[{"href":"https:\/\/www.gaveanews.com\/index.php\/wp-json\/wp\/v2\/media?parent=260567"}],"wp:term":[{"taxonomy":"category","embeddable":true,"href":"https:\/\/www.gaveanews.com\/index.php\/wp-json\/wp\/v2\/categories?post=260567"},{"taxonomy":"post_tag","embeddable":true,"href":"https:\/\/www.gaveanews.com\/index.php\/wp-json\/wp\/v2\/tags?post=260567"}],"curies":[{"name":"wp","href":"https:\/\/api.w.org\/{rel}","templated":true}]}}