{"id":260663,"date":"2025-05-05T16:50:00","date_gmt":"2025-05-05T19:50:00","guid":{"rendered":"https:\/\/www.gaveanews.com\/?p=260663"},"modified":"2025-05-05T15:20:41","modified_gmt":"2025-05-05T18:20:41","slug":"a-declaracao-de-felipe-melo-direcionada-a-leo-jardim-do-cruzeiro","status":"publish","type":"post","link":"https:\/\/www.gaveanews.com\/index.php\/2025\/05\/05\/a-declaracao-de-felipe-melo-direcionada-a-leo-jardim-do-cruzeiro\/","title":{"rendered":"A declara\u00e7\u00e3o de Felipe Melo direcionada a L\u00e9o Jardim, do Cruzeiro"},"content":{"rendered":"\n<p>O comentarista Felipe Melo voltou a destacar o trabalho de Leonardo Jardim \u00e0 frente do Cruzeiro. Em declara\u00e7\u00e3o recente nas redes sociais, o ex-volante apontou o treinador portugu\u00eas como o principal respons\u00e1vel pela melhora da equipe no Campeonato Brasileiro, enfatizando a transforma\u00e7\u00e3o t\u00e1tica e a firmeza nas decis\u00f5es tomadas desde sua chegada.<\/p>\n\n\n\n<p>Segundo Felipe Melo, o momento positivo vivido pelo time mineiro n\u00e3o \u00e9 fruto do acaso. Para ele, a confian\u00e7a e a autonomia dadas a Leonardo Jardim t\u00eam sido determinantes para o bom desempenho. \u201cO Jardim \u00e9 muito bom treinador. E tem que dar para o treinador algo que muitos clubes n\u00e3o fazem: \u2018Tome as decis\u00f5es que voc\u00ea ache correto\u2019\u201d, afirmou. A fala veio logo ap\u00f3s a vit\u00f3ria do Cruzeiro sobre o Vila Nova, na \u00faltima quinta-feira (02).<\/p>\n\n\n\n<figure class=\"wp-block-image size-full\"><img loading=\"lazy\" decoding=\"async\" width=\"799\" height=\"533\" src=\"http:\/\/www.gaveanews.com\/wp-content\/uploads\/Leonardo-Jardim-durante-partida-do-Cruzeiro-em-2025.webp\" alt=\"\" class=\"wp-image-225548\"\/><figcaption class=\"wp-element-caption\">Leonardo Jardim durante partida do Cruzeiro em 2025 (Foto: Gustavo Aleixo\/Cruzeiro)<\/figcaption><\/figure>\n\n\n\n<p>A partida em quest\u00e3o foi v\u00e1lida pela terceira fase da Copa do Brasil e terminou com vantagem para a Raposa. Com o resultado no Mineir\u00e3o, o time poder\u00e1 at\u00e9 perder por um gol de diferen\u00e7a no confronto de volta, marcado para o dia 22 de maio (hor\u00e1rio de Bras\u00edlia), e mesmo assim avan\u00e7ar \u00e0s oitavas de final da competi\u00e7\u00e3o. At\u00e9 l\u00e1, o clube ter\u00e1 uma maratona de cinco jogos entre Brasileir\u00e3o e Sul-Americana, enfrentando Flamengo, Mushuc Runa, Sport, Palestino e o cl\u00e1ssico contra o Atl\u00e9tico-MG.<\/p>\n\n\n\n<p>Ali\u00e1s, essa n\u00e3o foi a primeira vez que Felipe Melo elogiou o treinador. Anteriormente, o comentarista j\u00e1 havia valorizado a postura firme de Jardim ao barrar jogadores experientes como Dudu, William e Gabigol. Na vis\u00e3o de Melo, o t\u00e9cnico demonstrou personalidade ao optar por atletas em melhores condi\u00e7\u00f5es, mesmo que isso significasse deixar nomes consagrados no banco de reservas.<\/p>\n\n\n\n<p>A entrada de Kayo Jorge no comando de ataque \u00e9 um dos exemplos mais citados por Felipe Melo. O atacante tem aproveitado bem as oportunidades e voltou a marcar diante do Vila Nova, o que refor\u00e7a a leitura feita pela comiss\u00e3o t\u00e9cnica. \u201cOutro gol do Kayo Jorge. Ser\u00e1 que o treinador do Cruzeiro tinha raz\u00e3o em coloc\u00e1-lo?\u201d, questionou de forma ret\u00f3rica o comentarista durante sua an\u00e1lise.<\/p>\n\n\n\n<p>Portanto, conforme o desempenho recente da equipe e as palavras de Felipe Melo, o Cruzeiro vive um momento de estabilidade e confian\u00e7a. A condu\u00e7\u00e3o firme de Leonardo Jardim, somada ao respaldo interno, parece ter recolocado o clube nos trilhos, tanto no cen\u00e1rio nacional quanto internacional.<\/p>\n","protected":false},"excerpt":{"rendered":"<p>O comentarista Felipe Melo voltou a destacar o trabalho de Leonardo Jardim \u00e0 frente do Cruzeiro. Em declara\u00e7\u00e3o recente nas redes sociais, o ex-volante apontou o treinador portugu\u00eas como o principal respons\u00e1vel pela melhora da equipe no Campeonato Brasileiro, enfatizando a transforma\u00e7\u00e3o t\u00e1tica e a firmeza nas decis\u00f5es tomadas desde sua chegada. Segundo Felipe Melo, [&hellip;]<\/p>\n","protected":false},"author":27,"featured_media":244418,"comment_status":"open","ping_status":"closed","sticky":false,"template":"","format":"standard","meta":{"footnotes":""},"categories":[143],"tags":[],"class_list":["post-260663","post","type-post","status-publish","format-standard","has-post-thumbnail","hentry","category-cruzeiro"],"yoast_head":"<!-- This site is optimized with the Yoast SEO Premium plugin v24.2 (Yoast SEO v26.9) - https:\/\/yoast.com\/product\/yoast-seo-premium-wordpress\/ -->\n<title>A declara\u00e7\u00e3o de Felipe Melo direcionada a L\u00e9o Jardim, do Cruzeiro<\/title>\n<meta name=\"robots\" content=\"index, follow, max-snippet:-1, max-image-preview:large, max-video-preview:-1\" \/>\n<link rel=\"canonical\" href=\"https:\/\/www.gaveanews.com\/index.php\/2025\/05\/05\/a-declaracao-de-felipe-melo-direcionada-a-leo-jardim-do-cruzeiro\/\" \/>\n<meta property=\"og:locale\" content=\"pt_BR\" \/>\n<meta property=\"og:type\" content=\"article\" \/>\n<meta property=\"og:title\" content=\"A declara\u00e7\u00e3o de Felipe Melo direcionada a L\u00e9o Jardim, do Cruzeiro\" \/>\n<meta property=\"og:description\" content=\"O comentarista Felipe Melo voltou a destacar o trabalho de Leonardo Jardim \u00e0 frente do Cruzeiro. Em declara\u00e7\u00e3o recente nas redes sociais, o ex-volante apontou o treinador portugu\u00eas como o principal respons\u00e1vel pela melhora da equipe no Campeonato Brasileiro, enfatizando a transforma\u00e7\u00e3o t\u00e1tica e a firmeza nas decis\u00f5es tomadas desde sua chegada. Segundo Felipe Melo, [&hellip;]\" \/>\n<meta property=\"og:url\" content=\"https:\/\/www.gaveanews.com\/index.php\/2025\/05\/05\/a-declaracao-de-felipe-melo-direcionada-a-leo-jardim-do-cruzeiro\/\" \/>\n<meta property=\"og:site_name\" content=\"G\u00e1vea News\" \/>\n<meta property=\"article:publisher\" content=\"https:\/\/facebook.com\/gaveaNews\/\" \/>\n<meta property=\"article:published_time\" content=\"2025-05-05T19:50:00+00:00\" \/>\n<meta property=\"og:image\" content=\"https:\/\/www.gaveanews.com\/wp-content\/uploads\/Felipe-Melo-comentarista-da-Rede-Globo.webp\" \/>\n\t<meta property=\"og:image:width\" content=\"900\" \/>\n\t<meta property=\"og:image:height\" content=\"600\" \/>\n\t<meta property=\"og:image:type\" content=\"image\/jpeg\" \/>\n<meta name=\"author\" content=\"Matheus Felipe\" \/>\n<meta name=\"twitter:card\" content=\"summary_large_image\" \/>\n<meta name=\"twitter:label1\" content=\"Escrito por\" \/>\n\t<meta name=\"twitter:data1\" content=\"Matheus Felipe\" \/>\n\t<meta name=\"twitter:label2\" content=\"Est. tempo de leitura\" \/>\n\t<meta name=\"twitter:data2\" content=\"3 minutos\" \/>\n<script type=\"application\/ld+json\" class=\"yoast-schema-graph\">{\"@context\":\"https:\/\/schema.org\",\"@graph\":[{\"@type\":\"NewsArticle\",\"@id\":\"https:\/\/www.gaveanews.com\/index.php\/2025\/05\/05\/a-declaracao-de-felipe-melo-direcionada-a-leo-jardim-do-cruzeiro\/#article\",\"isPartOf\":{\"@id\":\"https:\/\/www.gaveanews.com\/index.php\/2025\/05\/05\/a-declaracao-de-felipe-melo-direcionada-a-leo-jardim-do-cruzeiro\/\"},\"author\":{\"name\":\"Matheus Felipe\",\"@id\":\"https:\/\/www.gaveanews.com\/#\/schema\/person\/8207cd4627f56151707418bfc835b2fb\"},\"headline\":\"A declara\u00e7\u00e3o de Felipe Melo direcionada a L\u00e9o Jardim, do Cruzeiro\",\"datePublished\":\"2025-05-05T19:50:00+00:00\",\"mainEntityOfPage\":{\"@id\":\"https:\/\/www.gaveanews.com\/index.php\/2025\/05\/05\/a-declaracao-de-felipe-melo-direcionada-a-leo-jardim-do-cruzeiro\/\"},\"wordCount\":441,\"commentCount\":0,\"image\":{\"@id\":\"https:\/\/www.gaveanews.com\/index.php\/2025\/05\/05\/a-declaracao-de-felipe-melo-direcionada-a-leo-jardim-do-cruzeiro\/#primaryimage\"},\"thumbnailUrl\":\"https:\/\/www.gaveanews.com\/wp-content\/uploads\/Felipe-Melo-comentarista-da-Rede-Globo.webp\",\"articleSection\":[\"Cruzeiro\"],\"inLanguage\":\"pt-BR\",\"potentialAction\":[{\"@type\":\"CommentAction\",\"name\":\"Comment\",\"target\":[\"https:\/\/www.gaveanews.com\/index.php\/2025\/05\/05\/a-declaracao-de-felipe-melo-direcionada-a-leo-jardim-do-cruzeiro\/#respond\"]}],\"copyrightYear\":\"2025\",\"copyrightHolder\":{\"@id\":\"https:\/\/www.gaveanews.com\/#organization\"}},{\"@type\":\"WebPage\",\"@id\":\"https:\/\/www.gaveanews.com\/index.php\/2025\/05\/05\/a-declaracao-de-felipe-melo-direcionada-a-leo-jardim-do-cruzeiro\/\",\"url\":\"https:\/\/www.gaveanews.com\/index.php\/2025\/05\/05\/a-declaracao-de-felipe-melo-direcionada-a-leo-jardim-do-cruzeiro\/\",\"name\":\"A declara\u00e7\u00e3o de Felipe Melo direcionada a L\u00e9o Jardim, do Cruzeiro\",\"isPartOf\":{\"@id\":\"https:\/\/www.gaveanews.com\/#website\"},\"primaryImageOfPage\":{\"@id\":\"https:\/\/www.gaveanews.com\/index.php\/2025\/05\/05\/a-declaracao-de-felipe-melo-direcionada-a-leo-jardim-do-cruzeiro\/#primaryimage\"},\"image\":{\"@id\":\"https:\/\/www.gaveanews.com\/index.php\/2025\/05\/05\/a-declaracao-de-felipe-melo-direcionada-a-leo-jardim-do-cruzeiro\/#primaryimage\"},\"thumbnailUrl\":\"https:\/\/www.gaveanews.com\/wp-content\/uploads\/Felipe-Melo-comentarista-da-Rede-Globo.webp\",\"datePublished\":\"2025-05-05T19:50:00+00:00\",\"author\":{\"@id\":\"https:\/\/www.gaveanews.com\/#\/schema\/person\/8207cd4627f56151707418bfc835b2fb\"},\"breadcrumb\":{\"@id\":\"https:\/\/www.gaveanews.com\/index.php\/2025\/05\/05\/a-declaracao-de-felipe-melo-direcionada-a-leo-jardim-do-cruzeiro\/#breadcrumb\"},\"inLanguage\":\"pt-BR\",\"potentialAction\":[{\"@type\":\"ReadAction\",\"target\":[\"https:\/\/www.gaveanews.com\/index.php\/2025\/05\/05\/a-declaracao-de-felipe-melo-direcionada-a-leo-jardim-do-cruzeiro\/\"]}]},{\"@type\":\"ImageObject\",\"inLanguage\":\"pt-BR\",\"@id\":\"https:\/\/www.gaveanews.com\/index.php\/2025\/05\/05\/a-declaracao-de-felipe-melo-direcionada-a-leo-jardim-do-cruzeiro\/#primaryimage\",\"url\":\"https:\/\/www.gaveanews.com\/wp-content\/uploads\/Felipe-Melo-comentarista-da-Rede-Globo.webp\",\"contentUrl\":\"https:\/\/www.gaveanews.com\/wp-content\/uploads\/Felipe-Melo-comentarista-da-Rede-Globo.webp\",\"width\":900,\"height\":600,\"caption\":\"Felipe Melo, comentarista da Rede Globo (Foto: Marcelo de Jesus)\"},{\"@type\":\"BreadcrumbList\",\"@id\":\"https:\/\/www.gaveanews.com\/index.php\/2025\/05\/05\/a-declaracao-de-felipe-melo-direcionada-a-leo-jardim-do-cruzeiro\/#breadcrumb\",\"itemListElement\":[{\"@type\":\"ListItem\",\"position\":1,\"name\":\"Home\",\"item\":\"https:\/\/www.gaveanews.com\/\"},{\"@type\":\"ListItem\",\"position\":2,\"name\":\"A declara\u00e7\u00e3o de Felipe Melo direcionada a L\u00e9o Jardim, do Cruzeiro\"}]},{\"@type\":\"WebSite\",\"@id\":\"https:\/\/www.gaveanews.com\/#website\",\"url\":\"https:\/\/www.gaveanews.com\/\",\"name\":\"G\u00e1vea News\",\"description\":\"Veja todas as not\u00edcias sobre o Flamengo: Contrata\u00e7\u00f5es, categorias de base, resultados das partidas, tabela de classifica\u00e7\u00e3o, pr\u00f3ximos jogos!\",\"potentialAction\":[{\"@type\":\"SearchAction\",\"target\":{\"@type\":\"EntryPoint\",\"urlTemplate\":\"https:\/\/www.gaveanews.com\/?s={search_term_string}\"},\"query-input\":{\"@type\":\"PropertyValueSpecification\",\"valueRequired\":true,\"valueName\":\"search_term_string\"}}],\"inLanguage\":\"pt-BR\"},{\"@type\":\"Person\",\"@id\":\"https:\/\/www.gaveanews.com\/#\/schema\/person\/8207cd4627f56151707418bfc835b2fb\",\"name\":\"Matheus Felipe\",\"image\":{\"@type\":\"ImageObject\",\"inLanguage\":\"pt-BR\",\"@id\":\"https:\/\/www.gaveanews.com\/#\/schema\/person\/image\/\",\"url\":\"https:\/\/secure.gravatar.com\/avatar\/a452ffbed9130f726358b298bb3a99ce4bd3c5338411f8440e87e14d74c7c087?s=96&d=mm&r=g\",\"contentUrl\":\"https:\/\/secure.gravatar.com\/avatar\/a452ffbed9130f726358b298bb3a99ce4bd3c5338411f8440e87e14d74c7c087?s=96&d=mm&r=g\",\"caption\":\"Matheus Felipe\"}}]}<\/script>\n<!-- \/ Yoast SEO Premium plugin. -->","yoast_head_json":{"title":"A declara\u00e7\u00e3o de Felipe Melo direcionada a L\u00e9o Jardim, do Cruzeiro","robots":{"index":"index","follow":"follow","max-snippet":"max-snippet:-1","max-image-preview":"max-image-preview:large","max-video-preview":"max-video-preview:-1"},"canonical":"https:\/\/www.gaveanews.com\/index.php\/2025\/05\/05\/a-declaracao-de-felipe-melo-direcionada-a-leo-jardim-do-cruzeiro\/","og_locale":"pt_BR","og_type":"article","og_title":"A declara\u00e7\u00e3o de Felipe Melo direcionada a L\u00e9o Jardim, do Cruzeiro","og_description":"O comentarista Felipe Melo voltou a destacar o trabalho de Leonardo Jardim \u00e0 frente do Cruzeiro. Em declara\u00e7\u00e3o recente nas redes sociais, o ex-volante apontou o treinador portugu\u00eas como o principal respons\u00e1vel pela melhora da equipe no Campeonato Brasileiro, enfatizando a transforma\u00e7\u00e3o t\u00e1tica e a firmeza nas decis\u00f5es tomadas desde sua chegada. Segundo Felipe Melo, [&hellip;]","og_url":"https:\/\/www.gaveanews.com\/index.php\/2025\/05\/05\/a-declaracao-de-felipe-melo-direcionada-a-leo-jardim-do-cruzeiro\/","og_site_name":"G\u00e1vea News","article_publisher":"https:\/\/facebook.com\/gaveaNews\/","article_published_time":"2025-05-05T19:50:00+00:00","og_image":[{"width":900,"height":600,"url":"https:\/\/www.gaveanews.com\/wp-content\/uploads\/Felipe-Melo-comentarista-da-Rede-Globo.webp","type":"image\/jpeg"}],"author":"Matheus Felipe","twitter_card":"summary_large_image","twitter_misc":{"Escrito por":"Matheus Felipe","Est. tempo de leitura":"3 minutos"},"schema":{"@context":"https:\/\/schema.org","@graph":[{"@type":"NewsArticle","@id":"https:\/\/www.gaveanews.com\/index.php\/2025\/05\/05\/a-declaracao-de-felipe-melo-direcionada-a-leo-jardim-do-cruzeiro\/#article","isPartOf":{"@id":"https:\/\/www.gaveanews.com\/index.php\/2025\/05\/05\/a-declaracao-de-felipe-melo-direcionada-a-leo-jardim-do-cruzeiro\/"},"author":{"name":"Matheus Felipe","@id":"https:\/\/www.gaveanews.com\/#\/schema\/person\/8207cd4627f56151707418bfc835b2fb"},"headline":"A declara\u00e7\u00e3o de Felipe Melo direcionada a L\u00e9o Jardim, do Cruzeiro","datePublished":"2025-05-05T19:50:00+00:00","mainEntityOfPage":{"@id":"https:\/\/www.gaveanews.com\/index.php\/2025\/05\/05\/a-declaracao-de-felipe-melo-direcionada-a-leo-jardim-do-cruzeiro\/"},"wordCount":441,"commentCount":0,"image":{"@id":"https:\/\/www.gaveanews.com\/index.php\/2025\/05\/05\/a-declaracao-de-felipe-melo-direcionada-a-leo-jardim-do-cruzeiro\/#primaryimage"},"thumbnailUrl":"https:\/\/www.gaveanews.com\/wp-content\/uploads\/Felipe-Melo-comentarista-da-Rede-Globo.webp","articleSection":["Cruzeiro"],"inLanguage":"pt-BR","potentialAction":[{"@type":"CommentAction","name":"Comment","target":["https:\/\/www.gaveanews.com\/index.php\/2025\/05\/05\/a-declaracao-de-felipe-melo-direcionada-a-leo-jardim-do-cruzeiro\/#respond"]}],"copyrightYear":"2025","copyrightHolder":{"@id":"https:\/\/www.gaveanews.com\/#organization"}},{"@type":"WebPage","@id":"https:\/\/www.gaveanews.com\/index.php\/2025\/05\/05\/a-declaracao-de-felipe-melo-direcionada-a-leo-jardim-do-cruzeiro\/","url":"https:\/\/www.gaveanews.com\/index.php\/2025\/05\/05\/a-declaracao-de-felipe-melo-direcionada-a-leo-jardim-do-cruzeiro\/","name":"A declara\u00e7\u00e3o de Felipe Melo direcionada a L\u00e9o Jardim, do Cruzeiro","isPartOf":{"@id":"https:\/\/www.gaveanews.com\/#website"},"primaryImageOfPage":{"@id":"https:\/\/www.gaveanews.com\/index.php\/2025\/05\/05\/a-declaracao-de-felipe-melo-direcionada-a-leo-jardim-do-cruzeiro\/#primaryimage"},"image":{"@id":"https:\/\/www.gaveanews.com\/index.php\/2025\/05\/05\/a-declaracao-de-felipe-melo-direcionada-a-leo-jardim-do-cruzeiro\/#primaryimage"},"thumbnailUrl":"https:\/\/www.gaveanews.com\/wp-content\/uploads\/Felipe-Melo-comentarista-da-Rede-Globo.webp","datePublished":"2025-05-05T19:50:00+00:00","author":{"@id":"https:\/\/www.gaveanews.com\/#\/schema\/person\/8207cd4627f56151707418bfc835b2fb"},"breadcrumb":{"@id":"https:\/\/www.gaveanews.com\/index.php\/2025\/05\/05\/a-declaracao-de-felipe-melo-direcionada-a-leo-jardim-do-cruzeiro\/#breadcrumb"},"inLanguage":"pt-BR","potentialAction":[{"@type":"ReadAction","target":["https:\/\/www.gaveanews.com\/index.php\/2025\/05\/05\/a-declaracao-de-felipe-melo-direcionada-a-leo-jardim-do-cruzeiro\/"]}]},{"@type":"ImageObject","inLanguage":"pt-BR","@id":"https:\/\/www.gaveanews.com\/index.php\/2025\/05\/05\/a-declaracao-de-felipe-melo-direcionada-a-leo-jardim-do-cruzeiro\/#primaryimage","url":"https:\/\/www.gaveanews.com\/wp-content\/uploads\/Felipe-Melo-comentarista-da-Rede-Globo.webp","contentUrl":"https:\/\/www.gaveanews.com\/wp-content\/uploads\/Felipe-Melo-comentarista-da-Rede-Globo.webp","width":900,"height":600,"caption":"Felipe Melo, comentarista da Rede Globo (Foto: Marcelo de Jesus)"},{"@type":"BreadcrumbList","@id":"https:\/\/www.gaveanews.com\/index.php\/2025\/05\/05\/a-declaracao-de-felipe-melo-direcionada-a-leo-jardim-do-cruzeiro\/#breadcrumb","itemListElement":[{"@type":"ListItem","position":1,"name":"Home","item":"https:\/\/www.gaveanews.com\/"},{"@type":"ListItem","position":2,"name":"A declara\u00e7\u00e3o de Felipe Melo direcionada a L\u00e9o Jardim, do Cruzeiro"}]},{"@type":"WebSite","@id":"https:\/\/www.gaveanews.com\/#website","url":"https:\/\/www.gaveanews.com\/","name":"G\u00e1vea News","description":"Veja todas as not\u00edcias sobre o Flamengo: Contrata\u00e7\u00f5es, categorias de base, resultados das partidas, tabela de classifica\u00e7\u00e3o, pr\u00f3ximos jogos!","potentialAction":[{"@type":"SearchAction","target":{"@type":"EntryPoint","urlTemplate":"https:\/\/www.gaveanews.com\/?s={search_term_string}"},"query-input":{"@type":"PropertyValueSpecification","valueRequired":true,"valueName":"search_term_string"}}],"inLanguage":"pt-BR"},{"@type":"Person","@id":"https:\/\/www.gaveanews.com\/#\/schema\/person\/8207cd4627f56151707418bfc835b2fb","name":"Matheus Felipe","image":{"@type":"ImageObject","inLanguage":"pt-BR","@id":"https:\/\/www.gaveanews.com\/#\/schema\/person\/image\/","url":"https:\/\/secure.gravatar.com\/avatar\/a452ffbed9130f726358b298bb3a99ce4bd3c5338411f8440e87e14d74c7c087?s=96&d=mm&r=g","contentUrl":"https:\/\/secure.gravatar.com\/avatar\/a452ffbed9130f726358b298bb3a99ce4bd3c5338411f8440e87e14d74c7c087?s=96&d=mm&r=g","caption":"Matheus Felipe"}}]}},"_links":{"self":[{"href":"https:\/\/www.gaveanews.com\/index.php\/wp-json\/wp\/v2\/posts\/260663","targetHints":{"allow":["GET"]}}],"collection":[{"href":"https:\/\/www.gaveanews.com\/index.php\/wp-json\/wp\/v2\/posts"}],"about":[{"href":"https:\/\/www.gaveanews.com\/index.php\/wp-json\/wp\/v2\/types\/post"}],"author":[{"embeddable":true,"href":"https:\/\/www.gaveanews.com\/index.php\/wp-json\/wp\/v2\/users\/27"}],"replies":[{"embeddable":true,"href":"https:\/\/www.gaveanews.com\/index.php\/wp-json\/wp\/v2\/comments?post=260663"}],"version-history":[{"count":1,"href":"https:\/\/www.gaveanews.com\/index.php\/wp-json\/wp\/v2\/posts\/260663\/revisions"}],"predecessor-version":[{"id":260669,"href":"https:\/\/www.gaveanews.com\/index.php\/wp-json\/wp\/v2\/posts\/260663\/revisions\/260669"}],"wp:featuredmedia":[{"embeddable":true,"href":"https:\/\/www.gaveanews.com\/index.php\/wp-json\/wp\/v2\/media\/244418"}],"wp:attachment":[{"href":"https:\/\/www.gaveanews.com\/index.php\/wp-json\/wp\/v2\/media?parent=260663"}],"wp:term":[{"taxonomy":"category","embeddable":true,"href":"https:\/\/www.gaveanews.com\/index.php\/wp-json\/wp\/v2\/categories?post=260663"},{"taxonomy":"post_tag","embeddable":true,"href":"https:\/\/www.gaveanews.com\/index.php\/wp-json\/wp\/v2\/tags?post=260663"}],"curies":[{"name":"wp","href":"https:\/\/api.w.org\/{rel}","templated":true}]}}