{"id":260693,"date":"2025-05-05T17:55:00","date_gmt":"2025-05-05T20:55:00","guid":{"rendered":"https:\/\/www.gaveanews.com\/?p=260693"},"modified":"2025-05-05T15:51:54","modified_gmt":"2025-05-05T18:51:54","slug":"reforco-veja-detalhes-do-contrato-de-dudu-com-o-atletico-mg","status":"publish","type":"post","link":"https:\/\/www.gaveanews.com\/index.php\/2025\/05\/05\/reforco-veja-detalhes-do-contrato-de-dudu-com-o-atletico-mg\/","title":{"rendered":"Refor\u00e7o! Veja detalhes do contrato de Dudu com o Atl\u00e9tico-MG"},"content":{"rendered":"\n<p>O Atl\u00e9tico-MG est\u00e1 pr\u00f3ximo de confirmar a contrata\u00e7\u00e3o do atacante Dudu. Livre no mercado ap\u00f3s rescindir contrato com o Cruzeiro, o jogador j\u00e1 tem acerto verbal com o clube alvinegro e aguarda apenas a realiza\u00e7\u00e3o dos exames m\u00e9dicos para formalizar o v\u00ednculo. O contrato prev\u00ea compromisso inicial at\u00e9 o fim de 2026, com possibilidade de extens\u00e3o por mais uma temporada, caso metas estipuladas no acordo sejam cumpridas.<\/p>\n\n\n\n<p>Conforme apurado, as tratativas entre as partes evolu\u00edram rapidamente. O aval do t\u00e9cnico Cuca, que trabalhou anteriormente com Dudu no Palmeiras, foi determinante para o avan\u00e7o das negocia\u00e7\u00f5es. O pr\u00f3prio empres\u00e1rio do atleta, Andr\u00e9 Cury, confirmou que as conversas est\u00e3o em est\u00e1gio final. <\/p>\n\n\n\n<p>\u201cAs conversas est\u00e3o bem encaminhadas e a tend\u00eancia \u00e9 de que haja um desfecho nesta semana\u201d, declarou o representante.<\/p>\n\n\n\n<p>O sal\u00e1rio do jogador no Atl\u00e9tico ser\u00e1 em torno de R$ 900 mil mensais, praticamente a metade do que recebia no Cruzeiro, onde ganhava cerca de R$ 1,8 milh\u00e3o. O valor, ali\u00e1s, \u00e9 equivalente aos vencimentos de nomes como Rony, Bernard, Gustavo Scarpa e J\u00fanior Santos, que j\u00e1 fazem parte do elenco atleticano.<\/p>\n\n\n\n<h2 class=\"wp-block-heading\" id=\"h-saida-do-cruzeiro\">Sa\u00edda do Cruzeiro<\/h2>\n\n\n\n<p>A rescis\u00e3o contratual com o Cruzeiro ocorreu em meio a uma s\u00e9rie de atritos. O estopim foi a insatisfa\u00e7\u00e3o p\u00fablica de Dudu ao ser deixado no banco pelo t\u00e9cnico Leonardo Jardim durante partida do Campeonato Brasileiro contra o Vasco. <\/p>\n\n\n\n<p>\u201cA partir daquele momento, a rela\u00e7\u00e3o se desgastou irreversivelmente\u201d, revelou uma fonte ligada ao estafe do jogador. Al\u00e9m disso, houve cr\u00edticas \u00e0 postura do atleta em treinamentos e ao comportamento nos jogos em que foi acionado, o que motivou o afastamento com o respaldo da diretoria.<\/p>\n\n\n\n<p>Antes da sa\u00edda, o atacante tamb\u00e9m ficou de fora da rela\u00e7\u00e3o para o confronto diante do Vila Nova. Mesmo com um retorno moment\u00e2neo aos treinamentos na Toca da Raposa, o acordo para rescis\u00e3o foi formalizado na \u00faltima sexta-feira (02). Vale lembrar que o contrato anterior com o Cruzeiro tinha validade at\u00e9 o fim de 2027.<\/p>\n\n\n\n<h2 class=\"wp-block-heading\" id=\"h-pedido-de-cuca\">Pedido de Cuca<\/h2>\n\n\n\n<p>No Atl\u00e9tico, Dudu ter\u00e1 a miss\u00e3o de disputar posi\u00e7\u00e3o com atletas que j\u00e1 vinham sendo utilizados com frequ\u00eancia por Cuca. Entre os principais concorrentes est\u00e3o o ex-companheiro Rony, al\u00e9m de Cuello e J\u00fanior Santos. A mudan\u00e7a para a Arena MRV tamb\u00e9m traz uma particularidade: em sua passagem pelo Palmeiras, o atacante participou de campanhas contra o uso de gramado sint\u00e9tico, justamente o tipo de piso utilizado no novo est\u00e1dio do Galo.<\/p>\n\n\n\n<p>A expectativa \u00e9 que o jogador desembarque na Cidade do Galo ainda nesta semana. Caso seja aprovado nos exames cl\u00ednicos, a assinatura de contrato ser\u00e1 a etapa final para a confirma\u00e7\u00e3o oficial de mais um refor\u00e7o no elenco alvinegro.<\/p>\n","protected":false},"excerpt":{"rendered":"<p>O Atl\u00e9tico-MG est\u00e1 pr\u00f3ximo de confirmar a contrata\u00e7\u00e3o do atacante Dudu. Livre no mercado ap\u00f3s rescindir contrato com o Cruzeiro, o jogador j\u00e1 tem acerto verbal com o clube alvinegro e aguarda apenas a realiza\u00e7\u00e3o dos exames m\u00e9dicos para formalizar o v\u00ednculo. O contrato prev\u00ea compromisso inicial at\u00e9 o fim de 2026, com possibilidade de [&hellip;]<\/p>\n","protected":false},"author":30,"featured_media":225511,"comment_status":"open","ping_status":"closed","sticky":false,"template":"","format":"standard","meta":{"footnotes":""},"categories":[136,478,143],"tags":[],"class_list":["post-260693","post","type-post","status-publish","format-standard","has-post-thumbnail","hentry","category-atletico-mg","category-brasil","category-cruzeiro"],"yoast_head":"<!-- This site is optimized with the Yoast SEO Premium plugin v24.2 (Yoast SEO v26.9) - https:\/\/yoast.com\/product\/yoast-seo-premium-wordpress\/ -->\n<title>Refor\u00e7o! Veja detalhes do contrato de Dudu com o Atl\u00e9tico-MG<\/title>\n<meta name=\"robots\" content=\"index, follow, max-snippet:-1, max-image-preview:large, max-video-preview:-1\" \/>\n<link rel=\"canonical\" href=\"https:\/\/www.gaveanews.com\/index.php\/2025\/05\/05\/reforco-veja-detalhes-do-contrato-de-dudu-com-o-atletico-mg\/\" \/>\n<meta property=\"og:locale\" content=\"pt_BR\" \/>\n<meta property=\"og:type\" content=\"article\" \/>\n<meta property=\"og:title\" content=\"Refor\u00e7o! Veja detalhes do contrato de Dudu com o Atl\u00e9tico-MG\" \/>\n<meta property=\"og:description\" content=\"O Atl\u00e9tico-MG est\u00e1 pr\u00f3ximo de confirmar a contrata\u00e7\u00e3o do atacante Dudu. Livre no mercado ap\u00f3s rescindir contrato com o Cruzeiro, o jogador j\u00e1 tem acerto verbal com o clube alvinegro e aguarda apenas a realiza\u00e7\u00e3o dos exames m\u00e9dicos para formalizar o v\u00ednculo. O contrato prev\u00ea compromisso inicial at\u00e9 o fim de 2026, com possibilidade de [&hellip;]\" \/>\n<meta property=\"og:url\" content=\"https:\/\/www.gaveanews.com\/index.php\/2025\/05\/05\/reforco-veja-detalhes-do-contrato-de-dudu-com-o-atletico-mg\/\" \/>\n<meta property=\"og:site_name\" content=\"G\u00e1vea News\" \/>\n<meta property=\"article:publisher\" content=\"https:\/\/facebook.com\/gaveaNews\/\" \/>\n<meta property=\"article:published_time\" content=\"2025-05-05T20:55:00+00:00\" \/>\n<meta property=\"og:image\" content=\"https:\/\/www.gaveanews.com\/wp-content\/uploads\/dudu-cruzeiro.webp\" \/>\n\t<meta property=\"og:image:width\" content=\"688\" \/>\n\t<meta property=\"og:image:height\" content=\"379\" \/>\n\t<meta property=\"og:image:type\" content=\"image\/png\" \/>\n<meta name=\"author\" content=\"Ana Teixeira\" \/>\n<meta name=\"twitter:card\" content=\"summary_large_image\" \/>\n<meta name=\"twitter:label1\" content=\"Escrito por\" \/>\n\t<meta name=\"twitter:data1\" content=\"Ana Teixeira\" \/>\n\t<meta name=\"twitter:label2\" content=\"Est. tempo de leitura\" \/>\n\t<meta name=\"twitter:data2\" content=\"3 minutos\" \/>\n<script type=\"application\/ld+json\" class=\"yoast-schema-graph\">{\"@context\":\"https:\/\/schema.org\",\"@graph\":[{\"@type\":\"NewsArticle\",\"@id\":\"https:\/\/www.gaveanews.com\/index.php\/2025\/05\/05\/reforco-veja-detalhes-do-contrato-de-dudu-com-o-atletico-mg\/#article\",\"isPartOf\":{\"@id\":\"https:\/\/www.gaveanews.com\/index.php\/2025\/05\/05\/reforco-veja-detalhes-do-contrato-de-dudu-com-o-atletico-mg\/\"},\"author\":{\"name\":\"Ana Teixeira\",\"@id\":\"https:\/\/www.gaveanews.com\/#\/schema\/person\/3b19f7288b0ce20372991275e4f2e6c2\"},\"headline\":\"Refor\u00e7o! Veja detalhes do contrato de Dudu com o Atl\u00e9tico-MG\",\"datePublished\":\"2025-05-05T20:55:00+00:00\",\"mainEntityOfPage\":{\"@id\":\"https:\/\/www.gaveanews.com\/index.php\/2025\/05\/05\/reforco-veja-detalhes-do-contrato-de-dudu-com-o-atletico-mg\/\"},\"wordCount\":492,\"commentCount\":0,\"image\":{\"@id\":\"https:\/\/www.gaveanews.com\/index.php\/2025\/05\/05\/reforco-veja-detalhes-do-contrato-de-dudu-com-o-atletico-mg\/#primaryimage\"},\"thumbnailUrl\":\"https:\/\/www.gaveanews.com\/wp-content\/uploads\/dudu-cruzeiro.webp\",\"articleSection\":[\"Atl\u00e9tico-MG\",\"Brasil\",\"Cruzeiro\"],\"inLanguage\":\"pt-BR\",\"potentialAction\":[{\"@type\":\"CommentAction\",\"name\":\"Comment\",\"target\":[\"https:\/\/www.gaveanews.com\/index.php\/2025\/05\/05\/reforco-veja-detalhes-do-contrato-de-dudu-com-o-atletico-mg\/#respond\"]}],\"copyrightYear\":\"2025\",\"copyrightHolder\":{\"@id\":\"https:\/\/www.gaveanews.com\/#organization\"}},{\"@type\":\"WebPage\",\"@id\":\"https:\/\/www.gaveanews.com\/index.php\/2025\/05\/05\/reforco-veja-detalhes-do-contrato-de-dudu-com-o-atletico-mg\/\",\"url\":\"https:\/\/www.gaveanews.com\/index.php\/2025\/05\/05\/reforco-veja-detalhes-do-contrato-de-dudu-com-o-atletico-mg\/\",\"name\":\"Refor\u00e7o! Veja detalhes do contrato de Dudu com o Atl\u00e9tico-MG\",\"isPartOf\":{\"@id\":\"https:\/\/www.gaveanews.com\/#website\"},\"primaryImageOfPage\":{\"@id\":\"https:\/\/www.gaveanews.com\/index.php\/2025\/05\/05\/reforco-veja-detalhes-do-contrato-de-dudu-com-o-atletico-mg\/#primaryimage\"},\"image\":{\"@id\":\"https:\/\/www.gaveanews.com\/index.php\/2025\/05\/05\/reforco-veja-detalhes-do-contrato-de-dudu-com-o-atletico-mg\/#primaryimage\"},\"thumbnailUrl\":\"https:\/\/www.gaveanews.com\/wp-content\/uploads\/dudu-cruzeiro.webp\",\"datePublished\":\"2025-05-05T20:55:00+00:00\",\"author\":{\"@id\":\"https:\/\/www.gaveanews.com\/#\/schema\/person\/3b19f7288b0ce20372991275e4f2e6c2\"},\"breadcrumb\":{\"@id\":\"https:\/\/www.gaveanews.com\/index.php\/2025\/05\/05\/reforco-veja-detalhes-do-contrato-de-dudu-com-o-atletico-mg\/#breadcrumb\"},\"inLanguage\":\"pt-BR\",\"potentialAction\":[{\"@type\":\"ReadAction\",\"target\":[\"https:\/\/www.gaveanews.com\/index.php\/2025\/05\/05\/reforco-veja-detalhes-do-contrato-de-dudu-com-o-atletico-mg\/\"]}]},{\"@type\":\"ImageObject\",\"inLanguage\":\"pt-BR\",\"@id\":\"https:\/\/www.gaveanews.com\/index.php\/2025\/05\/05\/reforco-veja-detalhes-do-contrato-de-dudu-com-o-atletico-mg\/#primaryimage\",\"url\":\"https:\/\/www.gaveanews.com\/wp-content\/uploads\/dudu-cruzeiro.webp\",\"contentUrl\":\"https:\/\/www.gaveanews.com\/wp-content\/uploads\/dudu-cruzeiro.webp\",\"width\":688,\"height\":379,\"caption\":\"Dudu, jogador do Cruzeiro - Foto: Reprodu\u00e7\u00e3o\"},{\"@type\":\"BreadcrumbList\",\"@id\":\"https:\/\/www.gaveanews.com\/index.php\/2025\/05\/05\/reforco-veja-detalhes-do-contrato-de-dudu-com-o-atletico-mg\/#breadcrumb\",\"itemListElement\":[{\"@type\":\"ListItem\",\"position\":1,\"name\":\"Home\",\"item\":\"https:\/\/www.gaveanews.com\/\"},{\"@type\":\"ListItem\",\"position\":2,\"name\":\"Refor\u00e7o! Veja detalhes do contrato de Dudu com o Atl\u00e9tico-MG\"}]},{\"@type\":\"WebSite\",\"@id\":\"https:\/\/www.gaveanews.com\/#website\",\"url\":\"https:\/\/www.gaveanews.com\/\",\"name\":\"G\u00e1vea News\",\"description\":\"Veja todas as not\u00edcias sobre o Flamengo: Contrata\u00e7\u00f5es, categorias de base, resultados das partidas, tabela de classifica\u00e7\u00e3o, pr\u00f3ximos jogos!\",\"potentialAction\":[{\"@type\":\"SearchAction\",\"target\":{\"@type\":\"EntryPoint\",\"urlTemplate\":\"https:\/\/www.gaveanews.com\/?s={search_term_string}\"},\"query-input\":{\"@type\":\"PropertyValueSpecification\",\"valueRequired\":true,\"valueName\":\"search_term_string\"}}],\"inLanguage\":\"pt-BR\"},{\"@type\":\"Person\",\"@id\":\"https:\/\/www.gaveanews.com\/#\/schema\/person\/3b19f7288b0ce20372991275e4f2e6c2\",\"name\":\"Ana Teixeira\",\"image\":{\"@type\":\"ImageObject\",\"inLanguage\":\"pt-BR\",\"@id\":\"https:\/\/www.gaveanews.com\/#\/schema\/person\/image\/\",\"url\":\"https:\/\/secure.gravatar.com\/avatar\/0a73f5a5258f3fed37fc2fa641892f3f7a4748456d4d4792f9bc550e6c19e06c?s=96&d=mm&r=g\",\"contentUrl\":\"https:\/\/secure.gravatar.com\/avatar\/0a73f5a5258f3fed37fc2fa641892f3f7a4748456d4d4792f9bc550e6c19e06c?s=96&d=mm&r=g\",\"caption\":\"Ana Teixeira\"}}]}<\/script>\n<!-- \/ Yoast SEO Premium plugin. -->","yoast_head_json":{"title":"Refor\u00e7o! Veja detalhes do contrato de Dudu com o Atl\u00e9tico-MG","robots":{"index":"index","follow":"follow","max-snippet":"max-snippet:-1","max-image-preview":"max-image-preview:large","max-video-preview":"max-video-preview:-1"},"canonical":"https:\/\/www.gaveanews.com\/index.php\/2025\/05\/05\/reforco-veja-detalhes-do-contrato-de-dudu-com-o-atletico-mg\/","og_locale":"pt_BR","og_type":"article","og_title":"Refor\u00e7o! Veja detalhes do contrato de Dudu com o Atl\u00e9tico-MG","og_description":"O Atl\u00e9tico-MG est\u00e1 pr\u00f3ximo de confirmar a contrata\u00e7\u00e3o do atacante Dudu. Livre no mercado ap\u00f3s rescindir contrato com o Cruzeiro, o jogador j\u00e1 tem acerto verbal com o clube alvinegro e aguarda apenas a realiza\u00e7\u00e3o dos exames m\u00e9dicos para formalizar o v\u00ednculo. O contrato prev\u00ea compromisso inicial at\u00e9 o fim de 2026, com possibilidade de [&hellip;]","og_url":"https:\/\/www.gaveanews.com\/index.php\/2025\/05\/05\/reforco-veja-detalhes-do-contrato-de-dudu-com-o-atletico-mg\/","og_site_name":"G\u00e1vea News","article_publisher":"https:\/\/facebook.com\/gaveaNews\/","article_published_time":"2025-05-05T20:55:00+00:00","og_image":[{"width":688,"height":379,"url":"https:\/\/www.gaveanews.com\/wp-content\/uploads\/dudu-cruzeiro.webp","type":"image\/png"}],"author":"Ana Teixeira","twitter_card":"summary_large_image","twitter_misc":{"Escrito por":"Ana Teixeira","Est. tempo de leitura":"3 minutos"},"schema":{"@context":"https:\/\/schema.org","@graph":[{"@type":"NewsArticle","@id":"https:\/\/www.gaveanews.com\/index.php\/2025\/05\/05\/reforco-veja-detalhes-do-contrato-de-dudu-com-o-atletico-mg\/#article","isPartOf":{"@id":"https:\/\/www.gaveanews.com\/index.php\/2025\/05\/05\/reforco-veja-detalhes-do-contrato-de-dudu-com-o-atletico-mg\/"},"author":{"name":"Ana Teixeira","@id":"https:\/\/www.gaveanews.com\/#\/schema\/person\/3b19f7288b0ce20372991275e4f2e6c2"},"headline":"Refor\u00e7o! Veja detalhes do contrato de Dudu com o Atl\u00e9tico-MG","datePublished":"2025-05-05T20:55:00+00:00","mainEntityOfPage":{"@id":"https:\/\/www.gaveanews.com\/index.php\/2025\/05\/05\/reforco-veja-detalhes-do-contrato-de-dudu-com-o-atletico-mg\/"},"wordCount":492,"commentCount":0,"image":{"@id":"https:\/\/www.gaveanews.com\/index.php\/2025\/05\/05\/reforco-veja-detalhes-do-contrato-de-dudu-com-o-atletico-mg\/#primaryimage"},"thumbnailUrl":"https:\/\/www.gaveanews.com\/wp-content\/uploads\/dudu-cruzeiro.webp","articleSection":["Atl\u00e9tico-MG","Brasil","Cruzeiro"],"inLanguage":"pt-BR","potentialAction":[{"@type":"CommentAction","name":"Comment","target":["https:\/\/www.gaveanews.com\/index.php\/2025\/05\/05\/reforco-veja-detalhes-do-contrato-de-dudu-com-o-atletico-mg\/#respond"]}],"copyrightYear":"2025","copyrightHolder":{"@id":"https:\/\/www.gaveanews.com\/#organization"}},{"@type":"WebPage","@id":"https:\/\/www.gaveanews.com\/index.php\/2025\/05\/05\/reforco-veja-detalhes-do-contrato-de-dudu-com-o-atletico-mg\/","url":"https:\/\/www.gaveanews.com\/index.php\/2025\/05\/05\/reforco-veja-detalhes-do-contrato-de-dudu-com-o-atletico-mg\/","name":"Refor\u00e7o! Veja detalhes do contrato de Dudu com o Atl\u00e9tico-MG","isPartOf":{"@id":"https:\/\/www.gaveanews.com\/#website"},"primaryImageOfPage":{"@id":"https:\/\/www.gaveanews.com\/index.php\/2025\/05\/05\/reforco-veja-detalhes-do-contrato-de-dudu-com-o-atletico-mg\/#primaryimage"},"image":{"@id":"https:\/\/www.gaveanews.com\/index.php\/2025\/05\/05\/reforco-veja-detalhes-do-contrato-de-dudu-com-o-atletico-mg\/#primaryimage"},"thumbnailUrl":"https:\/\/www.gaveanews.com\/wp-content\/uploads\/dudu-cruzeiro.webp","datePublished":"2025-05-05T20:55:00+00:00","author":{"@id":"https:\/\/www.gaveanews.com\/#\/schema\/person\/3b19f7288b0ce20372991275e4f2e6c2"},"breadcrumb":{"@id":"https:\/\/www.gaveanews.com\/index.php\/2025\/05\/05\/reforco-veja-detalhes-do-contrato-de-dudu-com-o-atletico-mg\/#breadcrumb"},"inLanguage":"pt-BR","potentialAction":[{"@type":"ReadAction","target":["https:\/\/www.gaveanews.com\/index.php\/2025\/05\/05\/reforco-veja-detalhes-do-contrato-de-dudu-com-o-atletico-mg\/"]}]},{"@type":"ImageObject","inLanguage":"pt-BR","@id":"https:\/\/www.gaveanews.com\/index.php\/2025\/05\/05\/reforco-veja-detalhes-do-contrato-de-dudu-com-o-atletico-mg\/#primaryimage","url":"https:\/\/www.gaveanews.com\/wp-content\/uploads\/dudu-cruzeiro.webp","contentUrl":"https:\/\/www.gaveanews.com\/wp-content\/uploads\/dudu-cruzeiro.webp","width":688,"height":379,"caption":"Dudu, jogador do Cruzeiro - Foto: Reprodu\u00e7\u00e3o"},{"@type":"BreadcrumbList","@id":"https:\/\/www.gaveanews.com\/index.php\/2025\/05\/05\/reforco-veja-detalhes-do-contrato-de-dudu-com-o-atletico-mg\/#breadcrumb","itemListElement":[{"@type":"ListItem","position":1,"name":"Home","item":"https:\/\/www.gaveanews.com\/"},{"@type":"ListItem","position":2,"name":"Refor\u00e7o! Veja detalhes do contrato de Dudu com o Atl\u00e9tico-MG"}]},{"@type":"WebSite","@id":"https:\/\/www.gaveanews.com\/#website","url":"https:\/\/www.gaveanews.com\/","name":"G\u00e1vea News","description":"Veja todas as not\u00edcias sobre o Flamengo: Contrata\u00e7\u00f5es, categorias de base, resultados das partidas, tabela de classifica\u00e7\u00e3o, pr\u00f3ximos jogos!","potentialAction":[{"@type":"SearchAction","target":{"@type":"EntryPoint","urlTemplate":"https:\/\/www.gaveanews.com\/?s={search_term_string}"},"query-input":{"@type":"PropertyValueSpecification","valueRequired":true,"valueName":"search_term_string"}}],"inLanguage":"pt-BR"},{"@type":"Person","@id":"https:\/\/www.gaveanews.com\/#\/schema\/person\/3b19f7288b0ce20372991275e4f2e6c2","name":"Ana Teixeira","image":{"@type":"ImageObject","inLanguage":"pt-BR","@id":"https:\/\/www.gaveanews.com\/#\/schema\/person\/image\/","url":"https:\/\/secure.gravatar.com\/avatar\/0a73f5a5258f3fed37fc2fa641892f3f7a4748456d4d4792f9bc550e6c19e06c?s=96&d=mm&r=g","contentUrl":"https:\/\/secure.gravatar.com\/avatar\/0a73f5a5258f3fed37fc2fa641892f3f7a4748456d4d4792f9bc550e6c19e06c?s=96&d=mm&r=g","caption":"Ana Teixeira"}}]}},"_links":{"self":[{"href":"https:\/\/www.gaveanews.com\/index.php\/wp-json\/wp\/v2\/posts\/260693","targetHints":{"allow":["GET"]}}],"collection":[{"href":"https:\/\/www.gaveanews.com\/index.php\/wp-json\/wp\/v2\/posts"}],"about":[{"href":"https:\/\/www.gaveanews.com\/index.php\/wp-json\/wp\/v2\/types\/post"}],"author":[{"embeddable":true,"href":"https:\/\/www.gaveanews.com\/index.php\/wp-json\/wp\/v2\/users\/30"}],"replies":[{"embeddable":true,"href":"https:\/\/www.gaveanews.com\/index.php\/wp-json\/wp\/v2\/comments?post=260693"}],"version-history":[{"count":1,"href":"https:\/\/www.gaveanews.com\/index.php\/wp-json\/wp\/v2\/posts\/260693\/revisions"}],"predecessor-version":[{"id":260708,"href":"https:\/\/www.gaveanews.com\/index.php\/wp-json\/wp\/v2\/posts\/260693\/revisions\/260708"}],"wp:featuredmedia":[{"embeddable":true,"href":"https:\/\/www.gaveanews.com\/index.php\/wp-json\/wp\/v2\/media\/225511"}],"wp:attachment":[{"href":"https:\/\/www.gaveanews.com\/index.php\/wp-json\/wp\/v2\/media?parent=260693"}],"wp:term":[{"taxonomy":"category","embeddable":true,"href":"https:\/\/www.gaveanews.com\/index.php\/wp-json\/wp\/v2\/categories?post=260693"},{"taxonomy":"post_tag","embeddable":true,"href":"https:\/\/www.gaveanews.com\/index.php\/wp-json\/wp\/v2\/tags?post=260693"}],"curies":[{"name":"wp","href":"https:\/\/api.w.org\/{rel}","templated":true}]}}