{"id":260697,"date":"2025-05-07T14:30:00","date_gmt":"2025-05-07T17:30:00","guid":{"rendered":"https:\/\/www.gaveanews.com\/?p=260697"},"modified":"2025-05-07T13:55:30","modified_gmt":"2025-05-07T16:55:30","slug":"velloso-aprova-contratacao-de-goleiro-pelo-palmeiras","status":"publish","type":"post","link":"https:\/\/www.gaveanews.com\/index.php\/2025\/05\/07\/velloso-aprova-contratacao-de-goleiro-pelo-palmeiras\/","title":{"rendered":"Velloso aprova contrata\u00e7\u00e3o de goleiro pelo Palmeiras"},"content":{"rendered":"\n<p>Com Weverton prestes a completar 38 anos, Velloso j\u00e1 projetou o futuro goleiro titular do Palmeiras. Em seu canal no YouTube, o ex-atleta indicou a contrata\u00e7\u00e3o de Carlos Miguel, ex-Corinthians e atualmente no Nottingham Forest, como nome ideal para a posi\u00e7\u00e3o.<\/p>\n\n\n\n<p>\u201cSe eu tenho a caneta no Palmeiras, eu vou atr\u00e1s do Carlos Miguel, que n\u00e3o est\u00e1 jogando no Nottingham Forest. \u00c9 um goleiro r\u00e1pido que tem um porte de 2.05m. Tem uma t\u00e9cnica muito legal, apesar da estatura\u201d, disse Velloso.<\/p>\n\n\n\n<p>\u201cSe eu tenho a caneta, eu vou atr\u00e1s desse goleiro [\u2026] Por n\u00e3o estar jogando, eu acho que poderia ter uma facilidade de traz\u00ea-lo de volta ao Brasil\u201d, completou.<\/p>\n\n\n\n<p>O Palmeiras realmente j\u00e1 se preocupa com o futuro da posi\u00e7\u00e3o. Isso porque Weverton, que tem contrato at\u00e9 o fim de 2026, completa 38 anos em dezembro. Marcelo Lomba far\u00e1 39 anos no mesmo m\u00eas. Velloso afirmou que o nome de Carlos Miguel seria o ideal e disse que at\u00e9 j\u00e1 ouviu boatos sobre o ex-Corinthians.<\/p>\n\n\n\n<p>\u201cO Weverton est\u00e1 chegando em 38 anos, o Lomba tamb\u00e9m. Vai precisar contratar um goleiro mesmo no ano que vem ou no pr\u00f3ximo. Se eu tivesse (condi\u00e7\u00e3o), eu iria atr\u00e1s do Carlos Miguel. Gosto desse goleiro. Eu j\u00e1 ouvi at\u00e9 um zum-zum-zum. Mas a gente n\u00e3o sabe muito porque n\u00e3o vaza muita not\u00edcia, mas \u00e9 um goleiro que eu gosto muito\u201d, analisou Velloso.<\/p>\n\n\n\n<p>Nos \u00faltimos dias, o Palmeiras sondou a situa\u00e7\u00e3o do goleiro Gabriel Grando, de 25 anos, e atualmente reserva de Tiago Volpi, no Gr\u00eamio. O Tricolor Ga\u00facho, no entanto, n\u00e3o demonstrou interesse em negociar o jogador.<\/p>\n\n\n\n<p>Carlos Miguel foi vendido ao Nottingham Forest por 4 milh\u00f5es de euros, cerca de R$ 23,6 milh\u00f5es na cota\u00e7\u00e3o da \u00e9poca. Inclusive, os valores foram muito criticados pela torcida e imprensa, que avaliaram uma negocia\u00e7\u00e3o ruim do Tim\u00e3o. Ele tem contrato com o clube ingl\u00eas at\u00e9 junho de 2028.<\/p>\n","protected":false},"excerpt":{"rendered":"<p>Com Weverton prestes a completar 38 anos, Velloso j\u00e1 projetou o futuro goleiro titular do Palmeiras. Em seu canal no YouTube, o ex-atleta indicou a contrata\u00e7\u00e3o de Carlos Miguel, ex-Corinthians e atualmente no Nottingham Forest, como nome ideal para a posi\u00e7\u00e3o. \u201cSe eu tenho a caneta no Palmeiras, eu vou atr\u00e1s do Carlos Miguel, que [&hellip;]<\/p>\n","protected":false},"author":32,"featured_media":211044,"comment_status":"open","ping_status":"closed","sticky":false,"template":"","format":"standard","meta":{"footnotes":""},"categories":[150],"tags":[],"class_list":["post-260697","post","type-post","status-publish","format-standard","has-post-thumbnail","hentry","category-palmeiras"],"yoast_head":"<!-- This site is optimized with the Yoast SEO Premium plugin v24.2 (Yoast SEO v26.9) - https:\/\/yoast.com\/product\/yoast-seo-premium-wordpress\/ -->\n<title>Velloso aprova contrata\u00e7\u00e3o de goleiro pelo Palmeiras<\/title>\n<meta name=\"robots\" content=\"index, follow, max-snippet:-1, max-image-preview:large, max-video-preview:-1\" \/>\n<link rel=\"canonical\" href=\"https:\/\/www.gaveanews.com\/index.php\/2025\/05\/07\/velloso-aprova-contratacao-de-goleiro-pelo-palmeiras\/\" \/>\n<meta property=\"og:locale\" content=\"pt_BR\" \/>\n<meta property=\"og:type\" content=\"article\" \/>\n<meta property=\"og:title\" content=\"Velloso aprova contrata\u00e7\u00e3o de goleiro pelo Palmeiras\" \/>\n<meta property=\"og:description\" content=\"Com Weverton prestes a completar 38 anos, Velloso j\u00e1 projetou o futuro goleiro titular do Palmeiras. Em seu canal no YouTube, o ex-atleta indicou a contrata\u00e7\u00e3o de Carlos Miguel, ex-Corinthians e atualmente no Nottingham Forest, como nome ideal para a posi\u00e7\u00e3o. \u201cSe eu tenho a caneta no Palmeiras, eu vou atr\u00e1s do Carlos Miguel, que [&hellip;]\" \/>\n<meta property=\"og:url\" content=\"https:\/\/www.gaveanews.com\/index.php\/2025\/05\/07\/velloso-aprova-contratacao-de-goleiro-pelo-palmeiras\/\" \/>\n<meta property=\"og:site_name\" content=\"G\u00e1vea News\" \/>\n<meta property=\"article:publisher\" content=\"https:\/\/facebook.com\/gaveaNews\/\" \/>\n<meta property=\"article:published_time\" content=\"2025-05-07T17:30:00+00:00\" \/>\n<meta property=\"og:image\" content=\"https:\/\/www.gaveanews.com\/wp-content\/uploads\/Velloso-ex-goleiro.webp\" \/>\n\t<meta property=\"og:image:width\" content=\"661\" \/>\n\t<meta property=\"og:image:height\" content=\"454\" \/>\n\t<meta property=\"og:image:type\" content=\"image\/jpeg\" \/>\n<meta name=\"author\" content=\"Matheus Leal\" \/>\n<meta name=\"twitter:card\" content=\"summary_large_image\" \/>\n<meta name=\"twitter:label1\" content=\"Escrito por\" \/>\n\t<meta name=\"twitter:data1\" content=\"Matheus Leal\" \/>\n\t<meta name=\"twitter:label2\" content=\"Est. tempo de leitura\" \/>\n\t<meta name=\"twitter:data2\" content=\"2 minutos\" \/>\n<script type=\"application\/ld+json\" class=\"yoast-schema-graph\">{\"@context\":\"https:\/\/schema.org\",\"@graph\":[{\"@type\":\"NewsArticle\",\"@id\":\"https:\/\/www.gaveanews.com\/index.php\/2025\/05\/07\/velloso-aprova-contratacao-de-goleiro-pelo-palmeiras\/#article\",\"isPartOf\":{\"@id\":\"https:\/\/www.gaveanews.com\/index.php\/2025\/05\/07\/velloso-aprova-contratacao-de-goleiro-pelo-palmeiras\/\"},\"author\":{\"name\":\"Matheus Leal\",\"@id\":\"https:\/\/www.gaveanews.com\/#\/schema\/person\/49ac99b6823a2b8d5087a6ce3aaaa128\"},\"headline\":\"Velloso aprova contrata\u00e7\u00e3o de goleiro pelo Palmeiras\",\"datePublished\":\"2025-05-07T17:30:00+00:00\",\"mainEntityOfPage\":{\"@id\":\"https:\/\/www.gaveanews.com\/index.php\/2025\/05\/07\/velloso-aprova-contratacao-de-goleiro-pelo-palmeiras\/\"},\"wordCount\":337,\"commentCount\":0,\"image\":{\"@id\":\"https:\/\/www.gaveanews.com\/index.php\/2025\/05\/07\/velloso-aprova-contratacao-de-goleiro-pelo-palmeiras\/#primaryimage\"},\"thumbnailUrl\":\"https:\/\/www.gaveanews.com\/wp-content\/uploads\/Velloso-ex-goleiro.webp\",\"articleSection\":[\"Palmeiras\"],\"inLanguage\":\"pt-BR\",\"potentialAction\":[{\"@type\":\"CommentAction\",\"name\":\"Comment\",\"target\":[\"https:\/\/www.gaveanews.com\/index.php\/2025\/05\/07\/velloso-aprova-contratacao-de-goleiro-pelo-palmeiras\/#respond\"]}],\"copyrightYear\":\"2025\",\"copyrightHolder\":{\"@id\":\"https:\/\/www.gaveanews.com\/#organization\"}},{\"@type\":\"WebPage\",\"@id\":\"https:\/\/www.gaveanews.com\/index.php\/2025\/05\/07\/velloso-aprova-contratacao-de-goleiro-pelo-palmeiras\/\",\"url\":\"https:\/\/www.gaveanews.com\/index.php\/2025\/05\/07\/velloso-aprova-contratacao-de-goleiro-pelo-palmeiras\/\",\"name\":\"Velloso aprova contrata\u00e7\u00e3o de goleiro pelo Palmeiras\",\"isPartOf\":{\"@id\":\"https:\/\/www.gaveanews.com\/#website\"},\"primaryImageOfPage\":{\"@id\":\"https:\/\/www.gaveanews.com\/index.php\/2025\/05\/07\/velloso-aprova-contratacao-de-goleiro-pelo-palmeiras\/#primaryimage\"},\"image\":{\"@id\":\"https:\/\/www.gaveanews.com\/index.php\/2025\/05\/07\/velloso-aprova-contratacao-de-goleiro-pelo-palmeiras\/#primaryimage\"},\"thumbnailUrl\":\"https:\/\/www.gaveanews.com\/wp-content\/uploads\/Velloso-ex-goleiro.webp\",\"datePublished\":\"2025-05-07T17:30:00+00:00\",\"author\":{\"@id\":\"https:\/\/www.gaveanews.com\/#\/schema\/person\/49ac99b6823a2b8d5087a6ce3aaaa128\"},\"breadcrumb\":{\"@id\":\"https:\/\/www.gaveanews.com\/index.php\/2025\/05\/07\/velloso-aprova-contratacao-de-goleiro-pelo-palmeiras\/#breadcrumb\"},\"inLanguage\":\"pt-BR\",\"potentialAction\":[{\"@type\":\"ReadAction\",\"target\":[\"https:\/\/www.gaveanews.com\/index.php\/2025\/05\/07\/velloso-aprova-contratacao-de-goleiro-pelo-palmeiras\/\"]}]},{\"@type\":\"ImageObject\",\"inLanguage\":\"pt-BR\",\"@id\":\"https:\/\/www.gaveanews.com\/index.php\/2025\/05\/07\/velloso-aprova-contratacao-de-goleiro-pelo-palmeiras\/#primaryimage\",\"url\":\"https:\/\/www.gaveanews.com\/wp-content\/uploads\/Velloso-ex-goleiro.webp\",\"contentUrl\":\"https:\/\/www.gaveanews.com\/wp-content\/uploads\/Velloso-ex-goleiro.webp\",\"width\":661,\"height\":454,\"caption\":\"Velloso ex-goleiro (Foto: Reprodu\u00e7\u00e3o\/Band)\"},{\"@type\":\"BreadcrumbList\",\"@id\":\"https:\/\/www.gaveanews.com\/index.php\/2025\/05\/07\/velloso-aprova-contratacao-de-goleiro-pelo-palmeiras\/#breadcrumb\",\"itemListElement\":[{\"@type\":\"ListItem\",\"position\":1,\"name\":\"Home\",\"item\":\"https:\/\/www.gaveanews.com\/\"},{\"@type\":\"ListItem\",\"position\":2,\"name\":\"Velloso aprova contrata\u00e7\u00e3o de goleiro pelo Palmeiras\"}]},{\"@type\":\"WebSite\",\"@id\":\"https:\/\/www.gaveanews.com\/#website\",\"url\":\"https:\/\/www.gaveanews.com\/\",\"name\":\"G\u00e1vea News\",\"description\":\"Veja todas as not\u00edcias sobre o Flamengo: Contrata\u00e7\u00f5es, categorias de base, resultados das partidas, tabela de classifica\u00e7\u00e3o, pr\u00f3ximos jogos!\",\"potentialAction\":[{\"@type\":\"SearchAction\",\"target\":{\"@type\":\"EntryPoint\",\"urlTemplate\":\"https:\/\/www.gaveanews.com\/?s={search_term_string}\"},\"query-input\":{\"@type\":\"PropertyValueSpecification\",\"valueRequired\":true,\"valueName\":\"search_term_string\"}}],\"inLanguage\":\"pt-BR\"},{\"@type\":\"Person\",\"@id\":\"https:\/\/www.gaveanews.com\/#\/schema\/person\/49ac99b6823a2b8d5087a6ce3aaaa128\",\"name\":\"Matheus Leal\",\"image\":{\"@type\":\"ImageObject\",\"inLanguage\":\"pt-BR\",\"@id\":\"https:\/\/www.gaveanews.com\/#\/schema\/person\/image\/\",\"url\":\"https:\/\/secure.gravatar.com\/avatar\/21c52300d1234416f9c886f6dadd7452d8b035ac505314a51e4f56731e90c481?s=96&d=mm&r=g\",\"contentUrl\":\"https:\/\/secure.gravatar.com\/avatar\/21c52300d1234416f9c886f6dadd7452d8b035ac505314a51e4f56731e90c481?s=96&d=mm&r=g\",\"caption\":\"Matheus Leal\"}}]}<\/script>\n<!-- \/ Yoast SEO Premium plugin. -->","yoast_head_json":{"title":"Velloso aprova contrata\u00e7\u00e3o de goleiro pelo Palmeiras","robots":{"index":"index","follow":"follow","max-snippet":"max-snippet:-1","max-image-preview":"max-image-preview:large","max-video-preview":"max-video-preview:-1"},"canonical":"https:\/\/www.gaveanews.com\/index.php\/2025\/05\/07\/velloso-aprova-contratacao-de-goleiro-pelo-palmeiras\/","og_locale":"pt_BR","og_type":"article","og_title":"Velloso aprova contrata\u00e7\u00e3o de goleiro pelo Palmeiras","og_description":"Com Weverton prestes a completar 38 anos, Velloso j\u00e1 projetou o futuro goleiro titular do Palmeiras. Em seu canal no YouTube, o ex-atleta indicou a contrata\u00e7\u00e3o de Carlos Miguel, ex-Corinthians e atualmente no Nottingham Forest, como nome ideal para a posi\u00e7\u00e3o. \u201cSe eu tenho a caneta no Palmeiras, eu vou atr\u00e1s do Carlos Miguel, que [&hellip;]","og_url":"https:\/\/www.gaveanews.com\/index.php\/2025\/05\/07\/velloso-aprova-contratacao-de-goleiro-pelo-palmeiras\/","og_site_name":"G\u00e1vea News","article_publisher":"https:\/\/facebook.com\/gaveaNews\/","article_published_time":"2025-05-07T17:30:00+00:00","og_image":[{"width":661,"height":454,"url":"https:\/\/www.gaveanews.com\/wp-content\/uploads\/Velloso-ex-goleiro.webp","type":"image\/jpeg"}],"author":"Matheus Leal","twitter_card":"summary_large_image","twitter_misc":{"Escrito por":"Matheus Leal","Est. tempo de leitura":"2 minutos"},"schema":{"@context":"https:\/\/schema.org","@graph":[{"@type":"NewsArticle","@id":"https:\/\/www.gaveanews.com\/index.php\/2025\/05\/07\/velloso-aprova-contratacao-de-goleiro-pelo-palmeiras\/#article","isPartOf":{"@id":"https:\/\/www.gaveanews.com\/index.php\/2025\/05\/07\/velloso-aprova-contratacao-de-goleiro-pelo-palmeiras\/"},"author":{"name":"Matheus Leal","@id":"https:\/\/www.gaveanews.com\/#\/schema\/person\/49ac99b6823a2b8d5087a6ce3aaaa128"},"headline":"Velloso aprova contrata\u00e7\u00e3o de goleiro pelo Palmeiras","datePublished":"2025-05-07T17:30:00+00:00","mainEntityOfPage":{"@id":"https:\/\/www.gaveanews.com\/index.php\/2025\/05\/07\/velloso-aprova-contratacao-de-goleiro-pelo-palmeiras\/"},"wordCount":337,"commentCount":0,"image":{"@id":"https:\/\/www.gaveanews.com\/index.php\/2025\/05\/07\/velloso-aprova-contratacao-de-goleiro-pelo-palmeiras\/#primaryimage"},"thumbnailUrl":"https:\/\/www.gaveanews.com\/wp-content\/uploads\/Velloso-ex-goleiro.webp","articleSection":["Palmeiras"],"inLanguage":"pt-BR","potentialAction":[{"@type":"CommentAction","name":"Comment","target":["https:\/\/www.gaveanews.com\/index.php\/2025\/05\/07\/velloso-aprova-contratacao-de-goleiro-pelo-palmeiras\/#respond"]}],"copyrightYear":"2025","copyrightHolder":{"@id":"https:\/\/www.gaveanews.com\/#organization"}},{"@type":"WebPage","@id":"https:\/\/www.gaveanews.com\/index.php\/2025\/05\/07\/velloso-aprova-contratacao-de-goleiro-pelo-palmeiras\/","url":"https:\/\/www.gaveanews.com\/index.php\/2025\/05\/07\/velloso-aprova-contratacao-de-goleiro-pelo-palmeiras\/","name":"Velloso aprova contrata\u00e7\u00e3o de goleiro pelo Palmeiras","isPartOf":{"@id":"https:\/\/www.gaveanews.com\/#website"},"primaryImageOfPage":{"@id":"https:\/\/www.gaveanews.com\/index.php\/2025\/05\/07\/velloso-aprova-contratacao-de-goleiro-pelo-palmeiras\/#primaryimage"},"image":{"@id":"https:\/\/www.gaveanews.com\/index.php\/2025\/05\/07\/velloso-aprova-contratacao-de-goleiro-pelo-palmeiras\/#primaryimage"},"thumbnailUrl":"https:\/\/www.gaveanews.com\/wp-content\/uploads\/Velloso-ex-goleiro.webp","datePublished":"2025-05-07T17:30:00+00:00","author":{"@id":"https:\/\/www.gaveanews.com\/#\/schema\/person\/49ac99b6823a2b8d5087a6ce3aaaa128"},"breadcrumb":{"@id":"https:\/\/www.gaveanews.com\/index.php\/2025\/05\/07\/velloso-aprova-contratacao-de-goleiro-pelo-palmeiras\/#breadcrumb"},"inLanguage":"pt-BR","potentialAction":[{"@type":"ReadAction","target":["https:\/\/www.gaveanews.com\/index.php\/2025\/05\/07\/velloso-aprova-contratacao-de-goleiro-pelo-palmeiras\/"]}]},{"@type":"ImageObject","inLanguage":"pt-BR","@id":"https:\/\/www.gaveanews.com\/index.php\/2025\/05\/07\/velloso-aprova-contratacao-de-goleiro-pelo-palmeiras\/#primaryimage","url":"https:\/\/www.gaveanews.com\/wp-content\/uploads\/Velloso-ex-goleiro.webp","contentUrl":"https:\/\/www.gaveanews.com\/wp-content\/uploads\/Velloso-ex-goleiro.webp","width":661,"height":454,"caption":"Velloso ex-goleiro (Foto: Reprodu\u00e7\u00e3o\/Band)"},{"@type":"BreadcrumbList","@id":"https:\/\/www.gaveanews.com\/index.php\/2025\/05\/07\/velloso-aprova-contratacao-de-goleiro-pelo-palmeiras\/#breadcrumb","itemListElement":[{"@type":"ListItem","position":1,"name":"Home","item":"https:\/\/www.gaveanews.com\/"},{"@type":"ListItem","position":2,"name":"Velloso aprova contrata\u00e7\u00e3o de goleiro pelo Palmeiras"}]},{"@type":"WebSite","@id":"https:\/\/www.gaveanews.com\/#website","url":"https:\/\/www.gaveanews.com\/","name":"G\u00e1vea News","description":"Veja todas as not\u00edcias sobre o Flamengo: Contrata\u00e7\u00f5es, categorias de base, resultados das partidas, tabela de classifica\u00e7\u00e3o, pr\u00f3ximos jogos!","potentialAction":[{"@type":"SearchAction","target":{"@type":"EntryPoint","urlTemplate":"https:\/\/www.gaveanews.com\/?s={search_term_string}"},"query-input":{"@type":"PropertyValueSpecification","valueRequired":true,"valueName":"search_term_string"}}],"inLanguage":"pt-BR"},{"@type":"Person","@id":"https:\/\/www.gaveanews.com\/#\/schema\/person\/49ac99b6823a2b8d5087a6ce3aaaa128","name":"Matheus Leal","image":{"@type":"ImageObject","inLanguage":"pt-BR","@id":"https:\/\/www.gaveanews.com\/#\/schema\/person\/image\/","url":"https:\/\/secure.gravatar.com\/avatar\/21c52300d1234416f9c886f6dadd7452d8b035ac505314a51e4f56731e90c481?s=96&d=mm&r=g","contentUrl":"https:\/\/secure.gravatar.com\/avatar\/21c52300d1234416f9c886f6dadd7452d8b035ac505314a51e4f56731e90c481?s=96&d=mm&r=g","caption":"Matheus Leal"}}]}},"_links":{"self":[{"href":"https:\/\/www.gaveanews.com\/index.php\/wp-json\/wp\/v2\/posts\/260697","targetHints":{"allow":["GET"]}}],"collection":[{"href":"https:\/\/www.gaveanews.com\/index.php\/wp-json\/wp\/v2\/posts"}],"about":[{"href":"https:\/\/www.gaveanews.com\/index.php\/wp-json\/wp\/v2\/types\/post"}],"author":[{"embeddable":true,"href":"https:\/\/www.gaveanews.com\/index.php\/wp-json\/wp\/v2\/users\/32"}],"replies":[{"embeddable":true,"href":"https:\/\/www.gaveanews.com\/index.php\/wp-json\/wp\/v2\/comments?post=260697"}],"version-history":[{"count":1,"href":"https:\/\/www.gaveanews.com\/index.php\/wp-json\/wp\/v2\/posts\/260697\/revisions"}],"predecessor-version":[{"id":260702,"href":"https:\/\/www.gaveanews.com\/index.php\/wp-json\/wp\/v2\/posts\/260697\/revisions\/260702"}],"wp:featuredmedia":[{"embeddable":true,"href":"https:\/\/www.gaveanews.com\/index.php\/wp-json\/wp\/v2\/media\/211044"}],"wp:attachment":[{"href":"https:\/\/www.gaveanews.com\/index.php\/wp-json\/wp\/v2\/media?parent=260697"}],"wp:term":[{"taxonomy":"category","embeddable":true,"href":"https:\/\/www.gaveanews.com\/index.php\/wp-json\/wp\/v2\/categories?post=260697"},{"taxonomy":"post_tag","embeddable":true,"href":"https:\/\/www.gaveanews.com\/index.php\/wp-json\/wp\/v2\/tags?post=260697"}],"curies":[{"name":"wp","href":"https:\/\/api.w.org\/{rel}","templated":true}]}}