{"id":260718,"date":"2025-05-05T18:35:00","date_gmt":"2025-05-05T21:35:00","guid":{"rendered":"https:\/\/www.gaveanews.com\/?p=260718"},"modified":"2025-05-05T16:21:49","modified_gmt":"2025-05-05T19:21:49","slug":"jornalista-cita-erros-de-gestao-como-justificativa-para-saida-de-dudu-do-cruzeiro","status":"publish","type":"post","link":"https:\/\/www.gaveanews.com\/index.php\/2025\/05\/05\/jornalista-cita-erros-de-gestao-como-justificativa-para-saida-de-dudu-do-cruzeiro\/","title":{"rendered":"Jornalista cita erros de gest\u00e3o como justificativa para sa\u00edda de Dudu do Cruzeiro"},"content":{"rendered":"\n<p>A curta e conturbada passagem de Dudu pelo Cruzeiro, encerrada poucos meses ap\u00f3s seu retorno ao clube, tornou-se s\u00edmbolo de uma s\u00e9rie de equ\u00edvocos administrativos dentro da nova gest\u00e3o da SAF comandada por Pedro Louren\u00e7o. Conforme opini\u00e3o publicada pelo ge, o caso do atacante escancara uma sequ\u00eancia de decis\u00f5es precipitadas, custos elevados e um resultado esportivo quase nulo.<\/p>\n\n\n\n<h2 class=\"wp-block-heading\" id=\"h-contratacao-cara-retorno-minimo\">Contrata\u00e7\u00e3o cara, retorno m\u00ednimo<\/h2>\n\n\n\n<p>Dudu foi anunciado com status de refor\u00e7o de peso, respaldado pelas duas figuras mais influentes da gest\u00e3o celeste: o pr\u00f3prio Pedro Louren\u00e7o e Alexandre Mattos. Ainda que os valores pagos ao Palmeiras tenham sido reduzidos na segunda tentativa de contrata\u00e7\u00e3o, o custo do atleta foi considerado elevado desde o in\u00edcio. <\/p>\n\n\n\n<p>Com sal\u00e1rio estimado em R$ 1,8 milh\u00e3o mensais e contrato assinado at\u00e9 o fim de 2027, o investimento global superaria R$ 70 milh\u00f5es, mesmo sem b\u00f4nus por desempenho. Entretanto, conforme analisado pelo jornalista Guilherme Macedo, a rela\u00e7\u00e3o custo-benef\u00edcio foi desastrosa. Dudu participou de apenas 17 partidas e marcou dois gols. <\/p>\n\n\n\n<p>Segundo levantamento apresentado, o Cruzeiro desembolsou aproximadamente R$ 22,5 milh\u00f5es at\u00e9 a rescis\u00e3o, valor que representa, em m\u00e9dia, R$ 1,3 milh\u00e3o por jogo ou R$ 11 milh\u00f5es por gol. \u201cO jogador pode ser considerado o pior refor\u00e7o em um ano da nova SAF\u201d, escreveu Macedo.<\/p>\n\n\n\n<h2 class=\"wp-block-heading\" id=\"h-ambiente-deteriorado\">Ambiente deteriorado <\/h2>\n\n\n\n<p>Al\u00e9m do impacto financeiro, a rela\u00e7\u00e3o entre o atacante e o clube se deteriorou rapidamente. Ap\u00f3s demonstrar insatisfa\u00e7\u00e3o com a reserva em entrevistas e demonstrar comportamento que foi interpretado como insubordina\u00e7\u00e3o por dirigentes e membros da comiss\u00e3o t\u00e9cnica, o clima tornou-se insustent\u00e1vel.<\/p>\n\n\n\n<p>O epis\u00f3dio mais marcante teria sido a entrevista concedida ap\u00f3s o jogo contra o Palestino, na qual o jogador se queixou publicamente da decis\u00e3o de ser retirado do time titular. Conforme o jornalista, isso apenas oficializou um desgaste que j\u00e1 se arrastava h\u00e1 semanas. O Cruzeiro, ent\u00e3o, optou pela rescis\u00e3o imediata, mesmo arcando com cerca de R$ 15 milh\u00f5es adicionais em pagamentos at\u00e9 o fim do ano.<\/p>\n\n\n\n<h2 class=\"wp-block-heading\" id=\"h-ponto-de-vista-do-empresario\">Ponto de vista do empres\u00e1rio<\/h2>\n\n\n\n<p>Em entrevista \u00e0 CNN Brasil, o empres\u00e1rio Andr\u00e9 Cury se disse surpreendido com a decis\u00e3o da diretoria cruzeirense. \u201cFoi uma surpresa para mim tamb\u00e9m\u201d, afirmou. Segundo ele, Dudu seguia treinando normalmente, mesmo sem estar no \u00e1pice f\u00edsico por conta de uma les\u00e3o anterior. <\/p>\n\n\n\n<p>A rescis\u00e3o, portanto, n\u00e3o teria sido motivada por falta de empenho nos bastidores, mas sim por uma escolha estrat\u00e9gica do clube.<\/p>\n\n\n\n<p>Cury tamb\u00e9m confirmou que h\u00e1 conversas avan\u00e7adas com o Atl\u00e9tico-MG, embora tenha evitado dar a transfer\u00eancia como certa. \u201cNo futebol, antes de assinar, n\u00e3o tem nada feito\u201d, declarou. A rela\u00e7\u00e3o anterior entre Dudu e o t\u00e9cnico Cuca, com quem trabalhou no Palmeiras, pode pesar a favor do acerto com o rival mineiro.<\/p>\n\n\n\n<h2 class=\"wp-block-heading\" id=\"h-um-erro-de-planejamento-reconhecido\">Um erro de planejamento reconhecido<\/h2>\n\n\n\n<p>Mesmo que a diretoria do Cruzeiro classifique a rescis\u00e3o como necess\u00e1ria para \u201cvirar a p\u00e1gina\u201d, o epis\u00f3dio \u00e9 reconhecido internamente como o maior erro de gest\u00e3o at\u00e9 agora sob a nova SAF. Afinal, o atacante foi contratado com status de protagonista e acabou deixando o clube antes mesmo de consolidar seu espa\u00e7o no time.<\/p>\n\n\n\n<p>O caso de Dudu se soma ao de outras contrata\u00e7\u00f5es dispendiosas que pressionam a folha salarial celeste, estimada em R$ 25 milh\u00f5es mensais. A sa\u00edda do jogador, ainda que resolvida, n\u00e3o aliviou esse comprometimento financeiro de forma imediata. <\/p>\n","protected":false},"excerpt":{"rendered":"<p>A curta e conturbada passagem de Dudu pelo Cruzeiro, encerrada poucos meses ap\u00f3s seu retorno ao clube, tornou-se s\u00edmbolo de uma s\u00e9rie de equ\u00edvocos administrativos dentro da nova gest\u00e3o da SAF comandada por Pedro Louren\u00e7o. Conforme opini\u00e3o publicada pelo ge, o caso do atacante escancara uma sequ\u00eancia de decis\u00f5es precipitadas, custos elevados e um resultado [&hellip;]<\/p>\n","protected":false},"author":30,"featured_media":255348,"comment_status":"open","ping_status":"closed","sticky":false,"template":"","format":"standard","meta":{"footnotes":""},"categories":[143],"tags":[],"class_list":["post-260718","post","type-post","status-publish","format-standard","has-post-thumbnail","hentry","category-cruzeiro"],"yoast_head":"<!-- This site is optimized with the Yoast SEO Premium plugin v24.2 (Yoast SEO v26.9) - https:\/\/yoast.com\/product\/yoast-seo-premium-wordpress\/ -->\n<title>Jornalista cita erros de gest\u00e3o como justificativa para sa\u00edda de Dudu do Cruzeiro<\/title>\n<meta name=\"robots\" content=\"index, follow, max-snippet:-1, max-image-preview:large, max-video-preview:-1\" \/>\n<link rel=\"canonical\" href=\"https:\/\/www.gaveanews.com\/index.php\/2025\/05\/05\/jornalista-cita-erros-de-gestao-como-justificativa-para-saida-de-dudu-do-cruzeiro\/\" \/>\n<meta property=\"og:locale\" content=\"pt_BR\" \/>\n<meta property=\"og:type\" content=\"article\" \/>\n<meta property=\"og:title\" content=\"Jornalista cita erros de gest\u00e3o como justificativa para sa\u00edda de Dudu do Cruzeiro\" \/>\n<meta property=\"og:description\" content=\"A curta e conturbada passagem de Dudu pelo Cruzeiro, encerrada poucos meses ap\u00f3s seu retorno ao clube, tornou-se s\u00edmbolo de uma s\u00e9rie de equ\u00edvocos administrativos dentro da nova gest\u00e3o da SAF comandada por Pedro Louren\u00e7o. Conforme opini\u00e3o publicada pelo ge, o caso do atacante escancara uma sequ\u00eancia de decis\u00f5es precipitadas, custos elevados e um resultado [&hellip;]\" \/>\n<meta property=\"og:url\" content=\"https:\/\/www.gaveanews.com\/index.php\/2025\/05\/05\/jornalista-cita-erros-de-gestao-como-justificativa-para-saida-de-dudu-do-cruzeiro\/\" \/>\n<meta property=\"og:site_name\" content=\"G\u00e1vea News\" \/>\n<meta property=\"article:publisher\" content=\"https:\/\/facebook.com\/gaveaNews\/\" \/>\n<meta property=\"article:published_time\" content=\"2025-05-05T21:35:00+00:00\" \/>\n<meta property=\"og:image\" content=\"https:\/\/www.gaveanews.com\/wp-content\/uploads\/Dudu-e-Gabigol-em-treino-do-Cruzeiro-na-Toca-da-Raposa.webp\" \/>\n\t<meta property=\"og:image:width\" content=\"1200\" \/>\n\t<meta property=\"og:image:height\" content=\"800\" \/>\n\t<meta property=\"og:image:type\" content=\"image\/png\" \/>\n<meta name=\"author\" content=\"Ana Teixeira\" \/>\n<meta name=\"twitter:card\" content=\"summary_large_image\" \/>\n<meta name=\"twitter:label1\" content=\"Escrito por\" \/>\n\t<meta name=\"twitter:data1\" content=\"Ana Teixeira\" \/>\n\t<meta name=\"twitter:label2\" content=\"Est. tempo de leitura\" \/>\n\t<meta name=\"twitter:data2\" content=\"4 minutos\" \/>\n<script type=\"application\/ld+json\" class=\"yoast-schema-graph\">{\"@context\":\"https:\/\/schema.org\",\"@graph\":[{\"@type\":\"NewsArticle\",\"@id\":\"https:\/\/www.gaveanews.com\/index.php\/2025\/05\/05\/jornalista-cita-erros-de-gestao-como-justificativa-para-saida-de-dudu-do-cruzeiro\/#article\",\"isPartOf\":{\"@id\":\"https:\/\/www.gaveanews.com\/index.php\/2025\/05\/05\/jornalista-cita-erros-de-gestao-como-justificativa-para-saida-de-dudu-do-cruzeiro\/\"},\"author\":{\"name\":\"Ana Teixeira\",\"@id\":\"https:\/\/www.gaveanews.com\/#\/schema\/person\/3b19f7288b0ce20372991275e4f2e6c2\"},\"headline\":\"Jornalista cita erros de gest\u00e3o como justificativa para sa\u00edda de Dudu do Cruzeiro\",\"datePublished\":\"2025-05-05T21:35:00+00:00\",\"mainEntityOfPage\":{\"@id\":\"https:\/\/www.gaveanews.com\/index.php\/2025\/05\/05\/jornalista-cita-erros-de-gestao-como-justificativa-para-saida-de-dudu-do-cruzeiro\/\"},\"wordCount\":609,\"commentCount\":0,\"image\":{\"@id\":\"https:\/\/www.gaveanews.com\/index.php\/2025\/05\/05\/jornalista-cita-erros-de-gestao-como-justificativa-para-saida-de-dudu-do-cruzeiro\/#primaryimage\"},\"thumbnailUrl\":\"https:\/\/www.gaveanews.com\/wp-content\/uploads\/Dudu-e-Gabigol-em-treino-do-Cruzeiro-na-Toca-da-Raposa.webp\",\"articleSection\":[\"Cruzeiro\"],\"inLanguage\":\"pt-BR\",\"potentialAction\":[{\"@type\":\"CommentAction\",\"name\":\"Comment\",\"target\":[\"https:\/\/www.gaveanews.com\/index.php\/2025\/05\/05\/jornalista-cita-erros-de-gestao-como-justificativa-para-saida-de-dudu-do-cruzeiro\/#respond\"]}],\"copyrightYear\":\"2025\",\"copyrightHolder\":{\"@id\":\"https:\/\/www.gaveanews.com\/#organization\"}},{\"@type\":\"WebPage\",\"@id\":\"https:\/\/www.gaveanews.com\/index.php\/2025\/05\/05\/jornalista-cita-erros-de-gestao-como-justificativa-para-saida-de-dudu-do-cruzeiro\/\",\"url\":\"https:\/\/www.gaveanews.com\/index.php\/2025\/05\/05\/jornalista-cita-erros-de-gestao-como-justificativa-para-saida-de-dudu-do-cruzeiro\/\",\"name\":\"Jornalista cita erros de gest\u00e3o como justificativa para sa\u00edda de Dudu do Cruzeiro\",\"isPartOf\":{\"@id\":\"https:\/\/www.gaveanews.com\/#website\"},\"primaryImageOfPage\":{\"@id\":\"https:\/\/www.gaveanews.com\/index.php\/2025\/05\/05\/jornalista-cita-erros-de-gestao-como-justificativa-para-saida-de-dudu-do-cruzeiro\/#primaryimage\"},\"image\":{\"@id\":\"https:\/\/www.gaveanews.com\/index.php\/2025\/05\/05\/jornalista-cita-erros-de-gestao-como-justificativa-para-saida-de-dudu-do-cruzeiro\/#primaryimage\"},\"thumbnailUrl\":\"https:\/\/www.gaveanews.com\/wp-content\/uploads\/Dudu-e-Gabigol-em-treino-do-Cruzeiro-na-Toca-da-Raposa.webp\",\"datePublished\":\"2025-05-05T21:35:00+00:00\",\"author\":{\"@id\":\"https:\/\/www.gaveanews.com\/#\/schema\/person\/3b19f7288b0ce20372991275e4f2e6c2\"},\"breadcrumb\":{\"@id\":\"https:\/\/www.gaveanews.com\/index.php\/2025\/05\/05\/jornalista-cita-erros-de-gestao-como-justificativa-para-saida-de-dudu-do-cruzeiro\/#breadcrumb\"},\"inLanguage\":\"pt-BR\",\"potentialAction\":[{\"@type\":\"ReadAction\",\"target\":[\"https:\/\/www.gaveanews.com\/index.php\/2025\/05\/05\/jornalista-cita-erros-de-gestao-como-justificativa-para-saida-de-dudu-do-cruzeiro\/\"]}]},{\"@type\":\"ImageObject\",\"inLanguage\":\"pt-BR\",\"@id\":\"https:\/\/www.gaveanews.com\/index.php\/2025\/05\/05\/jornalista-cita-erros-de-gestao-como-justificativa-para-saida-de-dudu-do-cruzeiro\/#primaryimage\",\"url\":\"https:\/\/www.gaveanews.com\/wp-content\/uploads\/Dudu-e-Gabigol-em-treino-do-Cruzeiro-na-Toca-da-Raposa.webp\",\"contentUrl\":\"https:\/\/www.gaveanews.com\/wp-content\/uploads\/Dudu-e-Gabigol-em-treino-do-Cruzeiro-na-Toca-da-Raposa.webp\",\"width\":1200,\"height\":800,\"caption\":\"Dudu e Gabigol em treino do Cruzeiro na Toca da Raposa - Foto: Gustavo Aleixo\/CEC\"},{\"@type\":\"BreadcrumbList\",\"@id\":\"https:\/\/www.gaveanews.com\/index.php\/2025\/05\/05\/jornalista-cita-erros-de-gestao-como-justificativa-para-saida-de-dudu-do-cruzeiro\/#breadcrumb\",\"itemListElement\":[{\"@type\":\"ListItem\",\"position\":1,\"name\":\"Home\",\"item\":\"https:\/\/www.gaveanews.com\/\"},{\"@type\":\"ListItem\",\"position\":2,\"name\":\"Jornalista cita erros de gest\u00e3o como justificativa para sa\u00edda de Dudu do Cruzeiro\"}]},{\"@type\":\"WebSite\",\"@id\":\"https:\/\/www.gaveanews.com\/#website\",\"url\":\"https:\/\/www.gaveanews.com\/\",\"name\":\"G\u00e1vea News\",\"description\":\"Veja todas as not\u00edcias sobre o Flamengo: Contrata\u00e7\u00f5es, categorias de base, resultados das partidas, tabela de classifica\u00e7\u00e3o, pr\u00f3ximos jogos!\",\"potentialAction\":[{\"@type\":\"SearchAction\",\"target\":{\"@type\":\"EntryPoint\",\"urlTemplate\":\"https:\/\/www.gaveanews.com\/?s={search_term_string}\"},\"query-input\":{\"@type\":\"PropertyValueSpecification\",\"valueRequired\":true,\"valueName\":\"search_term_string\"}}],\"inLanguage\":\"pt-BR\"},{\"@type\":\"Person\",\"@id\":\"https:\/\/www.gaveanews.com\/#\/schema\/person\/3b19f7288b0ce20372991275e4f2e6c2\",\"name\":\"Ana Teixeira\",\"image\":{\"@type\":\"ImageObject\",\"inLanguage\":\"pt-BR\",\"@id\":\"https:\/\/www.gaveanews.com\/#\/schema\/person\/image\/\",\"url\":\"https:\/\/secure.gravatar.com\/avatar\/0a73f5a5258f3fed37fc2fa641892f3f7a4748456d4d4792f9bc550e6c19e06c?s=96&d=mm&r=g\",\"contentUrl\":\"https:\/\/secure.gravatar.com\/avatar\/0a73f5a5258f3fed37fc2fa641892f3f7a4748456d4d4792f9bc550e6c19e06c?s=96&d=mm&r=g\",\"caption\":\"Ana Teixeira\"}}]}<\/script>\n<!-- \/ Yoast SEO Premium plugin. -->","yoast_head_json":{"title":"Jornalista cita erros de gest\u00e3o como justificativa para sa\u00edda de Dudu do Cruzeiro","robots":{"index":"index","follow":"follow","max-snippet":"max-snippet:-1","max-image-preview":"max-image-preview:large","max-video-preview":"max-video-preview:-1"},"canonical":"https:\/\/www.gaveanews.com\/index.php\/2025\/05\/05\/jornalista-cita-erros-de-gestao-como-justificativa-para-saida-de-dudu-do-cruzeiro\/","og_locale":"pt_BR","og_type":"article","og_title":"Jornalista cita erros de gest\u00e3o como justificativa para sa\u00edda de Dudu do Cruzeiro","og_description":"A curta e conturbada passagem de Dudu pelo Cruzeiro, encerrada poucos meses ap\u00f3s seu retorno ao clube, tornou-se s\u00edmbolo de uma s\u00e9rie de equ\u00edvocos administrativos dentro da nova gest\u00e3o da SAF comandada por Pedro Louren\u00e7o. Conforme opini\u00e3o publicada pelo ge, o caso do atacante escancara uma sequ\u00eancia de decis\u00f5es precipitadas, custos elevados e um resultado [&hellip;]","og_url":"https:\/\/www.gaveanews.com\/index.php\/2025\/05\/05\/jornalista-cita-erros-de-gestao-como-justificativa-para-saida-de-dudu-do-cruzeiro\/","og_site_name":"G\u00e1vea News","article_publisher":"https:\/\/facebook.com\/gaveaNews\/","article_published_time":"2025-05-05T21:35:00+00:00","og_image":[{"width":1200,"height":800,"url":"https:\/\/www.gaveanews.com\/wp-content\/uploads\/Dudu-e-Gabigol-em-treino-do-Cruzeiro-na-Toca-da-Raposa.webp","type":"image\/png"}],"author":"Ana Teixeira","twitter_card":"summary_large_image","twitter_misc":{"Escrito por":"Ana Teixeira","Est. tempo de leitura":"4 minutos"},"schema":{"@context":"https:\/\/schema.org","@graph":[{"@type":"NewsArticle","@id":"https:\/\/www.gaveanews.com\/index.php\/2025\/05\/05\/jornalista-cita-erros-de-gestao-como-justificativa-para-saida-de-dudu-do-cruzeiro\/#article","isPartOf":{"@id":"https:\/\/www.gaveanews.com\/index.php\/2025\/05\/05\/jornalista-cita-erros-de-gestao-como-justificativa-para-saida-de-dudu-do-cruzeiro\/"},"author":{"name":"Ana Teixeira","@id":"https:\/\/www.gaveanews.com\/#\/schema\/person\/3b19f7288b0ce20372991275e4f2e6c2"},"headline":"Jornalista cita erros de gest\u00e3o como justificativa para sa\u00edda de Dudu do Cruzeiro","datePublished":"2025-05-05T21:35:00+00:00","mainEntityOfPage":{"@id":"https:\/\/www.gaveanews.com\/index.php\/2025\/05\/05\/jornalista-cita-erros-de-gestao-como-justificativa-para-saida-de-dudu-do-cruzeiro\/"},"wordCount":609,"commentCount":0,"image":{"@id":"https:\/\/www.gaveanews.com\/index.php\/2025\/05\/05\/jornalista-cita-erros-de-gestao-como-justificativa-para-saida-de-dudu-do-cruzeiro\/#primaryimage"},"thumbnailUrl":"https:\/\/www.gaveanews.com\/wp-content\/uploads\/Dudu-e-Gabigol-em-treino-do-Cruzeiro-na-Toca-da-Raposa.webp","articleSection":["Cruzeiro"],"inLanguage":"pt-BR","potentialAction":[{"@type":"CommentAction","name":"Comment","target":["https:\/\/www.gaveanews.com\/index.php\/2025\/05\/05\/jornalista-cita-erros-de-gestao-como-justificativa-para-saida-de-dudu-do-cruzeiro\/#respond"]}],"copyrightYear":"2025","copyrightHolder":{"@id":"https:\/\/www.gaveanews.com\/#organization"}},{"@type":"WebPage","@id":"https:\/\/www.gaveanews.com\/index.php\/2025\/05\/05\/jornalista-cita-erros-de-gestao-como-justificativa-para-saida-de-dudu-do-cruzeiro\/","url":"https:\/\/www.gaveanews.com\/index.php\/2025\/05\/05\/jornalista-cita-erros-de-gestao-como-justificativa-para-saida-de-dudu-do-cruzeiro\/","name":"Jornalista cita erros de gest\u00e3o como justificativa para sa\u00edda de Dudu do Cruzeiro","isPartOf":{"@id":"https:\/\/www.gaveanews.com\/#website"},"primaryImageOfPage":{"@id":"https:\/\/www.gaveanews.com\/index.php\/2025\/05\/05\/jornalista-cita-erros-de-gestao-como-justificativa-para-saida-de-dudu-do-cruzeiro\/#primaryimage"},"image":{"@id":"https:\/\/www.gaveanews.com\/index.php\/2025\/05\/05\/jornalista-cita-erros-de-gestao-como-justificativa-para-saida-de-dudu-do-cruzeiro\/#primaryimage"},"thumbnailUrl":"https:\/\/www.gaveanews.com\/wp-content\/uploads\/Dudu-e-Gabigol-em-treino-do-Cruzeiro-na-Toca-da-Raposa.webp","datePublished":"2025-05-05T21:35:00+00:00","author":{"@id":"https:\/\/www.gaveanews.com\/#\/schema\/person\/3b19f7288b0ce20372991275e4f2e6c2"},"breadcrumb":{"@id":"https:\/\/www.gaveanews.com\/index.php\/2025\/05\/05\/jornalista-cita-erros-de-gestao-como-justificativa-para-saida-de-dudu-do-cruzeiro\/#breadcrumb"},"inLanguage":"pt-BR","potentialAction":[{"@type":"ReadAction","target":["https:\/\/www.gaveanews.com\/index.php\/2025\/05\/05\/jornalista-cita-erros-de-gestao-como-justificativa-para-saida-de-dudu-do-cruzeiro\/"]}]},{"@type":"ImageObject","inLanguage":"pt-BR","@id":"https:\/\/www.gaveanews.com\/index.php\/2025\/05\/05\/jornalista-cita-erros-de-gestao-como-justificativa-para-saida-de-dudu-do-cruzeiro\/#primaryimage","url":"https:\/\/www.gaveanews.com\/wp-content\/uploads\/Dudu-e-Gabigol-em-treino-do-Cruzeiro-na-Toca-da-Raposa.webp","contentUrl":"https:\/\/www.gaveanews.com\/wp-content\/uploads\/Dudu-e-Gabigol-em-treino-do-Cruzeiro-na-Toca-da-Raposa.webp","width":1200,"height":800,"caption":"Dudu e Gabigol em treino do Cruzeiro na Toca da Raposa - Foto: Gustavo Aleixo\/CEC"},{"@type":"BreadcrumbList","@id":"https:\/\/www.gaveanews.com\/index.php\/2025\/05\/05\/jornalista-cita-erros-de-gestao-como-justificativa-para-saida-de-dudu-do-cruzeiro\/#breadcrumb","itemListElement":[{"@type":"ListItem","position":1,"name":"Home","item":"https:\/\/www.gaveanews.com\/"},{"@type":"ListItem","position":2,"name":"Jornalista cita erros de gest\u00e3o como justificativa para sa\u00edda de Dudu do Cruzeiro"}]},{"@type":"WebSite","@id":"https:\/\/www.gaveanews.com\/#website","url":"https:\/\/www.gaveanews.com\/","name":"G\u00e1vea News","description":"Veja todas as not\u00edcias sobre o Flamengo: Contrata\u00e7\u00f5es, categorias de base, resultados das partidas, tabela de classifica\u00e7\u00e3o, pr\u00f3ximos jogos!","potentialAction":[{"@type":"SearchAction","target":{"@type":"EntryPoint","urlTemplate":"https:\/\/www.gaveanews.com\/?s={search_term_string}"},"query-input":{"@type":"PropertyValueSpecification","valueRequired":true,"valueName":"search_term_string"}}],"inLanguage":"pt-BR"},{"@type":"Person","@id":"https:\/\/www.gaveanews.com\/#\/schema\/person\/3b19f7288b0ce20372991275e4f2e6c2","name":"Ana Teixeira","image":{"@type":"ImageObject","inLanguage":"pt-BR","@id":"https:\/\/www.gaveanews.com\/#\/schema\/person\/image\/","url":"https:\/\/secure.gravatar.com\/avatar\/0a73f5a5258f3fed37fc2fa641892f3f7a4748456d4d4792f9bc550e6c19e06c?s=96&d=mm&r=g","contentUrl":"https:\/\/secure.gravatar.com\/avatar\/0a73f5a5258f3fed37fc2fa641892f3f7a4748456d4d4792f9bc550e6c19e06c?s=96&d=mm&r=g","caption":"Ana Teixeira"}}]}},"_links":{"self":[{"href":"https:\/\/www.gaveanews.com\/index.php\/wp-json\/wp\/v2\/posts\/260718","targetHints":{"allow":["GET"]}}],"collection":[{"href":"https:\/\/www.gaveanews.com\/index.php\/wp-json\/wp\/v2\/posts"}],"about":[{"href":"https:\/\/www.gaveanews.com\/index.php\/wp-json\/wp\/v2\/types\/post"}],"author":[{"embeddable":true,"href":"https:\/\/www.gaveanews.com\/index.php\/wp-json\/wp\/v2\/users\/30"}],"replies":[{"embeddable":true,"href":"https:\/\/www.gaveanews.com\/index.php\/wp-json\/wp\/v2\/comments?post=260718"}],"version-history":[{"count":1,"href":"https:\/\/www.gaveanews.com\/index.php\/wp-json\/wp\/v2\/posts\/260718\/revisions"}],"predecessor-version":[{"id":260724,"href":"https:\/\/www.gaveanews.com\/index.php\/wp-json\/wp\/v2\/posts\/260718\/revisions\/260724"}],"wp:featuredmedia":[{"embeddable":true,"href":"https:\/\/www.gaveanews.com\/index.php\/wp-json\/wp\/v2\/media\/255348"}],"wp:attachment":[{"href":"https:\/\/www.gaveanews.com\/index.php\/wp-json\/wp\/v2\/media?parent=260718"}],"wp:term":[{"taxonomy":"category","embeddable":true,"href":"https:\/\/www.gaveanews.com\/index.php\/wp-json\/wp\/v2\/categories?post=260718"},{"taxonomy":"post_tag","embeddable":true,"href":"https:\/\/www.gaveanews.com\/index.php\/wp-json\/wp\/v2\/tags?post=260718"}],"curies":[{"name":"wp","href":"https:\/\/api.w.org\/{rel}","templated":true}]}}