{"id":260915,"date":"2025-05-06T10:00:00","date_gmt":"2025-05-06T13:00:00","guid":{"rendered":"https:\/\/www.gaveanews.com\/?p=260915"},"modified":"2025-05-06T09:39:15","modified_gmt":"2025-05-06T12:39:15","slug":"a-declaracao-de-milton-neves-direcionada-a-fabio-carille-ex-vasco-e-santos","status":"publish","type":"post","link":"https:\/\/www.gaveanews.com\/index.php\/2025\/05\/06\/a-declaracao-de-milton-neves-direcionada-a-fabio-carille-ex-vasco-e-santos\/","title":{"rendered":"A declara\u00e7\u00e3o de Milton Neves direcionada a F\u00e1bio Carille, ex-Vasco e Santos"},"content":{"rendered":"\n<p>A sequ\u00eancia negativa do Santos no Campeonato Brasileiro acendeu o alerta entre os torcedores. Ap\u00f3s a derrota por 1 a 0 para o Gr\u00eamio na Arena, no domingo (04 de maio), o comentarista Milton Neves voltou a destacar a situa\u00e7\u00e3o cr\u00edtica do clube e apontou injusti\u00e7as cometidas contra o ex-treinador F\u00e1bio Carille.<\/p>\n\n\n\n<p>Atualmente comandado por Cl\u00e9ber Xavier, o Santos somou sua quinta derrota em sete partidas. Com apenas quatro pontos conquistados, o time ocupa a pen\u00faltima posi\u00e7\u00e3o na tabela, \u00e0 frente apenas do Sport. \u201cO fantasma da S\u00e9rie B, que mal foi exorcizado da Baixada, parece j\u00e1 estar com as malas prontas\u201d, escreveu Milton em seu blog no UOL.<\/p>\n\n\n\n<figure class=\"wp-block-image size-full\"><img loading=\"lazy\" decoding=\"async\" width=\"1501\" height=\"1000\" src=\"http:\/\/www.gaveanews.com\/wp-content\/uploads\/Carille-apresentado-pelo-Vasco.webp\" alt=\"Carille apresentado pelo Vasco\" class=\"wp-image-220356\"\/><figcaption class=\"wp-element-caption\">Carille apresentado pelo Vasco (Foto: Divulga\u00e7\u00e3o)<\/figcaption><\/figure>\n\n\n\n<p>Ainda que tenha manifestado apoio inicial a Cl\u00e9ber Xavier, o jornalista reconheceu que os problemas do Peixe v\u00e3o al\u00e9m da troca de comando t\u00e9cnico. Segundo ele, Carille foi dispensado de maneira precipitada, mesmo ap\u00f3s conquistar o t\u00edtulo da S\u00e9rie B na temporada anterior. \u201cEst\u00e1 bem claro que F\u00e1bio Carille estava tirando leite de pedra na Vila\u201d, apontou Milton, lamentando a sa\u00edda do treinador.<\/p>\n\n\n\n<p>A demiss\u00e3o de Carille, ocorrida logo ap\u00f3s o acesso \u00e0 elite do futebol nacional, foi criticada por Milton, que enxerga o t\u00e9cnico como um dos mais injusti\u00e7ados do cen\u00e1rio atual. Ali\u00e1s, o radialista j\u00e1 havia expressado desconfian\u00e7a sobre a capacidade do novo comandante e agora refor\u00e7a a urg\u00eancia por mudan\u00e7as estruturais no clube.<\/p>\n\n\n\n<p>Enquanto analisava o momento do Santos, Milton tamb\u00e9m comentou sobre a disputa pelo t\u00edtulo da S\u00e9rie A. Para ele, o Palmeiras desponta como o principal favorito \u00e0 conquista. Entretanto, ele v\u00ea uma \u00fanica possibilidade de frear o Verd\u00e3o: a convoca\u00e7\u00e3o de Abel Ferreira para a sele\u00e7\u00e3o brasileira. \u201cEu tor\u00e7o para que esta contrata\u00e7\u00e3o aconte\u00e7a. N\u00e3o pelo mal do Palmeiras. E sim pelo bem de nossa sele\u00e7\u00e3o, que precisa muito de um t\u00e9cnico como Abel\u201d, declarou.<\/p>\n\n\n\n<p>A declara\u00e7\u00e3o de Milton refor\u00e7a seu entendimento de que o futebol brasileiro carece de renova\u00e7\u00e3o \u00e0 beira do campo. Conforme o jornalista, a chegada de Abel Ferreira \u00e0 sele\u00e7\u00e3o poderia representar um novo ciclo, baseado em consist\u00eancia, lideran\u00e7a e resultados s\u00f3lidos.<\/p>\n","protected":false},"excerpt":{"rendered":"<p>A sequ\u00eancia negativa do Santos no Campeonato Brasileiro acendeu o alerta entre os torcedores. Ap\u00f3s a derrota por 1 a 0 para o Gr\u00eamio na Arena, no domingo (04 de maio), o comentarista Milton Neves voltou a destacar a situa\u00e7\u00e3o cr\u00edtica do clube e apontou injusti\u00e7as cometidas contra o ex-treinador F\u00e1bio Carille. Atualmente comandado por [&hellip;]<\/p>\n","protected":false},"author":33,"featured_media":166659,"comment_status":"open","ping_status":"closed","sticky":false,"template":"","format":"standard","meta":{"footnotes":""},"categories":[139,152],"tags":[],"class_list":["post-260915","post","type-post","status-publish","format-standard","has-post-thumbnail","hentry","category-santos","category-vasco"],"yoast_head":"<!-- This site is optimized with the Yoast SEO Premium plugin v24.2 (Yoast SEO v26.9) - https:\/\/yoast.com\/product\/yoast-seo-premium-wordpress\/ -->\n<title>A declara\u00e7\u00e3o de Milton Neves direcionada a F\u00e1bio Carille, ex-Vasco e Santos<\/title>\n<meta name=\"robots\" content=\"index, follow, max-snippet:-1, max-image-preview:large, max-video-preview:-1\" \/>\n<link rel=\"canonical\" href=\"https:\/\/www.gaveanews.com\/index.php\/2025\/05\/06\/a-declaracao-de-milton-neves-direcionada-a-fabio-carille-ex-vasco-e-santos\/\" \/>\n<meta property=\"og:locale\" content=\"pt_BR\" \/>\n<meta property=\"og:type\" content=\"article\" \/>\n<meta property=\"og:title\" content=\"A declara\u00e7\u00e3o de Milton Neves direcionada a F\u00e1bio Carille, ex-Vasco e Santos\" \/>\n<meta property=\"og:description\" content=\"A sequ\u00eancia negativa do Santos no Campeonato Brasileiro acendeu o alerta entre os torcedores. Ap\u00f3s a derrota por 1 a 0 para o Gr\u00eamio na Arena, no domingo (04 de maio), o comentarista Milton Neves voltou a destacar a situa\u00e7\u00e3o cr\u00edtica do clube e apontou injusti\u00e7as cometidas contra o ex-treinador F\u00e1bio Carille. Atualmente comandado por [&hellip;]\" \/>\n<meta property=\"og:url\" content=\"https:\/\/www.gaveanews.com\/index.php\/2025\/05\/06\/a-declaracao-de-milton-neves-direcionada-a-fabio-carille-ex-vasco-e-santos\/\" \/>\n<meta property=\"og:site_name\" content=\"G\u00e1vea News\" \/>\n<meta property=\"article:publisher\" content=\"https:\/\/facebook.com\/gaveaNews\/\" \/>\n<meta property=\"article:published_time\" content=\"2025-05-06T13:00:00+00:00\" \/>\n<meta property=\"og:image\" content=\"https:\/\/www.gaveanews.com\/wp-content\/uploads\/Milton-Neves-durante-a-programacao-da-Bandeirantes.webp\" \/>\n\t<meta property=\"og:image:width\" content=\"1536\" \/>\n\t<meta property=\"og:image:height\" content=\"864\" \/>\n\t<meta property=\"og:image:type\" content=\"image\/jpeg\" \/>\n<meta name=\"author\" content=\"Brenda Cezillo\" \/>\n<meta name=\"twitter:card\" content=\"summary_large_image\" \/>\n<meta name=\"twitter:label1\" content=\"Escrito por\" \/>\n\t<meta name=\"twitter:data1\" content=\"Brenda Cezillo\" \/>\n\t<meta name=\"twitter:label2\" content=\"Est. tempo de leitura\" \/>\n\t<meta name=\"twitter:data2\" content=\"3 minutos\" \/>\n<script type=\"application\/ld+json\" class=\"yoast-schema-graph\">{\"@context\":\"https:\/\/schema.org\",\"@graph\":[{\"@type\":\"NewsArticle\",\"@id\":\"https:\/\/www.gaveanews.com\/index.php\/2025\/05\/06\/a-declaracao-de-milton-neves-direcionada-a-fabio-carille-ex-vasco-e-santos\/#article\",\"isPartOf\":{\"@id\":\"https:\/\/www.gaveanews.com\/index.php\/2025\/05\/06\/a-declaracao-de-milton-neves-direcionada-a-fabio-carille-ex-vasco-e-santos\/\"},\"author\":{\"name\":\"Brenda Cezillo\",\"@id\":\"https:\/\/www.gaveanews.com\/#\/schema\/person\/c79759ca337c40791ae8d08e2923d403\"},\"headline\":\"A declara\u00e7\u00e3o de Milton Neves direcionada a F\u00e1bio Carille, ex-Vasco e Santos\",\"datePublished\":\"2025-05-06T13:00:00+00:00\",\"mainEntityOfPage\":{\"@id\":\"https:\/\/www.gaveanews.com\/index.php\/2025\/05\/06\/a-declaracao-de-milton-neves-direcionada-a-fabio-carille-ex-vasco-e-santos\/\"},\"wordCount\":403,\"commentCount\":0,\"image\":{\"@id\":\"https:\/\/www.gaveanews.com\/index.php\/2025\/05\/06\/a-declaracao-de-milton-neves-direcionada-a-fabio-carille-ex-vasco-e-santos\/#primaryimage\"},\"thumbnailUrl\":\"https:\/\/www.gaveanews.com\/wp-content\/uploads\/Milton-Neves-durante-a-programacao-da-Bandeirantes.webp\",\"articleSection\":[\"Santos\",\"Vasco\"],\"inLanguage\":\"pt-BR\",\"potentialAction\":[{\"@type\":\"CommentAction\",\"name\":\"Comment\",\"target\":[\"https:\/\/www.gaveanews.com\/index.php\/2025\/05\/06\/a-declaracao-de-milton-neves-direcionada-a-fabio-carille-ex-vasco-e-santos\/#respond\"]}],\"copyrightYear\":\"2025\",\"copyrightHolder\":{\"@id\":\"https:\/\/www.gaveanews.com\/#organization\"}},{\"@type\":\"WebPage\",\"@id\":\"https:\/\/www.gaveanews.com\/index.php\/2025\/05\/06\/a-declaracao-de-milton-neves-direcionada-a-fabio-carille-ex-vasco-e-santos\/\",\"url\":\"https:\/\/www.gaveanews.com\/index.php\/2025\/05\/06\/a-declaracao-de-milton-neves-direcionada-a-fabio-carille-ex-vasco-e-santos\/\",\"name\":\"A declara\u00e7\u00e3o de Milton Neves direcionada a F\u00e1bio Carille, ex-Vasco e Santos\",\"isPartOf\":{\"@id\":\"https:\/\/www.gaveanews.com\/#website\"},\"primaryImageOfPage\":{\"@id\":\"https:\/\/www.gaveanews.com\/index.php\/2025\/05\/06\/a-declaracao-de-milton-neves-direcionada-a-fabio-carille-ex-vasco-e-santos\/#primaryimage\"},\"image\":{\"@id\":\"https:\/\/www.gaveanews.com\/index.php\/2025\/05\/06\/a-declaracao-de-milton-neves-direcionada-a-fabio-carille-ex-vasco-e-santos\/#primaryimage\"},\"thumbnailUrl\":\"https:\/\/www.gaveanews.com\/wp-content\/uploads\/Milton-Neves-durante-a-programacao-da-Bandeirantes.webp\",\"datePublished\":\"2025-05-06T13:00:00+00:00\",\"author\":{\"@id\":\"https:\/\/www.gaveanews.com\/#\/schema\/person\/c79759ca337c40791ae8d08e2923d403\"},\"breadcrumb\":{\"@id\":\"https:\/\/www.gaveanews.com\/index.php\/2025\/05\/06\/a-declaracao-de-milton-neves-direcionada-a-fabio-carille-ex-vasco-e-santos\/#breadcrumb\"},\"inLanguage\":\"pt-BR\",\"potentialAction\":[{\"@type\":\"ReadAction\",\"target\":[\"https:\/\/www.gaveanews.com\/index.php\/2025\/05\/06\/a-declaracao-de-milton-neves-direcionada-a-fabio-carille-ex-vasco-e-santos\/\"]}]},{\"@type\":\"ImageObject\",\"inLanguage\":\"pt-BR\",\"@id\":\"https:\/\/www.gaveanews.com\/index.php\/2025\/05\/06\/a-declaracao-de-milton-neves-direcionada-a-fabio-carille-ex-vasco-e-santos\/#primaryimage\",\"url\":\"https:\/\/www.gaveanews.com\/wp-content\/uploads\/Milton-Neves-durante-a-programacao-da-Bandeirantes.webp\",\"contentUrl\":\"https:\/\/www.gaveanews.com\/wp-content\/uploads\/Milton-Neves-durante-a-programacao-da-Bandeirantes.webp\",\"width\":1536,\"height\":864,\"caption\":\"Milton Neves durante a programa\u00e7\u00e3o da Bandeirantes (Foto: Reprodu\u00e7\u00e3o\/Bandeirantes)\"},{\"@type\":\"BreadcrumbList\",\"@id\":\"https:\/\/www.gaveanews.com\/index.php\/2025\/05\/06\/a-declaracao-de-milton-neves-direcionada-a-fabio-carille-ex-vasco-e-santos\/#breadcrumb\",\"itemListElement\":[{\"@type\":\"ListItem\",\"position\":1,\"name\":\"Home\",\"item\":\"https:\/\/www.gaveanews.com\/\"},{\"@type\":\"ListItem\",\"position\":2,\"name\":\"A declara\u00e7\u00e3o de Milton Neves direcionada a F\u00e1bio Carille, ex-Vasco e Santos\"}]},{\"@type\":\"WebSite\",\"@id\":\"https:\/\/www.gaveanews.com\/#website\",\"url\":\"https:\/\/www.gaveanews.com\/\",\"name\":\"G\u00e1vea News\",\"description\":\"Veja todas as not\u00edcias sobre o Flamengo: Contrata\u00e7\u00f5es, categorias de base, resultados das partidas, tabela de classifica\u00e7\u00e3o, pr\u00f3ximos jogos!\",\"potentialAction\":[{\"@type\":\"SearchAction\",\"target\":{\"@type\":\"EntryPoint\",\"urlTemplate\":\"https:\/\/www.gaveanews.com\/?s={search_term_string}\"},\"query-input\":{\"@type\":\"PropertyValueSpecification\",\"valueRequired\":true,\"valueName\":\"search_term_string\"}}],\"inLanguage\":\"pt-BR\"},{\"@type\":\"Person\",\"@id\":\"https:\/\/www.gaveanews.com\/#\/schema\/person\/c79759ca337c40791ae8d08e2923d403\",\"name\":\"Brenda Cezillo\",\"image\":{\"@type\":\"ImageObject\",\"inLanguage\":\"pt-BR\",\"@id\":\"https:\/\/www.gaveanews.com\/#\/schema\/person\/image\/\",\"url\":\"https:\/\/secure.gravatar.com\/avatar\/1738d75cee7317f9c29ae61dd67620c5883d80a92e42a6fff88ae5d527af217a?s=96&d=mm&r=g\",\"contentUrl\":\"https:\/\/secure.gravatar.com\/avatar\/1738d75cee7317f9c29ae61dd67620c5883d80a92e42a6fff88ae5d527af217a?s=96&d=mm&r=g\",\"caption\":\"Brenda Cezillo\"}}]}<\/script>\n<!-- \/ Yoast SEO Premium plugin. -->","yoast_head_json":{"title":"A declara\u00e7\u00e3o de Milton Neves direcionada a F\u00e1bio Carille, ex-Vasco e Santos","robots":{"index":"index","follow":"follow","max-snippet":"max-snippet:-1","max-image-preview":"max-image-preview:large","max-video-preview":"max-video-preview:-1"},"canonical":"https:\/\/www.gaveanews.com\/index.php\/2025\/05\/06\/a-declaracao-de-milton-neves-direcionada-a-fabio-carille-ex-vasco-e-santos\/","og_locale":"pt_BR","og_type":"article","og_title":"A declara\u00e7\u00e3o de Milton Neves direcionada a F\u00e1bio Carille, ex-Vasco e Santos","og_description":"A sequ\u00eancia negativa do Santos no Campeonato Brasileiro acendeu o alerta entre os torcedores. Ap\u00f3s a derrota por 1 a 0 para o Gr\u00eamio na Arena, no domingo (04 de maio), o comentarista Milton Neves voltou a destacar a situa\u00e7\u00e3o cr\u00edtica do clube e apontou injusti\u00e7as cometidas contra o ex-treinador F\u00e1bio Carille. Atualmente comandado por [&hellip;]","og_url":"https:\/\/www.gaveanews.com\/index.php\/2025\/05\/06\/a-declaracao-de-milton-neves-direcionada-a-fabio-carille-ex-vasco-e-santos\/","og_site_name":"G\u00e1vea News","article_publisher":"https:\/\/facebook.com\/gaveaNews\/","article_published_time":"2025-05-06T13:00:00+00:00","og_image":[{"width":1536,"height":864,"url":"https:\/\/www.gaveanews.com\/wp-content\/uploads\/Milton-Neves-durante-a-programacao-da-Bandeirantes.webp","type":"image\/jpeg"}],"author":"Brenda Cezillo","twitter_card":"summary_large_image","twitter_misc":{"Escrito por":"Brenda Cezillo","Est. tempo de leitura":"3 minutos"},"schema":{"@context":"https:\/\/schema.org","@graph":[{"@type":"NewsArticle","@id":"https:\/\/www.gaveanews.com\/index.php\/2025\/05\/06\/a-declaracao-de-milton-neves-direcionada-a-fabio-carille-ex-vasco-e-santos\/#article","isPartOf":{"@id":"https:\/\/www.gaveanews.com\/index.php\/2025\/05\/06\/a-declaracao-de-milton-neves-direcionada-a-fabio-carille-ex-vasco-e-santos\/"},"author":{"name":"Brenda Cezillo","@id":"https:\/\/www.gaveanews.com\/#\/schema\/person\/c79759ca337c40791ae8d08e2923d403"},"headline":"A declara\u00e7\u00e3o de Milton Neves direcionada a F\u00e1bio Carille, ex-Vasco e Santos","datePublished":"2025-05-06T13:00:00+00:00","mainEntityOfPage":{"@id":"https:\/\/www.gaveanews.com\/index.php\/2025\/05\/06\/a-declaracao-de-milton-neves-direcionada-a-fabio-carille-ex-vasco-e-santos\/"},"wordCount":403,"commentCount":0,"image":{"@id":"https:\/\/www.gaveanews.com\/index.php\/2025\/05\/06\/a-declaracao-de-milton-neves-direcionada-a-fabio-carille-ex-vasco-e-santos\/#primaryimage"},"thumbnailUrl":"https:\/\/www.gaveanews.com\/wp-content\/uploads\/Milton-Neves-durante-a-programacao-da-Bandeirantes.webp","articleSection":["Santos","Vasco"],"inLanguage":"pt-BR","potentialAction":[{"@type":"CommentAction","name":"Comment","target":["https:\/\/www.gaveanews.com\/index.php\/2025\/05\/06\/a-declaracao-de-milton-neves-direcionada-a-fabio-carille-ex-vasco-e-santos\/#respond"]}],"copyrightYear":"2025","copyrightHolder":{"@id":"https:\/\/www.gaveanews.com\/#organization"}},{"@type":"WebPage","@id":"https:\/\/www.gaveanews.com\/index.php\/2025\/05\/06\/a-declaracao-de-milton-neves-direcionada-a-fabio-carille-ex-vasco-e-santos\/","url":"https:\/\/www.gaveanews.com\/index.php\/2025\/05\/06\/a-declaracao-de-milton-neves-direcionada-a-fabio-carille-ex-vasco-e-santos\/","name":"A declara\u00e7\u00e3o de Milton Neves direcionada a F\u00e1bio Carille, ex-Vasco e Santos","isPartOf":{"@id":"https:\/\/www.gaveanews.com\/#website"},"primaryImageOfPage":{"@id":"https:\/\/www.gaveanews.com\/index.php\/2025\/05\/06\/a-declaracao-de-milton-neves-direcionada-a-fabio-carille-ex-vasco-e-santos\/#primaryimage"},"image":{"@id":"https:\/\/www.gaveanews.com\/index.php\/2025\/05\/06\/a-declaracao-de-milton-neves-direcionada-a-fabio-carille-ex-vasco-e-santos\/#primaryimage"},"thumbnailUrl":"https:\/\/www.gaveanews.com\/wp-content\/uploads\/Milton-Neves-durante-a-programacao-da-Bandeirantes.webp","datePublished":"2025-05-06T13:00:00+00:00","author":{"@id":"https:\/\/www.gaveanews.com\/#\/schema\/person\/c79759ca337c40791ae8d08e2923d403"},"breadcrumb":{"@id":"https:\/\/www.gaveanews.com\/index.php\/2025\/05\/06\/a-declaracao-de-milton-neves-direcionada-a-fabio-carille-ex-vasco-e-santos\/#breadcrumb"},"inLanguage":"pt-BR","potentialAction":[{"@type":"ReadAction","target":["https:\/\/www.gaveanews.com\/index.php\/2025\/05\/06\/a-declaracao-de-milton-neves-direcionada-a-fabio-carille-ex-vasco-e-santos\/"]}]},{"@type":"ImageObject","inLanguage":"pt-BR","@id":"https:\/\/www.gaveanews.com\/index.php\/2025\/05\/06\/a-declaracao-de-milton-neves-direcionada-a-fabio-carille-ex-vasco-e-santos\/#primaryimage","url":"https:\/\/www.gaveanews.com\/wp-content\/uploads\/Milton-Neves-durante-a-programacao-da-Bandeirantes.webp","contentUrl":"https:\/\/www.gaveanews.com\/wp-content\/uploads\/Milton-Neves-durante-a-programacao-da-Bandeirantes.webp","width":1536,"height":864,"caption":"Milton Neves durante a programa\u00e7\u00e3o da Bandeirantes (Foto: Reprodu\u00e7\u00e3o\/Bandeirantes)"},{"@type":"BreadcrumbList","@id":"https:\/\/www.gaveanews.com\/index.php\/2025\/05\/06\/a-declaracao-de-milton-neves-direcionada-a-fabio-carille-ex-vasco-e-santos\/#breadcrumb","itemListElement":[{"@type":"ListItem","position":1,"name":"Home","item":"https:\/\/www.gaveanews.com\/"},{"@type":"ListItem","position":2,"name":"A declara\u00e7\u00e3o de Milton Neves direcionada a F\u00e1bio Carille, ex-Vasco e Santos"}]},{"@type":"WebSite","@id":"https:\/\/www.gaveanews.com\/#website","url":"https:\/\/www.gaveanews.com\/","name":"G\u00e1vea News","description":"Veja todas as not\u00edcias sobre o Flamengo: Contrata\u00e7\u00f5es, categorias de base, resultados das partidas, tabela de classifica\u00e7\u00e3o, pr\u00f3ximos jogos!","potentialAction":[{"@type":"SearchAction","target":{"@type":"EntryPoint","urlTemplate":"https:\/\/www.gaveanews.com\/?s={search_term_string}"},"query-input":{"@type":"PropertyValueSpecification","valueRequired":true,"valueName":"search_term_string"}}],"inLanguage":"pt-BR"},{"@type":"Person","@id":"https:\/\/www.gaveanews.com\/#\/schema\/person\/c79759ca337c40791ae8d08e2923d403","name":"Brenda Cezillo","image":{"@type":"ImageObject","inLanguage":"pt-BR","@id":"https:\/\/www.gaveanews.com\/#\/schema\/person\/image\/","url":"https:\/\/secure.gravatar.com\/avatar\/1738d75cee7317f9c29ae61dd67620c5883d80a92e42a6fff88ae5d527af217a?s=96&d=mm&r=g","contentUrl":"https:\/\/secure.gravatar.com\/avatar\/1738d75cee7317f9c29ae61dd67620c5883d80a92e42a6fff88ae5d527af217a?s=96&d=mm&r=g","caption":"Brenda Cezillo"}}]}},"_links":{"self":[{"href":"https:\/\/www.gaveanews.com\/index.php\/wp-json\/wp\/v2\/posts\/260915","targetHints":{"allow":["GET"]}}],"collection":[{"href":"https:\/\/www.gaveanews.com\/index.php\/wp-json\/wp\/v2\/posts"}],"about":[{"href":"https:\/\/www.gaveanews.com\/index.php\/wp-json\/wp\/v2\/types\/post"}],"author":[{"embeddable":true,"href":"https:\/\/www.gaveanews.com\/index.php\/wp-json\/wp\/v2\/users\/33"}],"replies":[{"embeddable":true,"href":"https:\/\/www.gaveanews.com\/index.php\/wp-json\/wp\/v2\/comments?post=260915"}],"version-history":[{"count":1,"href":"https:\/\/www.gaveanews.com\/index.php\/wp-json\/wp\/v2\/posts\/260915\/revisions"}],"predecessor-version":[{"id":260917,"href":"https:\/\/www.gaveanews.com\/index.php\/wp-json\/wp\/v2\/posts\/260915\/revisions\/260917"}],"wp:featuredmedia":[{"embeddable":true,"href":"https:\/\/www.gaveanews.com\/index.php\/wp-json\/wp\/v2\/media\/166659"}],"wp:attachment":[{"href":"https:\/\/www.gaveanews.com\/index.php\/wp-json\/wp\/v2\/media?parent=260915"}],"wp:term":[{"taxonomy":"category","embeddable":true,"href":"https:\/\/www.gaveanews.com\/index.php\/wp-json\/wp\/v2\/categories?post=260915"},{"taxonomy":"post_tag","embeddable":true,"href":"https:\/\/www.gaveanews.com\/index.php\/wp-json\/wp\/v2\/tags?post=260915"}],"curies":[{"name":"wp","href":"https:\/\/api.w.org\/{rel}","templated":true}]}}