{"id":260927,"date":"2025-05-06T11:00:00","date_gmt":"2025-05-06T14:00:00","guid":{"rendered":"https:\/\/www.gaveanews.com\/?p=260927"},"modified":"2025-05-06T10:15:27","modified_gmt":"2025-05-06T13:15:27","slug":"video-torcedores-do-cruzeiro-sao-agredidos-no-mineirao","status":"publish","type":"post","link":"https:\/\/www.gaveanews.com\/index.php\/2025\/05\/06\/video-torcedores-do-cruzeiro-sao-agredidos-no-mineirao\/","title":{"rendered":"V\u00eddeo: torcedores do Cruzeiro s\u00e3o agredidos no Mineir\u00e3o"},"content":{"rendered":"\n<p>O clima de festa no Mineir\u00e3o, em Belo Horizonte, terminou em tens\u00e3o no \u00faltimo domingo (4 de maio). Ap\u00f3s a vit\u00f3ria do Cruzeiro por 2 a 1 sobre o Flamengo, pelo Campeonato Brasileiro, torcedores celestes foram surpreendidos com uma a\u00e7\u00e3o violenta da Pol\u00edcia Militar de Minas Gerais na esplanada do est\u00e1dio.<\/p>\n\n\n\n<p>Mais de 52 mil pessoas estiveram presentes no est\u00e1dio, mas parte dessa celebra\u00e7\u00e3o foi interrompida de forma inesperada. Um grupo de cruzeirenses se reunia para cantar, pular e celebrar o resultado positivo, quando policiais chegaram ao local portando cassetetes e iniciaram uma abordagem agressiva. Registros em v\u00eddeo compartilhados nas redes sociais mostram os agentes partindo para cima dos torcedores sem qualquer sinal vis\u00edvel de provoca\u00e7\u00e3o.<\/p>\n\n\n\n<blockquote class=\"twitter-tweet\" data-media-max-width=\"560\"><p lang=\"pt\" dir=\"ltr\">Os torcedores do Cruzeiro comemorando a vit\u00f3ria do jogo contra o Flamengo.<br><br>E do nada chega os policiais batendo nos torcedores..<br><br> <a href=\"https:\/\/t.co\/IxfMAvp3Jd\">pic.twitter.com\/IxfMAvp3Jd<\/a><\/p>&mdash; DataFut (@DataFutebol) <a href=\"https:\/\/twitter.com\/DataFutebol\/status\/1919398051770167383?ref_src=twsrc%5Etfw\">May 5, 2025<\/a><\/blockquote> <script async src=\"https:\/\/platform.twitter.com\/widgets.js\" charset=\"utf-8\"><\/script>\n\n\n\n<p>O jornalista Guilherme Guerra, de 27 anos, estava entre os torcedores no setor amarelo e relatou ao \u201cPortal DeFato Online\u201d o momento de tens\u00e3o que viveu. &#8220;Eu simplesmente olhei pra frente e tinha um policial com arma em punho na minha dire\u00e7\u00e3o, minha \u00fanica rea\u00e7\u00e3o foi s\u00f3 levantar as m\u00e3os, mostrar que a gente n\u00e3o estava fazendo nada de errado, quando outro policial surgiu ao lado desse e come\u00e7ou a desferir golpes de cassetete&#8221;, afirmou.<\/p>\n\n\n\n<p>Conforme o relato, os golpes atingiram bra\u00e7os, pernas e at\u00e9 o rosto do jornalista, que tamb\u00e9m teve seus \u00f3culos arrancados e danificados durante a abordagem. Ali\u00e1s, segundo ele, n\u00e3o houve qualquer tentativa de di\u00e1logo por parte dos policiais. Quando questionou uma policial sobre a conduta adotada, a resposta foi direta: \u201cSai daqui pra voc\u00ea n\u00e3o apanhar de novo, vai embora\u201d.<\/p>\n\n\n\n<p>Ainda assim, a Pol\u00edcia Militar de Minas Gerais n\u00e3o emitiu nota oficial ou qualquer esclarecimento sobre os acontecimentos at\u00e9 o momento. A aus\u00eancia de posicionamento alimenta a indigna\u00e7\u00e3o de torcedores que, conforme se observa nas redes sociais, cobram respostas das autoridades.<\/p>\n\n\n\n<p>Eventualmente, casos como esse reacendem o debate sobre o uso excessivo da for\u00e7a por parte das for\u00e7as de seguran\u00e7a nos est\u00e1dios brasileiros. Afinal, a atua\u00e7\u00e3o policial, sobretudo em ambientes festivos e familiares, exige equil\u00edbrio e preparo, a fim de garantir a seguran\u00e7a sem comprometer os direitos dos presentes.<\/p>\n","protected":false},"excerpt":{"rendered":"<p>O clima de festa no Mineir\u00e3o, em Belo Horizonte, terminou em tens\u00e3o no \u00faltimo domingo (4 de maio). Ap\u00f3s a vit\u00f3ria do Cruzeiro por 2 a 1 sobre o Flamengo, pelo Campeonato Brasileiro, torcedores celestes foram surpreendidos com uma a\u00e7\u00e3o violenta da Pol\u00edcia Militar de Minas Gerais na esplanada do est\u00e1dio. Mais de 52 mil [&hellip;]<\/p>\n","protected":false},"author":33,"featured_media":163709,"comment_status":"open","ping_status":"closed","sticky":false,"template":"","format":"standard","meta":{"footnotes":""},"categories":[143],"tags":[],"class_list":["post-260927","post","type-post","status-publish","format-standard","has-post-thumbnail","hentry","category-cruzeiro"],"yoast_head":"<!-- This site is optimized with the Yoast SEO Premium plugin v24.2 (Yoast SEO v26.9) - https:\/\/yoast.com\/product\/yoast-seo-premium-wordpress\/ -->\n<title>V\u00eddeo: torcedores do Cruzeiro s\u00e3o agredidos no Mineir\u00e3o<\/title>\n<meta name=\"robots\" content=\"index, follow, max-snippet:-1, max-image-preview:large, max-video-preview:-1\" \/>\n<link rel=\"canonical\" href=\"https:\/\/www.gaveanews.com\/index.php\/2025\/05\/06\/video-torcedores-do-cruzeiro-sao-agredidos-no-mineirao\/\" \/>\n<meta property=\"og:locale\" content=\"pt_BR\" \/>\n<meta property=\"og:type\" content=\"article\" \/>\n<meta property=\"og:title\" content=\"V\u00eddeo: torcedores do Cruzeiro s\u00e3o agredidos no Mineir\u00e3o\" \/>\n<meta property=\"og:description\" content=\"O clima de festa no Mineir\u00e3o, em Belo Horizonte, terminou em tens\u00e3o no \u00faltimo domingo (4 de maio). Ap\u00f3s a vit\u00f3ria do Cruzeiro por 2 a 1 sobre o Flamengo, pelo Campeonato Brasileiro, torcedores celestes foram surpreendidos com uma a\u00e7\u00e3o violenta da Pol\u00edcia Militar de Minas Gerais na esplanada do est\u00e1dio. Mais de 52 mil [&hellip;]\" \/>\n<meta property=\"og:url\" content=\"https:\/\/www.gaveanews.com\/index.php\/2025\/05\/06\/video-torcedores-do-cruzeiro-sao-agredidos-no-mineirao\/\" \/>\n<meta property=\"og:site_name\" content=\"G\u00e1vea News\" \/>\n<meta property=\"article:publisher\" content=\"https:\/\/facebook.com\/gaveaNews\/\" \/>\n<meta property=\"article:published_time\" content=\"2025-05-06T14:00:00+00:00\" \/>\n<meta property=\"og:image\" content=\"https:\/\/www.gaveanews.com\/wp-content\/uploads\/Camisa-do-Cruzeiro-2024.webp\" \/>\n\t<meta property=\"og:image:width\" content=\"1292\" \/>\n\t<meta property=\"og:image:height\" content=\"861\" \/>\n\t<meta property=\"og:image:type\" content=\"image\/webp\" \/>\n<meta name=\"author\" content=\"Brenda Cezillo\" \/>\n<meta name=\"twitter:card\" content=\"summary_large_image\" \/>\n<meta name=\"twitter:label1\" content=\"Escrito por\" \/>\n\t<meta name=\"twitter:data1\" content=\"Brenda Cezillo\" \/>\n\t<meta name=\"twitter:label2\" content=\"Est. tempo de leitura\" \/>\n\t<meta name=\"twitter:data2\" content=\"3 minutos\" \/>\n<script type=\"application\/ld+json\" class=\"yoast-schema-graph\">{\"@context\":\"https:\/\/schema.org\",\"@graph\":[{\"@type\":\"NewsArticle\",\"@id\":\"https:\/\/www.gaveanews.com\/index.php\/2025\/05\/06\/video-torcedores-do-cruzeiro-sao-agredidos-no-mineirao\/#article\",\"isPartOf\":{\"@id\":\"https:\/\/www.gaveanews.com\/index.php\/2025\/05\/06\/video-torcedores-do-cruzeiro-sao-agredidos-no-mineirao\/\"},\"author\":{\"name\":\"Brenda Cezillo\",\"@id\":\"https:\/\/www.gaveanews.com\/#\/schema\/person\/c79759ca337c40791ae8d08e2923d403\"},\"headline\":\"V\u00eddeo: torcedores do Cruzeiro s\u00e3o agredidos no Mineir\u00e3o\",\"datePublished\":\"2025-05-06T14:00:00+00:00\",\"mainEntityOfPage\":{\"@id\":\"https:\/\/www.gaveanews.com\/index.php\/2025\/05\/06\/video-torcedores-do-cruzeiro-sao-agredidos-no-mineirao\/\"},\"wordCount\":412,\"commentCount\":0,\"image\":{\"@id\":\"https:\/\/www.gaveanews.com\/index.php\/2025\/05\/06\/video-torcedores-do-cruzeiro-sao-agredidos-no-mineirao\/#primaryimage\"},\"thumbnailUrl\":\"https:\/\/www.gaveanews.com\/wp-content\/uploads\/Camisa-do-Cruzeiro-2024.webp\",\"articleSection\":[\"Cruzeiro\"],\"inLanguage\":\"pt-BR\",\"potentialAction\":[{\"@type\":\"CommentAction\",\"name\":\"Comment\",\"target\":[\"https:\/\/www.gaveanews.com\/index.php\/2025\/05\/06\/video-torcedores-do-cruzeiro-sao-agredidos-no-mineirao\/#respond\"]}],\"copyrightYear\":\"2025\",\"copyrightHolder\":{\"@id\":\"https:\/\/www.gaveanews.com\/#organization\"}},{\"@type\":\"WebPage\",\"@id\":\"https:\/\/www.gaveanews.com\/index.php\/2025\/05\/06\/video-torcedores-do-cruzeiro-sao-agredidos-no-mineirao\/\",\"url\":\"https:\/\/www.gaveanews.com\/index.php\/2025\/05\/06\/video-torcedores-do-cruzeiro-sao-agredidos-no-mineirao\/\",\"name\":\"V\u00eddeo: torcedores do Cruzeiro s\u00e3o agredidos no Mineir\u00e3o\",\"isPartOf\":{\"@id\":\"https:\/\/www.gaveanews.com\/#website\"},\"primaryImageOfPage\":{\"@id\":\"https:\/\/www.gaveanews.com\/index.php\/2025\/05\/06\/video-torcedores-do-cruzeiro-sao-agredidos-no-mineirao\/#primaryimage\"},\"image\":{\"@id\":\"https:\/\/www.gaveanews.com\/index.php\/2025\/05\/06\/video-torcedores-do-cruzeiro-sao-agredidos-no-mineirao\/#primaryimage\"},\"thumbnailUrl\":\"https:\/\/www.gaveanews.com\/wp-content\/uploads\/Camisa-do-Cruzeiro-2024.webp\",\"datePublished\":\"2025-05-06T14:00:00+00:00\",\"author\":{\"@id\":\"https:\/\/www.gaveanews.com\/#\/schema\/person\/c79759ca337c40791ae8d08e2923d403\"},\"breadcrumb\":{\"@id\":\"https:\/\/www.gaveanews.com\/index.php\/2025\/05\/06\/video-torcedores-do-cruzeiro-sao-agredidos-no-mineirao\/#breadcrumb\"},\"inLanguage\":\"pt-BR\",\"potentialAction\":[{\"@type\":\"ReadAction\",\"target\":[\"https:\/\/www.gaveanews.com\/index.php\/2025\/05\/06\/video-torcedores-do-cruzeiro-sao-agredidos-no-mineirao\/\"]}]},{\"@type\":\"ImageObject\",\"inLanguage\":\"pt-BR\",\"@id\":\"https:\/\/www.gaveanews.com\/index.php\/2025\/05\/06\/video-torcedores-do-cruzeiro-sao-agredidos-no-mineirao\/#primaryimage\",\"url\":\"https:\/\/www.gaveanews.com\/wp-content\/uploads\/Camisa-do-Cruzeiro-2024.webp\",\"contentUrl\":\"https:\/\/www.gaveanews.com\/wp-content\/uploads\/Camisa-do-Cruzeiro-2024.webp\",\"width\":1292,\"height\":861,\"caption\":\"Camisa do Cruzeiro 2024 (Foto: Reprodu\u00e7\u00e3o\/Instagram)\"},{\"@type\":\"BreadcrumbList\",\"@id\":\"https:\/\/www.gaveanews.com\/index.php\/2025\/05\/06\/video-torcedores-do-cruzeiro-sao-agredidos-no-mineirao\/#breadcrumb\",\"itemListElement\":[{\"@type\":\"ListItem\",\"position\":1,\"name\":\"Home\",\"item\":\"https:\/\/www.gaveanews.com\/\"},{\"@type\":\"ListItem\",\"position\":2,\"name\":\"V\u00eddeo: torcedores do Cruzeiro s\u00e3o agredidos no Mineir\u00e3o\"}]},{\"@type\":\"WebSite\",\"@id\":\"https:\/\/www.gaveanews.com\/#website\",\"url\":\"https:\/\/www.gaveanews.com\/\",\"name\":\"G\u00e1vea News\",\"description\":\"Veja todas as not\u00edcias sobre o Flamengo: Contrata\u00e7\u00f5es, categorias de base, resultados das partidas, tabela de classifica\u00e7\u00e3o, pr\u00f3ximos jogos!\",\"potentialAction\":[{\"@type\":\"SearchAction\",\"target\":{\"@type\":\"EntryPoint\",\"urlTemplate\":\"https:\/\/www.gaveanews.com\/?s={search_term_string}\"},\"query-input\":{\"@type\":\"PropertyValueSpecification\",\"valueRequired\":true,\"valueName\":\"search_term_string\"}}],\"inLanguage\":\"pt-BR\"},{\"@type\":\"Person\",\"@id\":\"https:\/\/www.gaveanews.com\/#\/schema\/person\/c79759ca337c40791ae8d08e2923d403\",\"name\":\"Brenda Cezillo\",\"image\":{\"@type\":\"ImageObject\",\"inLanguage\":\"pt-BR\",\"@id\":\"https:\/\/www.gaveanews.com\/#\/schema\/person\/image\/\",\"url\":\"https:\/\/secure.gravatar.com\/avatar\/1738d75cee7317f9c29ae61dd67620c5883d80a92e42a6fff88ae5d527af217a?s=96&d=mm&r=g\",\"contentUrl\":\"https:\/\/secure.gravatar.com\/avatar\/1738d75cee7317f9c29ae61dd67620c5883d80a92e42a6fff88ae5d527af217a?s=96&d=mm&r=g\",\"caption\":\"Brenda Cezillo\"}}]}<\/script>\n<!-- \/ Yoast SEO Premium plugin. -->","yoast_head_json":{"title":"V\u00eddeo: torcedores do Cruzeiro s\u00e3o agredidos no Mineir\u00e3o","robots":{"index":"index","follow":"follow","max-snippet":"max-snippet:-1","max-image-preview":"max-image-preview:large","max-video-preview":"max-video-preview:-1"},"canonical":"https:\/\/www.gaveanews.com\/index.php\/2025\/05\/06\/video-torcedores-do-cruzeiro-sao-agredidos-no-mineirao\/","og_locale":"pt_BR","og_type":"article","og_title":"V\u00eddeo: torcedores do Cruzeiro s\u00e3o agredidos no Mineir\u00e3o","og_description":"O clima de festa no Mineir\u00e3o, em Belo Horizonte, terminou em tens\u00e3o no \u00faltimo domingo (4 de maio). Ap\u00f3s a vit\u00f3ria do Cruzeiro por 2 a 1 sobre o Flamengo, pelo Campeonato Brasileiro, torcedores celestes foram surpreendidos com uma a\u00e7\u00e3o violenta da Pol\u00edcia Militar de Minas Gerais na esplanada do est\u00e1dio. Mais de 52 mil [&hellip;]","og_url":"https:\/\/www.gaveanews.com\/index.php\/2025\/05\/06\/video-torcedores-do-cruzeiro-sao-agredidos-no-mineirao\/","og_site_name":"G\u00e1vea News","article_publisher":"https:\/\/facebook.com\/gaveaNews\/","article_published_time":"2025-05-06T14:00:00+00:00","og_image":[{"width":1292,"height":861,"url":"https:\/\/www.gaveanews.com\/wp-content\/uploads\/Camisa-do-Cruzeiro-2024.webp","type":"image\/webp"}],"author":"Brenda Cezillo","twitter_card":"summary_large_image","twitter_misc":{"Escrito por":"Brenda Cezillo","Est. tempo de leitura":"3 minutos"},"schema":{"@context":"https:\/\/schema.org","@graph":[{"@type":"NewsArticle","@id":"https:\/\/www.gaveanews.com\/index.php\/2025\/05\/06\/video-torcedores-do-cruzeiro-sao-agredidos-no-mineirao\/#article","isPartOf":{"@id":"https:\/\/www.gaveanews.com\/index.php\/2025\/05\/06\/video-torcedores-do-cruzeiro-sao-agredidos-no-mineirao\/"},"author":{"name":"Brenda Cezillo","@id":"https:\/\/www.gaveanews.com\/#\/schema\/person\/c79759ca337c40791ae8d08e2923d403"},"headline":"V\u00eddeo: torcedores do Cruzeiro s\u00e3o agredidos no Mineir\u00e3o","datePublished":"2025-05-06T14:00:00+00:00","mainEntityOfPage":{"@id":"https:\/\/www.gaveanews.com\/index.php\/2025\/05\/06\/video-torcedores-do-cruzeiro-sao-agredidos-no-mineirao\/"},"wordCount":412,"commentCount":0,"image":{"@id":"https:\/\/www.gaveanews.com\/index.php\/2025\/05\/06\/video-torcedores-do-cruzeiro-sao-agredidos-no-mineirao\/#primaryimage"},"thumbnailUrl":"https:\/\/www.gaveanews.com\/wp-content\/uploads\/Camisa-do-Cruzeiro-2024.webp","articleSection":["Cruzeiro"],"inLanguage":"pt-BR","potentialAction":[{"@type":"CommentAction","name":"Comment","target":["https:\/\/www.gaveanews.com\/index.php\/2025\/05\/06\/video-torcedores-do-cruzeiro-sao-agredidos-no-mineirao\/#respond"]}],"copyrightYear":"2025","copyrightHolder":{"@id":"https:\/\/www.gaveanews.com\/#organization"}},{"@type":"WebPage","@id":"https:\/\/www.gaveanews.com\/index.php\/2025\/05\/06\/video-torcedores-do-cruzeiro-sao-agredidos-no-mineirao\/","url":"https:\/\/www.gaveanews.com\/index.php\/2025\/05\/06\/video-torcedores-do-cruzeiro-sao-agredidos-no-mineirao\/","name":"V\u00eddeo: torcedores do Cruzeiro s\u00e3o agredidos no Mineir\u00e3o","isPartOf":{"@id":"https:\/\/www.gaveanews.com\/#website"},"primaryImageOfPage":{"@id":"https:\/\/www.gaveanews.com\/index.php\/2025\/05\/06\/video-torcedores-do-cruzeiro-sao-agredidos-no-mineirao\/#primaryimage"},"image":{"@id":"https:\/\/www.gaveanews.com\/index.php\/2025\/05\/06\/video-torcedores-do-cruzeiro-sao-agredidos-no-mineirao\/#primaryimage"},"thumbnailUrl":"https:\/\/www.gaveanews.com\/wp-content\/uploads\/Camisa-do-Cruzeiro-2024.webp","datePublished":"2025-05-06T14:00:00+00:00","author":{"@id":"https:\/\/www.gaveanews.com\/#\/schema\/person\/c79759ca337c40791ae8d08e2923d403"},"breadcrumb":{"@id":"https:\/\/www.gaveanews.com\/index.php\/2025\/05\/06\/video-torcedores-do-cruzeiro-sao-agredidos-no-mineirao\/#breadcrumb"},"inLanguage":"pt-BR","potentialAction":[{"@type":"ReadAction","target":["https:\/\/www.gaveanews.com\/index.php\/2025\/05\/06\/video-torcedores-do-cruzeiro-sao-agredidos-no-mineirao\/"]}]},{"@type":"ImageObject","inLanguage":"pt-BR","@id":"https:\/\/www.gaveanews.com\/index.php\/2025\/05\/06\/video-torcedores-do-cruzeiro-sao-agredidos-no-mineirao\/#primaryimage","url":"https:\/\/www.gaveanews.com\/wp-content\/uploads\/Camisa-do-Cruzeiro-2024.webp","contentUrl":"https:\/\/www.gaveanews.com\/wp-content\/uploads\/Camisa-do-Cruzeiro-2024.webp","width":1292,"height":861,"caption":"Camisa do Cruzeiro 2024 (Foto: Reprodu\u00e7\u00e3o\/Instagram)"},{"@type":"BreadcrumbList","@id":"https:\/\/www.gaveanews.com\/index.php\/2025\/05\/06\/video-torcedores-do-cruzeiro-sao-agredidos-no-mineirao\/#breadcrumb","itemListElement":[{"@type":"ListItem","position":1,"name":"Home","item":"https:\/\/www.gaveanews.com\/"},{"@type":"ListItem","position":2,"name":"V\u00eddeo: torcedores do Cruzeiro s\u00e3o agredidos no Mineir\u00e3o"}]},{"@type":"WebSite","@id":"https:\/\/www.gaveanews.com\/#website","url":"https:\/\/www.gaveanews.com\/","name":"G\u00e1vea News","description":"Veja todas as not\u00edcias sobre o Flamengo: Contrata\u00e7\u00f5es, categorias de base, resultados das partidas, tabela de classifica\u00e7\u00e3o, pr\u00f3ximos jogos!","potentialAction":[{"@type":"SearchAction","target":{"@type":"EntryPoint","urlTemplate":"https:\/\/www.gaveanews.com\/?s={search_term_string}"},"query-input":{"@type":"PropertyValueSpecification","valueRequired":true,"valueName":"search_term_string"}}],"inLanguage":"pt-BR"},{"@type":"Person","@id":"https:\/\/www.gaveanews.com\/#\/schema\/person\/c79759ca337c40791ae8d08e2923d403","name":"Brenda Cezillo","image":{"@type":"ImageObject","inLanguage":"pt-BR","@id":"https:\/\/www.gaveanews.com\/#\/schema\/person\/image\/","url":"https:\/\/secure.gravatar.com\/avatar\/1738d75cee7317f9c29ae61dd67620c5883d80a92e42a6fff88ae5d527af217a?s=96&d=mm&r=g","contentUrl":"https:\/\/secure.gravatar.com\/avatar\/1738d75cee7317f9c29ae61dd67620c5883d80a92e42a6fff88ae5d527af217a?s=96&d=mm&r=g","caption":"Brenda Cezillo"}}]}},"_links":{"self":[{"href":"https:\/\/www.gaveanews.com\/index.php\/wp-json\/wp\/v2\/posts\/260927","targetHints":{"allow":["GET"]}}],"collection":[{"href":"https:\/\/www.gaveanews.com\/index.php\/wp-json\/wp\/v2\/posts"}],"about":[{"href":"https:\/\/www.gaveanews.com\/index.php\/wp-json\/wp\/v2\/types\/post"}],"author":[{"embeddable":true,"href":"https:\/\/www.gaveanews.com\/index.php\/wp-json\/wp\/v2\/users\/33"}],"replies":[{"embeddable":true,"href":"https:\/\/www.gaveanews.com\/index.php\/wp-json\/wp\/v2\/comments?post=260927"}],"version-history":[{"count":1,"href":"https:\/\/www.gaveanews.com\/index.php\/wp-json\/wp\/v2\/posts\/260927\/revisions"}],"predecessor-version":[{"id":260930,"href":"https:\/\/www.gaveanews.com\/index.php\/wp-json\/wp\/v2\/posts\/260927\/revisions\/260930"}],"wp:featuredmedia":[{"embeddable":true,"href":"https:\/\/www.gaveanews.com\/index.php\/wp-json\/wp\/v2\/media\/163709"}],"wp:attachment":[{"href":"https:\/\/www.gaveanews.com\/index.php\/wp-json\/wp\/v2\/media?parent=260927"}],"wp:term":[{"taxonomy":"category","embeddable":true,"href":"https:\/\/www.gaveanews.com\/index.php\/wp-json\/wp\/v2\/categories?post=260927"},{"taxonomy":"post_tag","embeddable":true,"href":"https:\/\/www.gaveanews.com\/index.php\/wp-json\/wp\/v2\/tags?post=260927"}],"curies":[{"name":"wp","href":"https:\/\/api.w.org\/{rel}","templated":true}]}}