{"id":260929,"date":"2025-05-06T11:05:00","date_gmt":"2025-05-06T14:05:00","guid":{"rendered":"https:\/\/www.gaveanews.com\/?p=260929"},"modified":"2025-05-06T10:16:51","modified_gmt":"2025-05-06T13:16:51","slug":"central-cordoba-emite-nota-oficial-antes-de-jogo-contra-o-flamengo-na-libertadores","status":"publish","type":"post","link":"https:\/\/www.gaveanews.com\/index.php\/2025\/05\/06\/central-cordoba-emite-nota-oficial-antes-de-jogo-contra-o-flamengo-na-libertadores\/","title":{"rendered":"Central C\u00f3rdoba emite nota oficial antes de jogo contra o Flamengo, na Libertadores"},"content":{"rendered":"\n<p>O duelo entre Central C\u00f3rdoba e Flamengo, marcado para esta quarta-feira (07), em Santiago del Estero, tem gerado grande expectativa na Argentina. Considerado hist\u00f3rico pela imprensa local, o confronto no Est\u00e1dio \u00danico Madre de Ciudades promete agitar a cidade e a torcida do clube argentino.&nbsp;<\/p>\n\n\n\n<p>Dessa maneira, o Central C\u00f3rdoba tomou medidas preventivas e emitiu uma nota oficial refor\u00e7ando o compromisso com um ambiente seguro e respeitoso, principalmente no que diz respeito a atitudes racistas ou discriminat\u00f3rias.<\/p>\n\n\n\n<p>Vale destacar que, devido ao aumento de casos de racismo nos est\u00e1dios sul-americanos, a Conmebol tem promovido campanhas de conscientiza\u00e7\u00e3o entre torcedores, visando reduzir atitudes preconceituosas. O comunicado do Central C\u00f3rdoba reflete o movimento de combater esse tipo de comportamento.<\/p>\n\n\n\n<h2 class=\"wp-block-heading\" id=\"h-declaracao-oficial-e-tolerancia-zero-com-o-preconceito\">Declara\u00e7\u00e3o oficial e toler\u00e2ncia zero com o preconceito<\/h2>\n\n\n\n<p>A postura do clube argentino foi clara e firme. No comunicado, o Central C\u00f3rdoba afirmou:<\/p>\n\n\n\n<p>\u201cDesde o Club Atl\u00e9tico Central C\u00f3rdoba, reafirmamos nosso compromisso com um futebol respeitoso e inclusivo. N\u00e3o ser\u00e3o tolerados atos de indisciplina, racismo, nem discrimina\u00e7\u00e3o no est\u00e1dio. Os respons\u00e1veis ser\u00e3o identificados e sancionados com a maior severidade. Vamos torcer com paix\u00e3o, mas sempre com respeito. Deixemos a intoler\u00e2ncia do lado de fora.\u201d<\/p>\n\n\n\n<blockquote class=\"twitter-tweet\"><p lang=\"es\" dir=\"ltr\">\ud83d\udde3 COMUNICADO OFICIAL <br><br>Desde el Club Atl\u00e9tico Central C\u00f3rdoba reafirmamos nuestro compromiso con un f\u00fatbol respetuoso e inclusivo.<br>No se tolerar\u00e1n actos de indisciplina, racismo ni discriminaci\u00f3n en el estadio.<br>Los responsables ser\u00e1n identificados y sancionados con la mayor\u2026 <a href=\"https:\/\/t.co\/0x6xiz2Zkk\">pic.twitter.com\/0x6xiz2Zkk<\/a><\/p>&mdash; Club Atletico Central C\u00f3rdoba (@cacc_sde) <a href=\"https:\/\/twitter.com\/cacc_sde\/status\/1919413514872971684?ref_src=twsrc%5Etfw\">May 5, 2025<\/a><\/blockquote> <script async src=\"https:\/\/platform.twitter.com\/widgets.js\" charset=\"utf-8\"><\/script>\n\n\n\n<p>Cabe ressaltar que, ao refor\u00e7ar a intoler\u00e2ncia zero, o Central C\u00f3rdoba n\u00e3o apenas zela pelo bom andamento da partida, mas tamb\u00e9m contribui para uma postura mais \u00e9tica dentro e fora dos est\u00e1dios.&nbsp;<\/p>\n\n\n\n<h2 class=\"wp-block-heading\" id=\"h-confronto-decisivo-pela-classificacao\">Confronto decisivo pela classifica\u00e7\u00e3o<\/h2>\n\n\n\n<p>Al\u00e9m disso, o jogo \u00e9 de suma import\u00e2ncia para o Flamengo na busca pela classifica\u00e7\u00e3o. O time de Filipe Lu\u00eds ocupa a terceira coloca\u00e7\u00e3o do grupo, com quatro pontos, e precisa da vit\u00f3ria para seguir na briga pelo topo. O Central C\u00f3rdoba lidera com sete pontos, enquanto a LDU soma cinco, e o Deportivo T\u00e1chira segue na lanterna, sem pontos.<\/p>\n\n\n\n<p>O confronto ser\u00e1 transmitido ao vivo pela Globo (TV aberta) e Paramount+ (streaming), a partir das 21h30 (hor\u00e1rio de Bras\u00edlia).<\/p>\n","protected":false},"excerpt":{"rendered":"<p>O duelo entre Central C\u00f3rdoba e Flamengo, marcado para esta quarta-feira (07), em Santiago del Estero, tem gerado grande expectativa na Argentina. Considerado hist\u00f3rico pela imprensa local, o confronto no Est\u00e1dio \u00danico Madre de Ciudades promete agitar a cidade e a torcida do clube argentino.&nbsp; Dessa maneira, o Central C\u00f3rdoba tomou medidas preventivas e emitiu [&hellip;]<\/p>\n","protected":false},"author":25,"featured_media":124684,"comment_status":"open","ping_status":"closed","sticky":false,"template":"","format":"standard","meta":{"footnotes":""},"categories":[1],"tags":[],"class_list":["post-260929","post","type-post","status-publish","format-standard","has-post-thumbnail","hentry","category-flamengo"],"yoast_head":"<!-- This site is optimized with the Yoast SEO Premium plugin v24.2 (Yoast SEO v26.9) - https:\/\/yoast.com\/product\/yoast-seo-premium-wordpress\/ -->\n<title>Central C\u00f3rdoba emite nota oficial antes de jogo contra o Flamengo, na Libertadores<\/title>\n<meta name=\"robots\" content=\"index, follow, max-snippet:-1, max-image-preview:large, max-video-preview:-1\" \/>\n<link rel=\"canonical\" href=\"https:\/\/www.gaveanews.com\/index.php\/2025\/05\/06\/central-cordoba-emite-nota-oficial-antes-de-jogo-contra-o-flamengo-na-libertadores\/\" \/>\n<meta property=\"og:locale\" content=\"pt_BR\" \/>\n<meta property=\"og:type\" content=\"article\" \/>\n<meta property=\"og:title\" content=\"Central C\u00f3rdoba emite nota oficial antes de jogo contra o Flamengo, na Libertadores\" \/>\n<meta property=\"og:description\" content=\"O duelo entre Central C\u00f3rdoba e Flamengo, marcado para esta quarta-feira (07), em Santiago del Estero, tem gerado grande expectativa na Argentina. Considerado hist\u00f3rico pela imprensa local, o confronto no Est\u00e1dio \u00danico Madre de Ciudades promete agitar a cidade e a torcida do clube argentino.&nbsp; Dessa maneira, o Central C\u00f3rdoba tomou medidas preventivas e emitiu [&hellip;]\" \/>\n<meta property=\"og:url\" content=\"https:\/\/www.gaveanews.com\/index.php\/2025\/05\/06\/central-cordoba-emite-nota-oficial-antes-de-jogo-contra-o-flamengo-na-libertadores\/\" \/>\n<meta property=\"og:site_name\" content=\"G\u00e1vea News\" \/>\n<meta property=\"article:publisher\" content=\"https:\/\/facebook.com\/gaveaNews\/\" \/>\n<meta property=\"article:published_time\" content=\"2025-05-06T14:05:00+00:00\" \/>\n<meta property=\"og:image\" content=\"https:\/\/www.gaveanews.com\/wp-content\/uploads\/escudoDoFlamengo.webp\" \/>\n\t<meta property=\"og:image:width\" content=\"1095\" \/>\n\t<meta property=\"og:image:height\" content=\"730\" \/>\n\t<meta property=\"og:image:type\" content=\"image\/webp\" \/>\n<meta name=\"author\" content=\"Rafaela Ladeira\" \/>\n<meta name=\"twitter:card\" content=\"summary_large_image\" \/>\n<meta name=\"twitter:label1\" content=\"Escrito por\" \/>\n\t<meta name=\"twitter:data1\" content=\"Rafaela Ladeira\" \/>\n\t<meta name=\"twitter:label2\" content=\"Est. tempo de leitura\" \/>\n\t<meta name=\"twitter:data2\" content=\"2 minutos\" \/>\n<script type=\"application\/ld+json\" class=\"yoast-schema-graph\">{\"@context\":\"https:\/\/schema.org\",\"@graph\":[{\"@type\":\"NewsArticle\",\"@id\":\"https:\/\/www.gaveanews.com\/index.php\/2025\/05\/06\/central-cordoba-emite-nota-oficial-antes-de-jogo-contra-o-flamengo-na-libertadores\/#article\",\"isPartOf\":{\"@id\":\"https:\/\/www.gaveanews.com\/index.php\/2025\/05\/06\/central-cordoba-emite-nota-oficial-antes-de-jogo-contra-o-flamengo-na-libertadores\/\"},\"author\":{\"name\":\"Rafaela Ladeira\",\"@id\":\"https:\/\/www.gaveanews.com\/#\/schema\/person\/0eb3e3fe1754f0205218538adbe8f5ed\"},\"headline\":\"Central C\u00f3rdoba emite nota oficial antes de jogo contra o Flamengo, na Libertadores\",\"datePublished\":\"2025-05-06T14:05:00+00:00\",\"mainEntityOfPage\":{\"@id\":\"https:\/\/www.gaveanews.com\/index.php\/2025\/05\/06\/central-cordoba-emite-nota-oficial-antes-de-jogo-contra-o-flamengo-na-libertadores\/\"},\"wordCount\":419,\"commentCount\":0,\"image\":{\"@id\":\"https:\/\/www.gaveanews.com\/index.php\/2025\/05\/06\/central-cordoba-emite-nota-oficial-antes-de-jogo-contra-o-flamengo-na-libertadores\/#primaryimage\"},\"thumbnailUrl\":\"https:\/\/www.gaveanews.com\/wp-content\/uploads\/escudoDoFlamengo.webp\",\"articleSection\":[\"Flamengo\"],\"inLanguage\":\"pt-BR\",\"potentialAction\":[{\"@type\":\"CommentAction\",\"name\":\"Comment\",\"target\":[\"https:\/\/www.gaveanews.com\/index.php\/2025\/05\/06\/central-cordoba-emite-nota-oficial-antes-de-jogo-contra-o-flamengo-na-libertadores\/#respond\"]}],\"copyrightYear\":\"2025\",\"copyrightHolder\":{\"@id\":\"https:\/\/www.gaveanews.com\/#organization\"}},{\"@type\":\"WebPage\",\"@id\":\"https:\/\/www.gaveanews.com\/index.php\/2025\/05\/06\/central-cordoba-emite-nota-oficial-antes-de-jogo-contra-o-flamengo-na-libertadores\/\",\"url\":\"https:\/\/www.gaveanews.com\/index.php\/2025\/05\/06\/central-cordoba-emite-nota-oficial-antes-de-jogo-contra-o-flamengo-na-libertadores\/\",\"name\":\"Central C\u00f3rdoba emite nota oficial antes de jogo contra o Flamengo, na Libertadores\",\"isPartOf\":{\"@id\":\"https:\/\/www.gaveanews.com\/#website\"},\"primaryImageOfPage\":{\"@id\":\"https:\/\/www.gaveanews.com\/index.php\/2025\/05\/06\/central-cordoba-emite-nota-oficial-antes-de-jogo-contra-o-flamengo-na-libertadores\/#primaryimage\"},\"image\":{\"@id\":\"https:\/\/www.gaveanews.com\/index.php\/2025\/05\/06\/central-cordoba-emite-nota-oficial-antes-de-jogo-contra-o-flamengo-na-libertadores\/#primaryimage\"},\"thumbnailUrl\":\"https:\/\/www.gaveanews.com\/wp-content\/uploads\/escudoDoFlamengo.webp\",\"datePublished\":\"2025-05-06T14:05:00+00:00\",\"author\":{\"@id\":\"https:\/\/www.gaveanews.com\/#\/schema\/person\/0eb3e3fe1754f0205218538adbe8f5ed\"},\"breadcrumb\":{\"@id\":\"https:\/\/www.gaveanews.com\/index.php\/2025\/05\/06\/central-cordoba-emite-nota-oficial-antes-de-jogo-contra-o-flamengo-na-libertadores\/#breadcrumb\"},\"inLanguage\":\"pt-BR\",\"potentialAction\":[{\"@type\":\"ReadAction\",\"target\":[\"https:\/\/www.gaveanews.com\/index.php\/2025\/05\/06\/central-cordoba-emite-nota-oficial-antes-de-jogo-contra-o-flamengo-na-libertadores\/\"]}]},{\"@type\":\"ImageObject\",\"inLanguage\":\"pt-BR\",\"@id\":\"https:\/\/www.gaveanews.com\/index.php\/2025\/05\/06\/central-cordoba-emite-nota-oficial-antes-de-jogo-contra-o-flamengo-na-libertadores\/#primaryimage\",\"url\":\"https:\/\/www.gaveanews.com\/wp-content\/uploads\/escudoDoFlamengo.webp\",\"contentUrl\":\"https:\/\/www.gaveanews.com\/wp-content\/uploads\/escudoDoFlamengo.webp\",\"width\":1095,\"height\":730,\"caption\":\"Centro de treinamento do Flamengo (Foto: Reprodu\u00e7\u00e3o)\"},{\"@type\":\"BreadcrumbList\",\"@id\":\"https:\/\/www.gaveanews.com\/index.php\/2025\/05\/06\/central-cordoba-emite-nota-oficial-antes-de-jogo-contra-o-flamengo-na-libertadores\/#breadcrumb\",\"itemListElement\":[{\"@type\":\"ListItem\",\"position\":1,\"name\":\"Home\",\"item\":\"https:\/\/www.gaveanews.com\/\"},{\"@type\":\"ListItem\",\"position\":2,\"name\":\"Central C\u00f3rdoba emite nota oficial antes de jogo contra o Flamengo, na Libertadores\"}]},{\"@type\":\"WebSite\",\"@id\":\"https:\/\/www.gaveanews.com\/#website\",\"url\":\"https:\/\/www.gaveanews.com\/\",\"name\":\"G\u00e1vea News\",\"description\":\"Veja todas as not\u00edcias sobre o Flamengo: Contrata\u00e7\u00f5es, categorias de base, resultados das partidas, tabela de classifica\u00e7\u00e3o, pr\u00f3ximos jogos!\",\"potentialAction\":[{\"@type\":\"SearchAction\",\"target\":{\"@type\":\"EntryPoint\",\"urlTemplate\":\"https:\/\/www.gaveanews.com\/?s={search_term_string}\"},\"query-input\":{\"@type\":\"PropertyValueSpecification\",\"valueRequired\":true,\"valueName\":\"search_term_string\"}}],\"inLanguage\":\"pt-BR\"},{\"@type\":\"Person\",\"@id\":\"https:\/\/www.gaveanews.com\/#\/schema\/person\/0eb3e3fe1754f0205218538adbe8f5ed\",\"name\":\"Rafaela Ladeira\",\"image\":{\"@type\":\"ImageObject\",\"inLanguage\":\"pt-BR\",\"@id\":\"https:\/\/www.gaveanews.com\/#\/schema\/person\/image\/\",\"url\":\"https:\/\/secure.gravatar.com\/avatar\/c31f513acffd85eacab5730cbdfdbbf59f21ba5aeada8cd890acea879fbb2455?s=96&d=mm&r=g\",\"contentUrl\":\"https:\/\/secure.gravatar.com\/avatar\/c31f513acffd85eacab5730cbdfdbbf59f21ba5aeada8cd890acea879fbb2455?s=96&d=mm&r=g\",\"caption\":\"Rafaela Ladeira\"}}]}<\/script>\n<!-- \/ Yoast SEO Premium plugin. -->","yoast_head_json":{"title":"Central C\u00f3rdoba emite nota oficial antes de jogo contra o Flamengo, na Libertadores","robots":{"index":"index","follow":"follow","max-snippet":"max-snippet:-1","max-image-preview":"max-image-preview:large","max-video-preview":"max-video-preview:-1"},"canonical":"https:\/\/www.gaveanews.com\/index.php\/2025\/05\/06\/central-cordoba-emite-nota-oficial-antes-de-jogo-contra-o-flamengo-na-libertadores\/","og_locale":"pt_BR","og_type":"article","og_title":"Central C\u00f3rdoba emite nota oficial antes de jogo contra o Flamengo, na Libertadores","og_description":"O duelo entre Central C\u00f3rdoba e Flamengo, marcado para esta quarta-feira (07), em Santiago del Estero, tem gerado grande expectativa na Argentina. Considerado hist\u00f3rico pela imprensa local, o confronto no Est\u00e1dio \u00danico Madre de Ciudades promete agitar a cidade e a torcida do clube argentino.&nbsp; Dessa maneira, o Central C\u00f3rdoba tomou medidas preventivas e emitiu [&hellip;]","og_url":"https:\/\/www.gaveanews.com\/index.php\/2025\/05\/06\/central-cordoba-emite-nota-oficial-antes-de-jogo-contra-o-flamengo-na-libertadores\/","og_site_name":"G\u00e1vea News","article_publisher":"https:\/\/facebook.com\/gaveaNews\/","article_published_time":"2025-05-06T14:05:00+00:00","og_image":[{"width":1095,"height":730,"url":"https:\/\/www.gaveanews.com\/wp-content\/uploads\/escudoDoFlamengo.webp","type":"image\/webp"}],"author":"Rafaela Ladeira","twitter_card":"summary_large_image","twitter_misc":{"Escrito por":"Rafaela Ladeira","Est. tempo de leitura":"2 minutos"},"schema":{"@context":"https:\/\/schema.org","@graph":[{"@type":"NewsArticle","@id":"https:\/\/www.gaveanews.com\/index.php\/2025\/05\/06\/central-cordoba-emite-nota-oficial-antes-de-jogo-contra-o-flamengo-na-libertadores\/#article","isPartOf":{"@id":"https:\/\/www.gaveanews.com\/index.php\/2025\/05\/06\/central-cordoba-emite-nota-oficial-antes-de-jogo-contra-o-flamengo-na-libertadores\/"},"author":{"name":"Rafaela Ladeira","@id":"https:\/\/www.gaveanews.com\/#\/schema\/person\/0eb3e3fe1754f0205218538adbe8f5ed"},"headline":"Central C\u00f3rdoba emite nota oficial antes de jogo contra o Flamengo, na Libertadores","datePublished":"2025-05-06T14:05:00+00:00","mainEntityOfPage":{"@id":"https:\/\/www.gaveanews.com\/index.php\/2025\/05\/06\/central-cordoba-emite-nota-oficial-antes-de-jogo-contra-o-flamengo-na-libertadores\/"},"wordCount":419,"commentCount":0,"image":{"@id":"https:\/\/www.gaveanews.com\/index.php\/2025\/05\/06\/central-cordoba-emite-nota-oficial-antes-de-jogo-contra-o-flamengo-na-libertadores\/#primaryimage"},"thumbnailUrl":"https:\/\/www.gaveanews.com\/wp-content\/uploads\/escudoDoFlamengo.webp","articleSection":["Flamengo"],"inLanguage":"pt-BR","potentialAction":[{"@type":"CommentAction","name":"Comment","target":["https:\/\/www.gaveanews.com\/index.php\/2025\/05\/06\/central-cordoba-emite-nota-oficial-antes-de-jogo-contra-o-flamengo-na-libertadores\/#respond"]}],"copyrightYear":"2025","copyrightHolder":{"@id":"https:\/\/www.gaveanews.com\/#organization"}},{"@type":"WebPage","@id":"https:\/\/www.gaveanews.com\/index.php\/2025\/05\/06\/central-cordoba-emite-nota-oficial-antes-de-jogo-contra-o-flamengo-na-libertadores\/","url":"https:\/\/www.gaveanews.com\/index.php\/2025\/05\/06\/central-cordoba-emite-nota-oficial-antes-de-jogo-contra-o-flamengo-na-libertadores\/","name":"Central C\u00f3rdoba emite nota oficial antes de jogo contra o Flamengo, na Libertadores","isPartOf":{"@id":"https:\/\/www.gaveanews.com\/#website"},"primaryImageOfPage":{"@id":"https:\/\/www.gaveanews.com\/index.php\/2025\/05\/06\/central-cordoba-emite-nota-oficial-antes-de-jogo-contra-o-flamengo-na-libertadores\/#primaryimage"},"image":{"@id":"https:\/\/www.gaveanews.com\/index.php\/2025\/05\/06\/central-cordoba-emite-nota-oficial-antes-de-jogo-contra-o-flamengo-na-libertadores\/#primaryimage"},"thumbnailUrl":"https:\/\/www.gaveanews.com\/wp-content\/uploads\/escudoDoFlamengo.webp","datePublished":"2025-05-06T14:05:00+00:00","author":{"@id":"https:\/\/www.gaveanews.com\/#\/schema\/person\/0eb3e3fe1754f0205218538adbe8f5ed"},"breadcrumb":{"@id":"https:\/\/www.gaveanews.com\/index.php\/2025\/05\/06\/central-cordoba-emite-nota-oficial-antes-de-jogo-contra-o-flamengo-na-libertadores\/#breadcrumb"},"inLanguage":"pt-BR","potentialAction":[{"@type":"ReadAction","target":["https:\/\/www.gaveanews.com\/index.php\/2025\/05\/06\/central-cordoba-emite-nota-oficial-antes-de-jogo-contra-o-flamengo-na-libertadores\/"]}]},{"@type":"ImageObject","inLanguage":"pt-BR","@id":"https:\/\/www.gaveanews.com\/index.php\/2025\/05\/06\/central-cordoba-emite-nota-oficial-antes-de-jogo-contra-o-flamengo-na-libertadores\/#primaryimage","url":"https:\/\/www.gaveanews.com\/wp-content\/uploads\/escudoDoFlamengo.webp","contentUrl":"https:\/\/www.gaveanews.com\/wp-content\/uploads\/escudoDoFlamengo.webp","width":1095,"height":730,"caption":"Centro de treinamento do Flamengo (Foto: Reprodu\u00e7\u00e3o)"},{"@type":"BreadcrumbList","@id":"https:\/\/www.gaveanews.com\/index.php\/2025\/05\/06\/central-cordoba-emite-nota-oficial-antes-de-jogo-contra-o-flamengo-na-libertadores\/#breadcrumb","itemListElement":[{"@type":"ListItem","position":1,"name":"Home","item":"https:\/\/www.gaveanews.com\/"},{"@type":"ListItem","position":2,"name":"Central C\u00f3rdoba emite nota oficial antes de jogo contra o Flamengo, na Libertadores"}]},{"@type":"WebSite","@id":"https:\/\/www.gaveanews.com\/#website","url":"https:\/\/www.gaveanews.com\/","name":"G\u00e1vea News","description":"Veja todas as not\u00edcias sobre o Flamengo: Contrata\u00e7\u00f5es, categorias de base, resultados das partidas, tabela de classifica\u00e7\u00e3o, pr\u00f3ximos jogos!","potentialAction":[{"@type":"SearchAction","target":{"@type":"EntryPoint","urlTemplate":"https:\/\/www.gaveanews.com\/?s={search_term_string}"},"query-input":{"@type":"PropertyValueSpecification","valueRequired":true,"valueName":"search_term_string"}}],"inLanguage":"pt-BR"},{"@type":"Person","@id":"https:\/\/www.gaveanews.com\/#\/schema\/person\/0eb3e3fe1754f0205218538adbe8f5ed","name":"Rafaela Ladeira","image":{"@type":"ImageObject","inLanguage":"pt-BR","@id":"https:\/\/www.gaveanews.com\/#\/schema\/person\/image\/","url":"https:\/\/secure.gravatar.com\/avatar\/c31f513acffd85eacab5730cbdfdbbf59f21ba5aeada8cd890acea879fbb2455?s=96&d=mm&r=g","contentUrl":"https:\/\/secure.gravatar.com\/avatar\/c31f513acffd85eacab5730cbdfdbbf59f21ba5aeada8cd890acea879fbb2455?s=96&d=mm&r=g","caption":"Rafaela Ladeira"}}]}},"_links":{"self":[{"href":"https:\/\/www.gaveanews.com\/index.php\/wp-json\/wp\/v2\/posts\/260929","targetHints":{"allow":["GET"]}}],"collection":[{"href":"https:\/\/www.gaveanews.com\/index.php\/wp-json\/wp\/v2\/posts"}],"about":[{"href":"https:\/\/www.gaveanews.com\/index.php\/wp-json\/wp\/v2\/types\/post"}],"author":[{"embeddable":true,"href":"https:\/\/www.gaveanews.com\/index.php\/wp-json\/wp\/v2\/users\/25"}],"replies":[{"embeddable":true,"href":"https:\/\/www.gaveanews.com\/index.php\/wp-json\/wp\/v2\/comments?post=260929"}],"version-history":[{"count":1,"href":"https:\/\/www.gaveanews.com\/index.php\/wp-json\/wp\/v2\/posts\/260929\/revisions"}],"predecessor-version":[{"id":260933,"href":"https:\/\/www.gaveanews.com\/index.php\/wp-json\/wp\/v2\/posts\/260929\/revisions\/260933"}],"wp:featuredmedia":[{"embeddable":true,"href":"https:\/\/www.gaveanews.com\/index.php\/wp-json\/wp\/v2\/media\/124684"}],"wp:attachment":[{"href":"https:\/\/www.gaveanews.com\/index.php\/wp-json\/wp\/v2\/media?parent=260929"}],"wp:term":[{"taxonomy":"category","embeddable":true,"href":"https:\/\/www.gaveanews.com\/index.php\/wp-json\/wp\/v2\/categories?post=260929"},{"taxonomy":"post_tag","embeddable":true,"href":"https:\/\/www.gaveanews.com\/index.php\/wp-json\/wp\/v2\/tags?post=260929"}],"curies":[{"name":"wp","href":"https:\/\/api.w.org\/{rel}","templated":true}]}}