{"id":260947,"date":"2025-05-06T11:50:00","date_gmt":"2025-05-06T14:50:00","guid":{"rendered":"https:\/\/www.gaveanews.com\/?p=260947"},"modified":"2025-05-06T10:56:36","modified_gmt":"2025-05-06T13:56:36","slug":"a-declaracao-do-tecnico-da-inter-antes-de-enfrentar-o-barcelona-na-champions-league","status":"publish","type":"post","link":"https:\/\/www.gaveanews.com\/index.php\/2025\/05\/06\/a-declaracao-do-tecnico-da-inter-antes-de-enfrentar-o-barcelona-na-champions-league\/","title":{"rendered":"A declara\u00e7\u00e3o do t\u00e9cnico da Inter antes de enfrentar o Barcelona na Champions League"},"content":{"rendered":"\n<p>A Inter de Mil\u00e3o est\u00e1 pronta para enfrentar o Barcelona em um dos confrontos mais aguardados da Champions League. A partida, que acontece nesta ter\u00e7a-feira (06 de maio), \u00e0s 16h (hor\u00e1rio de Bras\u00edlia), em San Siro, definir\u00e1 um dos finalistas da competi\u00e7\u00e3o continental. Ap\u00f3s um empate eletrizante por 3 a 3 no jogo de ida, italianos e catal\u00e3es se reencontram com o objetivo claro de buscar a classifica\u00e7\u00e3o.<\/p>\n\n\n\n<p>Durante entrevista coletiva na v\u00e9spera da partida, o t\u00e9cnico Simone Inzaghi revelou qual ser\u00e1 o foco da equipe nerazzurra. O principal desafio, segundo o treinador, ser\u00e1 conter o jovem atacante Lamine Yamal, um dos grandes destaques do Barcelona na temporada. O jogador marcou um belo gol na primeira partida e participou diretamente do lance que resultou no terceiro gol do Bar\u00e7a.<\/p>\n\n\n\n<figure class=\"wp-block-image size-large\"><img loading=\"lazy\" decoding=\"async\" width=\"1024\" height=\"576\" src=\"http:\/\/www.gaveanews.com\/wp-content\/uploads\/64f1c8f91532e-1024x576.webp\" alt=\"\" class=\"wp-image-126375\" srcset=\"https:\/\/www.gaveanews.com\/wp-content\/uploads\/64f1c8f91532e-1024x576.webp 1024w, https:\/\/www.gaveanews.com\/wp-content\/uploads\/64f1c8f91532e-300x169.webp 300w, https:\/\/www.gaveanews.com\/wp-content\/uploads\/64f1c8f91532e-768x432.webp 768w, https:\/\/www.gaveanews.com\/wp-content\/uploads\/64f1c8f91532e-747x420.webp 747w, https:\/\/www.gaveanews.com\/wp-content\/uploads\/64f1c8f91532e-640x360.webp 640w, https:\/\/www.gaveanews.com\/wp-content\/uploads\/64f1c8f91532e-681x383.webp 681w, https:\/\/www.gaveanews.com\/wp-content\/uploads\/64f1c8f91532e-100x56.webp 100w, https:\/\/www.gaveanews.com\/wp-content\/uploads\/64f1c8f91532e.webp 1200w\" sizes=\"auto, (max-width: 1024px) 100vw, 1024px\" \/><figcaption class=\"wp-element-caption\">Escudo do Barcelona (Foto: Reprodu\u00e7\u00e3o)<\/figcaption><\/figure>\n\n\n\n<p>\u201c\u00c9 muito complicado limitar ele. Vamos precisar tentar n\u00e3o deixar ele encostar na bola, o que \u00e9 imposs\u00edvel. Assim, teremos que marcar com dois em cima dele\u201d, afirmou Inzaghi. O comandante da Inter ainda destacou a intelig\u00eancia t\u00e1tica do atacante: \u201cO que mais me impressionou nele foi a velocidade de racioc\u00ednio. Mesmo antes de receber a bola, ele j\u00e1 sabe o que fazer\u201d, completou.<\/p>\n\n\n\n<p>Al\u00e9m da aten\u00e7\u00e3o especial a Yamal, a equipe italiana tamb\u00e9m se prepara para o poss\u00edvel retorno de Robert Lewandowski. O atacante polon\u00eas ficou de fora da partida de ida por causa de um desconforto muscular, mas tem chances de voltar nesta ter\u00e7a. Apesar disso, Inzaghi preferiu n\u00e3o cravar preocupa\u00e7\u00f5es espec\u00edficas: \u201cN\u00f3s o conhecemos muito bem, at\u00e9 porque \u00e9 um dos tr\u00eas ou quatro melhores atacantes em todo o mundo\u201d.<\/p>\n\n\n\n<p>Ferr\u00e1n Torres, que substituiu Lewandowski na ida, tamb\u00e9m foi elogiado por Inzaghi, que reconheceu o alto n\u00edvel do elenco advers\u00e1rio. \u201cTodos os jogadores do Barcelona s\u00e3o muito bons e precisam de uma observa\u00e7\u00e3o especial por nossa parte\u201d, acrescentou o t\u00e9cnico. O discurso indica que a Inter pretende adotar uma abordagem coletiva e ajustada para enfrentar o rival espanhol.<\/p>\n\n\n\n<p>O jogo em Mil\u00e3o promete fortes emo\u00e7\u00f5es. Quem vencer avan\u00e7a diretamente \u00e0 final. Caso o empate se repita, o duelo ser\u00e1 decidido na prorroga\u00e7\u00e3o, e, se necess\u00e1rio, nas penalidades. O advers\u00e1rio sair\u00e1 do confronto entre PSG e Arsenal, marcado para a quarta-feira (07 de maio), fechando as semifinais da edi\u00e7\u00e3o atual do torneio.<\/p>\n","protected":false},"excerpt":{"rendered":"<p>A Inter de Mil\u00e3o est\u00e1 pronta para enfrentar o Barcelona em um dos confrontos mais aguardados da Champions League. A partida, que acontece nesta ter\u00e7a-feira (06 de maio), \u00e0s 16h (hor\u00e1rio de Bras\u00edlia), em San Siro, definir\u00e1 um dos finalistas da competi\u00e7\u00e3o continental. Ap\u00f3s um empate eletrizante por 3 a 3 no jogo de ida, [&hellip;]<\/p>\n","protected":false},"author":33,"featured_media":118619,"comment_status":"open","ping_status":"closed","sticky":false,"template":"","format":"standard","meta":{"footnotes":""},"categories":[87],"tags":[],"class_list":["post-260947","post","type-post","status-publish","format-standard","has-post-thumbnail","hentry","category-barcelona"],"yoast_head":"<!-- This site is optimized with the Yoast SEO Premium plugin v24.2 (Yoast SEO v26.9) - https:\/\/yoast.com\/product\/yoast-seo-premium-wordpress\/ -->\n<title>A declara\u00e7\u00e3o do t\u00e9cnico da Inter antes de enfrentar o Barcelona na Champions League<\/title>\n<meta name=\"robots\" content=\"index, follow, max-snippet:-1, max-image-preview:large, max-video-preview:-1\" \/>\n<link rel=\"canonical\" href=\"https:\/\/www.gaveanews.com\/index.php\/2025\/05\/06\/a-declaracao-do-tecnico-da-inter-antes-de-enfrentar-o-barcelona-na-champions-league\/\" \/>\n<meta property=\"og:locale\" content=\"pt_BR\" \/>\n<meta property=\"og:type\" content=\"article\" \/>\n<meta property=\"og:title\" content=\"A declara\u00e7\u00e3o do t\u00e9cnico da Inter antes de enfrentar o Barcelona na Champions League\" \/>\n<meta property=\"og:description\" content=\"A Inter de Mil\u00e3o est\u00e1 pronta para enfrentar o Barcelona em um dos confrontos mais aguardados da Champions League. A partida, que acontece nesta ter\u00e7a-feira (06 de maio), \u00e0s 16h (hor\u00e1rio de Bras\u00edlia), em San Siro, definir\u00e1 um dos finalistas da competi\u00e7\u00e3o continental. Ap\u00f3s um empate eletrizante por 3 a 3 no jogo de ida, [&hellip;]\" \/>\n<meta property=\"og:url\" content=\"https:\/\/www.gaveanews.com\/index.php\/2025\/05\/06\/a-declaracao-do-tecnico-da-inter-antes-de-enfrentar-o-barcelona-na-champions-league\/\" \/>\n<meta property=\"og:site_name\" content=\"G\u00e1vea News\" \/>\n<meta property=\"article:publisher\" content=\"https:\/\/facebook.com\/gaveaNews\/\" \/>\n<meta property=\"article:published_time\" content=\"2025-05-06T14:50:00+00:00\" \/>\n<meta property=\"og:image\" content=\"https:\/\/www.gaveanews.com\/wp-content\/uploads\/Escudo-Inter-de-Milao.webp\" \/>\n\t<meta property=\"og:image:width\" content=\"1200\" \/>\n\t<meta property=\"og:image:height\" content=\"900\" \/>\n\t<meta property=\"og:image:type\" content=\"image\/webp\" \/>\n<meta name=\"author\" content=\"Brenda Cezillo\" \/>\n<meta name=\"twitter:card\" content=\"summary_large_image\" \/>\n<meta name=\"twitter:label1\" content=\"Escrito por\" \/>\n\t<meta name=\"twitter:data1\" content=\"Brenda Cezillo\" \/>\n\t<meta name=\"twitter:label2\" content=\"Est. tempo de leitura\" \/>\n\t<meta name=\"twitter:data2\" content=\"3 minutos\" \/>\n<script type=\"application\/ld+json\" class=\"yoast-schema-graph\">{\"@context\":\"https:\/\/schema.org\",\"@graph\":[{\"@type\":\"NewsArticle\",\"@id\":\"https:\/\/www.gaveanews.com\/index.php\/2025\/05\/06\/a-declaracao-do-tecnico-da-inter-antes-de-enfrentar-o-barcelona-na-champions-league\/#article\",\"isPartOf\":{\"@id\":\"https:\/\/www.gaveanews.com\/index.php\/2025\/05\/06\/a-declaracao-do-tecnico-da-inter-antes-de-enfrentar-o-barcelona-na-champions-league\/\"},\"author\":{\"name\":\"Brenda Cezillo\",\"@id\":\"https:\/\/www.gaveanews.com\/#\/schema\/person\/c79759ca337c40791ae8d08e2923d403\"},\"headline\":\"A declara\u00e7\u00e3o do t\u00e9cnico da Inter antes de enfrentar o Barcelona na Champions League\",\"datePublished\":\"2025-05-06T14:50:00+00:00\",\"mainEntityOfPage\":{\"@id\":\"https:\/\/www.gaveanews.com\/index.php\/2025\/05\/06\/a-declaracao-do-tecnico-da-inter-antes-de-enfrentar-o-barcelona-na-champions-league\/\"},\"wordCount\":428,\"commentCount\":0,\"image\":{\"@id\":\"https:\/\/www.gaveanews.com\/index.php\/2025\/05\/06\/a-declaracao-do-tecnico-da-inter-antes-de-enfrentar-o-barcelona-na-champions-league\/#primaryimage\"},\"thumbnailUrl\":\"https:\/\/www.gaveanews.com\/wp-content\/uploads\/Escudo-Inter-de-Milao.webp\",\"articleSection\":[\"Barcelona\"],\"inLanguage\":\"pt-BR\",\"potentialAction\":[{\"@type\":\"CommentAction\",\"name\":\"Comment\",\"target\":[\"https:\/\/www.gaveanews.com\/index.php\/2025\/05\/06\/a-declaracao-do-tecnico-da-inter-antes-de-enfrentar-o-barcelona-na-champions-league\/#respond\"]}],\"copyrightYear\":\"2025\",\"copyrightHolder\":{\"@id\":\"https:\/\/www.gaveanews.com\/#organization\"}},{\"@type\":\"WebPage\",\"@id\":\"https:\/\/www.gaveanews.com\/index.php\/2025\/05\/06\/a-declaracao-do-tecnico-da-inter-antes-de-enfrentar-o-barcelona-na-champions-league\/\",\"url\":\"https:\/\/www.gaveanews.com\/index.php\/2025\/05\/06\/a-declaracao-do-tecnico-da-inter-antes-de-enfrentar-o-barcelona-na-champions-league\/\",\"name\":\"A declara\u00e7\u00e3o do t\u00e9cnico da Inter antes de enfrentar o Barcelona na Champions League\",\"isPartOf\":{\"@id\":\"https:\/\/www.gaveanews.com\/#website\"},\"primaryImageOfPage\":{\"@id\":\"https:\/\/www.gaveanews.com\/index.php\/2025\/05\/06\/a-declaracao-do-tecnico-da-inter-antes-de-enfrentar-o-barcelona-na-champions-league\/#primaryimage\"},\"image\":{\"@id\":\"https:\/\/www.gaveanews.com\/index.php\/2025\/05\/06\/a-declaracao-do-tecnico-da-inter-antes-de-enfrentar-o-barcelona-na-champions-league\/#primaryimage\"},\"thumbnailUrl\":\"https:\/\/www.gaveanews.com\/wp-content\/uploads\/Escudo-Inter-de-Milao.webp\",\"datePublished\":\"2025-05-06T14:50:00+00:00\",\"author\":{\"@id\":\"https:\/\/www.gaveanews.com\/#\/schema\/person\/c79759ca337c40791ae8d08e2923d403\"},\"breadcrumb\":{\"@id\":\"https:\/\/www.gaveanews.com\/index.php\/2025\/05\/06\/a-declaracao-do-tecnico-da-inter-antes-de-enfrentar-o-barcelona-na-champions-league\/#breadcrumb\"},\"inLanguage\":\"pt-BR\",\"potentialAction\":[{\"@type\":\"ReadAction\",\"target\":[\"https:\/\/www.gaveanews.com\/index.php\/2025\/05\/06\/a-declaracao-do-tecnico-da-inter-antes-de-enfrentar-o-barcelona-na-champions-league\/\"]}]},{\"@type\":\"ImageObject\",\"inLanguage\":\"pt-BR\",\"@id\":\"https:\/\/www.gaveanews.com\/index.php\/2025\/05\/06\/a-declaracao-do-tecnico-da-inter-antes-de-enfrentar-o-barcelona-na-champions-league\/#primaryimage\",\"url\":\"https:\/\/www.gaveanews.com\/wp-content\/uploads\/Escudo-Inter-de-Milao.webp\",\"contentUrl\":\"https:\/\/www.gaveanews.com\/wp-content\/uploads\/Escudo-Inter-de-Milao.webp\",\"width\":1200,\"height\":900,\"caption\":\"Nova identidade visual da Inter de Mil\u00e3o - Foto: Divulga\u00e7\u00e3o Twitter\"},{\"@type\":\"BreadcrumbList\",\"@id\":\"https:\/\/www.gaveanews.com\/index.php\/2025\/05\/06\/a-declaracao-do-tecnico-da-inter-antes-de-enfrentar-o-barcelona-na-champions-league\/#breadcrumb\",\"itemListElement\":[{\"@type\":\"ListItem\",\"position\":1,\"name\":\"Home\",\"item\":\"https:\/\/www.gaveanews.com\/\"},{\"@type\":\"ListItem\",\"position\":2,\"name\":\"A declara\u00e7\u00e3o do t\u00e9cnico da Inter antes de enfrentar o Barcelona na Champions League\"}]},{\"@type\":\"WebSite\",\"@id\":\"https:\/\/www.gaveanews.com\/#website\",\"url\":\"https:\/\/www.gaveanews.com\/\",\"name\":\"G\u00e1vea News\",\"description\":\"Veja todas as not\u00edcias sobre o Flamengo: Contrata\u00e7\u00f5es, categorias de base, resultados das partidas, tabela de classifica\u00e7\u00e3o, pr\u00f3ximos jogos!\",\"potentialAction\":[{\"@type\":\"SearchAction\",\"target\":{\"@type\":\"EntryPoint\",\"urlTemplate\":\"https:\/\/www.gaveanews.com\/?s={search_term_string}\"},\"query-input\":{\"@type\":\"PropertyValueSpecification\",\"valueRequired\":true,\"valueName\":\"search_term_string\"}}],\"inLanguage\":\"pt-BR\"},{\"@type\":\"Person\",\"@id\":\"https:\/\/www.gaveanews.com\/#\/schema\/person\/c79759ca337c40791ae8d08e2923d403\",\"name\":\"Brenda Cezillo\",\"image\":{\"@type\":\"ImageObject\",\"inLanguage\":\"pt-BR\",\"@id\":\"https:\/\/www.gaveanews.com\/#\/schema\/person\/image\/\",\"url\":\"https:\/\/secure.gravatar.com\/avatar\/1738d75cee7317f9c29ae61dd67620c5883d80a92e42a6fff88ae5d527af217a?s=96&d=mm&r=g\",\"contentUrl\":\"https:\/\/secure.gravatar.com\/avatar\/1738d75cee7317f9c29ae61dd67620c5883d80a92e42a6fff88ae5d527af217a?s=96&d=mm&r=g\",\"caption\":\"Brenda Cezillo\"}}]}<\/script>\n<!-- \/ Yoast SEO Premium plugin. -->","yoast_head_json":{"title":"A declara\u00e7\u00e3o do t\u00e9cnico da Inter antes de enfrentar o Barcelona na Champions League","robots":{"index":"index","follow":"follow","max-snippet":"max-snippet:-1","max-image-preview":"max-image-preview:large","max-video-preview":"max-video-preview:-1"},"canonical":"https:\/\/www.gaveanews.com\/index.php\/2025\/05\/06\/a-declaracao-do-tecnico-da-inter-antes-de-enfrentar-o-barcelona-na-champions-league\/","og_locale":"pt_BR","og_type":"article","og_title":"A declara\u00e7\u00e3o do t\u00e9cnico da Inter antes de enfrentar o Barcelona na Champions League","og_description":"A Inter de Mil\u00e3o est\u00e1 pronta para enfrentar o Barcelona em um dos confrontos mais aguardados da Champions League. A partida, que acontece nesta ter\u00e7a-feira (06 de maio), \u00e0s 16h (hor\u00e1rio de Bras\u00edlia), em San Siro, definir\u00e1 um dos finalistas da competi\u00e7\u00e3o continental. Ap\u00f3s um empate eletrizante por 3 a 3 no jogo de ida, [&hellip;]","og_url":"https:\/\/www.gaveanews.com\/index.php\/2025\/05\/06\/a-declaracao-do-tecnico-da-inter-antes-de-enfrentar-o-barcelona-na-champions-league\/","og_site_name":"G\u00e1vea News","article_publisher":"https:\/\/facebook.com\/gaveaNews\/","article_published_time":"2025-05-06T14:50:00+00:00","og_image":[{"width":1200,"height":900,"url":"https:\/\/www.gaveanews.com\/wp-content\/uploads\/Escudo-Inter-de-Milao.webp","type":"image\/webp"}],"author":"Brenda Cezillo","twitter_card":"summary_large_image","twitter_misc":{"Escrito por":"Brenda Cezillo","Est. tempo de leitura":"3 minutos"},"schema":{"@context":"https:\/\/schema.org","@graph":[{"@type":"NewsArticle","@id":"https:\/\/www.gaveanews.com\/index.php\/2025\/05\/06\/a-declaracao-do-tecnico-da-inter-antes-de-enfrentar-o-barcelona-na-champions-league\/#article","isPartOf":{"@id":"https:\/\/www.gaveanews.com\/index.php\/2025\/05\/06\/a-declaracao-do-tecnico-da-inter-antes-de-enfrentar-o-barcelona-na-champions-league\/"},"author":{"name":"Brenda Cezillo","@id":"https:\/\/www.gaveanews.com\/#\/schema\/person\/c79759ca337c40791ae8d08e2923d403"},"headline":"A declara\u00e7\u00e3o do t\u00e9cnico da Inter antes de enfrentar o Barcelona na Champions League","datePublished":"2025-05-06T14:50:00+00:00","mainEntityOfPage":{"@id":"https:\/\/www.gaveanews.com\/index.php\/2025\/05\/06\/a-declaracao-do-tecnico-da-inter-antes-de-enfrentar-o-barcelona-na-champions-league\/"},"wordCount":428,"commentCount":0,"image":{"@id":"https:\/\/www.gaveanews.com\/index.php\/2025\/05\/06\/a-declaracao-do-tecnico-da-inter-antes-de-enfrentar-o-barcelona-na-champions-league\/#primaryimage"},"thumbnailUrl":"https:\/\/www.gaveanews.com\/wp-content\/uploads\/Escudo-Inter-de-Milao.webp","articleSection":["Barcelona"],"inLanguage":"pt-BR","potentialAction":[{"@type":"CommentAction","name":"Comment","target":["https:\/\/www.gaveanews.com\/index.php\/2025\/05\/06\/a-declaracao-do-tecnico-da-inter-antes-de-enfrentar-o-barcelona-na-champions-league\/#respond"]}],"copyrightYear":"2025","copyrightHolder":{"@id":"https:\/\/www.gaveanews.com\/#organization"}},{"@type":"WebPage","@id":"https:\/\/www.gaveanews.com\/index.php\/2025\/05\/06\/a-declaracao-do-tecnico-da-inter-antes-de-enfrentar-o-barcelona-na-champions-league\/","url":"https:\/\/www.gaveanews.com\/index.php\/2025\/05\/06\/a-declaracao-do-tecnico-da-inter-antes-de-enfrentar-o-barcelona-na-champions-league\/","name":"A declara\u00e7\u00e3o do t\u00e9cnico da Inter antes de enfrentar o Barcelona na Champions League","isPartOf":{"@id":"https:\/\/www.gaveanews.com\/#website"},"primaryImageOfPage":{"@id":"https:\/\/www.gaveanews.com\/index.php\/2025\/05\/06\/a-declaracao-do-tecnico-da-inter-antes-de-enfrentar-o-barcelona-na-champions-league\/#primaryimage"},"image":{"@id":"https:\/\/www.gaveanews.com\/index.php\/2025\/05\/06\/a-declaracao-do-tecnico-da-inter-antes-de-enfrentar-o-barcelona-na-champions-league\/#primaryimage"},"thumbnailUrl":"https:\/\/www.gaveanews.com\/wp-content\/uploads\/Escudo-Inter-de-Milao.webp","datePublished":"2025-05-06T14:50:00+00:00","author":{"@id":"https:\/\/www.gaveanews.com\/#\/schema\/person\/c79759ca337c40791ae8d08e2923d403"},"breadcrumb":{"@id":"https:\/\/www.gaveanews.com\/index.php\/2025\/05\/06\/a-declaracao-do-tecnico-da-inter-antes-de-enfrentar-o-barcelona-na-champions-league\/#breadcrumb"},"inLanguage":"pt-BR","potentialAction":[{"@type":"ReadAction","target":["https:\/\/www.gaveanews.com\/index.php\/2025\/05\/06\/a-declaracao-do-tecnico-da-inter-antes-de-enfrentar-o-barcelona-na-champions-league\/"]}]},{"@type":"ImageObject","inLanguage":"pt-BR","@id":"https:\/\/www.gaveanews.com\/index.php\/2025\/05\/06\/a-declaracao-do-tecnico-da-inter-antes-de-enfrentar-o-barcelona-na-champions-league\/#primaryimage","url":"https:\/\/www.gaveanews.com\/wp-content\/uploads\/Escudo-Inter-de-Milao.webp","contentUrl":"https:\/\/www.gaveanews.com\/wp-content\/uploads\/Escudo-Inter-de-Milao.webp","width":1200,"height":900,"caption":"Nova identidade visual da Inter de Mil\u00e3o - Foto: Divulga\u00e7\u00e3o Twitter"},{"@type":"BreadcrumbList","@id":"https:\/\/www.gaveanews.com\/index.php\/2025\/05\/06\/a-declaracao-do-tecnico-da-inter-antes-de-enfrentar-o-barcelona-na-champions-league\/#breadcrumb","itemListElement":[{"@type":"ListItem","position":1,"name":"Home","item":"https:\/\/www.gaveanews.com\/"},{"@type":"ListItem","position":2,"name":"A declara\u00e7\u00e3o do t\u00e9cnico da Inter antes de enfrentar o Barcelona na Champions League"}]},{"@type":"WebSite","@id":"https:\/\/www.gaveanews.com\/#website","url":"https:\/\/www.gaveanews.com\/","name":"G\u00e1vea News","description":"Veja todas as not\u00edcias sobre o Flamengo: Contrata\u00e7\u00f5es, categorias de base, resultados das partidas, tabela de classifica\u00e7\u00e3o, pr\u00f3ximos jogos!","potentialAction":[{"@type":"SearchAction","target":{"@type":"EntryPoint","urlTemplate":"https:\/\/www.gaveanews.com\/?s={search_term_string}"},"query-input":{"@type":"PropertyValueSpecification","valueRequired":true,"valueName":"search_term_string"}}],"inLanguage":"pt-BR"},{"@type":"Person","@id":"https:\/\/www.gaveanews.com\/#\/schema\/person\/c79759ca337c40791ae8d08e2923d403","name":"Brenda Cezillo","image":{"@type":"ImageObject","inLanguage":"pt-BR","@id":"https:\/\/www.gaveanews.com\/#\/schema\/person\/image\/","url":"https:\/\/secure.gravatar.com\/avatar\/1738d75cee7317f9c29ae61dd67620c5883d80a92e42a6fff88ae5d527af217a?s=96&d=mm&r=g","contentUrl":"https:\/\/secure.gravatar.com\/avatar\/1738d75cee7317f9c29ae61dd67620c5883d80a92e42a6fff88ae5d527af217a?s=96&d=mm&r=g","caption":"Brenda Cezillo"}}]}},"_links":{"self":[{"href":"https:\/\/www.gaveanews.com\/index.php\/wp-json\/wp\/v2\/posts\/260947","targetHints":{"allow":["GET"]}}],"collection":[{"href":"https:\/\/www.gaveanews.com\/index.php\/wp-json\/wp\/v2\/posts"}],"about":[{"href":"https:\/\/www.gaveanews.com\/index.php\/wp-json\/wp\/v2\/types\/post"}],"author":[{"embeddable":true,"href":"https:\/\/www.gaveanews.com\/index.php\/wp-json\/wp\/v2\/users\/33"}],"replies":[{"embeddable":true,"href":"https:\/\/www.gaveanews.com\/index.php\/wp-json\/wp\/v2\/comments?post=260947"}],"version-history":[{"count":1,"href":"https:\/\/www.gaveanews.com\/index.php\/wp-json\/wp\/v2\/posts\/260947\/revisions"}],"predecessor-version":[{"id":260951,"href":"https:\/\/www.gaveanews.com\/index.php\/wp-json\/wp\/v2\/posts\/260947\/revisions\/260951"}],"wp:featuredmedia":[{"embeddable":true,"href":"https:\/\/www.gaveanews.com\/index.php\/wp-json\/wp\/v2\/media\/118619"}],"wp:attachment":[{"href":"https:\/\/www.gaveanews.com\/index.php\/wp-json\/wp\/v2\/media?parent=260947"}],"wp:term":[{"taxonomy":"category","embeddable":true,"href":"https:\/\/www.gaveanews.com\/index.php\/wp-json\/wp\/v2\/categories?post=260947"},{"taxonomy":"post_tag","embeddable":true,"href":"https:\/\/www.gaveanews.com\/index.php\/wp-json\/wp\/v2\/tags?post=260947"}],"curies":[{"name":"wp","href":"https:\/\/api.w.org\/{rel}","templated":true}]}}