{"id":260949,"date":"2025-05-06T11:45:00","date_gmt":"2025-05-06T14:45:00","guid":{"rendered":"https:\/\/www.gaveanews.com\/?p=260949"},"modified":"2025-05-06T10:55:37","modified_gmt":"2025-05-06T13:55:37","slug":"video-jornalista-faz-comparacao-entre-joao-felix-e-arrascaeta-do-flamengo","status":"publish","type":"post","link":"https:\/\/www.gaveanews.com\/index.php\/2025\/05\/06\/video-jornalista-faz-comparacao-entre-joao-felix-e-arrascaeta-do-flamengo\/","title":{"rendered":"V\u00eddeo: jornalista faz compara\u00e7\u00e3o entre Jo\u00e3o F\u00e9lix e Arrascaeta, do Flamengo"},"content":{"rendered":"\n<p>Durante o programa Linha de Passe, o jornalista Vitor Birner fez um coment\u00e1rio pol\u00eamico comparando Jo\u00e3o F\u00e9lix a Arrascaeta. A declara\u00e7\u00e3o repercutiu rapidamente, dividindo opini\u00f5es na Na\u00e7\u00e3o Rubro-Negra.<\/p>\n\n\n\n<h2 class=\"wp-block-heading\" id=\"h-comparacao-entre-joao-felix-e-arrascaeta\">Compara\u00e7\u00e3o entre Jo\u00e3o F\u00e9lix e Arrascaeta<\/h2>\n\n\n\n<p>O jornalista surpreendeu ao afirmar: &#8220;O Jo\u00e3o F\u00e9lix sempre se colocou acima dos clubes. Tecnicamente ele \u00e9 melhor que o Arrascaeta.&#8221;<\/p>\n\n\n\n<blockquote class=\"twitter-tweet\" data-media-max-width=\"560\"><p lang=\"pt\" dir=\"ltr\">Jo\u00e3o F\u00e9lix seria uma boa pro Flamengo, f\u00e3 de esporte? \ud83d\udd34\u26ab<a href=\"https:\/\/twitter.com\/hashtag\/FutebolNaESPN?src=hash&amp;ref_src=twsrc%5Etfw\">#FutebolNaESPN<\/a> <a href=\"https:\/\/t.co\/mQMYwSvLyL\">pic.twitter.com\/mQMYwSvLyL<\/a><\/p>&mdash; SportsCenter Brasil (@SportsCenterBR) <a href=\"https:\/\/twitter.com\/SportsCenterBR\/status\/1919574050113773955?ref_src=twsrc%5Etfw\">May 6, 2025<\/a><\/blockquote> <script async src=\"https:\/\/platform.twitter.com\/widgets.js\" charset=\"utf-8\"><\/script>\n\n\n\n<p>O coment\u00e1rio surge no momento em que o nome de Jo\u00e3o F\u00e9lix est\u00e1 diretamente ligado ao Flamengo. O clube carioca sonha em contar com o craque portugu\u00eas para refor\u00e7ar o elenco visando o Mundial de Clubes da Fifa. Por isso, a compara\u00e7\u00e3o com Arrascaeta, \u00eddolo da torcida e s\u00edmbolo do time, ganhou ainda mais peso.<\/p>\n\n\n\n<h2 class=\"wp-block-heading\" id=\"h-flamengo-tenta-convencer-craque-a-desembarcar-no-brasil\">Flamengo tenta convencer craque a desembarcar no Brasil<\/h2>\n\n\n\n<p>De acordo com informa\u00e7\u00f5es da ESPN, o Rubro-Negro negocia com Jo\u00e3o F\u00e9lix, que pertence ao Chelsea, mas est\u00e1 emprestado ao Milan. Vale destacar que o atleta desperta o interesse de outras equipes da Europa, incluindo o Benfica, clube onde viveu seu melhor momento na temporada 2018\/2019.<\/p>\n\n\n\n<p>Cabe ressaltar que o portugu\u00eas tamb\u00e9m est\u00e1 no radar de clubes da Ar\u00e1bia Saudita, que seguem investindo pesado em estrelas internacionais. Por isso, o Flamengo n\u00e3o ter\u00e1 vida f\u00e1cil.&nbsp;<\/p>\n\n\n\n<h2 class=\"wp-block-heading\" id=\"h-jose-boto-pode-ser-a-carta-na-manga-do-fla\">Jos\u00e9 Boto pode ser a carta na manga do Fla<\/h2>\n\n\n\n<p>Sendo assim, o sucesso da negocia\u00e7\u00e3o pode depender do poder de convencimento do Diretor de Futebol do Flamengo, Jos\u00e9 Boto. O dirigente portugu\u00eas conhece o mercado europeu e tenta usar sua influ\u00eancia para mostrar ao atacante que o projeto rubro-negro \u00e9 competitivo. Com isso, a possibilidade ainda est\u00e1 viva.<\/p>\n\n\n\n<p>Na temporada atual, Jo\u00e3o F\u00e9lix soma nove gols em 40 jogos por Chelsea, Milan e sele\u00e7\u00e3o de Portugal. A \u00faltima vez que marcou foi em 5 de fevereiro, na vit\u00f3ria por 3 a 1 sobre a Roma.&nbsp;<\/p>\n\n\n\n<p>Dessa maneira, o Flamengo monitora de perto os pr\u00f3ximos passos do atacante, que pode ser o nome de impacto para o restante de 2025.<\/p>\n","protected":false},"excerpt":{"rendered":"<p>Durante o programa Linha de Passe, o jornalista Vitor Birner fez um coment\u00e1rio pol\u00eamico comparando Jo\u00e3o F\u00e9lix a Arrascaeta. A declara\u00e7\u00e3o repercutiu rapidamente, dividindo opini\u00f5es na Na\u00e7\u00e3o Rubro-Negra. Compara\u00e7\u00e3o entre Jo\u00e3o F\u00e9lix e Arrascaeta O jornalista surpreendeu ao afirmar: &#8220;O Jo\u00e3o F\u00e9lix sempre se colocou acima dos clubes. Tecnicamente ele \u00e9 melhor que o Arrascaeta.&#8221; [&hellip;]<\/p>\n","protected":false},"author":25,"featured_media":251814,"comment_status":"open","ping_status":"closed","sticky":false,"template":"","format":"standard","meta":{"footnotes":""},"categories":[1],"tags":[],"class_list":["post-260949","post","type-post","status-publish","format-standard","has-post-thumbnail","hentry","category-flamengo"],"yoast_head":"<!-- This site is optimized with the Yoast SEO Premium plugin v24.2 (Yoast SEO v26.9) - https:\/\/yoast.com\/product\/yoast-seo-premium-wordpress\/ -->\n<title>V\u00eddeo: jornalista faz compara\u00e7\u00e3o entre Jo\u00e3o F\u00e9lix e Arrascaeta, do Flamengo<\/title>\n<meta name=\"robots\" content=\"index, follow, max-snippet:-1, max-image-preview:large, max-video-preview:-1\" \/>\n<link rel=\"canonical\" href=\"https:\/\/www.gaveanews.com\/index.php\/2025\/05\/06\/video-jornalista-faz-comparacao-entre-joao-felix-e-arrascaeta-do-flamengo\/\" \/>\n<meta property=\"og:locale\" content=\"pt_BR\" \/>\n<meta property=\"og:type\" content=\"article\" \/>\n<meta property=\"og:title\" content=\"V\u00eddeo: jornalista faz compara\u00e7\u00e3o entre Jo\u00e3o F\u00e9lix e Arrascaeta, do Flamengo\" \/>\n<meta property=\"og:description\" content=\"Durante o programa Linha de Passe, o jornalista Vitor Birner fez um coment\u00e1rio pol\u00eamico comparando Jo\u00e3o F\u00e9lix a Arrascaeta. A declara\u00e7\u00e3o repercutiu rapidamente, dividindo opini\u00f5es na Na\u00e7\u00e3o Rubro-Negra. Compara\u00e7\u00e3o entre Jo\u00e3o F\u00e9lix e Arrascaeta O jornalista surpreendeu ao afirmar: &#8220;O Jo\u00e3o F\u00e9lix sempre se colocou acima dos clubes. Tecnicamente ele \u00e9 melhor que o Arrascaeta.&#8221; [&hellip;]\" \/>\n<meta property=\"og:url\" content=\"https:\/\/www.gaveanews.com\/index.php\/2025\/05\/06\/video-jornalista-faz-comparacao-entre-joao-felix-e-arrascaeta-do-flamengo\/\" \/>\n<meta property=\"og:site_name\" content=\"G\u00e1vea News\" \/>\n<meta property=\"article:publisher\" content=\"https:\/\/facebook.com\/gaveaNews\/\" \/>\n<meta property=\"article:published_time\" content=\"2025-05-06T14:45:00+00:00\" \/>\n<meta property=\"og:image\" content=\"https:\/\/www.gaveanews.com\/wp-content\/uploads\/Entrevista-de-Arrascaeta-do-Flamengo-na-zona-mista.webp\" \/>\n\t<meta property=\"og:image:width\" content=\"1200\" \/>\n\t<meta property=\"og:image:height\" content=\"800\" \/>\n\t<meta property=\"og:image:type\" content=\"image\/png\" \/>\n<meta name=\"author\" content=\"Rafaela Ladeira\" \/>\n<meta name=\"twitter:card\" content=\"summary_large_image\" \/>\n<meta name=\"twitter:label1\" content=\"Escrito por\" \/>\n\t<meta name=\"twitter:data1\" content=\"Rafaela Ladeira\" \/>\n\t<meta name=\"twitter:label2\" content=\"Est. tempo de leitura\" \/>\n\t<meta name=\"twitter:data2\" content=\"2 minutos\" \/>\n<script type=\"application\/ld+json\" class=\"yoast-schema-graph\">{\"@context\":\"https:\/\/schema.org\",\"@graph\":[{\"@type\":\"NewsArticle\",\"@id\":\"https:\/\/www.gaveanews.com\/index.php\/2025\/05\/06\/video-jornalista-faz-comparacao-entre-joao-felix-e-arrascaeta-do-flamengo\/#article\",\"isPartOf\":{\"@id\":\"https:\/\/www.gaveanews.com\/index.php\/2025\/05\/06\/video-jornalista-faz-comparacao-entre-joao-felix-e-arrascaeta-do-flamengo\/\"},\"author\":{\"name\":\"Rafaela Ladeira\",\"@id\":\"https:\/\/www.gaveanews.com\/#\/schema\/person\/0eb3e3fe1754f0205218538adbe8f5ed\"},\"headline\":\"V\u00eddeo: jornalista faz compara\u00e7\u00e3o entre Jo\u00e3o F\u00e9lix e Arrascaeta, do Flamengo\",\"datePublished\":\"2025-05-06T14:45:00+00:00\",\"mainEntityOfPage\":{\"@id\":\"https:\/\/www.gaveanews.com\/index.php\/2025\/05\/06\/video-jornalista-faz-comparacao-entre-joao-felix-e-arrascaeta-do-flamengo\/\"},\"wordCount\":379,\"commentCount\":0,\"image\":{\"@id\":\"https:\/\/www.gaveanews.com\/index.php\/2025\/05\/06\/video-jornalista-faz-comparacao-entre-joao-felix-e-arrascaeta-do-flamengo\/#primaryimage\"},\"thumbnailUrl\":\"https:\/\/www.gaveanews.com\/wp-content\/uploads\/Entrevista-de-Arrascaeta-do-Flamengo-na-zona-mista.webp\",\"articleSection\":[\"Flamengo\"],\"inLanguage\":\"pt-BR\",\"potentialAction\":[{\"@type\":\"CommentAction\",\"name\":\"Comment\",\"target\":[\"https:\/\/www.gaveanews.com\/index.php\/2025\/05\/06\/video-jornalista-faz-comparacao-entre-joao-felix-e-arrascaeta-do-flamengo\/#respond\"]}],\"copyrightYear\":\"2025\",\"copyrightHolder\":{\"@id\":\"https:\/\/www.gaveanews.com\/#organization\"}},{\"@type\":\"WebPage\",\"@id\":\"https:\/\/www.gaveanews.com\/index.php\/2025\/05\/06\/video-jornalista-faz-comparacao-entre-joao-felix-e-arrascaeta-do-flamengo\/\",\"url\":\"https:\/\/www.gaveanews.com\/index.php\/2025\/05\/06\/video-jornalista-faz-comparacao-entre-joao-felix-e-arrascaeta-do-flamengo\/\",\"name\":\"V\u00eddeo: jornalista faz compara\u00e7\u00e3o entre Jo\u00e3o F\u00e9lix e Arrascaeta, do Flamengo\",\"isPartOf\":{\"@id\":\"https:\/\/www.gaveanews.com\/#website\"},\"primaryImageOfPage\":{\"@id\":\"https:\/\/www.gaveanews.com\/index.php\/2025\/05\/06\/video-jornalista-faz-comparacao-entre-joao-felix-e-arrascaeta-do-flamengo\/#primaryimage\"},\"image\":{\"@id\":\"https:\/\/www.gaveanews.com\/index.php\/2025\/05\/06\/video-jornalista-faz-comparacao-entre-joao-felix-e-arrascaeta-do-flamengo\/#primaryimage\"},\"thumbnailUrl\":\"https:\/\/www.gaveanews.com\/wp-content\/uploads\/Entrevista-de-Arrascaeta-do-Flamengo-na-zona-mista.webp\",\"datePublished\":\"2025-05-06T14:45:00+00:00\",\"author\":{\"@id\":\"https:\/\/www.gaveanews.com\/#\/schema\/person\/0eb3e3fe1754f0205218538adbe8f5ed\"},\"breadcrumb\":{\"@id\":\"https:\/\/www.gaveanews.com\/index.php\/2025\/05\/06\/video-jornalista-faz-comparacao-entre-joao-felix-e-arrascaeta-do-flamengo\/#breadcrumb\"},\"inLanguage\":\"pt-BR\",\"potentialAction\":[{\"@type\":\"ReadAction\",\"target\":[\"https:\/\/www.gaveanews.com\/index.php\/2025\/05\/06\/video-jornalista-faz-comparacao-entre-joao-felix-e-arrascaeta-do-flamengo\/\"]}]},{\"@type\":\"ImageObject\",\"inLanguage\":\"pt-BR\",\"@id\":\"https:\/\/www.gaveanews.com\/index.php\/2025\/05\/06\/video-jornalista-faz-comparacao-entre-joao-felix-e-arrascaeta-do-flamengo\/#primaryimage\",\"url\":\"https:\/\/www.gaveanews.com\/wp-content\/uploads\/Entrevista-de-Arrascaeta-do-Flamengo-na-zona-mista.webp\",\"contentUrl\":\"https:\/\/www.gaveanews.com\/wp-content\/uploads\/Entrevista-de-Arrascaeta-do-Flamengo-na-zona-mista.webp\",\"width\":1200,\"height\":800,\"caption\":\"Foto: Reprodu\u00e7\u00e3o\"},{\"@type\":\"BreadcrumbList\",\"@id\":\"https:\/\/www.gaveanews.com\/index.php\/2025\/05\/06\/video-jornalista-faz-comparacao-entre-joao-felix-e-arrascaeta-do-flamengo\/#breadcrumb\",\"itemListElement\":[{\"@type\":\"ListItem\",\"position\":1,\"name\":\"Home\",\"item\":\"https:\/\/www.gaveanews.com\/\"},{\"@type\":\"ListItem\",\"position\":2,\"name\":\"V\u00eddeo: jornalista faz compara\u00e7\u00e3o entre Jo\u00e3o F\u00e9lix e Arrascaeta, do Flamengo\"}]},{\"@type\":\"WebSite\",\"@id\":\"https:\/\/www.gaveanews.com\/#website\",\"url\":\"https:\/\/www.gaveanews.com\/\",\"name\":\"G\u00e1vea News\",\"description\":\"Veja todas as not\u00edcias sobre o Flamengo: Contrata\u00e7\u00f5es, categorias de base, resultados das partidas, tabela de classifica\u00e7\u00e3o, pr\u00f3ximos jogos!\",\"potentialAction\":[{\"@type\":\"SearchAction\",\"target\":{\"@type\":\"EntryPoint\",\"urlTemplate\":\"https:\/\/www.gaveanews.com\/?s={search_term_string}\"},\"query-input\":{\"@type\":\"PropertyValueSpecification\",\"valueRequired\":true,\"valueName\":\"search_term_string\"}}],\"inLanguage\":\"pt-BR\"},{\"@type\":\"Person\",\"@id\":\"https:\/\/www.gaveanews.com\/#\/schema\/person\/0eb3e3fe1754f0205218538adbe8f5ed\",\"name\":\"Rafaela Ladeira\",\"image\":{\"@type\":\"ImageObject\",\"inLanguage\":\"pt-BR\",\"@id\":\"https:\/\/www.gaveanews.com\/#\/schema\/person\/image\/\",\"url\":\"https:\/\/secure.gravatar.com\/avatar\/c31f513acffd85eacab5730cbdfdbbf59f21ba5aeada8cd890acea879fbb2455?s=96&d=mm&r=g\",\"contentUrl\":\"https:\/\/secure.gravatar.com\/avatar\/c31f513acffd85eacab5730cbdfdbbf59f21ba5aeada8cd890acea879fbb2455?s=96&d=mm&r=g\",\"caption\":\"Rafaela Ladeira\"}}]}<\/script>\n<!-- \/ Yoast SEO Premium plugin. -->","yoast_head_json":{"title":"V\u00eddeo: jornalista faz compara\u00e7\u00e3o entre Jo\u00e3o F\u00e9lix e Arrascaeta, do Flamengo","robots":{"index":"index","follow":"follow","max-snippet":"max-snippet:-1","max-image-preview":"max-image-preview:large","max-video-preview":"max-video-preview:-1"},"canonical":"https:\/\/www.gaveanews.com\/index.php\/2025\/05\/06\/video-jornalista-faz-comparacao-entre-joao-felix-e-arrascaeta-do-flamengo\/","og_locale":"pt_BR","og_type":"article","og_title":"V\u00eddeo: jornalista faz compara\u00e7\u00e3o entre Jo\u00e3o F\u00e9lix e Arrascaeta, do Flamengo","og_description":"Durante o programa Linha de Passe, o jornalista Vitor Birner fez um coment\u00e1rio pol\u00eamico comparando Jo\u00e3o F\u00e9lix a Arrascaeta. A declara\u00e7\u00e3o repercutiu rapidamente, dividindo opini\u00f5es na Na\u00e7\u00e3o Rubro-Negra. Compara\u00e7\u00e3o entre Jo\u00e3o F\u00e9lix e Arrascaeta O jornalista surpreendeu ao afirmar: &#8220;O Jo\u00e3o F\u00e9lix sempre se colocou acima dos clubes. Tecnicamente ele \u00e9 melhor que o Arrascaeta.&#8221; [&hellip;]","og_url":"https:\/\/www.gaveanews.com\/index.php\/2025\/05\/06\/video-jornalista-faz-comparacao-entre-joao-felix-e-arrascaeta-do-flamengo\/","og_site_name":"G\u00e1vea News","article_publisher":"https:\/\/facebook.com\/gaveaNews\/","article_published_time":"2025-05-06T14:45:00+00:00","og_image":[{"width":1200,"height":800,"url":"https:\/\/www.gaveanews.com\/wp-content\/uploads\/Entrevista-de-Arrascaeta-do-Flamengo-na-zona-mista.webp","type":"image\/png"}],"author":"Rafaela Ladeira","twitter_card":"summary_large_image","twitter_misc":{"Escrito por":"Rafaela Ladeira","Est. tempo de leitura":"2 minutos"},"schema":{"@context":"https:\/\/schema.org","@graph":[{"@type":"NewsArticle","@id":"https:\/\/www.gaveanews.com\/index.php\/2025\/05\/06\/video-jornalista-faz-comparacao-entre-joao-felix-e-arrascaeta-do-flamengo\/#article","isPartOf":{"@id":"https:\/\/www.gaveanews.com\/index.php\/2025\/05\/06\/video-jornalista-faz-comparacao-entre-joao-felix-e-arrascaeta-do-flamengo\/"},"author":{"name":"Rafaela Ladeira","@id":"https:\/\/www.gaveanews.com\/#\/schema\/person\/0eb3e3fe1754f0205218538adbe8f5ed"},"headline":"V\u00eddeo: jornalista faz compara\u00e7\u00e3o entre Jo\u00e3o F\u00e9lix e Arrascaeta, do Flamengo","datePublished":"2025-05-06T14:45:00+00:00","mainEntityOfPage":{"@id":"https:\/\/www.gaveanews.com\/index.php\/2025\/05\/06\/video-jornalista-faz-comparacao-entre-joao-felix-e-arrascaeta-do-flamengo\/"},"wordCount":379,"commentCount":0,"image":{"@id":"https:\/\/www.gaveanews.com\/index.php\/2025\/05\/06\/video-jornalista-faz-comparacao-entre-joao-felix-e-arrascaeta-do-flamengo\/#primaryimage"},"thumbnailUrl":"https:\/\/www.gaveanews.com\/wp-content\/uploads\/Entrevista-de-Arrascaeta-do-Flamengo-na-zona-mista.webp","articleSection":["Flamengo"],"inLanguage":"pt-BR","potentialAction":[{"@type":"CommentAction","name":"Comment","target":["https:\/\/www.gaveanews.com\/index.php\/2025\/05\/06\/video-jornalista-faz-comparacao-entre-joao-felix-e-arrascaeta-do-flamengo\/#respond"]}],"copyrightYear":"2025","copyrightHolder":{"@id":"https:\/\/www.gaveanews.com\/#organization"}},{"@type":"WebPage","@id":"https:\/\/www.gaveanews.com\/index.php\/2025\/05\/06\/video-jornalista-faz-comparacao-entre-joao-felix-e-arrascaeta-do-flamengo\/","url":"https:\/\/www.gaveanews.com\/index.php\/2025\/05\/06\/video-jornalista-faz-comparacao-entre-joao-felix-e-arrascaeta-do-flamengo\/","name":"V\u00eddeo: jornalista faz compara\u00e7\u00e3o entre Jo\u00e3o F\u00e9lix e Arrascaeta, do Flamengo","isPartOf":{"@id":"https:\/\/www.gaveanews.com\/#website"},"primaryImageOfPage":{"@id":"https:\/\/www.gaveanews.com\/index.php\/2025\/05\/06\/video-jornalista-faz-comparacao-entre-joao-felix-e-arrascaeta-do-flamengo\/#primaryimage"},"image":{"@id":"https:\/\/www.gaveanews.com\/index.php\/2025\/05\/06\/video-jornalista-faz-comparacao-entre-joao-felix-e-arrascaeta-do-flamengo\/#primaryimage"},"thumbnailUrl":"https:\/\/www.gaveanews.com\/wp-content\/uploads\/Entrevista-de-Arrascaeta-do-Flamengo-na-zona-mista.webp","datePublished":"2025-05-06T14:45:00+00:00","author":{"@id":"https:\/\/www.gaveanews.com\/#\/schema\/person\/0eb3e3fe1754f0205218538adbe8f5ed"},"breadcrumb":{"@id":"https:\/\/www.gaveanews.com\/index.php\/2025\/05\/06\/video-jornalista-faz-comparacao-entre-joao-felix-e-arrascaeta-do-flamengo\/#breadcrumb"},"inLanguage":"pt-BR","potentialAction":[{"@type":"ReadAction","target":["https:\/\/www.gaveanews.com\/index.php\/2025\/05\/06\/video-jornalista-faz-comparacao-entre-joao-felix-e-arrascaeta-do-flamengo\/"]}]},{"@type":"ImageObject","inLanguage":"pt-BR","@id":"https:\/\/www.gaveanews.com\/index.php\/2025\/05\/06\/video-jornalista-faz-comparacao-entre-joao-felix-e-arrascaeta-do-flamengo\/#primaryimage","url":"https:\/\/www.gaveanews.com\/wp-content\/uploads\/Entrevista-de-Arrascaeta-do-Flamengo-na-zona-mista.webp","contentUrl":"https:\/\/www.gaveanews.com\/wp-content\/uploads\/Entrevista-de-Arrascaeta-do-Flamengo-na-zona-mista.webp","width":1200,"height":800,"caption":"Foto: Reprodu\u00e7\u00e3o"},{"@type":"BreadcrumbList","@id":"https:\/\/www.gaveanews.com\/index.php\/2025\/05\/06\/video-jornalista-faz-comparacao-entre-joao-felix-e-arrascaeta-do-flamengo\/#breadcrumb","itemListElement":[{"@type":"ListItem","position":1,"name":"Home","item":"https:\/\/www.gaveanews.com\/"},{"@type":"ListItem","position":2,"name":"V\u00eddeo: jornalista faz compara\u00e7\u00e3o entre Jo\u00e3o F\u00e9lix e Arrascaeta, do Flamengo"}]},{"@type":"WebSite","@id":"https:\/\/www.gaveanews.com\/#website","url":"https:\/\/www.gaveanews.com\/","name":"G\u00e1vea News","description":"Veja todas as not\u00edcias sobre o Flamengo: Contrata\u00e7\u00f5es, categorias de base, resultados das partidas, tabela de classifica\u00e7\u00e3o, pr\u00f3ximos jogos!","potentialAction":[{"@type":"SearchAction","target":{"@type":"EntryPoint","urlTemplate":"https:\/\/www.gaveanews.com\/?s={search_term_string}"},"query-input":{"@type":"PropertyValueSpecification","valueRequired":true,"valueName":"search_term_string"}}],"inLanguage":"pt-BR"},{"@type":"Person","@id":"https:\/\/www.gaveanews.com\/#\/schema\/person\/0eb3e3fe1754f0205218538adbe8f5ed","name":"Rafaela Ladeira","image":{"@type":"ImageObject","inLanguage":"pt-BR","@id":"https:\/\/www.gaveanews.com\/#\/schema\/person\/image\/","url":"https:\/\/secure.gravatar.com\/avatar\/c31f513acffd85eacab5730cbdfdbbf59f21ba5aeada8cd890acea879fbb2455?s=96&d=mm&r=g","contentUrl":"https:\/\/secure.gravatar.com\/avatar\/c31f513acffd85eacab5730cbdfdbbf59f21ba5aeada8cd890acea879fbb2455?s=96&d=mm&r=g","caption":"Rafaela Ladeira"}}]}},"_links":{"self":[{"href":"https:\/\/www.gaveanews.com\/index.php\/wp-json\/wp\/v2\/posts\/260949","targetHints":{"allow":["GET"]}}],"collection":[{"href":"https:\/\/www.gaveanews.com\/index.php\/wp-json\/wp\/v2\/posts"}],"about":[{"href":"https:\/\/www.gaveanews.com\/index.php\/wp-json\/wp\/v2\/types\/post"}],"author":[{"embeddable":true,"href":"https:\/\/www.gaveanews.com\/index.php\/wp-json\/wp\/v2\/users\/25"}],"replies":[{"embeddable":true,"href":"https:\/\/www.gaveanews.com\/index.php\/wp-json\/wp\/v2\/comments?post=260949"}],"version-history":[{"count":1,"href":"https:\/\/www.gaveanews.com\/index.php\/wp-json\/wp\/v2\/posts\/260949\/revisions"}],"predecessor-version":[{"id":260950,"href":"https:\/\/www.gaveanews.com\/index.php\/wp-json\/wp\/v2\/posts\/260949\/revisions\/260950"}],"wp:featuredmedia":[{"embeddable":true,"href":"https:\/\/www.gaveanews.com\/index.php\/wp-json\/wp\/v2\/media\/251814"}],"wp:attachment":[{"href":"https:\/\/www.gaveanews.com\/index.php\/wp-json\/wp\/v2\/media?parent=260949"}],"wp:term":[{"taxonomy":"category","embeddable":true,"href":"https:\/\/www.gaveanews.com\/index.php\/wp-json\/wp\/v2\/categories?post=260949"},{"taxonomy":"post_tag","embeddable":true,"href":"https:\/\/www.gaveanews.com\/index.php\/wp-json\/wp\/v2\/tags?post=260949"}],"curies":[{"name":"wp","href":"https:\/\/api.w.org\/{rel}","templated":true}]}}