{"id":260998,"date":"2025-05-06T13:30:00","date_gmt":"2025-05-06T16:30:00","guid":{"rendered":"https:\/\/www.gaveanews.com\/?p=260998"},"modified":"2025-05-06T12:41:20","modified_gmt":"2025-05-06T15:41:20","slug":"internacional-atualiza-situacao-de-alan-patrick","status":"publish","type":"post","link":"https:\/\/www.gaveanews.com\/index.php\/2025\/05\/06\/internacional-atualiza-situacao-de-alan-patrick\/","title":{"rendered":"Internacional atualiza situa\u00e7\u00e3o de Alan Patrick"},"content":{"rendered":"\n<p>O Internacional ter\u00e1 um refor\u00e7o importante para a pr\u00f3xima rodada da Copa Libertadores. Alan Patrick, camisa 10 do Colorado, estar\u00e1 entre os titulares na partida contra o Atl\u00e9tico Nacional, marcada para quinta-feira (8), \u00e0s 21h30 (hor\u00e1rio de Bras\u00edlia), no Est\u00e1dio Atanasio Girardot, em Medel\u00edn. O duelo \u00e9 v\u00e1lido pela quarta rodada do grupo F da competi\u00e7\u00e3o continental.<\/p>\n\n\n\n<p>A presen\u00e7a do meia chegou a ser colocada em d\u00favida ap\u00f3s a derrota por 4 a 2 para o Corinthians, no \u00faltimo s\u00e1bado (3). Na ocasi\u00e3o, Alan Patrick foi substitu\u00eddo no intervalo com dores musculares, o que gerou preocupa\u00e7\u00e3o entre os torcedores. Contudo, os exames realizados na segunda-feira (5) n\u00e3o apontaram nenhuma les\u00e3o, e o jogador participou normalmente das atividades no CT.<\/p>\n\n\n\n<figure class=\"wp-block-image size-full\"><img loading=\"lazy\" decoding=\"async\" width=\"900\" height=\"506\" src=\"http:\/\/www.gaveanews.com\/wp-content\/uploads\/Alan-Patrick-pelo-Internacional.webp\" alt=\"\" class=\"wp-image-167606\" srcset=\"https:\/\/www.gaveanews.com\/wp-content\/uploads\/Alan-Patrick-pelo-Internacional.webp 900w, https:\/\/www.gaveanews.com\/wp-content\/uploads\/Alan-Patrick-pelo-Internacional-300x169.webp 300w, https:\/\/www.gaveanews.com\/wp-content\/uploads\/Alan-Patrick-pelo-Internacional-768x432.webp 768w, https:\/\/www.gaveanews.com\/wp-content\/uploads\/Alan-Patrick-pelo-Internacional-747x420.webp 747w, https:\/\/www.gaveanews.com\/wp-content\/uploads\/Alan-Patrick-pelo-Internacional-640x360.webp 640w, https:\/\/www.gaveanews.com\/wp-content\/uploads\/Alan-Patrick-pelo-Internacional-681x383.webp 681w, https:\/\/www.gaveanews.com\/wp-content\/uploads\/Alan-Patrick-pelo-Internacional-100x56.webp 100w\" sizes=\"auto, (max-width: 900px) 100vw, 900px\" \/><figcaption class=\"wp-element-caption\">Alan Patrick pelo Internacional (Foto: Reprodu\u00e7\u00e3o\/Instagram)<\/figcaption><\/figure>\n\n\n\n<p>\u201cConversei com ele no final (do jogo). Ele disse que sentiu a perna pesar. Optamos por tir\u00e1-lo de campo. \u00c9 um pequeno desconforto, mas \u00e9 preciso avaliar melhor. Espero que n\u00e3o seja nada\u201d, afirmou o t\u00e9cnico Roger Machado, ainda em S\u00e3o Paulo, ap\u00f3s a partida no Brasileir\u00e3o.<\/p>\n\n\n\n<p>A sa\u00edda precoce de Alan Patrick foi sentida em campo. O substituto, \u00d3scar Romero, n\u00e3o conseguiu manter o ritmo e o controle da posse de bola no meio-campo. Ali\u00e1s, o argentino ainda cometeu o p\u00eanalti que resultou no terceiro gol corintiano, fato que ampliou a desvantagem do Inter no placar.<\/p>\n\n\n\n<p>Atualmente, o time ga\u00facho ocupa a segunda coloca\u00e7\u00e3o do grupo F, com cinco pontos conquistados. O l\u00edder \u00e9 o Bahia, que soma sete. J\u00e1 o Atl\u00e9tico Nacional, advers\u00e1rio da vez, tem tr\u00eas pontos, enquanto o Nacional do Uruguai \u00e9 o lanterna, com apenas um. O Colorado busca a vit\u00f3ria para assumir a lideran\u00e7a e encaminhar sua classifica\u00e7\u00e3o \u00e0s oitavas de final.<\/p>\n\n\n\n<p>A prov\u00e1vel escala\u00e7\u00e3o do Internacional para o confronto na Col\u00f4mbia conta com: Anthoni; Aguirre, Vit\u00e3o, Victor Gabriel e Bernabei; Fernando e Thiago Maia (ou Bruno Henrique); Bruno Tabata, Alan Patrick e Wesley; Enner Valencia. A expectativa \u00e9 de que o retorno do camisa 10 traga maior equil\u00edbrio ao setor ofensivo da equipe.<\/p>\n","protected":false},"excerpt":{"rendered":"<p>O Internacional ter\u00e1 um refor\u00e7o importante para a pr\u00f3xima rodada da Copa Libertadores. Alan Patrick, camisa 10 do Colorado, estar\u00e1 entre os titulares na partida contra o Atl\u00e9tico Nacional, marcada para quinta-feira (8), \u00e0s 21h30 (hor\u00e1rio de Bras\u00edlia), no Est\u00e1dio Atanasio Girardot, em Medel\u00edn. O duelo \u00e9 v\u00e1lido pela quarta rodada do grupo F da [&hellip;]<\/p>\n","protected":false},"author":33,"featured_media":252051,"comment_status":"open","ping_status":"closed","sticky":false,"template":"","format":"standard","meta":{"footnotes":""},"categories":[148],"tags":[],"class_list":["post-260998","post","type-post","status-publish","format-standard","has-post-thumbnail","hentry","category-internacional"],"yoast_head":"<!-- This site is optimized with the Yoast SEO Premium plugin v24.2 (Yoast SEO v26.9) - https:\/\/yoast.com\/product\/yoast-seo-premium-wordpress\/ -->\n<title>Internacional atualiza situa\u00e7\u00e3o de Alan Patrick<\/title>\n<meta name=\"robots\" content=\"index, follow, max-snippet:-1, max-image-preview:large, max-video-preview:-1\" \/>\n<link rel=\"canonical\" href=\"https:\/\/www.gaveanews.com\/index.php\/2025\/05\/06\/internacional-atualiza-situacao-de-alan-patrick\/\" \/>\n<meta property=\"og:locale\" content=\"pt_BR\" \/>\n<meta property=\"og:type\" content=\"article\" \/>\n<meta property=\"og:title\" content=\"Internacional atualiza situa\u00e7\u00e3o de Alan Patrick\" \/>\n<meta property=\"og:description\" content=\"O Internacional ter\u00e1 um refor\u00e7o importante para a pr\u00f3xima rodada da Copa Libertadores. Alan Patrick, camisa 10 do Colorado, estar\u00e1 entre os titulares na partida contra o Atl\u00e9tico Nacional, marcada para quinta-feira (8), \u00e0s 21h30 (hor\u00e1rio de Bras\u00edlia), no Est\u00e1dio Atanasio Girardot, em Medel\u00edn. O duelo \u00e9 v\u00e1lido pela quarta rodada do grupo F da [&hellip;]\" \/>\n<meta property=\"og:url\" content=\"https:\/\/www.gaveanews.com\/index.php\/2025\/05\/06\/internacional-atualiza-situacao-de-alan-patrick\/\" \/>\n<meta property=\"og:site_name\" content=\"G\u00e1vea News\" \/>\n<meta property=\"article:publisher\" content=\"https:\/\/facebook.com\/gaveaNews\/\" \/>\n<meta property=\"article:published_time\" content=\"2025-05-06T16:30:00+00:00\" \/>\n<meta property=\"og:image\" content=\"https:\/\/www.gaveanews.com\/wp-content\/uploads\/Alan-Patrick-pelo-Internacional-1.webp\" \/>\n\t<meta property=\"og:image:width\" content=\"752\" \/>\n\t<meta property=\"og:image:height\" content=\"488\" \/>\n\t<meta property=\"og:image:type\" content=\"image\/jpeg\" \/>\n<meta name=\"author\" content=\"Brenda Cezillo\" \/>\n<meta name=\"twitter:card\" content=\"summary_large_image\" \/>\n<meta name=\"twitter:label1\" content=\"Escrito por\" \/>\n\t<meta name=\"twitter:data1\" content=\"Brenda Cezillo\" \/>\n\t<meta name=\"twitter:label2\" content=\"Est. tempo de leitura\" \/>\n\t<meta name=\"twitter:data2\" content=\"3 minutos\" \/>\n<script type=\"application\/ld+json\" class=\"yoast-schema-graph\">{\"@context\":\"https:\/\/schema.org\",\"@graph\":[{\"@type\":\"NewsArticle\",\"@id\":\"https:\/\/www.gaveanews.com\/index.php\/2025\/05\/06\/internacional-atualiza-situacao-de-alan-patrick\/#article\",\"isPartOf\":{\"@id\":\"https:\/\/www.gaveanews.com\/index.php\/2025\/05\/06\/internacional-atualiza-situacao-de-alan-patrick\/\"},\"author\":{\"name\":\"Brenda Cezillo\",\"@id\":\"https:\/\/www.gaveanews.com\/#\/schema\/person\/c79759ca337c40791ae8d08e2923d403\"},\"headline\":\"Internacional atualiza situa\u00e7\u00e3o de Alan Patrick\",\"datePublished\":\"2025-05-06T16:30:00+00:00\",\"mainEntityOfPage\":{\"@id\":\"https:\/\/www.gaveanews.com\/index.php\/2025\/05\/06\/internacional-atualiza-situacao-de-alan-patrick\/\"},\"wordCount\":373,\"commentCount\":0,\"image\":{\"@id\":\"https:\/\/www.gaveanews.com\/index.php\/2025\/05\/06\/internacional-atualiza-situacao-de-alan-patrick\/#primaryimage\"},\"thumbnailUrl\":\"https:\/\/www.gaveanews.com\/wp-content\/uploads\/Alan-Patrick-pelo-Internacional-1.webp\",\"articleSection\":[\"Internacional\"],\"inLanguage\":\"pt-BR\",\"potentialAction\":[{\"@type\":\"CommentAction\",\"name\":\"Comment\",\"target\":[\"https:\/\/www.gaveanews.com\/index.php\/2025\/05\/06\/internacional-atualiza-situacao-de-alan-patrick\/#respond\"]}],\"copyrightYear\":\"2025\",\"copyrightHolder\":{\"@id\":\"https:\/\/www.gaveanews.com\/#organization\"}},{\"@type\":\"WebPage\",\"@id\":\"https:\/\/www.gaveanews.com\/index.php\/2025\/05\/06\/internacional-atualiza-situacao-de-alan-patrick\/\",\"url\":\"https:\/\/www.gaveanews.com\/index.php\/2025\/05\/06\/internacional-atualiza-situacao-de-alan-patrick\/\",\"name\":\"Internacional atualiza situa\u00e7\u00e3o de Alan Patrick\",\"isPartOf\":{\"@id\":\"https:\/\/www.gaveanews.com\/#website\"},\"primaryImageOfPage\":{\"@id\":\"https:\/\/www.gaveanews.com\/index.php\/2025\/05\/06\/internacional-atualiza-situacao-de-alan-patrick\/#primaryimage\"},\"image\":{\"@id\":\"https:\/\/www.gaveanews.com\/index.php\/2025\/05\/06\/internacional-atualiza-situacao-de-alan-patrick\/#primaryimage\"},\"thumbnailUrl\":\"https:\/\/www.gaveanews.com\/wp-content\/uploads\/Alan-Patrick-pelo-Internacional-1.webp\",\"datePublished\":\"2025-05-06T16:30:00+00:00\",\"author\":{\"@id\":\"https:\/\/www.gaveanews.com\/#\/schema\/person\/c79759ca337c40791ae8d08e2923d403\"},\"breadcrumb\":{\"@id\":\"https:\/\/www.gaveanews.com\/index.php\/2025\/05\/06\/internacional-atualiza-situacao-de-alan-patrick\/#breadcrumb\"},\"inLanguage\":\"pt-BR\",\"potentialAction\":[{\"@type\":\"ReadAction\",\"target\":[\"https:\/\/www.gaveanews.com\/index.php\/2025\/05\/06\/internacional-atualiza-situacao-de-alan-patrick\/\"]}]},{\"@type\":\"ImageObject\",\"inLanguage\":\"pt-BR\",\"@id\":\"https:\/\/www.gaveanews.com\/index.php\/2025\/05\/06\/internacional-atualiza-situacao-de-alan-patrick\/#primaryimage\",\"url\":\"https:\/\/www.gaveanews.com\/wp-content\/uploads\/Alan-Patrick-pelo-Internacional-1.webp\",\"contentUrl\":\"https:\/\/www.gaveanews.com\/wp-content\/uploads\/Alan-Patrick-pelo-Internacional-1.webp\",\"width\":752,\"height\":488,\"caption\":\"Alan Patrick pelo Internacional (Foto: Reprodu\u00e7\u00e3o\/Internacional)\"},{\"@type\":\"BreadcrumbList\",\"@id\":\"https:\/\/www.gaveanews.com\/index.php\/2025\/05\/06\/internacional-atualiza-situacao-de-alan-patrick\/#breadcrumb\",\"itemListElement\":[{\"@type\":\"ListItem\",\"position\":1,\"name\":\"Home\",\"item\":\"https:\/\/www.gaveanews.com\/\"},{\"@type\":\"ListItem\",\"position\":2,\"name\":\"Internacional atualiza situa\u00e7\u00e3o de Alan Patrick\"}]},{\"@type\":\"WebSite\",\"@id\":\"https:\/\/www.gaveanews.com\/#website\",\"url\":\"https:\/\/www.gaveanews.com\/\",\"name\":\"G\u00e1vea News\",\"description\":\"Veja todas as not\u00edcias sobre o Flamengo: Contrata\u00e7\u00f5es, categorias de base, resultados das partidas, tabela de classifica\u00e7\u00e3o, pr\u00f3ximos jogos!\",\"potentialAction\":[{\"@type\":\"SearchAction\",\"target\":{\"@type\":\"EntryPoint\",\"urlTemplate\":\"https:\/\/www.gaveanews.com\/?s={search_term_string}\"},\"query-input\":{\"@type\":\"PropertyValueSpecification\",\"valueRequired\":true,\"valueName\":\"search_term_string\"}}],\"inLanguage\":\"pt-BR\"},{\"@type\":\"Person\",\"@id\":\"https:\/\/www.gaveanews.com\/#\/schema\/person\/c79759ca337c40791ae8d08e2923d403\",\"name\":\"Brenda Cezillo\",\"image\":{\"@type\":\"ImageObject\",\"inLanguage\":\"pt-BR\",\"@id\":\"https:\/\/www.gaveanews.com\/#\/schema\/person\/image\/\",\"url\":\"https:\/\/secure.gravatar.com\/avatar\/1738d75cee7317f9c29ae61dd67620c5883d80a92e42a6fff88ae5d527af217a?s=96&d=mm&r=g\",\"contentUrl\":\"https:\/\/secure.gravatar.com\/avatar\/1738d75cee7317f9c29ae61dd67620c5883d80a92e42a6fff88ae5d527af217a?s=96&d=mm&r=g\",\"caption\":\"Brenda Cezillo\"}}]}<\/script>\n<!-- \/ Yoast SEO Premium plugin. -->","yoast_head_json":{"title":"Internacional atualiza situa\u00e7\u00e3o de Alan Patrick","robots":{"index":"index","follow":"follow","max-snippet":"max-snippet:-1","max-image-preview":"max-image-preview:large","max-video-preview":"max-video-preview:-1"},"canonical":"https:\/\/www.gaveanews.com\/index.php\/2025\/05\/06\/internacional-atualiza-situacao-de-alan-patrick\/","og_locale":"pt_BR","og_type":"article","og_title":"Internacional atualiza situa\u00e7\u00e3o de Alan Patrick","og_description":"O Internacional ter\u00e1 um refor\u00e7o importante para a pr\u00f3xima rodada da Copa Libertadores. Alan Patrick, camisa 10 do Colorado, estar\u00e1 entre os titulares na partida contra o Atl\u00e9tico Nacional, marcada para quinta-feira (8), \u00e0s 21h30 (hor\u00e1rio de Bras\u00edlia), no Est\u00e1dio Atanasio Girardot, em Medel\u00edn. O duelo \u00e9 v\u00e1lido pela quarta rodada do grupo F da [&hellip;]","og_url":"https:\/\/www.gaveanews.com\/index.php\/2025\/05\/06\/internacional-atualiza-situacao-de-alan-patrick\/","og_site_name":"G\u00e1vea News","article_publisher":"https:\/\/facebook.com\/gaveaNews\/","article_published_time":"2025-05-06T16:30:00+00:00","og_image":[{"width":752,"height":488,"url":"https:\/\/www.gaveanews.com\/wp-content\/uploads\/Alan-Patrick-pelo-Internacional-1.webp","type":"image\/jpeg"}],"author":"Brenda Cezillo","twitter_card":"summary_large_image","twitter_misc":{"Escrito por":"Brenda Cezillo","Est. tempo de leitura":"3 minutos"},"schema":{"@context":"https:\/\/schema.org","@graph":[{"@type":"NewsArticle","@id":"https:\/\/www.gaveanews.com\/index.php\/2025\/05\/06\/internacional-atualiza-situacao-de-alan-patrick\/#article","isPartOf":{"@id":"https:\/\/www.gaveanews.com\/index.php\/2025\/05\/06\/internacional-atualiza-situacao-de-alan-patrick\/"},"author":{"name":"Brenda Cezillo","@id":"https:\/\/www.gaveanews.com\/#\/schema\/person\/c79759ca337c40791ae8d08e2923d403"},"headline":"Internacional atualiza situa\u00e7\u00e3o de Alan Patrick","datePublished":"2025-05-06T16:30:00+00:00","mainEntityOfPage":{"@id":"https:\/\/www.gaveanews.com\/index.php\/2025\/05\/06\/internacional-atualiza-situacao-de-alan-patrick\/"},"wordCount":373,"commentCount":0,"image":{"@id":"https:\/\/www.gaveanews.com\/index.php\/2025\/05\/06\/internacional-atualiza-situacao-de-alan-patrick\/#primaryimage"},"thumbnailUrl":"https:\/\/www.gaveanews.com\/wp-content\/uploads\/Alan-Patrick-pelo-Internacional-1.webp","articleSection":["Internacional"],"inLanguage":"pt-BR","potentialAction":[{"@type":"CommentAction","name":"Comment","target":["https:\/\/www.gaveanews.com\/index.php\/2025\/05\/06\/internacional-atualiza-situacao-de-alan-patrick\/#respond"]}],"copyrightYear":"2025","copyrightHolder":{"@id":"https:\/\/www.gaveanews.com\/#organization"}},{"@type":"WebPage","@id":"https:\/\/www.gaveanews.com\/index.php\/2025\/05\/06\/internacional-atualiza-situacao-de-alan-patrick\/","url":"https:\/\/www.gaveanews.com\/index.php\/2025\/05\/06\/internacional-atualiza-situacao-de-alan-patrick\/","name":"Internacional atualiza situa\u00e7\u00e3o de Alan Patrick","isPartOf":{"@id":"https:\/\/www.gaveanews.com\/#website"},"primaryImageOfPage":{"@id":"https:\/\/www.gaveanews.com\/index.php\/2025\/05\/06\/internacional-atualiza-situacao-de-alan-patrick\/#primaryimage"},"image":{"@id":"https:\/\/www.gaveanews.com\/index.php\/2025\/05\/06\/internacional-atualiza-situacao-de-alan-patrick\/#primaryimage"},"thumbnailUrl":"https:\/\/www.gaveanews.com\/wp-content\/uploads\/Alan-Patrick-pelo-Internacional-1.webp","datePublished":"2025-05-06T16:30:00+00:00","author":{"@id":"https:\/\/www.gaveanews.com\/#\/schema\/person\/c79759ca337c40791ae8d08e2923d403"},"breadcrumb":{"@id":"https:\/\/www.gaveanews.com\/index.php\/2025\/05\/06\/internacional-atualiza-situacao-de-alan-patrick\/#breadcrumb"},"inLanguage":"pt-BR","potentialAction":[{"@type":"ReadAction","target":["https:\/\/www.gaveanews.com\/index.php\/2025\/05\/06\/internacional-atualiza-situacao-de-alan-patrick\/"]}]},{"@type":"ImageObject","inLanguage":"pt-BR","@id":"https:\/\/www.gaveanews.com\/index.php\/2025\/05\/06\/internacional-atualiza-situacao-de-alan-patrick\/#primaryimage","url":"https:\/\/www.gaveanews.com\/wp-content\/uploads\/Alan-Patrick-pelo-Internacional-1.webp","contentUrl":"https:\/\/www.gaveanews.com\/wp-content\/uploads\/Alan-Patrick-pelo-Internacional-1.webp","width":752,"height":488,"caption":"Alan Patrick pelo Internacional (Foto: Reprodu\u00e7\u00e3o\/Internacional)"},{"@type":"BreadcrumbList","@id":"https:\/\/www.gaveanews.com\/index.php\/2025\/05\/06\/internacional-atualiza-situacao-de-alan-patrick\/#breadcrumb","itemListElement":[{"@type":"ListItem","position":1,"name":"Home","item":"https:\/\/www.gaveanews.com\/"},{"@type":"ListItem","position":2,"name":"Internacional atualiza situa\u00e7\u00e3o de Alan Patrick"}]},{"@type":"WebSite","@id":"https:\/\/www.gaveanews.com\/#website","url":"https:\/\/www.gaveanews.com\/","name":"G\u00e1vea News","description":"Veja todas as not\u00edcias sobre o Flamengo: Contrata\u00e7\u00f5es, categorias de base, resultados das partidas, tabela de classifica\u00e7\u00e3o, pr\u00f3ximos jogos!","potentialAction":[{"@type":"SearchAction","target":{"@type":"EntryPoint","urlTemplate":"https:\/\/www.gaveanews.com\/?s={search_term_string}"},"query-input":{"@type":"PropertyValueSpecification","valueRequired":true,"valueName":"search_term_string"}}],"inLanguage":"pt-BR"},{"@type":"Person","@id":"https:\/\/www.gaveanews.com\/#\/schema\/person\/c79759ca337c40791ae8d08e2923d403","name":"Brenda Cezillo","image":{"@type":"ImageObject","inLanguage":"pt-BR","@id":"https:\/\/www.gaveanews.com\/#\/schema\/person\/image\/","url":"https:\/\/secure.gravatar.com\/avatar\/1738d75cee7317f9c29ae61dd67620c5883d80a92e42a6fff88ae5d527af217a?s=96&d=mm&r=g","contentUrl":"https:\/\/secure.gravatar.com\/avatar\/1738d75cee7317f9c29ae61dd67620c5883d80a92e42a6fff88ae5d527af217a?s=96&d=mm&r=g","caption":"Brenda Cezillo"}}]}},"_links":{"self":[{"href":"https:\/\/www.gaveanews.com\/index.php\/wp-json\/wp\/v2\/posts\/260998","targetHints":{"allow":["GET"]}}],"collection":[{"href":"https:\/\/www.gaveanews.com\/index.php\/wp-json\/wp\/v2\/posts"}],"about":[{"href":"https:\/\/www.gaveanews.com\/index.php\/wp-json\/wp\/v2\/types\/post"}],"author":[{"embeddable":true,"href":"https:\/\/www.gaveanews.com\/index.php\/wp-json\/wp\/v2\/users\/33"}],"replies":[{"embeddable":true,"href":"https:\/\/www.gaveanews.com\/index.php\/wp-json\/wp\/v2\/comments?post=260998"}],"version-history":[{"count":1,"href":"https:\/\/www.gaveanews.com\/index.php\/wp-json\/wp\/v2\/posts\/260998\/revisions"}],"predecessor-version":[{"id":261000,"href":"https:\/\/www.gaveanews.com\/index.php\/wp-json\/wp\/v2\/posts\/260998\/revisions\/261000"}],"wp:featuredmedia":[{"embeddable":true,"href":"https:\/\/www.gaveanews.com\/index.php\/wp-json\/wp\/v2\/media\/252051"}],"wp:attachment":[{"href":"https:\/\/www.gaveanews.com\/index.php\/wp-json\/wp\/v2\/media?parent=260998"}],"wp:term":[{"taxonomy":"category","embeddable":true,"href":"https:\/\/www.gaveanews.com\/index.php\/wp-json\/wp\/v2\/categories?post=260998"},{"taxonomy":"post_tag","embeddable":true,"href":"https:\/\/www.gaveanews.com\/index.php\/wp-json\/wp\/v2\/tags?post=260998"}],"curies":[{"name":"wp","href":"https:\/\/api.w.org\/{rel}","templated":true}]}}