{"id":261002,"date":"2025-05-06T13:13:44","date_gmt":"2025-05-06T16:13:44","guid":{"rendered":"https:\/\/www.gaveanews.com\/?p=261002"},"modified":"2025-05-06T13:28:54","modified_gmt":"2025-05-06T16:28:54","slug":"arrascaeta-bruno-henrique-de-la-cruz-gerson-pedro-flamengo-divulga-lista-de-relacionados-para-libertadores","status":"publish","type":"post","link":"https:\/\/www.gaveanews.com\/index.php\/2025\/05\/06\/arrascaeta-bruno-henrique-de-la-cruz-gerson-pedro-flamengo-divulga-lista-de-relacionados-para-libertadores\/","title":{"rendered":"Arrascaeta, Bruno Henrique, De La Cruz, Gerson, Pedro: Flamengo divulga lista de relacionados para Libertadores"},"content":{"rendered":"\n<p>O Flamengo divulgou, no in\u00edcio da tarde desta ter\u00e7a-feira (06), a lista de relacionados para o confronto diante do Central C\u00f3rdoba, pela quarta rodada da fase de grupos da Libertadores. Al\u00e9m dos desfalques previamente confirmados, Filipe Lu\u00eds n\u00e3o poder\u00e1 contar com Everton Cebolinha e Gonzalo Plata. O duelo acontece nesta quarta-feira (07), \u00e0s 21h30 (de Bras\u00edlia), no Est\u00e1dio \u00danico Madre de Ciudades, na Argentina. <\/p>\n\n\n\n<h2 class=\"wp-block-heading\" id=\"h-veja-lista-de-relacionados-do-flamengo\">VEJA LISTA DE RELACIONADOS DO FLAMENGO<\/h2>\n\n\n\n<ul class=\"wp-block-list\">\n<li><strong>Goleiros:<\/strong> Rossi, Matheus Cunha e Dyogo Alves;<\/li>\n\n\n\n<li><strong>Zagueiros:<\/strong> Cleiton, Danilo, L\u00e9o Ortiz e L\u00e9o Pereira;<\/li>\n\n\n\n<li><strong>Laterais: <\/strong>Alex Sandro, Ayrton Lucas, Varela e Wesley;<\/li>\n\n\n\n<li><strong>Meio campistas:<\/strong> Allan, Arrascaeta, De La Cruz, Pulgar, Evertton Ara\u00fajo, Gerson, Joshua e Matheus Gon\u00e7alves;<\/li>\n\n\n\n<li><strong>Atacantes:<\/strong> Bruno Henrique, Juninho, Luiz Ara\u00fajo, Michael e Pedro.<\/li>\n<\/ul>\n\n\n\n<figure class=\"wp-block-embed is-type-rich is-provider-twitter wp-block-embed-twitter\"><div class=\"wp-block-embed__wrapper\">\n<blockquote class=\"twitter-tweet\" data-width=\"550\" data-dnt=\"true\"><p lang=\"pt\" dir=\"ltr\">Confira os <a href=\"https:\/\/twitter.com\/hashtag\/Relacionados?src=hash&amp;ref_src=twsrc%5Etfw\">#Relacionados<\/a> do Meng\u00e3o, para a partida diante do Central C\u00f3rdoba, pela <a href=\"https:\/\/twitter.com\/Libertadores?ref_src=twsrc%5Etfw\">@libertadores<\/a>! <a href=\"https:\/\/t.co\/Ti6FJ5TX5g\">pic.twitter.com\/Ti6FJ5TX5g<\/a><\/p>&mdash; Flamengo (@Flamengo) <a href=\"https:\/\/twitter.com\/Flamengo\/status\/1919784428852711643?ref_src=twsrc%5Etfw\">May 6, 2025<\/a><\/blockquote><script async src=\"https:\/\/platform.twitter.com\/widgets.js\" charset=\"utf-8\"><\/script>\n<\/div><\/figure>\n\n\n\n<h2 class=\"wp-block-heading\" id=\"h-desfalques\">Desfalques<\/h2>\n\n\n\n<p>A comiss\u00e3o t\u00e9cnica de Filipe Lu\u00eds n\u00e3o poder\u00e1 contar com dois nomes utilizados na derrota para o Cruzeiro, no domingo: Cebolinha e Plata. Exames constataram uma pequena les\u00e3o da f\u00e1scia muscular de Everton, no mesmo local em que foi operado em 2024. Em contrapartida, n\u00e3o h\u00e1 comprometimento do tend\u00e3o, nem dos m\u00fasculos da regi\u00e3o. O atacante iniciou tratamento no Departamento M\u00e9dico do clube.<\/p>\n\n\n\n<p>Plata, por sua vez, apresentou dores por conta de um edema \u00f3sseo no joelho direito. O atleta tamb\u00e9m est\u00e1 entregue ao DM do clube e iniciou o tratamento.<\/p>\n\n\n\n<h2 class=\"wp-block-heading\" id=\"h-viagem-e-fase-do-flamengo\">Viagem e fase do Flamengo<\/h2>\n\n\n\n<p>A delega\u00e7\u00e3o rubro-negra embarca para Argentina na tarde desta ter\u00e7a-feira (06), horas ap\u00f3s o fim das atividades do dia no Ninho do Urubu. De acordo com a programa\u00e7\u00e3o enviada pelo clube, a decolagem do Rio acontece \u00e0s 15h, enquanto o pouso em Santiago del Estero est\u00e1 previsto para as 18h55 (de Bras\u00edlia).<\/p>\n\n\n\n<p>O Rubro-Negro figura na terceira coloca\u00e7\u00e3o do Grupo C da Libertadores e, portanto, chega pressionado por resultado para o duelo. Diante do cen\u00e1rio, os cariocas precisam de uma vit\u00f3ria para regressar \u00e0 zona de classifica\u00e7\u00e3o \u2014 restando outros dois jogos no Maracan\u00e3.<\/p>\n\n\n\n<p><\/p>\n","protected":false},"excerpt":{"rendered":"<p>O Flamengo divulgou, no in\u00edcio da tarde desta ter\u00e7a-feira (06), a lista de relacionados para o confronto diante do Central C\u00f3rdoba, pela quarta rodada da fase de grupos da Libertadores. Al\u00e9m dos desfalques previamente confirmados, Filipe Lu\u00eds n\u00e3o poder\u00e1 contar com Everton Cebolinha e Gonzalo Plata. O duelo acontece nesta quarta-feira (07), \u00e0s 21h30 (de [&hellip;]<\/p>\n","protected":false},"author":30,"featured_media":255029,"comment_status":"open","ping_status":"closed","sticky":false,"template":"","format":"standard","meta":{"footnotes":""},"categories":[1],"tags":[],"class_list":["post-261002","post","type-post","status-publish","format-standard","has-post-thumbnail","hentry","category-flamengo"],"yoast_head":"<!-- This site is optimized with the Yoast SEO Premium plugin v24.2 (Yoast SEO v26.9) - https:\/\/yoast.com\/product\/yoast-seo-premium-wordpress\/ -->\n<title>Arrascaeta, Bruno Henrique, De La Cruz, Gerson, Pedro: Flamengo divulga lista de relacionados para Libertadores<\/title>\n<meta name=\"robots\" content=\"index, follow, max-snippet:-1, max-image-preview:large, max-video-preview:-1\" \/>\n<link rel=\"canonical\" href=\"https:\/\/www.gaveanews.com\/index.php\/2025\/05\/06\/arrascaeta-bruno-henrique-de-la-cruz-gerson-pedro-flamengo-divulga-lista-de-relacionados-para-libertadores\/\" \/>\n<meta property=\"og:locale\" content=\"pt_BR\" \/>\n<meta property=\"og:type\" content=\"article\" \/>\n<meta property=\"og:title\" content=\"Arrascaeta, Bruno Henrique, De La Cruz, Gerson, Pedro: Flamengo divulga lista de relacionados para Libertadores\" \/>\n<meta property=\"og:description\" content=\"O Flamengo divulgou, no in\u00edcio da tarde desta ter\u00e7a-feira (06), a lista de relacionados para o confronto diante do Central C\u00f3rdoba, pela quarta rodada da fase de grupos da Libertadores. Al\u00e9m dos desfalques previamente confirmados, Filipe Lu\u00eds n\u00e3o poder\u00e1 contar com Everton Cebolinha e Gonzalo Plata. O duelo acontece nesta quarta-feira (07), \u00e0s 21h30 (de [&hellip;]\" \/>\n<meta property=\"og:url\" content=\"https:\/\/www.gaveanews.com\/index.php\/2025\/05\/06\/arrascaeta-bruno-henrique-de-la-cruz-gerson-pedro-flamengo-divulga-lista-de-relacionados-para-libertadores\/\" \/>\n<meta property=\"og:site_name\" content=\"G\u00e1vea News\" \/>\n<meta property=\"article:publisher\" content=\"https:\/\/facebook.com\/gaveaNews\/\" \/>\n<meta property=\"article:published_time\" content=\"2025-05-06T16:13:44+00:00\" \/>\n<meta property=\"article:modified_time\" content=\"2025-05-06T16:28:54+00:00\" \/>\n<meta property=\"og:image\" content=\"http:\/\/www.gaveanews.com\/wp-content\/uploads\/Ayrton-Lucas-Pedro-Varela-em-treinamento-no-CT-do-Flamengo-Ninho-do-Urubu.webp\" \/>\n\t<meta property=\"og:image:width\" content=\"1200\" \/>\n\t<meta property=\"og:image:height\" content=\"800\" \/>\n\t<meta property=\"og:image:type\" content=\"image\/png\" \/>\n<meta name=\"author\" content=\"Ana Teixeira\" \/>\n<meta name=\"twitter:card\" content=\"summary_large_image\" \/>\n<meta name=\"twitter:label1\" content=\"Escrito por\" \/>\n\t<meta name=\"twitter:data1\" content=\"Ana Teixeira\" \/>\n\t<meta name=\"twitter:label2\" content=\"Est. tempo de leitura\" \/>\n\t<meta name=\"twitter:data2\" content=\"2 minutos\" \/>\n<script type=\"application\/ld+json\" class=\"yoast-schema-graph\">{\"@context\":\"https:\/\/schema.org\",\"@graph\":[{\"@type\":\"NewsArticle\",\"@id\":\"https:\/\/www.gaveanews.com\/index.php\/2025\/05\/06\/arrascaeta-bruno-henrique-de-la-cruz-gerson-pedro-flamengo-divulga-lista-de-relacionados-para-libertadores\/#article\",\"isPartOf\":{\"@id\":\"https:\/\/www.gaveanews.com\/index.php\/2025\/05\/06\/arrascaeta-bruno-henrique-de-la-cruz-gerson-pedro-flamengo-divulga-lista-de-relacionados-para-libertadores\/\"},\"author\":{\"name\":\"Ana Teixeira\",\"@id\":\"https:\/\/www.gaveanews.com\/#\/schema\/person\/3b19f7288b0ce20372991275e4f2e6c2\"},\"headline\":\"Arrascaeta, Bruno Henrique, De La Cruz, Gerson, Pedro: Flamengo divulga lista de relacionados para Libertadores\",\"datePublished\":\"2025-05-06T16:13:44+00:00\",\"dateModified\":\"2025-05-06T16:28:54+00:00\",\"mainEntityOfPage\":{\"@id\":\"https:\/\/www.gaveanews.com\/index.php\/2025\/05\/06\/arrascaeta-bruno-henrique-de-la-cruz-gerson-pedro-flamengo-divulga-lista-de-relacionados-para-libertadores\/\"},\"wordCount\":356,\"commentCount\":0,\"image\":{\"@id\":\"https:\/\/www.gaveanews.com\/index.php\/2025\/05\/06\/arrascaeta-bruno-henrique-de-la-cruz-gerson-pedro-flamengo-divulga-lista-de-relacionados-para-libertadores\/#primaryimage\"},\"thumbnailUrl\":\"https:\/\/www.gaveanews.com\/wp-content\/uploads\/Ayrton-Lucas-Pedro-Varela-em-treinamento-no-CT-do-Flamengo-Ninho-do-Urubu.webp\",\"articleSection\":[\"Flamengo\"],\"inLanguage\":\"pt-BR\",\"potentialAction\":[{\"@type\":\"CommentAction\",\"name\":\"Comment\",\"target\":[\"https:\/\/www.gaveanews.com\/index.php\/2025\/05\/06\/arrascaeta-bruno-henrique-de-la-cruz-gerson-pedro-flamengo-divulga-lista-de-relacionados-para-libertadores\/#respond\"]}],\"copyrightYear\":\"2025\",\"copyrightHolder\":{\"@id\":\"https:\/\/www.gaveanews.com\/#organization\"}},{\"@type\":\"WebPage\",\"@id\":\"https:\/\/www.gaveanews.com\/index.php\/2025\/05\/06\/arrascaeta-bruno-henrique-de-la-cruz-gerson-pedro-flamengo-divulga-lista-de-relacionados-para-libertadores\/\",\"url\":\"https:\/\/www.gaveanews.com\/index.php\/2025\/05\/06\/arrascaeta-bruno-henrique-de-la-cruz-gerson-pedro-flamengo-divulga-lista-de-relacionados-para-libertadores\/\",\"name\":\"Arrascaeta, Bruno Henrique, De La Cruz, Gerson, Pedro: Flamengo divulga lista de relacionados para Libertadores\",\"isPartOf\":{\"@id\":\"https:\/\/www.gaveanews.com\/#website\"},\"primaryImageOfPage\":{\"@id\":\"https:\/\/www.gaveanews.com\/index.php\/2025\/05\/06\/arrascaeta-bruno-henrique-de-la-cruz-gerson-pedro-flamengo-divulga-lista-de-relacionados-para-libertadores\/#primaryimage\"},\"image\":{\"@id\":\"https:\/\/www.gaveanews.com\/index.php\/2025\/05\/06\/arrascaeta-bruno-henrique-de-la-cruz-gerson-pedro-flamengo-divulga-lista-de-relacionados-para-libertadores\/#primaryimage\"},\"thumbnailUrl\":\"https:\/\/www.gaveanews.com\/wp-content\/uploads\/Ayrton-Lucas-Pedro-Varela-em-treinamento-no-CT-do-Flamengo-Ninho-do-Urubu.webp\",\"datePublished\":\"2025-05-06T16:13:44+00:00\",\"dateModified\":\"2025-05-06T16:28:54+00:00\",\"author\":{\"@id\":\"https:\/\/www.gaveanews.com\/#\/schema\/person\/3b19f7288b0ce20372991275e4f2e6c2\"},\"breadcrumb\":{\"@id\":\"https:\/\/www.gaveanews.com\/index.php\/2025\/05\/06\/arrascaeta-bruno-henrique-de-la-cruz-gerson-pedro-flamengo-divulga-lista-de-relacionados-para-libertadores\/#breadcrumb\"},\"inLanguage\":\"pt-BR\",\"potentialAction\":[{\"@type\":\"ReadAction\",\"target\":[\"https:\/\/www.gaveanews.com\/index.php\/2025\/05\/06\/arrascaeta-bruno-henrique-de-la-cruz-gerson-pedro-flamengo-divulga-lista-de-relacionados-para-libertadores\/\"]}]},{\"@type\":\"ImageObject\",\"inLanguage\":\"pt-BR\",\"@id\":\"https:\/\/www.gaveanews.com\/index.php\/2025\/05\/06\/arrascaeta-bruno-henrique-de-la-cruz-gerson-pedro-flamengo-divulga-lista-de-relacionados-para-libertadores\/#primaryimage\",\"url\":\"https:\/\/www.gaveanews.com\/wp-content\/uploads\/Ayrton-Lucas-Pedro-Varela-em-treinamento-no-CT-do-Flamengo-Ninho-do-Urubu.webp\",\"contentUrl\":\"https:\/\/www.gaveanews.com\/wp-content\/uploads\/Ayrton-Lucas-Pedro-Varela-em-treinamento-no-CT-do-Flamengo-Ninho-do-Urubu.webp\",\"width\":1200,\"height\":800,\"caption\":\"Ayrton Lucas, Pedro, Varela em treinamento no CT do Flamengo, Ninho do Urubu - Foto: Gilvan de Souza\/CRF\"},{\"@type\":\"BreadcrumbList\",\"@id\":\"https:\/\/www.gaveanews.com\/index.php\/2025\/05\/06\/arrascaeta-bruno-henrique-de-la-cruz-gerson-pedro-flamengo-divulga-lista-de-relacionados-para-libertadores\/#breadcrumb\",\"itemListElement\":[{\"@type\":\"ListItem\",\"position\":1,\"name\":\"Home\",\"item\":\"https:\/\/www.gaveanews.com\/\"},{\"@type\":\"ListItem\",\"position\":2,\"name\":\"Arrascaeta, Bruno Henrique, De La Cruz, Gerson, Pedro: Flamengo divulga lista de relacionados para Libertadores\"}]},{\"@type\":\"WebSite\",\"@id\":\"https:\/\/www.gaveanews.com\/#website\",\"url\":\"https:\/\/www.gaveanews.com\/\",\"name\":\"G\u00e1vea News\",\"description\":\"Veja todas as not\u00edcias sobre o Flamengo: Contrata\u00e7\u00f5es, categorias de base, resultados das partidas, tabela de classifica\u00e7\u00e3o, pr\u00f3ximos jogos!\",\"potentialAction\":[{\"@type\":\"SearchAction\",\"target\":{\"@type\":\"EntryPoint\",\"urlTemplate\":\"https:\/\/www.gaveanews.com\/?s={search_term_string}\"},\"query-input\":{\"@type\":\"PropertyValueSpecification\",\"valueRequired\":true,\"valueName\":\"search_term_string\"}}],\"inLanguage\":\"pt-BR\"},{\"@type\":\"Person\",\"@id\":\"https:\/\/www.gaveanews.com\/#\/schema\/person\/3b19f7288b0ce20372991275e4f2e6c2\",\"name\":\"Ana Teixeira\",\"image\":{\"@type\":\"ImageObject\",\"inLanguage\":\"pt-BR\",\"@id\":\"https:\/\/www.gaveanews.com\/#\/schema\/person\/image\/\",\"url\":\"https:\/\/secure.gravatar.com\/avatar\/0a73f5a5258f3fed37fc2fa641892f3f7a4748456d4d4792f9bc550e6c19e06c?s=96&d=mm&r=g\",\"contentUrl\":\"https:\/\/secure.gravatar.com\/avatar\/0a73f5a5258f3fed37fc2fa641892f3f7a4748456d4d4792f9bc550e6c19e06c?s=96&d=mm&r=g\",\"caption\":\"Ana Teixeira\"}}]}<\/script>\n<!-- \/ Yoast SEO Premium plugin. -->","yoast_head_json":{"title":"Arrascaeta, Bruno Henrique, De La Cruz, Gerson, Pedro: Flamengo divulga lista de relacionados para Libertadores","robots":{"index":"index","follow":"follow","max-snippet":"max-snippet:-1","max-image-preview":"max-image-preview:large","max-video-preview":"max-video-preview:-1"},"canonical":"https:\/\/www.gaveanews.com\/index.php\/2025\/05\/06\/arrascaeta-bruno-henrique-de-la-cruz-gerson-pedro-flamengo-divulga-lista-de-relacionados-para-libertadores\/","og_locale":"pt_BR","og_type":"article","og_title":"Arrascaeta, Bruno Henrique, De La Cruz, Gerson, Pedro: Flamengo divulga lista de relacionados para Libertadores","og_description":"O Flamengo divulgou, no in\u00edcio da tarde desta ter\u00e7a-feira (06), a lista de relacionados para o confronto diante do Central C\u00f3rdoba, pela quarta rodada da fase de grupos da Libertadores. Al\u00e9m dos desfalques previamente confirmados, Filipe Lu\u00eds n\u00e3o poder\u00e1 contar com Everton Cebolinha e Gonzalo Plata. O duelo acontece nesta quarta-feira (07), \u00e0s 21h30 (de [&hellip;]","og_url":"https:\/\/www.gaveanews.com\/index.php\/2025\/05\/06\/arrascaeta-bruno-henrique-de-la-cruz-gerson-pedro-flamengo-divulga-lista-de-relacionados-para-libertadores\/","og_site_name":"G\u00e1vea News","article_publisher":"https:\/\/facebook.com\/gaveaNews\/","article_published_time":"2025-05-06T16:13:44+00:00","article_modified_time":"2025-05-06T16:28:54+00:00","og_image":[{"width":1200,"height":800,"url":"http:\/\/www.gaveanews.com\/wp-content\/uploads\/Ayrton-Lucas-Pedro-Varela-em-treinamento-no-CT-do-Flamengo-Ninho-do-Urubu.webp","type":"image\/png"}],"author":"Ana Teixeira","twitter_card":"summary_large_image","twitter_misc":{"Escrito por":"Ana Teixeira","Est. tempo de leitura":"2 minutos"},"schema":{"@context":"https:\/\/schema.org","@graph":[{"@type":"NewsArticle","@id":"https:\/\/www.gaveanews.com\/index.php\/2025\/05\/06\/arrascaeta-bruno-henrique-de-la-cruz-gerson-pedro-flamengo-divulga-lista-de-relacionados-para-libertadores\/#article","isPartOf":{"@id":"https:\/\/www.gaveanews.com\/index.php\/2025\/05\/06\/arrascaeta-bruno-henrique-de-la-cruz-gerson-pedro-flamengo-divulga-lista-de-relacionados-para-libertadores\/"},"author":{"name":"Ana Teixeira","@id":"https:\/\/www.gaveanews.com\/#\/schema\/person\/3b19f7288b0ce20372991275e4f2e6c2"},"headline":"Arrascaeta, Bruno Henrique, De La Cruz, Gerson, Pedro: Flamengo divulga lista de relacionados para Libertadores","datePublished":"2025-05-06T16:13:44+00:00","dateModified":"2025-05-06T16:28:54+00:00","mainEntityOfPage":{"@id":"https:\/\/www.gaveanews.com\/index.php\/2025\/05\/06\/arrascaeta-bruno-henrique-de-la-cruz-gerson-pedro-flamengo-divulga-lista-de-relacionados-para-libertadores\/"},"wordCount":356,"commentCount":0,"image":{"@id":"https:\/\/www.gaveanews.com\/index.php\/2025\/05\/06\/arrascaeta-bruno-henrique-de-la-cruz-gerson-pedro-flamengo-divulga-lista-de-relacionados-para-libertadores\/#primaryimage"},"thumbnailUrl":"https:\/\/www.gaveanews.com\/wp-content\/uploads\/Ayrton-Lucas-Pedro-Varela-em-treinamento-no-CT-do-Flamengo-Ninho-do-Urubu.webp","articleSection":["Flamengo"],"inLanguage":"pt-BR","potentialAction":[{"@type":"CommentAction","name":"Comment","target":["https:\/\/www.gaveanews.com\/index.php\/2025\/05\/06\/arrascaeta-bruno-henrique-de-la-cruz-gerson-pedro-flamengo-divulga-lista-de-relacionados-para-libertadores\/#respond"]}],"copyrightYear":"2025","copyrightHolder":{"@id":"https:\/\/www.gaveanews.com\/#organization"}},{"@type":"WebPage","@id":"https:\/\/www.gaveanews.com\/index.php\/2025\/05\/06\/arrascaeta-bruno-henrique-de-la-cruz-gerson-pedro-flamengo-divulga-lista-de-relacionados-para-libertadores\/","url":"https:\/\/www.gaveanews.com\/index.php\/2025\/05\/06\/arrascaeta-bruno-henrique-de-la-cruz-gerson-pedro-flamengo-divulga-lista-de-relacionados-para-libertadores\/","name":"Arrascaeta, Bruno Henrique, De La Cruz, Gerson, Pedro: Flamengo divulga lista de relacionados para Libertadores","isPartOf":{"@id":"https:\/\/www.gaveanews.com\/#website"},"primaryImageOfPage":{"@id":"https:\/\/www.gaveanews.com\/index.php\/2025\/05\/06\/arrascaeta-bruno-henrique-de-la-cruz-gerson-pedro-flamengo-divulga-lista-de-relacionados-para-libertadores\/#primaryimage"},"image":{"@id":"https:\/\/www.gaveanews.com\/index.php\/2025\/05\/06\/arrascaeta-bruno-henrique-de-la-cruz-gerson-pedro-flamengo-divulga-lista-de-relacionados-para-libertadores\/#primaryimage"},"thumbnailUrl":"https:\/\/www.gaveanews.com\/wp-content\/uploads\/Ayrton-Lucas-Pedro-Varela-em-treinamento-no-CT-do-Flamengo-Ninho-do-Urubu.webp","datePublished":"2025-05-06T16:13:44+00:00","dateModified":"2025-05-06T16:28:54+00:00","author":{"@id":"https:\/\/www.gaveanews.com\/#\/schema\/person\/3b19f7288b0ce20372991275e4f2e6c2"},"breadcrumb":{"@id":"https:\/\/www.gaveanews.com\/index.php\/2025\/05\/06\/arrascaeta-bruno-henrique-de-la-cruz-gerson-pedro-flamengo-divulga-lista-de-relacionados-para-libertadores\/#breadcrumb"},"inLanguage":"pt-BR","potentialAction":[{"@type":"ReadAction","target":["https:\/\/www.gaveanews.com\/index.php\/2025\/05\/06\/arrascaeta-bruno-henrique-de-la-cruz-gerson-pedro-flamengo-divulga-lista-de-relacionados-para-libertadores\/"]}]},{"@type":"ImageObject","inLanguage":"pt-BR","@id":"https:\/\/www.gaveanews.com\/index.php\/2025\/05\/06\/arrascaeta-bruno-henrique-de-la-cruz-gerson-pedro-flamengo-divulga-lista-de-relacionados-para-libertadores\/#primaryimage","url":"https:\/\/www.gaveanews.com\/wp-content\/uploads\/Ayrton-Lucas-Pedro-Varela-em-treinamento-no-CT-do-Flamengo-Ninho-do-Urubu.webp","contentUrl":"https:\/\/www.gaveanews.com\/wp-content\/uploads\/Ayrton-Lucas-Pedro-Varela-em-treinamento-no-CT-do-Flamengo-Ninho-do-Urubu.webp","width":1200,"height":800,"caption":"Ayrton Lucas, Pedro, Varela em treinamento no CT do Flamengo, Ninho do Urubu - Foto: Gilvan de Souza\/CRF"},{"@type":"BreadcrumbList","@id":"https:\/\/www.gaveanews.com\/index.php\/2025\/05\/06\/arrascaeta-bruno-henrique-de-la-cruz-gerson-pedro-flamengo-divulga-lista-de-relacionados-para-libertadores\/#breadcrumb","itemListElement":[{"@type":"ListItem","position":1,"name":"Home","item":"https:\/\/www.gaveanews.com\/"},{"@type":"ListItem","position":2,"name":"Arrascaeta, Bruno Henrique, De La Cruz, Gerson, Pedro: Flamengo divulga lista de relacionados para Libertadores"}]},{"@type":"WebSite","@id":"https:\/\/www.gaveanews.com\/#website","url":"https:\/\/www.gaveanews.com\/","name":"G\u00e1vea News","description":"Veja todas as not\u00edcias sobre o Flamengo: Contrata\u00e7\u00f5es, categorias de base, resultados das partidas, tabela de classifica\u00e7\u00e3o, pr\u00f3ximos jogos!","potentialAction":[{"@type":"SearchAction","target":{"@type":"EntryPoint","urlTemplate":"https:\/\/www.gaveanews.com\/?s={search_term_string}"},"query-input":{"@type":"PropertyValueSpecification","valueRequired":true,"valueName":"search_term_string"}}],"inLanguage":"pt-BR"},{"@type":"Person","@id":"https:\/\/www.gaveanews.com\/#\/schema\/person\/3b19f7288b0ce20372991275e4f2e6c2","name":"Ana Teixeira","image":{"@type":"ImageObject","inLanguage":"pt-BR","@id":"https:\/\/www.gaveanews.com\/#\/schema\/person\/image\/","url":"https:\/\/secure.gravatar.com\/avatar\/0a73f5a5258f3fed37fc2fa641892f3f7a4748456d4d4792f9bc550e6c19e06c?s=96&d=mm&r=g","contentUrl":"https:\/\/secure.gravatar.com\/avatar\/0a73f5a5258f3fed37fc2fa641892f3f7a4748456d4d4792f9bc550e6c19e06c?s=96&d=mm&r=g","caption":"Ana Teixeira"}}]}},"_links":{"self":[{"href":"https:\/\/www.gaveanews.com\/index.php\/wp-json\/wp\/v2\/posts\/261002","targetHints":{"allow":["GET"]}}],"collection":[{"href":"https:\/\/www.gaveanews.com\/index.php\/wp-json\/wp\/v2\/posts"}],"about":[{"href":"https:\/\/www.gaveanews.com\/index.php\/wp-json\/wp\/v2\/types\/post"}],"author":[{"embeddable":true,"href":"https:\/\/www.gaveanews.com\/index.php\/wp-json\/wp\/v2\/users\/30"}],"replies":[{"embeddable":true,"href":"https:\/\/www.gaveanews.com\/index.php\/wp-json\/wp\/v2\/comments?post=261002"}],"version-history":[{"count":7,"href":"https:\/\/www.gaveanews.com\/index.php\/wp-json\/wp\/v2\/posts\/261002\/revisions"}],"predecessor-version":[{"id":261013,"href":"https:\/\/www.gaveanews.com\/index.php\/wp-json\/wp\/v2\/posts\/261002\/revisions\/261013"}],"wp:featuredmedia":[{"embeddable":true,"href":"https:\/\/www.gaveanews.com\/index.php\/wp-json\/wp\/v2\/media\/255029"}],"wp:attachment":[{"href":"https:\/\/www.gaveanews.com\/index.php\/wp-json\/wp\/v2\/media?parent=261002"}],"wp:term":[{"taxonomy":"category","embeddable":true,"href":"https:\/\/www.gaveanews.com\/index.php\/wp-json\/wp\/v2\/categories?post=261002"},{"taxonomy":"post_tag","embeddable":true,"href":"https:\/\/www.gaveanews.com\/index.php\/wp-json\/wp\/v2\/tags?post=261002"}],"curies":[{"name":"wp","href":"https:\/\/api.w.org\/{rel}","templated":true}]}}