{"id":261014,"date":"2025-05-06T13:55:00","date_gmt":"2025-05-06T16:55:00","guid":{"rendered":"https:\/\/www.gaveanews.com\/?p=261014"},"modified":"2025-05-06T13:54:30","modified_gmt":"2025-05-06T16:54:30","slug":"comentarista-emite-nota-oficial-apos-ser-demitido-do-grupo-globo","status":"publish","type":"post","link":"https:\/\/www.gaveanews.com\/index.php\/2025\/05\/06\/comentarista-emite-nota-oficial-apos-ser-demitido-do-grupo-globo\/","title":{"rendered":"Comentarista emite nota oficial ap\u00f3s ser demitido do Grupo Globo"},"content":{"rendered":"\n<p>Conrado Santana, comentarista do SporTV, emitiu uma nota oficial nesta ter\u00e7a-feira (6) anunciando sua demiss\u00e3o do Grupo Globo.&nbsp;<\/p>\n\n\n\n<p>&#8220;Fui demitido hoje do SporTV\/Grupo Globo. Confesso que n\u00e3o esperava e est\u00e1 sendo dif\u00edcil assimilar. Ainda nem entendi o motivo&#8221;, escreveu em suas redes sociais. A inesperada sa\u00edda gerou repercuss\u00e3o entre f\u00e3s e colegas de profiss\u00e3o.<\/p>\n\n\n\n<h2 class=\"wp-block-heading\" id=\"h-sonho-interrompido\">Sonho interrompido<\/h2>\n\n\n\n<p>Ser comentarista no SporTV sempre foi um objetivo claro para Conrado Santana. &#8220;Ser comentarista do SporTV era o sonho da minha vida e virou um grande orgulho tamb\u00e9m&#8221;, afirmou.&nbsp;<\/p>\n\n\n\n<p>O profissional se dedicou por anos para alcan\u00e7ar esse posto, demonstrando afinco e comprometimento com a carreira. Para isso, inclusive, decidiu se mudar para o Rio de Janeiro, onde a emissora tem sua sede.<\/p>\n\n\n\n<p>Al\u00e9m disso, Conrado destacou a prepara\u00e7\u00e3o minuciosa que fez para ocupar esse espa\u00e7o. &#8220;Planejei e me preparei para isso&#8221;, refletindo a seriedade com que encarou sua profiss\u00e3o.&nbsp;<\/p>\n\n\n\n<blockquote class=\"twitter-tweet\"><p lang=\"pt\" dir=\"ltr\">Fui demitido hoje do SporTV\/Grupo Globo. Confesso que n\u00e3o esperava e est\u00e1 sendo dif\u00edcil assimilar. Ainda nem entendi o motivo. Ser comentarista do SporTV era o sonho da minha vida e virou um grande orgulho tamb\u00e9m. Planejei e me preparei para isso. At\u00e9 vim morar no Rio de Janeiro. <a href=\"https:\/\/t.co\/NP4hd91SCI\">pic.twitter.com\/NP4hd91SCI<\/a><\/p>&mdash; Conrado Santana (@conradosantana) <a href=\"https:\/\/twitter.com\/conradosantana\/status\/1919502096363139351?ref_src=twsrc%5Etfw\">May 5, 2025<\/a><\/blockquote> <script async src=\"https:\/\/platform.twitter.com\/widgets.js\" charset=\"utf-8\"><\/script>\n\n\n\n<h2 class=\"wp-block-heading\" id=\"h-o-que-levou-a-demissao\">O que levou \u00e0 demiss\u00e3o?<\/h2>\n\n\n\n<p>A demiss\u00e3o de Conrado Santana ainda n\u00e3o foi explicada, o que gerou d\u00favidas e especula\u00e7\u00f5es. Sendo assim, o motivo por tr\u00e1s dessa decis\u00e3o permanece um mist\u00e9rio, j\u00e1 que o comentarista sempre foi reconhecido pelo profissionalismo e pela qualidade de suas an\u00e1lises. Por isso, muitos se perguntam o que realmente aconteceu nos bastidores.<\/p>\n\n\n\n<p>Com isso, resta saber quais ser\u00e3o os pr\u00f3ximos passos de Conrado Santana. Vale destacar que ele \u00e9 um nome querido por muitos no jornalismo esportivo e, certamente, sua trajet\u00f3ria ainda reserva novos cap\u00edtulos.&nbsp;<\/p>\n\n\n\n<p>Portanto, \u00e9 esperado que ele continue ativo no mercado, seja com novas oportunidades na comunica\u00e7\u00e3o esportiva ou em outros projetos relacionados ao futebol.<\/p>\n\n\n\n<p>Apesar da surpresa e do impacto da demiss\u00e3o, Conrado segue sendo uma refer\u00eancia no jornalismo esportivo, e sua paix\u00e3o pela \u00e1rea n\u00e3o diminui.&nbsp;<\/p>\n\n\n\n<p>Dessa maneira, os f\u00e3s de Conrado Santana aguardam ansiosos por novidades sobre seu futuro profissional, com a esperan\u00e7a de v\u00ea-lo brilhar novamente em novos desafios.<\/p>\n","protected":false},"excerpt":{"rendered":"<p>Conrado Santana, comentarista do SporTV, emitiu uma nota oficial nesta ter\u00e7a-feira (6) anunciando sua demiss\u00e3o do Grupo Globo.&nbsp; &#8220;Fui demitido hoje do SporTV\/Grupo Globo. Confesso que n\u00e3o esperava e est\u00e1 sendo dif\u00edcil assimilar. Ainda nem entendi o motivo&#8221;, escreveu em suas redes sociais. A inesperada sa\u00edda gerou repercuss\u00e3o entre f\u00e3s e colegas de profiss\u00e3o. Sonho [&hellip;]<\/p>\n","protected":false},"author":25,"featured_media":17043,"comment_status":"open","ping_status":"closed","sticky":false,"template":"","format":"standard","meta":{"footnotes":""},"categories":[81],"tags":[],"class_list":["post-261014","post","type-post","status-publish","format-standard","has-post-thumbnail","hentry","category-celebridades"],"yoast_head":"<!-- This site is optimized with the Yoast SEO Premium plugin v24.2 (Yoast SEO v26.9) - https:\/\/yoast.com\/product\/yoast-seo-premium-wordpress\/ -->\n<title>Comentarista emite nota oficial ap\u00f3s ser demitido do Grupo Globo<\/title>\n<meta name=\"robots\" content=\"index, follow, max-snippet:-1, max-image-preview:large, max-video-preview:-1\" \/>\n<link rel=\"canonical\" href=\"https:\/\/www.gaveanews.com\/index.php\/2025\/05\/06\/comentarista-emite-nota-oficial-apos-ser-demitido-do-grupo-globo\/\" \/>\n<meta property=\"og:locale\" content=\"pt_BR\" \/>\n<meta property=\"og:type\" content=\"article\" \/>\n<meta property=\"og:title\" content=\"Comentarista emite nota oficial ap\u00f3s ser demitido do Grupo Globo\" \/>\n<meta property=\"og:description\" content=\"Conrado Santana, comentarista do SporTV, emitiu uma nota oficial nesta ter\u00e7a-feira (6) anunciando sua demiss\u00e3o do Grupo Globo.&nbsp; &#8220;Fui demitido hoje do SporTV\/Grupo Globo. Confesso que n\u00e3o esperava e est\u00e1 sendo dif\u00edcil assimilar. Ainda nem entendi o motivo&#8221;, escreveu em suas redes sociais. A inesperada sa\u00edda gerou repercuss\u00e3o entre f\u00e3s e colegas de profiss\u00e3o. Sonho [&hellip;]\" \/>\n<meta property=\"og:url\" content=\"https:\/\/www.gaveanews.com\/index.php\/2025\/05\/06\/comentarista-emite-nota-oficial-apos-ser-demitido-do-grupo-globo\/\" \/>\n<meta property=\"og:site_name\" content=\"G\u00e1vea News\" \/>\n<meta property=\"article:publisher\" content=\"https:\/\/facebook.com\/gaveaNews\/\" \/>\n<meta property=\"article:published_time\" content=\"2025-05-06T16:55:00+00:00\" \/>\n<meta property=\"og:image\" content=\"http:\/\/www.gaveanews.com\/wp-content\/uploads\/2019\/04\/Logomarca-da-Rede-Globo.webp\" \/>\n\t<meta property=\"og:image:width\" content=\"1920\" \/>\n\t<meta property=\"og:image:height\" content=\"1076\" \/>\n\t<meta property=\"og:image:type\" content=\"image\/png\" \/>\n<meta name=\"author\" content=\"Rafaela Ladeira\" \/>\n<meta name=\"twitter:card\" content=\"summary_large_image\" \/>\n<meta name=\"twitter:label1\" content=\"Escrito por\" \/>\n\t<meta name=\"twitter:data1\" content=\"Rafaela Ladeira\" \/>\n\t<meta name=\"twitter:label2\" content=\"Est. tempo de leitura\" \/>\n\t<meta name=\"twitter:data2\" content=\"2 minutos\" \/>\n<script type=\"application\/ld+json\" class=\"yoast-schema-graph\">{\"@context\":\"https:\/\/schema.org\",\"@graph\":[{\"@type\":\"NewsArticle\",\"@id\":\"https:\/\/www.gaveanews.com\/index.php\/2025\/05\/06\/comentarista-emite-nota-oficial-apos-ser-demitido-do-grupo-globo\/#article\",\"isPartOf\":{\"@id\":\"https:\/\/www.gaveanews.com\/index.php\/2025\/05\/06\/comentarista-emite-nota-oficial-apos-ser-demitido-do-grupo-globo\/\"},\"author\":{\"name\":\"Rafaela Ladeira\",\"@id\":\"https:\/\/www.gaveanews.com\/#\/schema\/person\/0eb3e3fe1754f0205218538adbe8f5ed\"},\"headline\":\"Comentarista emite nota oficial ap\u00f3s ser demitido do Grupo Globo\",\"datePublished\":\"2025-05-06T16:55:00+00:00\",\"mainEntityOfPage\":{\"@id\":\"https:\/\/www.gaveanews.com\/index.php\/2025\/05\/06\/comentarista-emite-nota-oficial-apos-ser-demitido-do-grupo-globo\/\"},\"wordCount\":419,\"commentCount\":0,\"image\":{\"@id\":\"https:\/\/www.gaveanews.com\/index.php\/2025\/05\/06\/comentarista-emite-nota-oficial-apos-ser-demitido-do-grupo-globo\/#primaryimage\"},\"thumbnailUrl\":\"https:\/\/www.gaveanews.com\/wp-content\/uploads\/2019\/04\/Logomarca-da-Rede-Globo.webp\",\"articleSection\":[\"Celebridades\"],\"inLanguage\":\"pt-BR\",\"potentialAction\":[{\"@type\":\"CommentAction\",\"name\":\"Comment\",\"target\":[\"https:\/\/www.gaveanews.com\/index.php\/2025\/05\/06\/comentarista-emite-nota-oficial-apos-ser-demitido-do-grupo-globo\/#respond\"]}],\"copyrightYear\":\"2025\",\"copyrightHolder\":{\"@id\":\"https:\/\/www.gaveanews.com\/#organization\"}},{\"@type\":\"WebPage\",\"@id\":\"https:\/\/www.gaveanews.com\/index.php\/2025\/05\/06\/comentarista-emite-nota-oficial-apos-ser-demitido-do-grupo-globo\/\",\"url\":\"https:\/\/www.gaveanews.com\/index.php\/2025\/05\/06\/comentarista-emite-nota-oficial-apos-ser-demitido-do-grupo-globo\/\",\"name\":\"Comentarista emite nota oficial ap\u00f3s ser demitido do Grupo Globo\",\"isPartOf\":{\"@id\":\"https:\/\/www.gaveanews.com\/#website\"},\"primaryImageOfPage\":{\"@id\":\"https:\/\/www.gaveanews.com\/index.php\/2025\/05\/06\/comentarista-emite-nota-oficial-apos-ser-demitido-do-grupo-globo\/#primaryimage\"},\"image\":{\"@id\":\"https:\/\/www.gaveanews.com\/index.php\/2025\/05\/06\/comentarista-emite-nota-oficial-apos-ser-demitido-do-grupo-globo\/#primaryimage\"},\"thumbnailUrl\":\"https:\/\/www.gaveanews.com\/wp-content\/uploads\/2019\/04\/Logomarca-da-Rede-Globo.webp\",\"datePublished\":\"2025-05-06T16:55:00+00:00\",\"author\":{\"@id\":\"https:\/\/www.gaveanews.com\/#\/schema\/person\/0eb3e3fe1754f0205218538adbe8f5ed\"},\"breadcrumb\":{\"@id\":\"https:\/\/www.gaveanews.com\/index.php\/2025\/05\/06\/comentarista-emite-nota-oficial-apos-ser-demitido-do-grupo-globo\/#breadcrumb\"},\"inLanguage\":\"pt-BR\",\"potentialAction\":[{\"@type\":\"ReadAction\",\"target\":[\"https:\/\/www.gaveanews.com\/index.php\/2025\/05\/06\/comentarista-emite-nota-oficial-apos-ser-demitido-do-grupo-globo\/\"]}]},{\"@type\":\"ImageObject\",\"inLanguage\":\"pt-BR\",\"@id\":\"https:\/\/www.gaveanews.com\/index.php\/2025\/05\/06\/comentarista-emite-nota-oficial-apos-ser-demitido-do-grupo-globo\/#primaryimage\",\"url\":\"https:\/\/www.gaveanews.com\/wp-content\/uploads\/2019\/04\/Logomarca-da-Rede-Globo.webp\",\"contentUrl\":\"https:\/\/www.gaveanews.com\/wp-content\/uploads\/2019\/04\/Logomarca-da-Rede-Globo.webp\",\"width\":1920,\"height\":1076,\"caption\":\"Logomarca da Rede Globo (Foto: Reprodu\u00e7\u00e3o)\"},{\"@type\":\"BreadcrumbList\",\"@id\":\"https:\/\/www.gaveanews.com\/index.php\/2025\/05\/06\/comentarista-emite-nota-oficial-apos-ser-demitido-do-grupo-globo\/#breadcrumb\",\"itemListElement\":[{\"@type\":\"ListItem\",\"position\":1,\"name\":\"Home\",\"item\":\"https:\/\/www.gaveanews.com\/\"},{\"@type\":\"ListItem\",\"position\":2,\"name\":\"Comentarista emite nota oficial ap\u00f3s ser demitido do Grupo Globo\"}]},{\"@type\":\"WebSite\",\"@id\":\"https:\/\/www.gaveanews.com\/#website\",\"url\":\"https:\/\/www.gaveanews.com\/\",\"name\":\"G\u00e1vea News\",\"description\":\"Veja todas as not\u00edcias sobre o Flamengo: Contrata\u00e7\u00f5es, categorias de base, resultados das partidas, tabela de classifica\u00e7\u00e3o, pr\u00f3ximos jogos!\",\"potentialAction\":[{\"@type\":\"SearchAction\",\"target\":{\"@type\":\"EntryPoint\",\"urlTemplate\":\"https:\/\/www.gaveanews.com\/?s={search_term_string}\"},\"query-input\":{\"@type\":\"PropertyValueSpecification\",\"valueRequired\":true,\"valueName\":\"search_term_string\"}}],\"inLanguage\":\"pt-BR\"},{\"@type\":\"Person\",\"@id\":\"https:\/\/www.gaveanews.com\/#\/schema\/person\/0eb3e3fe1754f0205218538adbe8f5ed\",\"name\":\"Rafaela Ladeira\",\"image\":{\"@type\":\"ImageObject\",\"inLanguage\":\"pt-BR\",\"@id\":\"https:\/\/www.gaveanews.com\/#\/schema\/person\/image\/\",\"url\":\"https:\/\/secure.gravatar.com\/avatar\/c31f513acffd85eacab5730cbdfdbbf59f21ba5aeada8cd890acea879fbb2455?s=96&d=mm&r=g\",\"contentUrl\":\"https:\/\/secure.gravatar.com\/avatar\/c31f513acffd85eacab5730cbdfdbbf59f21ba5aeada8cd890acea879fbb2455?s=96&d=mm&r=g\",\"caption\":\"Rafaela Ladeira\"}}]}<\/script>\n<!-- \/ Yoast SEO Premium plugin. -->","yoast_head_json":{"title":"Comentarista emite nota oficial ap\u00f3s ser demitido do Grupo Globo","robots":{"index":"index","follow":"follow","max-snippet":"max-snippet:-1","max-image-preview":"max-image-preview:large","max-video-preview":"max-video-preview:-1"},"canonical":"https:\/\/www.gaveanews.com\/index.php\/2025\/05\/06\/comentarista-emite-nota-oficial-apos-ser-demitido-do-grupo-globo\/","og_locale":"pt_BR","og_type":"article","og_title":"Comentarista emite nota oficial ap\u00f3s ser demitido do Grupo Globo","og_description":"Conrado Santana, comentarista do SporTV, emitiu uma nota oficial nesta ter\u00e7a-feira (6) anunciando sua demiss\u00e3o do Grupo Globo.&nbsp; &#8220;Fui demitido hoje do SporTV\/Grupo Globo. Confesso que n\u00e3o esperava e est\u00e1 sendo dif\u00edcil assimilar. Ainda nem entendi o motivo&#8221;, escreveu em suas redes sociais. A inesperada sa\u00edda gerou repercuss\u00e3o entre f\u00e3s e colegas de profiss\u00e3o. Sonho [&hellip;]","og_url":"https:\/\/www.gaveanews.com\/index.php\/2025\/05\/06\/comentarista-emite-nota-oficial-apos-ser-demitido-do-grupo-globo\/","og_site_name":"G\u00e1vea News","article_publisher":"https:\/\/facebook.com\/gaveaNews\/","article_published_time":"2025-05-06T16:55:00+00:00","og_image":[{"width":1920,"height":1076,"url":"http:\/\/www.gaveanews.com\/wp-content\/uploads\/2019\/04\/Logomarca-da-Rede-Globo.webp","type":"image\/png"}],"author":"Rafaela Ladeira","twitter_card":"summary_large_image","twitter_misc":{"Escrito por":"Rafaela Ladeira","Est. tempo de leitura":"2 minutos"},"schema":{"@context":"https:\/\/schema.org","@graph":[{"@type":"NewsArticle","@id":"https:\/\/www.gaveanews.com\/index.php\/2025\/05\/06\/comentarista-emite-nota-oficial-apos-ser-demitido-do-grupo-globo\/#article","isPartOf":{"@id":"https:\/\/www.gaveanews.com\/index.php\/2025\/05\/06\/comentarista-emite-nota-oficial-apos-ser-demitido-do-grupo-globo\/"},"author":{"name":"Rafaela Ladeira","@id":"https:\/\/www.gaveanews.com\/#\/schema\/person\/0eb3e3fe1754f0205218538adbe8f5ed"},"headline":"Comentarista emite nota oficial ap\u00f3s ser demitido do Grupo Globo","datePublished":"2025-05-06T16:55:00+00:00","mainEntityOfPage":{"@id":"https:\/\/www.gaveanews.com\/index.php\/2025\/05\/06\/comentarista-emite-nota-oficial-apos-ser-demitido-do-grupo-globo\/"},"wordCount":419,"commentCount":0,"image":{"@id":"https:\/\/www.gaveanews.com\/index.php\/2025\/05\/06\/comentarista-emite-nota-oficial-apos-ser-demitido-do-grupo-globo\/#primaryimage"},"thumbnailUrl":"https:\/\/www.gaveanews.com\/wp-content\/uploads\/2019\/04\/Logomarca-da-Rede-Globo.webp","articleSection":["Celebridades"],"inLanguage":"pt-BR","potentialAction":[{"@type":"CommentAction","name":"Comment","target":["https:\/\/www.gaveanews.com\/index.php\/2025\/05\/06\/comentarista-emite-nota-oficial-apos-ser-demitido-do-grupo-globo\/#respond"]}],"copyrightYear":"2025","copyrightHolder":{"@id":"https:\/\/www.gaveanews.com\/#organization"}},{"@type":"WebPage","@id":"https:\/\/www.gaveanews.com\/index.php\/2025\/05\/06\/comentarista-emite-nota-oficial-apos-ser-demitido-do-grupo-globo\/","url":"https:\/\/www.gaveanews.com\/index.php\/2025\/05\/06\/comentarista-emite-nota-oficial-apos-ser-demitido-do-grupo-globo\/","name":"Comentarista emite nota oficial ap\u00f3s ser demitido do Grupo Globo","isPartOf":{"@id":"https:\/\/www.gaveanews.com\/#website"},"primaryImageOfPage":{"@id":"https:\/\/www.gaveanews.com\/index.php\/2025\/05\/06\/comentarista-emite-nota-oficial-apos-ser-demitido-do-grupo-globo\/#primaryimage"},"image":{"@id":"https:\/\/www.gaveanews.com\/index.php\/2025\/05\/06\/comentarista-emite-nota-oficial-apos-ser-demitido-do-grupo-globo\/#primaryimage"},"thumbnailUrl":"https:\/\/www.gaveanews.com\/wp-content\/uploads\/2019\/04\/Logomarca-da-Rede-Globo.webp","datePublished":"2025-05-06T16:55:00+00:00","author":{"@id":"https:\/\/www.gaveanews.com\/#\/schema\/person\/0eb3e3fe1754f0205218538adbe8f5ed"},"breadcrumb":{"@id":"https:\/\/www.gaveanews.com\/index.php\/2025\/05\/06\/comentarista-emite-nota-oficial-apos-ser-demitido-do-grupo-globo\/#breadcrumb"},"inLanguage":"pt-BR","potentialAction":[{"@type":"ReadAction","target":["https:\/\/www.gaveanews.com\/index.php\/2025\/05\/06\/comentarista-emite-nota-oficial-apos-ser-demitido-do-grupo-globo\/"]}]},{"@type":"ImageObject","inLanguage":"pt-BR","@id":"https:\/\/www.gaveanews.com\/index.php\/2025\/05\/06\/comentarista-emite-nota-oficial-apos-ser-demitido-do-grupo-globo\/#primaryimage","url":"https:\/\/www.gaveanews.com\/wp-content\/uploads\/2019\/04\/Logomarca-da-Rede-Globo.webp","contentUrl":"https:\/\/www.gaveanews.com\/wp-content\/uploads\/2019\/04\/Logomarca-da-Rede-Globo.webp","width":1920,"height":1076,"caption":"Logomarca da Rede Globo (Foto: Reprodu\u00e7\u00e3o)"},{"@type":"BreadcrumbList","@id":"https:\/\/www.gaveanews.com\/index.php\/2025\/05\/06\/comentarista-emite-nota-oficial-apos-ser-demitido-do-grupo-globo\/#breadcrumb","itemListElement":[{"@type":"ListItem","position":1,"name":"Home","item":"https:\/\/www.gaveanews.com\/"},{"@type":"ListItem","position":2,"name":"Comentarista emite nota oficial ap\u00f3s ser demitido do Grupo Globo"}]},{"@type":"WebSite","@id":"https:\/\/www.gaveanews.com\/#website","url":"https:\/\/www.gaveanews.com\/","name":"G\u00e1vea News","description":"Veja todas as not\u00edcias sobre o Flamengo: Contrata\u00e7\u00f5es, categorias de base, resultados das partidas, tabela de classifica\u00e7\u00e3o, pr\u00f3ximos jogos!","potentialAction":[{"@type":"SearchAction","target":{"@type":"EntryPoint","urlTemplate":"https:\/\/www.gaveanews.com\/?s={search_term_string}"},"query-input":{"@type":"PropertyValueSpecification","valueRequired":true,"valueName":"search_term_string"}}],"inLanguage":"pt-BR"},{"@type":"Person","@id":"https:\/\/www.gaveanews.com\/#\/schema\/person\/0eb3e3fe1754f0205218538adbe8f5ed","name":"Rafaela Ladeira","image":{"@type":"ImageObject","inLanguage":"pt-BR","@id":"https:\/\/www.gaveanews.com\/#\/schema\/person\/image\/","url":"https:\/\/secure.gravatar.com\/avatar\/c31f513acffd85eacab5730cbdfdbbf59f21ba5aeada8cd890acea879fbb2455?s=96&d=mm&r=g","contentUrl":"https:\/\/secure.gravatar.com\/avatar\/c31f513acffd85eacab5730cbdfdbbf59f21ba5aeada8cd890acea879fbb2455?s=96&d=mm&r=g","caption":"Rafaela Ladeira"}}]}},"_links":{"self":[{"href":"https:\/\/www.gaveanews.com\/index.php\/wp-json\/wp\/v2\/posts\/261014","targetHints":{"allow":["GET"]}}],"collection":[{"href":"https:\/\/www.gaveanews.com\/index.php\/wp-json\/wp\/v2\/posts"}],"about":[{"href":"https:\/\/www.gaveanews.com\/index.php\/wp-json\/wp\/v2\/types\/post"}],"author":[{"embeddable":true,"href":"https:\/\/www.gaveanews.com\/index.php\/wp-json\/wp\/v2\/users\/25"}],"replies":[{"embeddable":true,"href":"https:\/\/www.gaveanews.com\/index.php\/wp-json\/wp\/v2\/comments?post=261014"}],"version-history":[{"count":1,"href":"https:\/\/www.gaveanews.com\/index.php\/wp-json\/wp\/v2\/posts\/261014\/revisions"}],"predecessor-version":[{"id":261015,"href":"https:\/\/www.gaveanews.com\/index.php\/wp-json\/wp\/v2\/posts\/261014\/revisions\/261015"}],"wp:featuredmedia":[{"embeddable":true,"href":"https:\/\/www.gaveanews.com\/index.php\/wp-json\/wp\/v2\/media\/17043"}],"wp:attachment":[{"href":"https:\/\/www.gaveanews.com\/index.php\/wp-json\/wp\/v2\/media?parent=261014"}],"wp:term":[{"taxonomy":"category","embeddable":true,"href":"https:\/\/www.gaveanews.com\/index.php\/wp-json\/wp\/v2\/categories?post=261014"},{"taxonomy":"post_tag","embeddable":true,"href":"https:\/\/www.gaveanews.com\/index.php\/wp-json\/wp\/v2\/tags?post=261014"}],"curies":[{"name":"wp","href":"https:\/\/api.w.org\/{rel}","templated":true}]}}