{"id":261023,"date":"2025-05-06T14:25:00","date_gmt":"2025-05-06T17:25:00","guid":{"rendered":"https:\/\/www.gaveanews.com\/?p=261023"},"modified":"2025-05-06T14:11:16","modified_gmt":"2025-05-06T17:11:16","slug":"neto-crava-destino-do-palmeiras-em-2025-vai-ficar-muito-forte","status":"publish","type":"post","link":"https:\/\/www.gaveanews.com\/index.php\/2025\/05\/06\/neto-crava-destino-do-palmeiras-em-2025-vai-ficar-muito-forte\/","title":{"rendered":"Neto crava destino do Palmeiras em 2025: &#8220;vai ficar muito forte\u2026&#8221;"},"content":{"rendered":"\n<p>O comentarista Craque Neto projetou um cen\u00e1rio otimista para o Palmeiras na atual temporada. Durante sua participa\u00e7\u00e3o no programa <em>Os Donos da Bola<\/em>, exibido na segunda-feira (05 de maio), o ex-jogador afirmou que o time comandado por Abel Ferreira tem totais condi\u00e7\u00f5es de disputar e conquistar os principais t\u00edtulos do calend\u00e1rio nacional e sul-americano em 2025.<\/p>\n\n\n\n<p>\u201cPra mim, o Palmeiras ganha Libertadores, briga pelo t\u00edtulo do Brasileiro pau a pau com o Flamengo, e vai ficar muito forte na Copa do Brasil. Dos tr\u00eas t\u00edtulos, o Palmeiras vai brigar pelos tr\u00eas. Esquece\u201d, declarou o comentarista, demonstrando confian\u00e7a no desempenho do clube alviverde nas competi\u00e7\u00f5es mais relevantes da temporada.<\/p>\n\n\n\n<figure class=\"wp-block-image size-full\"><img loading=\"lazy\" decoding=\"async\" width=\"1023\" height=\"767\" src=\"http:\/\/www.gaveanews.com\/wp-content\/uploads\/Allianz-Parque-estadio-do-Palmeiras.webp\" alt=\"\" class=\"wp-image-155182\" srcset=\"https:\/\/www.gaveanews.com\/wp-content\/uploads\/Allianz-Parque-estadio-do-Palmeiras.webp 1023w, https:\/\/www.gaveanews.com\/wp-content\/uploads\/Allianz-Parque-estadio-do-Palmeiras-300x225.webp 300w, https:\/\/www.gaveanews.com\/wp-content\/uploads\/Allianz-Parque-estadio-do-Palmeiras-768x576.webp 768w, https:\/\/www.gaveanews.com\/wp-content\/uploads\/Allianz-Parque-estadio-do-Palmeiras-560x420.webp 560w, https:\/\/www.gaveanews.com\/wp-content\/uploads\/Allianz-Parque-estadio-do-Palmeiras-80x60.webp 80w, https:\/\/www.gaveanews.com\/wp-content\/uploads\/Allianz-Parque-estadio-do-Palmeiras-160x120.webp 160w, https:\/\/www.gaveanews.com\/wp-content\/uploads\/Allianz-Parque-estadio-do-Palmeiras-100x75.webp 100w, https:\/\/www.gaveanews.com\/wp-content\/uploads\/Allianz-Parque-estadio-do-Palmeiras-200x150.webp 200w, https:\/\/www.gaveanews.com\/wp-content\/uploads\/Allianz-Parque-estadio-do-Palmeiras-180x135.webp 180w, https:\/\/www.gaveanews.com\/wp-content\/uploads\/Allianz-Parque-estadio-do-Palmeiras-360x270.webp 360w, https:\/\/www.gaveanews.com\/wp-content\/uploads\/Allianz-Parque-estadio-do-Palmeiras-238x178.webp 238w, https:\/\/www.gaveanews.com\/wp-content\/uploads\/Allianz-Parque-estadio-do-Palmeiras-476x356.webp 476w, https:\/\/www.gaveanews.com\/wp-content\/uploads\/Allianz-Parque-estadio-do-Palmeiras-640x480.webp 640w, https:\/\/www.gaveanews.com\/wp-content\/uploads\/Allianz-Parque-estadio-do-Palmeiras-681x511.webp 681w\" sizes=\"auto, (max-width: 1023px) 100vw, 1023px\" \/><figcaption class=\"wp-element-caption\">Allianz Parque, est\u00e1dio do Palmeiras (Foto: Reprodu\u00e7\u00e3o\/Palmeiras)<\/figcaption><\/figure>\n\n\n\n<p>Embora tenha feito elogios \u00e0 consist\u00eancia e \u00e0 competitividade do Palmeiras, Neto foi mais contido ao falar sobre o desempenho que espera do time paulista no Mundial de Clubes. O torneio ser\u00e1 disputado em junho, nos Estados Unidos, e reunir\u00e1 equipes de diferentes continentes. Para o apresentador, o \u00fanico time brasileiro com chances mais concretas de avan\u00e7ar longe no torneio \u00e9 o Flamengo.<\/p>\n\n\n\n<p>No Mundial, o Palmeiras est\u00e1 inserido no Grupo A, ao lado do Porto (Portugal), Al-Ahly (Egito) e Inter Miami (Estados Unidos), equipe que tem Lionel Messi como principal nome. A estreia da equipe alviverde est\u00e1 marcada para o dia 15 de junho (hor\u00e1rio de Bras\u00edlia), diante do representante europeu da chave.<\/p>\n\n\n\n<p>Al\u00e9m das an\u00e1lises sobre os torneios, Neto tamb\u00e9m abordou o futuro da sele\u00e7\u00e3o brasileira. Admirador do trabalho de Abel Ferreira, o comentarista voltou a defender o nome do treinador portugu\u00eas para assumir o comando da equipe nacional. A vaga est\u00e1 em aberto desde a sa\u00edda de Dorival J\u00fanior, ocorrida no m\u00eas anterior.<\/p>\n\n\n\n<p>Segundo Neto, Abel j\u00e1 demonstrou pleno conhecimento do futebol brasileiro e re\u00fane capacidade t\u00e9cnica para reorganizar o escrete canarinho. Atualmente, a CBF ainda n\u00e3o anunciou um novo comandante, mas o diretor Rodrigo Caetano afirmou que uma defini\u00e7\u00e3o pode ocorrer at\u00e9 a pr\u00f3xima semana.<\/p>\n","protected":false},"excerpt":{"rendered":"<p>O comentarista Craque Neto projetou um cen\u00e1rio otimista para o Palmeiras na atual temporada. Durante sua participa\u00e7\u00e3o no programa Os Donos da Bola, exibido na segunda-feira (05 de maio), o ex-jogador afirmou que o time comandado por Abel Ferreira tem totais condi\u00e7\u00f5es de disputar e conquistar os principais t\u00edtulos do calend\u00e1rio nacional e sul-americano em [&hellip;]<\/p>\n","protected":false},"author":33,"featured_media":244433,"comment_status":"open","ping_status":"closed","sticky":false,"template":"","format":"standard","meta":{"footnotes":""},"categories":[150],"tags":[],"class_list":["post-261023","post","type-post","status-publish","format-standard","has-post-thumbnail","hentry","category-palmeiras"],"yoast_head":"<!-- This site is optimized with the Yoast SEO Premium plugin v24.2 (Yoast SEO v26.9) - https:\/\/yoast.com\/product\/yoast-seo-premium-wordpress\/ -->\n<title>Neto crava destino do Palmeiras em 2025: &quot;vai ficar muito forte\u2026&quot;<\/title>\n<meta name=\"robots\" content=\"index, follow, max-snippet:-1, max-image-preview:large, max-video-preview:-1\" \/>\n<link rel=\"canonical\" href=\"https:\/\/www.gaveanews.com\/index.php\/2025\/05\/06\/neto-crava-destino-do-palmeiras-em-2025-vai-ficar-muito-forte\/\" \/>\n<meta property=\"og:locale\" content=\"pt_BR\" \/>\n<meta property=\"og:type\" content=\"article\" \/>\n<meta property=\"og:title\" content=\"Neto crava destino do Palmeiras em 2025: &quot;vai ficar muito forte\u2026&quot;\" \/>\n<meta property=\"og:description\" content=\"O comentarista Craque Neto projetou um cen\u00e1rio otimista para o Palmeiras na atual temporada. Durante sua participa\u00e7\u00e3o no programa Os Donos da Bola, exibido na segunda-feira (05 de maio), o ex-jogador afirmou que o time comandado por Abel Ferreira tem totais condi\u00e7\u00f5es de disputar e conquistar os principais t\u00edtulos do calend\u00e1rio nacional e sul-americano em [&hellip;]\" \/>\n<meta property=\"og:url\" content=\"https:\/\/www.gaveanews.com\/index.php\/2025\/05\/06\/neto-crava-destino-do-palmeiras-em-2025-vai-ficar-muito-forte\/\" \/>\n<meta property=\"og:site_name\" content=\"G\u00e1vea News\" \/>\n<meta property=\"article:publisher\" content=\"https:\/\/facebook.com\/gaveaNews\/\" \/>\n<meta property=\"article:published_time\" content=\"2025-05-06T17:25:00+00:00\" \/>\n<meta property=\"og:image\" content=\"https:\/\/www.gaveanews.com\/wp-content\/uploads\/Craque-Neto-apresentador-da-Band.webp\" \/>\n\t<meta property=\"og:image:width\" content=\"900\" \/>\n\t<meta property=\"og:image:height\" content=\"600\" \/>\n\t<meta property=\"og:image:type\" content=\"image\/jpeg\" \/>\n<meta name=\"author\" content=\"Brenda Cezillo\" \/>\n<meta name=\"twitter:card\" content=\"summary_large_image\" \/>\n<meta name=\"twitter:label1\" content=\"Escrito por\" \/>\n\t<meta name=\"twitter:data1\" content=\"Brenda Cezillo\" \/>\n\t<meta name=\"twitter:label2\" content=\"Est. tempo de leitura\" \/>\n\t<meta name=\"twitter:data2\" content=\"3 minutos\" \/>\n<script type=\"application\/ld+json\" class=\"yoast-schema-graph\">{\"@context\":\"https:\/\/schema.org\",\"@graph\":[{\"@type\":\"NewsArticle\",\"@id\":\"https:\/\/www.gaveanews.com\/index.php\/2025\/05\/06\/neto-crava-destino-do-palmeiras-em-2025-vai-ficar-muito-forte\/#article\",\"isPartOf\":{\"@id\":\"https:\/\/www.gaveanews.com\/index.php\/2025\/05\/06\/neto-crava-destino-do-palmeiras-em-2025-vai-ficar-muito-forte\/\"},\"author\":{\"name\":\"Brenda Cezillo\",\"@id\":\"https:\/\/www.gaveanews.com\/#\/schema\/person\/c79759ca337c40791ae8d08e2923d403\"},\"headline\":\"Neto crava destino do Palmeiras em 2025: &#8220;vai ficar muito forte\u2026&#8221;\",\"datePublished\":\"2025-05-06T17:25:00+00:00\",\"mainEntityOfPage\":{\"@id\":\"https:\/\/www.gaveanews.com\/index.php\/2025\/05\/06\/neto-crava-destino-do-palmeiras-em-2025-vai-ficar-muito-forte\/\"},\"wordCount\":359,\"commentCount\":0,\"image\":{\"@id\":\"https:\/\/www.gaveanews.com\/index.php\/2025\/05\/06\/neto-crava-destino-do-palmeiras-em-2025-vai-ficar-muito-forte\/#primaryimage\"},\"thumbnailUrl\":\"https:\/\/www.gaveanews.com\/wp-content\/uploads\/Craque-Neto-apresentador-da-Band.webp\",\"articleSection\":[\"Palmeiras\"],\"inLanguage\":\"pt-BR\",\"potentialAction\":[{\"@type\":\"CommentAction\",\"name\":\"Comment\",\"target\":[\"https:\/\/www.gaveanews.com\/index.php\/2025\/05\/06\/neto-crava-destino-do-palmeiras-em-2025-vai-ficar-muito-forte\/#respond\"]}],\"copyrightYear\":\"2025\",\"copyrightHolder\":{\"@id\":\"https:\/\/www.gaveanews.com\/#organization\"}},{\"@type\":\"WebPage\",\"@id\":\"https:\/\/www.gaveanews.com\/index.php\/2025\/05\/06\/neto-crava-destino-do-palmeiras-em-2025-vai-ficar-muito-forte\/\",\"url\":\"https:\/\/www.gaveanews.com\/index.php\/2025\/05\/06\/neto-crava-destino-do-palmeiras-em-2025-vai-ficar-muito-forte\/\",\"name\":\"Neto crava destino do Palmeiras em 2025: \\\"vai ficar muito forte\u2026\\\"\",\"isPartOf\":{\"@id\":\"https:\/\/www.gaveanews.com\/#website\"},\"primaryImageOfPage\":{\"@id\":\"https:\/\/www.gaveanews.com\/index.php\/2025\/05\/06\/neto-crava-destino-do-palmeiras-em-2025-vai-ficar-muito-forte\/#primaryimage\"},\"image\":{\"@id\":\"https:\/\/www.gaveanews.com\/index.php\/2025\/05\/06\/neto-crava-destino-do-palmeiras-em-2025-vai-ficar-muito-forte\/#primaryimage\"},\"thumbnailUrl\":\"https:\/\/www.gaveanews.com\/wp-content\/uploads\/Craque-Neto-apresentador-da-Band.webp\",\"datePublished\":\"2025-05-06T17:25:00+00:00\",\"author\":{\"@id\":\"https:\/\/www.gaveanews.com\/#\/schema\/person\/c79759ca337c40791ae8d08e2923d403\"},\"breadcrumb\":{\"@id\":\"https:\/\/www.gaveanews.com\/index.php\/2025\/05\/06\/neto-crava-destino-do-palmeiras-em-2025-vai-ficar-muito-forte\/#breadcrumb\"},\"inLanguage\":\"pt-BR\",\"potentialAction\":[{\"@type\":\"ReadAction\",\"target\":[\"https:\/\/www.gaveanews.com\/index.php\/2025\/05\/06\/neto-crava-destino-do-palmeiras-em-2025-vai-ficar-muito-forte\/\"]}]},{\"@type\":\"ImageObject\",\"inLanguage\":\"pt-BR\",\"@id\":\"https:\/\/www.gaveanews.com\/index.php\/2025\/05\/06\/neto-crava-destino-do-palmeiras-em-2025-vai-ficar-muito-forte\/#primaryimage\",\"url\":\"https:\/\/www.gaveanews.com\/wp-content\/uploads\/Craque-Neto-apresentador-da-Band.webp\",\"contentUrl\":\"https:\/\/www.gaveanews.com\/wp-content\/uploads\/Craque-Neto-apresentador-da-Band.webp\",\"width\":900,\"height\":600,\"caption\":\"Craque Neto, apresentador da Band (Foto: Kelly Fuzaro\/Band)\"},{\"@type\":\"BreadcrumbList\",\"@id\":\"https:\/\/www.gaveanews.com\/index.php\/2025\/05\/06\/neto-crava-destino-do-palmeiras-em-2025-vai-ficar-muito-forte\/#breadcrumb\",\"itemListElement\":[{\"@type\":\"ListItem\",\"position\":1,\"name\":\"Home\",\"item\":\"https:\/\/www.gaveanews.com\/\"},{\"@type\":\"ListItem\",\"position\":2,\"name\":\"Neto crava destino do Palmeiras em 2025: &#8220;vai ficar muito forte\u2026&#8221;\"}]},{\"@type\":\"WebSite\",\"@id\":\"https:\/\/www.gaveanews.com\/#website\",\"url\":\"https:\/\/www.gaveanews.com\/\",\"name\":\"G\u00e1vea News\",\"description\":\"Veja todas as not\u00edcias sobre o Flamengo: Contrata\u00e7\u00f5es, categorias de base, resultados das partidas, tabela de classifica\u00e7\u00e3o, pr\u00f3ximos jogos!\",\"potentialAction\":[{\"@type\":\"SearchAction\",\"target\":{\"@type\":\"EntryPoint\",\"urlTemplate\":\"https:\/\/www.gaveanews.com\/?s={search_term_string}\"},\"query-input\":{\"@type\":\"PropertyValueSpecification\",\"valueRequired\":true,\"valueName\":\"search_term_string\"}}],\"inLanguage\":\"pt-BR\"},{\"@type\":\"Person\",\"@id\":\"https:\/\/www.gaveanews.com\/#\/schema\/person\/c79759ca337c40791ae8d08e2923d403\",\"name\":\"Brenda Cezillo\",\"image\":{\"@type\":\"ImageObject\",\"inLanguage\":\"pt-BR\",\"@id\":\"https:\/\/www.gaveanews.com\/#\/schema\/person\/image\/\",\"url\":\"https:\/\/secure.gravatar.com\/avatar\/1738d75cee7317f9c29ae61dd67620c5883d80a92e42a6fff88ae5d527af217a?s=96&d=mm&r=g\",\"contentUrl\":\"https:\/\/secure.gravatar.com\/avatar\/1738d75cee7317f9c29ae61dd67620c5883d80a92e42a6fff88ae5d527af217a?s=96&d=mm&r=g\",\"caption\":\"Brenda Cezillo\"}}]}<\/script>\n<!-- \/ Yoast SEO Premium plugin. -->","yoast_head_json":{"title":"Neto crava destino do Palmeiras em 2025: \"vai ficar muito forte\u2026\"","robots":{"index":"index","follow":"follow","max-snippet":"max-snippet:-1","max-image-preview":"max-image-preview:large","max-video-preview":"max-video-preview:-1"},"canonical":"https:\/\/www.gaveanews.com\/index.php\/2025\/05\/06\/neto-crava-destino-do-palmeiras-em-2025-vai-ficar-muito-forte\/","og_locale":"pt_BR","og_type":"article","og_title":"Neto crava destino do Palmeiras em 2025: \"vai ficar muito forte\u2026\"","og_description":"O comentarista Craque Neto projetou um cen\u00e1rio otimista para o Palmeiras na atual temporada. Durante sua participa\u00e7\u00e3o no programa Os Donos da Bola, exibido na segunda-feira (05 de maio), o ex-jogador afirmou que o time comandado por Abel Ferreira tem totais condi\u00e7\u00f5es de disputar e conquistar os principais t\u00edtulos do calend\u00e1rio nacional e sul-americano em [&hellip;]","og_url":"https:\/\/www.gaveanews.com\/index.php\/2025\/05\/06\/neto-crava-destino-do-palmeiras-em-2025-vai-ficar-muito-forte\/","og_site_name":"G\u00e1vea News","article_publisher":"https:\/\/facebook.com\/gaveaNews\/","article_published_time":"2025-05-06T17:25:00+00:00","og_image":[{"width":900,"height":600,"url":"https:\/\/www.gaveanews.com\/wp-content\/uploads\/Craque-Neto-apresentador-da-Band.webp","type":"image\/jpeg"}],"author":"Brenda Cezillo","twitter_card":"summary_large_image","twitter_misc":{"Escrito por":"Brenda Cezillo","Est. tempo de leitura":"3 minutos"},"schema":{"@context":"https:\/\/schema.org","@graph":[{"@type":"NewsArticle","@id":"https:\/\/www.gaveanews.com\/index.php\/2025\/05\/06\/neto-crava-destino-do-palmeiras-em-2025-vai-ficar-muito-forte\/#article","isPartOf":{"@id":"https:\/\/www.gaveanews.com\/index.php\/2025\/05\/06\/neto-crava-destino-do-palmeiras-em-2025-vai-ficar-muito-forte\/"},"author":{"name":"Brenda Cezillo","@id":"https:\/\/www.gaveanews.com\/#\/schema\/person\/c79759ca337c40791ae8d08e2923d403"},"headline":"Neto crava destino do Palmeiras em 2025: &#8220;vai ficar muito forte\u2026&#8221;","datePublished":"2025-05-06T17:25:00+00:00","mainEntityOfPage":{"@id":"https:\/\/www.gaveanews.com\/index.php\/2025\/05\/06\/neto-crava-destino-do-palmeiras-em-2025-vai-ficar-muito-forte\/"},"wordCount":359,"commentCount":0,"image":{"@id":"https:\/\/www.gaveanews.com\/index.php\/2025\/05\/06\/neto-crava-destino-do-palmeiras-em-2025-vai-ficar-muito-forte\/#primaryimage"},"thumbnailUrl":"https:\/\/www.gaveanews.com\/wp-content\/uploads\/Craque-Neto-apresentador-da-Band.webp","articleSection":["Palmeiras"],"inLanguage":"pt-BR","potentialAction":[{"@type":"CommentAction","name":"Comment","target":["https:\/\/www.gaveanews.com\/index.php\/2025\/05\/06\/neto-crava-destino-do-palmeiras-em-2025-vai-ficar-muito-forte\/#respond"]}],"copyrightYear":"2025","copyrightHolder":{"@id":"https:\/\/www.gaveanews.com\/#organization"}},{"@type":"WebPage","@id":"https:\/\/www.gaveanews.com\/index.php\/2025\/05\/06\/neto-crava-destino-do-palmeiras-em-2025-vai-ficar-muito-forte\/","url":"https:\/\/www.gaveanews.com\/index.php\/2025\/05\/06\/neto-crava-destino-do-palmeiras-em-2025-vai-ficar-muito-forte\/","name":"Neto crava destino do Palmeiras em 2025: \"vai ficar muito forte\u2026\"","isPartOf":{"@id":"https:\/\/www.gaveanews.com\/#website"},"primaryImageOfPage":{"@id":"https:\/\/www.gaveanews.com\/index.php\/2025\/05\/06\/neto-crava-destino-do-palmeiras-em-2025-vai-ficar-muito-forte\/#primaryimage"},"image":{"@id":"https:\/\/www.gaveanews.com\/index.php\/2025\/05\/06\/neto-crava-destino-do-palmeiras-em-2025-vai-ficar-muito-forte\/#primaryimage"},"thumbnailUrl":"https:\/\/www.gaveanews.com\/wp-content\/uploads\/Craque-Neto-apresentador-da-Band.webp","datePublished":"2025-05-06T17:25:00+00:00","author":{"@id":"https:\/\/www.gaveanews.com\/#\/schema\/person\/c79759ca337c40791ae8d08e2923d403"},"breadcrumb":{"@id":"https:\/\/www.gaveanews.com\/index.php\/2025\/05\/06\/neto-crava-destino-do-palmeiras-em-2025-vai-ficar-muito-forte\/#breadcrumb"},"inLanguage":"pt-BR","potentialAction":[{"@type":"ReadAction","target":["https:\/\/www.gaveanews.com\/index.php\/2025\/05\/06\/neto-crava-destino-do-palmeiras-em-2025-vai-ficar-muito-forte\/"]}]},{"@type":"ImageObject","inLanguage":"pt-BR","@id":"https:\/\/www.gaveanews.com\/index.php\/2025\/05\/06\/neto-crava-destino-do-palmeiras-em-2025-vai-ficar-muito-forte\/#primaryimage","url":"https:\/\/www.gaveanews.com\/wp-content\/uploads\/Craque-Neto-apresentador-da-Band.webp","contentUrl":"https:\/\/www.gaveanews.com\/wp-content\/uploads\/Craque-Neto-apresentador-da-Band.webp","width":900,"height":600,"caption":"Craque Neto, apresentador da Band (Foto: Kelly Fuzaro\/Band)"},{"@type":"BreadcrumbList","@id":"https:\/\/www.gaveanews.com\/index.php\/2025\/05\/06\/neto-crava-destino-do-palmeiras-em-2025-vai-ficar-muito-forte\/#breadcrumb","itemListElement":[{"@type":"ListItem","position":1,"name":"Home","item":"https:\/\/www.gaveanews.com\/"},{"@type":"ListItem","position":2,"name":"Neto crava destino do Palmeiras em 2025: &#8220;vai ficar muito forte\u2026&#8221;"}]},{"@type":"WebSite","@id":"https:\/\/www.gaveanews.com\/#website","url":"https:\/\/www.gaveanews.com\/","name":"G\u00e1vea News","description":"Veja todas as not\u00edcias sobre o Flamengo: Contrata\u00e7\u00f5es, categorias de base, resultados das partidas, tabela de classifica\u00e7\u00e3o, pr\u00f3ximos jogos!","potentialAction":[{"@type":"SearchAction","target":{"@type":"EntryPoint","urlTemplate":"https:\/\/www.gaveanews.com\/?s={search_term_string}"},"query-input":{"@type":"PropertyValueSpecification","valueRequired":true,"valueName":"search_term_string"}}],"inLanguage":"pt-BR"},{"@type":"Person","@id":"https:\/\/www.gaveanews.com\/#\/schema\/person\/c79759ca337c40791ae8d08e2923d403","name":"Brenda Cezillo","image":{"@type":"ImageObject","inLanguage":"pt-BR","@id":"https:\/\/www.gaveanews.com\/#\/schema\/person\/image\/","url":"https:\/\/secure.gravatar.com\/avatar\/1738d75cee7317f9c29ae61dd67620c5883d80a92e42a6fff88ae5d527af217a?s=96&d=mm&r=g","contentUrl":"https:\/\/secure.gravatar.com\/avatar\/1738d75cee7317f9c29ae61dd67620c5883d80a92e42a6fff88ae5d527af217a?s=96&d=mm&r=g","caption":"Brenda Cezillo"}}]}},"_links":{"self":[{"href":"https:\/\/www.gaveanews.com\/index.php\/wp-json\/wp\/v2\/posts\/261023","targetHints":{"allow":["GET"]}}],"collection":[{"href":"https:\/\/www.gaveanews.com\/index.php\/wp-json\/wp\/v2\/posts"}],"about":[{"href":"https:\/\/www.gaveanews.com\/index.php\/wp-json\/wp\/v2\/types\/post"}],"author":[{"embeddable":true,"href":"https:\/\/www.gaveanews.com\/index.php\/wp-json\/wp\/v2\/users\/33"}],"replies":[{"embeddable":true,"href":"https:\/\/www.gaveanews.com\/index.php\/wp-json\/wp\/v2\/comments?post=261023"}],"version-history":[{"count":1,"href":"https:\/\/www.gaveanews.com\/index.php\/wp-json\/wp\/v2\/posts\/261023\/revisions"}],"predecessor-version":[{"id":261026,"href":"https:\/\/www.gaveanews.com\/index.php\/wp-json\/wp\/v2\/posts\/261023\/revisions\/261026"}],"wp:featuredmedia":[{"embeddable":true,"href":"https:\/\/www.gaveanews.com\/index.php\/wp-json\/wp\/v2\/media\/244433"}],"wp:attachment":[{"href":"https:\/\/www.gaveanews.com\/index.php\/wp-json\/wp\/v2\/media?parent=261023"}],"wp:term":[{"taxonomy":"category","embeddable":true,"href":"https:\/\/www.gaveanews.com\/index.php\/wp-json\/wp\/v2\/categories?post=261023"},{"taxonomy":"post_tag","embeddable":true,"href":"https:\/\/www.gaveanews.com\/index.php\/wp-json\/wp\/v2\/tags?post=261023"}],"curies":[{"name":"wp","href":"https:\/\/api.w.org\/{rel}","templated":true}]}}